{"id":212865,"date":"2026-02-14T20:40:45","date_gmt":"2026-02-14T23:40:45","guid":{"rendered":"https:\/\/portaltela.pt\/noticias\/2026\/02\/14\/dts-do-sporting-e-benfica-prometem-luta-ate-ao-fim-no-nacional-de-pista-curta\/"},"modified":"2026-02-14T20:40:45","modified_gmt":"2026-02-14T23:40:45","slug":"dts-do-sporting-e-benfica-prometem-luta-ate-ao-fim-no-nacional-de-pista-curta","status":"publish","type":"post","link":"https:\/\/portaltela.pt\/desporto\/2026\/02\/14\/dts-do-sporting-e-benfica-prometem-luta-ate-ao-fim-no-nacional-de-pista-curta\/","title":{"rendered":"DTs do Sporting e Benfica prometem luta at\u00e9 ao fim no Nacional de pista curta"},"content":{"rendered":"<p>O Sporting entrou com a lideran\u00e7a na pista coberta de Braga ap\u00f3s a primeira jornada dos Campeonatos Nacionais de pista curta. Paulo Reis considerou o dia positivo, salientando o desempenho masculino e a ambi\u00e7\u00e3o de revalidar t\u00edtulos, com foco no dia decisivo.<\/p>\n<p>Ana Oliveira, coordenadora t\u00e9cnica do Benfica, destacou a juventude das suas jogadas e a determina\u00e7\u00e3o da equipa feminina, que ainda n\u00e3o est\u00e1 fora da luta pelo t\u00edtulo. A dirigente sublinhou a op\u00e7\u00e3o por dar ritmo a jovens promessas.<\/p>\n<h3>Desempenho por equipas<\/h3>\n<p>Entre as mudan\u00e7as cl\u00ednicas, Gerson Bald\u00e9 fixou um novo recorde de Portugal no salto em 8,32 m, enquanto Beatriz Castelhano bateu o recorde Nacional Sub-23 nos 60 m. No entanto, houve resultados menos positivos, como o terceiro lugar nos 60 m masculinos.<\/p>\n<p>Na compara\u00e7\u00e3o entre os dois clubes, o Sporting lidera a classifica\u00e7\u00e3o feminina com 49 pontos, seguido pela Associa\u00e7\u00e3o Jardim da Serra e pelo Benfica, com vantagem para as madeirenses. Nos 46\/43, o equil\u00edbrio entre Sporting e Benfica domina a luta na tabela masculina.<\/p>\n","protected":false},"excerpt":{"rendered":"<ul>\n<li>Sporting considerou a primeira jornada positiva, com quatro vit\u00f3rias em seis provas no masculino, mantendo-se em vantagem para o dia decisivo.<\/li>\n<li>Gerson Bald\u00e9 estabeleceu novo recorde de Portugal no salto em dist\u00e2ncia, com 8,32 metros, e Omar Elkhatib venceu os 400 metros.<\/li>\n<li>Beatriz Castelhano apontou recorde nacional sub-23 nos 60 metros; Sofia Lavreshina ganhou nos 400 metros e Auriol Dongmo venceu o peso.<\/li>\n<li>Benfica, com mais juventude no plantel feminino, encara a segunda jornada com o objetivo de lutar at\u00e9 ao fim para renovar o t\u00edtulo masculino.<\/li>\n<li>Em termos de classifica\u00e7\u00e3o, a competi\u00e7\u00e3o feminina est\u00e1 liderada pelo Sporting com 49 pontos, seguido de Jardim da Serra (43) e Benfica (36); no masculino, Sporting leva vantagem com 46 pontos frente a 43 do Benfica.<\/li>\n<\/ul>\n","protected":false},"author":2,"featured_media":212870,"comment_status":"closed","ping_status":"closed","sticky":false,"template":"","format":"standard","meta":{"footnotes":""},"categories":[21],"tags":[137,1946,1207,1242,4928,1652],"class_list":["post-212865","post","type-post","status-publish","format-standard","has-post-thumbnail","hentry","category-desporto","tag-atletismo","tag-benfica","tag-braga","tag-feminino","tag-masculino","tag-sporting"],"yoast_head":"<!-- This site is optimized with the Yoast SEO plugin v27.2 - https:\/\/yoast.com\/product\/yoast-seo-wordpress\/ -->\n<title>DTs do Sporting e Benfica prometem luta at\u00e9 ao fim no Nacional de pista curta - Portal Tela Portugal<\/title>\n<meta name=\"robots\" content=\"index, follow, max-snippet:-1, max-image-preview:large, max-video-preview:-1\" \/>\n<meta property=\"og:locale\" content=\"pt_PT\" \/>\n<meta property=\"og:type\" content=\"article\" \/>\n<meta property=\"og:title\" content=\"DTs do Sporting e Benfica prometem luta at\u00e9 ao fim no Nacional de pista curta - Portal Tela Portugal\" \/>\n<meta property=\"og:description\" content=\"Sporting considerou a primeira jornada positiva, com quatro vit\u00f3rias em seis provas no masculino, mantendo-se em vantagem para o dia decisivo. Gerson Bald\u00e9 estabeleceu novo recorde de Portugal no salto em dist\u00e2ncia, com 8,32 metros, e Omar Elkhatib venceu os 400 metros. Beatriz Castelhano apontou recorde nacional sub-23 nos 60 metros; Sofia Lavreshina ganhou nos 400 metros e Auriol Dongmo venceu o peso. Benfica, com mais juventude no plantel feminino, encara a segunda jornada com o objetivo de lutar at\u00e9 ao fim para renovar o t\u00edtulo masculino. Em termos de classifica\u00e7\u00e3o, a competi\u00e7\u00e3o feminina est\u00e1 liderada pelo Sporting com 49 pontos, seguido de Jardim da Serra (43) e Benfica (36); no masculino, Sporting leva vantagem com 46 pontos frente a 43 do Benfica.\" \/>\n<meta property=\"og:url\" content=\"https:\/\/portaltela.pt\/noticias\/2026\/02\/14\/dts-do-sporting-e-benfica-prometem-luta-ate-ao-fim-no-nacional-de-pista-curta\/\" \/>\n<meta property=\"og:site_name\" content=\"Portal Tela Portugal\" \/>\n<meta property=\"article:published_time\" content=\"2026-02-14T23:40:45+00:00\" \/>\n<meta name=\"author\" content=\"Telinha\" \/>\n<meta name=\"twitter:card\" content=\"summary_large_image\" \/>\n<meta name=\"twitter:label1\" content=\"Escrito por\" \/>\n\t<meta name=\"twitter:data1\" content=\"Telinha\" \/>\n\t<meta name=\"twitter:label2\" content=\"Tempo estimado de leitura\" \/>\n\t<meta name=\"twitter:data2\" content=\"1 minuto\" \/>\n<script type=\"application\/ld+json\" class=\"yoast-schema-graph\">{\"@context\":\"https:\/\/schema.org\",\"@graph\":[{\"@type\":\"Article\",\"@id\":\"https:\/\/portaltela.pt\/noticias\/2026\/02\/14\/dts-do-sporting-e-benfica-prometem-luta-ate-ao-fim-no-nacional-de-pista-curta\/#article\",\"isPartOf\":{\"@id\":\"https:\/\/portaltela.pt\/noticias\/2026\/02\/14\/dts-do-sporting-e-benfica-prometem-luta-ate-ao-fim-no-nacional-de-pista-curta\/\"},\"author\":{\"name\":\"Telinha\",\"@id\":\"https:\/\/portaltela.pt\/#\/schema\/person\/c4278d4a6028830caff9ee44b42d32ed\"},\"headline\":\"DTs do Sporting e Benfica prometem luta at\u00e9 ao fim no Nacional de pista curta\",\"datePublished\":\"2026-02-14T23:40:45+00:00\",\"mainEntityOfPage\":{\"@id\":\"https:\/\/portaltela.pt\/noticias\/2026\/02\/14\/dts-do-sporting-e-benfica-prometem-luta-ate-ao-fim-no-nacional-de-pista-curta\/\"},\"wordCount\":193,\"image\":{\"@id\":\"https:\/\/portaltela.pt\/noticias\/2026\/02\/14\/dts-do-sporting-e-benfica-prometem-luta-ate-ao-fim-no-nacional-de-pista-curta\/#primaryimage\"},\"thumbnailUrl\":\"https:\/\/portaltela.pt\/s.01k8rhncp4jt1\/2026\/02\/img_920x518uu2026-02-14-23-40-19-2421708.jpg\",\"keywords\":[\"atletismo\",\"Benfica\",\"Braga\",\"feminino\",\"masculino\",\"Sporting\"],\"articleSection\":[\"Desporto\"],\"inLanguage\":\"pt-PT\"},{\"@type\":\"WebPage\",\"@id\":\"https:\/\/portaltela.pt\/noticias\/2026\/02\/14\/dts-do-sporting-e-benfica-prometem-luta-ate-ao-fim-no-nacional-de-pista-curta\/\",\"url\":\"https:\/\/portaltela.pt\/noticias\/2026\/02\/14\/dts-do-sporting-e-benfica-prometem-luta-ate-ao-fim-no-nacional-de-pista-curta\/\",\"name\":\"DTs do Sporting e Benfica prometem luta at\u00e9 ao fim no Nacional de pista curta - Portal Tela Portugal\",\"isPartOf\":{\"@id\":\"https:\/\/portaltela.pt\/#website\"},\"primaryImageOfPage\":{\"@id\":\"https:\/\/portaltela.pt\/noticias\/2026\/02\/14\/dts-do-sporting-e-benfica-prometem-luta-ate-ao-fim-no-nacional-de-pista-curta\/#primaryimage\"},\"image\":{\"@id\":\"https:\/\/portaltela.pt\/noticias\/2026\/02\/14\/dts-do-sporting-e-benfica-prometem-luta-ate-ao-fim-no-nacional-de-pista-curta\/#primaryimage\"},\"thumbnailUrl\":\"https:\/\/portaltela.pt\/s.01k8rhncp4jt1\/2026\/02\/img_920x518uu2026-02-14-23-40-19-2421708.jpg\",\"datePublished\":\"2026-02-14T23:40:45+00:00\",\"author\":{\"@id\":\"https:\/\/portaltela.pt\/#\/schema\/person\/c4278d4a6028830caff9ee44b42d32ed\"},\"breadcrumb\":{\"@id\":\"https:\/\/portaltela.pt\/noticias\/2026\/02\/14\/dts-do-sporting-e-benfica-prometem-luta-ate-ao-fim-no-nacional-de-pista-curta\/#breadcrumb\"},\"inLanguage\":\"pt-PT\",\"potentialAction\":[{\"@type\":\"ReadAction\",\"target\":[\"https:\/\/portaltela.pt\/noticias\/2026\/02\/14\/dts-do-sporting-e-benfica-prometem-luta-ate-ao-fim-no-nacional-de-pista-curta\/\"]}]},{\"@type\":\"ImageObject\",\"inLanguage\":\"pt-PT\",\"@id\":\"https:\/\/portaltela.pt\/noticias\/2026\/02\/14\/dts-do-sporting-e-benfica-prometem-luta-ate-ao-fim-no-nacional-de-pista-curta\/#primaryimage\",\"url\":\"https:\/\/portaltela.pt\/s.01k8rhncp4jt1\/2026\/02\/img_920x518uu2026-02-14-23-40-19-2421708.jpg\",\"contentUrl\":\"https:\/\/portaltela.pt\/s.01k8rhncp4jt1\/2026\/02\/img_920x518uu2026-02-14-23-40-19-2421708.jpg\",\"width\":796,\"height\":448,\"caption\":\"Paulo Reis analisou primeiro dia em Braga\"},{\"@type\":\"BreadcrumbList\",\"@id\":\"https:\/\/portaltela.pt\/noticias\/2026\/02\/14\/dts-do-sporting-e-benfica-prometem-luta-ate-ao-fim-no-nacional-de-pista-curta\/#breadcrumb\",\"itemListElement\":[{\"@type\":\"ListItem\",\"position\":1,\"name\":\"In\u00edcio\",\"item\":\"https:\/\/portaltela.pt\/\"},{\"@type\":\"ListItem\",\"position\":2,\"name\":\"DTs do Sporting e Benfica prometem luta at\u00e9 ao fim no Nacional de pista curta\"}]},{\"@type\":\"WebSite\",\"@id\":\"https:\/\/portaltela.pt\/#website\",\"url\":\"https:\/\/portaltela.pt\/\",\"name\":\"Portal Tela Portugal\",\"description\":\"\",\"potentialAction\":[{\"@type\":\"SearchAction\",\"target\":{\"@type\":\"EntryPoint\",\"urlTemplate\":\"https:\/\/portaltela.pt\/?s={search_term_string}\"},\"query-input\":{\"@type\":\"PropertyValueSpecification\",\"valueRequired\":true,\"valueName\":\"search_term_string\"}}],\"inLanguage\":\"pt-PT\"},{\"@type\":\"Person\",\"@id\":\"https:\/\/portaltela.pt\/#\/schema\/person\/c4278d4a6028830caff9ee44b42d32ed\",\"name\":\"Telinha\",\"image\":{\"@type\":\"ImageObject\",\"inLanguage\":\"pt-PT\",\"@id\":\"https:\/\/portaltela.pt\/s.01k8rhncp4jt1\/2025\/11\/talking-bot-125x125.png\",\"url\":\"https:\/\/portaltela.pt\/s.01k8rhncp4jt1\/2025\/11\/talking-bot-125x125.png\",\"contentUrl\":\"https:\/\/portaltela.pt\/s.01k8rhncp4jt1\/2025\/11\/talking-bot-125x125.png\",\"caption\":\"Telinha\"},\"sameAs\":[\"https:\/\/portaltela.pt\/\"],\"url\":\"https:\/\/portaltela.pt\/por\/367410592786\/\"}]}<\/script>\n<!-- \/ Yoast SEO plugin. -->","yoast_head_json":{"title":"DTs do Sporting e Benfica prometem luta at\u00e9 ao fim no Nacional de pista curta - Portal Tela Portugal","robots":{"index":"index","follow":"follow","max-snippet":"max-snippet:-1","max-image-preview":"max-image-preview:large","max-video-preview":"max-video-preview:-1"},"og_locale":"pt_PT","og_type":"article","og_title":"DTs do Sporting e Benfica prometem luta at\u00e9 ao fim no Nacional de pista curta - Portal Tela Portugal","og_description":"Sporting considerou a primeira jornada positiva, com quatro vit\u00f3rias em seis provas no masculino, mantendo-se em vantagem para o dia decisivo. Gerson Bald\u00e9 estabeleceu novo recorde de Portugal no salto em dist\u00e2ncia, com 8,32 metros, e Omar Elkhatib venceu os 400 metros. Beatriz Castelhano apontou recorde nacional sub-23 nos 60 metros; Sofia Lavreshina ganhou nos 400 metros e Auriol Dongmo venceu o peso. Benfica, com mais juventude no plantel feminino, encara a segunda jornada com o objetivo de lutar at\u00e9 ao fim para renovar o t\u00edtulo masculino. Em termos de classifica\u00e7\u00e3o, a competi\u00e7\u00e3o feminina est\u00e1 liderada pelo Sporting com 49 pontos, seguido de Jardim da Serra (43) e Benfica (36); no masculino, Sporting leva vantagem com 46 pontos frente a 43 do Benfica.","og_url":"https:\/\/portaltela.pt\/noticias\/2026\/02\/14\/dts-do-sporting-e-benfica-prometem-luta-ate-ao-fim-no-nacional-de-pista-curta\/","og_site_name":"Portal Tela Portugal","article_published_time":"2026-02-14T23:40:45+00:00","author":"Telinha","twitter_card":"summary_large_image","twitter_misc":{"Escrito por":"Telinha","Tempo estimado de leitura":"1 minuto"},"schema":{"@context":"https:\/\/schema.org","@graph":[{"@type":"Article","@id":"https:\/\/portaltela.pt\/noticias\/2026\/02\/14\/dts-do-sporting-e-benfica-prometem-luta-ate-ao-fim-no-nacional-de-pista-curta\/#article","isPartOf":{"@id":"https:\/\/portaltela.pt\/noticias\/2026\/02\/14\/dts-do-sporting-e-benfica-prometem-luta-ate-ao-fim-no-nacional-de-pista-curta\/"},"author":{"name":"Telinha","@id":"https:\/\/portaltela.pt\/#\/schema\/person\/c4278d4a6028830caff9ee44b42d32ed"},"headline":"DTs do Sporting e Benfica prometem luta at\u00e9 ao fim no Nacional de pista curta","datePublished":"2026-02-14T23:40:45+00:00","mainEntityOfPage":{"@id":"https:\/\/portaltela.pt\/noticias\/2026\/02\/14\/dts-do-sporting-e-benfica-prometem-luta-ate-ao-fim-no-nacional-de-pista-curta\/"},"wordCount":193,"image":{"@id":"https:\/\/portaltela.pt\/noticias\/2026\/02\/14\/dts-do-sporting-e-benfica-prometem-luta-ate-ao-fim-no-nacional-de-pista-curta\/#primaryimage"},"thumbnailUrl":"https:\/\/portaltela.pt\/s.01k8rhncp4jt1\/2026\/02\/img_920x518uu2026-02-14-23-40-19-2421708.jpg","keywords":["atletismo","Benfica","Braga","feminino","masculino","Sporting"],"articleSection":["Desporto"],"inLanguage":"pt-PT"},{"@type":"WebPage","@id":"https:\/\/portaltela.pt\/noticias\/2026\/02\/14\/dts-do-sporting-e-benfica-prometem-luta-ate-ao-fim-no-nacional-de-pista-curta\/","url":"https:\/\/portaltela.pt\/noticias\/2026\/02\/14\/dts-do-sporting-e-benfica-prometem-luta-ate-ao-fim-no-nacional-de-pista-curta\/","name":"DTs do Sporting e Benfica prometem luta at\u00e9 ao fim no Nacional de pista curta - Portal Tela Portugal","isPartOf":{"@id":"https:\/\/portaltela.pt\/#website"},"primaryImageOfPage":{"@id":"https:\/\/portaltela.pt\/noticias\/2026\/02\/14\/dts-do-sporting-e-benfica-prometem-luta-ate-ao-fim-no-nacional-de-pista-curta\/#primaryimage"},"image":{"@id":"https:\/\/portaltela.pt\/noticias\/2026\/02\/14\/dts-do-sporting-e-benfica-prometem-luta-ate-ao-fim-no-nacional-de-pista-curta\/#primaryimage"},"thumbnailUrl":"https:\/\/portaltela.pt\/s.01k8rhncp4jt1\/2026\/02\/img_920x518uu2026-02-14-23-40-19-2421708.jpg","datePublished":"2026-02-14T23:40:45+00:00","author":{"@id":"https:\/\/portaltela.pt\/#\/schema\/person\/c4278d4a6028830caff9ee44b42d32ed"},"breadcrumb":{"@id":"https:\/\/portaltela.pt\/noticias\/2026\/02\/14\/dts-do-sporting-e-benfica-prometem-luta-ate-ao-fim-no-nacional-de-pista-curta\/#breadcrumb"},"inLanguage":"pt-PT","potentialAction":[{"@type":"ReadAction","target":["https:\/\/portaltela.pt\/noticias\/2026\/02\/14\/dts-do-sporting-e-benfica-prometem-luta-ate-ao-fim-no-nacional-de-pista-curta\/"]}]},{"@type":"ImageObject","inLanguage":"pt-PT","@id":"https:\/\/portaltela.pt\/noticias\/2026\/02\/14\/dts-do-sporting-e-benfica-prometem-luta-ate-ao-fim-no-nacional-de-pista-curta\/#primaryimage","url":"https:\/\/portaltela.pt\/s.01k8rhncp4jt1\/2026\/02\/img_920x518uu2026-02-14-23-40-19-2421708.jpg","contentUrl":"https:\/\/portaltela.pt\/s.01k8rhncp4jt1\/2026\/02\/img_920x518uu2026-02-14-23-40-19-2421708.jpg","width":796,"height":448,"caption":"Paulo Reis analisou primeiro dia em Braga"},{"@type":"BreadcrumbList","@id":"https:\/\/portaltela.pt\/noticias\/2026\/02\/14\/dts-do-sporting-e-benfica-prometem-luta-ate-ao-fim-no-nacional-de-pista-curta\/#breadcrumb","itemListElement":[{"@type":"ListItem","position":1,"name":"In\u00edcio","item":"https:\/\/portaltela.pt\/"},{"@type":"ListItem","position":2,"name":"DTs do Sporting e Benfica prometem luta at\u00e9 ao fim no Nacional de pista curta"}]},{"@type":"WebSite","@id":"https:\/\/portaltela.pt\/#website","url":"https:\/\/portaltela.pt\/","name":"Portal Tela Portugal","description":"","potentialAction":[{"@type":"SearchAction","target":{"@type":"EntryPoint","urlTemplate":"https:\/\/portaltela.pt\/?s={search_term_string}"},"query-input":{"@type":"PropertyValueSpecification","valueRequired":true,"valueName":"search_term_string"}}],"inLanguage":"pt-PT"},{"@type":"Person","@id":"https:\/\/portaltela.pt\/#\/schema\/person\/c4278d4a6028830caff9ee44b42d32ed","name":"Telinha","image":{"@type":"ImageObject","inLanguage":"pt-PT","@id":"https:\/\/portaltela.pt\/s.01k8rhncp4jt1\/2025\/11\/talking-bot-125x125.png","url":"https:\/\/portaltela.pt\/s.01k8rhncp4jt1\/2025\/11\/talking-bot-125x125.png","contentUrl":"https:\/\/portaltela.pt\/s.01k8rhncp4jt1\/2025\/11\/talking-bot-125x125.png","caption":"Telinha"},"sameAs":["https:\/\/portaltela.pt\/"],"url":"https:\/\/portaltela.pt\/por\/367410592786\/"}]}},"_links":{"self":[{"href":"https:\/\/portaltela.pt\/api\/wp\/v2\/posts\/212865","targetHints":{"allow":["GET"]}}],"collection":[{"href":"https:\/\/portaltela.pt\/api\/wp\/v2\/posts"}],"about":[{"href":"https:\/\/portaltela.pt\/api\/wp\/v2\/types\/post"}],"author":[{"embeddable":true,"href":"https:\/\/portaltela.pt\/api\/wp\/v2\/users\/2"}],"replies":[{"embeddable":true,"href":"https:\/\/portaltela.pt\/api\/wp\/v2\/comments?post=212865"}],"version-history":[{"count":0,"href":"https:\/\/portaltela.pt\/api\/wp\/v2\/posts\/212865\/revisions"}],"wp:featuredmedia":[{"embeddable":true,"href":"https:\/\/portaltela.pt\/api\/wp\/v2\/media\/212870"}],"wp:attachment":[{"href":"https:\/\/portaltela.pt\/api\/wp\/v2\/media?parent=212865"}],"wp:term":[{"taxonomy":"category","embeddable":true,"href":"https:\/\/portaltela.pt\/api\/wp\/v2\/categories?post=212865"},{"taxonomy":"post_tag","embeddable":true,"href":"https:\/\/portaltela.pt\/api\/wp\/v2\/tags?post=212865"}],"curies":[{"name":"wp","href":"https:\/\/api.w.org\/{rel}","templated":true}]}}