{"id":212843,"date":"2026-02-14T20:04:11","date_gmt":"2026-02-14T23:04:11","guid":{"rendered":"https:\/\/portaltela.pt\/noticias\/2026\/02\/14\/comissao-assume-gestao-dos-bombeiros-de-silves-apos-demissao-da-direcao\/"},"modified":"2026-02-14T20:04:11","modified_gmt":"2026-02-14T23:04:11","slug":"comissao-assume-gestao-dos-bombeiros-de-silves-apos-demissao-da-direcao","status":"publish","type":"post","link":"https:\/\/portaltela.pt\/noticias\/2026\/02\/14\/comissao-assume-gestao-dos-bombeiros-de-silves-apos-demissao-da-direcao\/","title":{"rendered":"Comiss\u00e3o assume gest\u00e3o dos Bombeiros de Silves ap\u00f3s demiss\u00e3o da dire\u00e7\u00e3o"},"content":{"rendered":"<p>A dire\u00e7\u00e3o da Associa\u00e7\u00e3o dos Bombeiros Volunt\u00e1rios de Silves foi destitu\u00edda pelos s\u00f3cios, numa vota\u00e7\u00e3o de assembleia extraordin\u00e1ria. Votos: 140 a favor, 2 contra e 1 absten\u00e7\u00e3o.<\/p>\n<p>A destitui\u00e7\u00e3o sucede a forte contesta\u00e7\u00e3o de s\u00f3cios, bombeiros e popula\u00e7\u00e3o de Silves contra atos de gest\u00e3o da dire\u00e7\u00e3o, que j\u00e1 motivaram protestos no quartel, com os capacetes colocados no ch\u00e3o.<\/p>\n<p>Entre as decis\u00f5es contestadas esteve a nomea\u00e7\u00e3o de um coordenador de servi\u00e7os externo \u00e0 institui\u00e7\u00e3o, que ter\u00e1 sido proposto para comandante, mas rejeitado pelo Comando Regional do Algarve da Autoridade Nacional de Emerg\u00eancia e Prote\u00e7\u00e3o Civil.<\/p>\n<p>Para dirigir a institui\u00e7\u00e3o at\u00e9 \u00e0 marca\u00e7\u00e3o de novas elei\u00e7\u00f5es, foi criada uma comiss\u00e3o de gest\u00e3o, composta por tr\u00eas s\u00f3cios, que assume as fun\u00e7\u00f5es transit\u00f3rias.<\/p>\n<p>O objetivo \u00e9 assegurar o funcionamento dos Bombeiros de Silves at\u00e9 \u00e0 realiza\u00e7\u00e3o de elei\u00e7\u00f5es e a defini\u00e7\u00e3o de uma nova lideran\u00e7a, junto da comunidade local e dos bombeiros.<\/p>\n","protected":false},"excerpt":{"rendered":"<ul>\n<li>A dire\u00e7\u00e3o da Associa\u00e7\u00e3o dos Bombeiros Volunt\u00e1rios de Silves foi destitu\u00edda pelos s\u00f3cios, com 140 votos a favor, 2 contra e 1 absten\u00e7\u00e3o.<\/li>\n<li>A decis\u00e3o ocorreu numa assembleia extraordin\u00e1ria, ap\u00f3s forte contesta\u00e7\u00e3o de bombeiros, s\u00f3cios e da popula\u00e7\u00e3o de Silves sobre atos de gest\u00e3o.<\/li>\n<li>Um dos motivos de contesta\u00e7\u00e3o foi a nomea\u00e7\u00e3o de um coordenador de servi\u00e7os de fora da institui\u00e7\u00e3o, que pretendia ser comandante, mas foi rejeitado pelo Comando Regional do Algarve da Autoridade Nacional de Emerg\u00eancia e Prote\u00e7\u00e3o Civil.<\/li>\n<li>Os bombeiros chegaram a protestar, deixando capacetes no ch\u00e3o do quartel em sinal de descontentamento com a dire\u00e7\u00e3o.<\/li>\n<li>Foi criada uma comiss\u00e3o de gest\u00e3o, formada por tr\u00eas s\u00f3cios, para dirigir a institui\u00e7\u00e3o at\u00e9 \u00e0 marca\u00e7\u00e3o de novas elei\u00e7\u00f5es.<\/li>\n<\/ul>\n","protected":false},"author":2,"featured_media":212847,"comment_status":"closed","ping_status":"closed","sticky":false,"template":"","format":"standard","meta":{"footnotes":""},"categories":[1],"tags":[679,4351,5068,68,2415,4588],"class_list":["post-212843","post","type-post","status-publish","format-standard","has-post-thumbnail","hentry","category-noticias","tag-associacoes","tag-bombeiros-voluntarios","tag-destituicao","tag-eleicoes","tag-gestao","tag-silves"],"yoast_head":"<!-- This site is optimized with the Yoast SEO plugin v27.2 - https:\/\/yoast.com\/product\/yoast-seo-wordpress\/ -->\n<title>Comiss\u00e3o assume gest\u00e3o dos Bombeiros de Silves ap\u00f3s demiss\u00e3o da dire\u00e7\u00e3o - Portal Tela Portugal<\/title>\n<meta name=\"robots\" content=\"index, follow, max-snippet:-1, max-image-preview:large, max-video-preview:-1\" \/>\n<meta property=\"og:locale\" content=\"pt_PT\" \/>\n<meta property=\"og:type\" content=\"article\" \/>\n<meta property=\"og:title\" content=\"Comiss\u00e3o assume gest\u00e3o dos Bombeiros de Silves ap\u00f3s demiss\u00e3o da dire\u00e7\u00e3o - Portal Tela Portugal\" \/>\n<meta property=\"og:description\" content=\"A dire\u00e7\u00e3o da Associa\u00e7\u00e3o dos Bombeiros Volunt\u00e1rios de Silves foi destitu\u00edda pelos s\u00f3cios, com 140 votos a favor, 2 contra e 1 absten\u00e7\u00e3o. A decis\u00e3o ocorreu numa assembleia extraordin\u00e1ria, ap\u00f3s forte contesta\u00e7\u00e3o de bombeiros, s\u00f3cios e da popula\u00e7\u00e3o de Silves sobre atos de gest\u00e3o. Um dos motivos de contesta\u00e7\u00e3o foi a nomea\u00e7\u00e3o de um coordenador de servi\u00e7os de fora da institui\u00e7\u00e3o, que pretendia ser comandante, mas foi rejeitado pelo Comando Regional do Algarve da Autoridade Nacional de Emerg\u00eancia e Prote\u00e7\u00e3o Civil. Os bombeiros chegaram a protestar, deixando capacetes no ch\u00e3o do quartel em sinal de descontentamento com a dire\u00e7\u00e3o. Foi criada uma comiss\u00e3o de gest\u00e3o, formada por tr\u00eas s\u00f3cios, para dirigir a institui\u00e7\u00e3o at\u00e9 \u00e0 marca\u00e7\u00e3o de novas elei\u00e7\u00f5es.\" \/>\n<meta property=\"og:url\" content=\"https:\/\/portaltela.pt\/noticias\/2026\/02\/14\/comissao-assume-gestao-dos-bombeiros-de-silves-apos-demissao-da-direcao\/\" \/>\n<meta property=\"og:site_name\" content=\"Portal Tela Portugal\" \/>\n<meta property=\"article:published_time\" content=\"2026-02-14T23:04:11+00:00\" \/>\n<meta name=\"author\" content=\"Telinha\" \/>\n<meta name=\"twitter:card\" content=\"summary_large_image\" \/>\n<meta name=\"twitter:label1\" content=\"Escrito por\" \/>\n\t<meta name=\"twitter:data1\" content=\"Telinha\" \/>\n\t<meta name=\"twitter:label2\" content=\"Tempo estimado de leitura\" \/>\n\t<meta name=\"twitter:data2\" content=\"1 minuto\" \/>\n<script type=\"application\/ld+json\" class=\"yoast-schema-graph\">{\"@context\":\"https:\/\/schema.org\",\"@graph\":[{\"@type\":\"Article\",\"@id\":\"https:\/\/portaltela.pt\/noticias\/2026\/02\/14\/comissao-assume-gestao-dos-bombeiros-de-silves-apos-demissao-da-direcao\/#article\",\"isPartOf\":{\"@id\":\"https:\/\/portaltela.pt\/noticias\/2026\/02\/14\/comissao-assume-gestao-dos-bombeiros-de-silves-apos-demissao-da-direcao\/\"},\"author\":{\"name\":\"Telinha\",\"@id\":\"https:\/\/portaltela.pt\/#\/schema\/person\/c4278d4a6028830caff9ee44b42d32ed\"},\"headline\":\"Comiss\u00e3o assume gest\u00e3o dos Bombeiros de Silves ap\u00f3s demiss\u00e3o da dire\u00e7\u00e3o\",\"datePublished\":\"2026-02-14T23:04:11+00:00\",\"mainEntityOfPage\":{\"@id\":\"https:\/\/portaltela.pt\/noticias\/2026\/02\/14\/comissao-assume-gestao-dos-bombeiros-de-silves-apos-demissao-da-direcao\/\"},\"wordCount\":191,\"image\":{\"@id\":\"https:\/\/portaltela.pt\/noticias\/2026\/02\/14\/comissao-assume-gestao-dos-bombeiros-de-silves-apos-demissao-da-direcao\/#primaryimage\"},\"thumbnailUrl\":\"https:\/\/portaltela.pt\/s.01k8rhncp4jt1\/2026\/02\/img_1500x1000uu2025-12-16-00-02-49-2254661.jpg\",\"keywords\":[\"associa\u00e7\u00f5es\",\"Bombeiros Volunt\u00e1rios\",\"destitui\u00e7\u00e3o\",\"elei\u00e7\u00f5es\",\"gest\u00e3o\",\"Silves\"],\"articleSection\":[\"Not\u00edcias\"],\"inLanguage\":\"pt-PT\"},{\"@type\":\"WebPage\",\"@id\":\"https:\/\/portaltela.pt\/noticias\/2026\/02\/14\/comissao-assume-gestao-dos-bombeiros-de-silves-apos-demissao-da-direcao\/\",\"url\":\"https:\/\/portaltela.pt\/noticias\/2026\/02\/14\/comissao-assume-gestao-dos-bombeiros-de-silves-apos-demissao-da-direcao\/\",\"name\":\"Comiss\u00e3o assume gest\u00e3o dos Bombeiros de Silves ap\u00f3s demiss\u00e3o da dire\u00e7\u00e3o - Portal Tela Portugal\",\"isPartOf\":{\"@id\":\"https:\/\/portaltela.pt\/#website\"},\"primaryImageOfPage\":{\"@id\":\"https:\/\/portaltela.pt\/noticias\/2026\/02\/14\/comissao-assume-gestao-dos-bombeiros-de-silves-apos-demissao-da-direcao\/#primaryimage\"},\"image\":{\"@id\":\"https:\/\/portaltela.pt\/noticias\/2026\/02\/14\/comissao-assume-gestao-dos-bombeiros-de-silves-apos-demissao-da-direcao\/#primaryimage\"},\"thumbnailUrl\":\"https:\/\/portaltela.pt\/s.01k8rhncp4jt1\/2026\/02\/img_1500x1000uu2025-12-16-00-02-49-2254661.jpg\",\"datePublished\":\"2026-02-14T23:04:11+00:00\",\"author\":{\"@id\":\"https:\/\/portaltela.pt\/#\/schema\/person\/c4278d4a6028830caff9ee44b42d32ed\"},\"breadcrumb\":{\"@id\":\"https:\/\/portaltela.pt\/noticias\/2026\/02\/14\/comissao-assume-gestao-dos-bombeiros-de-silves-apos-demissao-da-direcao\/#breadcrumb\"},\"inLanguage\":\"pt-PT\",\"potentialAction\":[{\"@type\":\"ReadAction\",\"target\":[\"https:\/\/portaltela.pt\/noticias\/2026\/02\/14\/comissao-assume-gestao-dos-bombeiros-de-silves-apos-demissao-da-direcao\/\"]}]},{\"@type\":\"ImageObject\",\"inLanguage\":\"pt-PT\",\"@id\":\"https:\/\/portaltela.pt\/noticias\/2026\/02\/14\/comissao-assume-gestao-dos-bombeiros-de-silves-apos-demissao-da-direcao\/#primaryimage\",\"url\":\"https:\/\/portaltela.pt\/s.01k8rhncp4jt1\/2026\/02\/img_1500x1000uu2025-12-16-00-02-49-2254661.jpg\",\"contentUrl\":\"https:\/\/portaltela.pt\/s.01k8rhncp4jt1\/2026\/02\/img_1500x1000uu2025-12-16-00-02-49-2254661.jpg\",\"width\":796,\"height\":448,\"caption\":\"Bombeiros de Silves\"},{\"@type\":\"BreadcrumbList\",\"@id\":\"https:\/\/portaltela.pt\/noticias\/2026\/02\/14\/comissao-assume-gestao-dos-bombeiros-de-silves-apos-demissao-da-direcao\/#breadcrumb\",\"itemListElement\":[{\"@type\":\"ListItem\",\"position\":1,\"name\":\"In\u00edcio\",\"item\":\"https:\/\/portaltela.pt\/\"},{\"@type\":\"ListItem\",\"position\":2,\"name\":\"Comiss\u00e3o assume gest\u00e3o dos Bombeiros de Silves ap\u00f3s demiss\u00e3o da dire\u00e7\u00e3o\"}]},{\"@type\":\"WebSite\",\"@id\":\"https:\/\/portaltela.pt\/#website\",\"url\":\"https:\/\/portaltela.pt\/\",\"name\":\"Portal Tela Portugal\",\"description\":\"\",\"potentialAction\":[{\"@type\":\"SearchAction\",\"target\":{\"@type\":\"EntryPoint\",\"urlTemplate\":\"https:\/\/portaltela.pt\/?s={search_term_string}\"},\"query-input\":{\"@type\":\"PropertyValueSpecification\",\"valueRequired\":true,\"valueName\":\"search_term_string\"}}],\"inLanguage\":\"pt-PT\"},{\"@type\":\"Person\",\"@id\":\"https:\/\/portaltela.pt\/#\/schema\/person\/c4278d4a6028830caff9ee44b42d32ed\",\"name\":\"Telinha\",\"image\":{\"@type\":\"ImageObject\",\"inLanguage\":\"pt-PT\",\"@id\":\"https:\/\/portaltela.pt\/s.01k8rhncp4jt1\/2025\/11\/talking-bot-125x125.png\",\"url\":\"https:\/\/portaltela.pt\/s.01k8rhncp4jt1\/2025\/11\/talking-bot-125x125.png\",\"contentUrl\":\"https:\/\/portaltela.pt\/s.01k8rhncp4jt1\/2025\/11\/talking-bot-125x125.png\",\"caption\":\"Telinha\"},\"sameAs\":[\"https:\/\/portaltela.pt\/\"],\"url\":\"https:\/\/portaltela.pt\/por\/367410592786\/\"}]}<\/script>\n<!-- \/ Yoast SEO plugin. -->","yoast_head_json":{"title":"Comiss\u00e3o assume gest\u00e3o dos Bombeiros de Silves ap\u00f3s demiss\u00e3o da dire\u00e7\u00e3o - Portal Tela Portugal","robots":{"index":"index","follow":"follow","max-snippet":"max-snippet:-1","max-image-preview":"max-image-preview:large","max-video-preview":"max-video-preview:-1"},"og_locale":"pt_PT","og_type":"article","og_title":"Comiss\u00e3o assume gest\u00e3o dos Bombeiros de Silves ap\u00f3s demiss\u00e3o da dire\u00e7\u00e3o - Portal Tela Portugal","og_description":"A dire\u00e7\u00e3o da Associa\u00e7\u00e3o dos Bombeiros Volunt\u00e1rios de Silves foi destitu\u00edda pelos s\u00f3cios, com 140 votos a favor, 2 contra e 1 absten\u00e7\u00e3o. A decis\u00e3o ocorreu numa assembleia extraordin\u00e1ria, ap\u00f3s forte contesta\u00e7\u00e3o de bombeiros, s\u00f3cios e da popula\u00e7\u00e3o de Silves sobre atos de gest\u00e3o. Um dos motivos de contesta\u00e7\u00e3o foi a nomea\u00e7\u00e3o de um coordenador de servi\u00e7os de fora da institui\u00e7\u00e3o, que pretendia ser comandante, mas foi rejeitado pelo Comando Regional do Algarve da Autoridade Nacional de Emerg\u00eancia e Prote\u00e7\u00e3o Civil. Os bombeiros chegaram a protestar, deixando capacetes no ch\u00e3o do quartel em sinal de descontentamento com a dire\u00e7\u00e3o. Foi criada uma comiss\u00e3o de gest\u00e3o, formada por tr\u00eas s\u00f3cios, para dirigir a institui\u00e7\u00e3o at\u00e9 \u00e0 marca\u00e7\u00e3o de novas elei\u00e7\u00f5es.","og_url":"https:\/\/portaltela.pt\/noticias\/2026\/02\/14\/comissao-assume-gestao-dos-bombeiros-de-silves-apos-demissao-da-direcao\/","og_site_name":"Portal Tela Portugal","article_published_time":"2026-02-14T23:04:11+00:00","author":"Telinha","twitter_card":"summary_large_image","twitter_misc":{"Escrito por":"Telinha","Tempo estimado de leitura":"1 minuto"},"schema":{"@context":"https:\/\/schema.org","@graph":[{"@type":"Article","@id":"https:\/\/portaltela.pt\/noticias\/2026\/02\/14\/comissao-assume-gestao-dos-bombeiros-de-silves-apos-demissao-da-direcao\/#article","isPartOf":{"@id":"https:\/\/portaltela.pt\/noticias\/2026\/02\/14\/comissao-assume-gestao-dos-bombeiros-de-silves-apos-demissao-da-direcao\/"},"author":{"name":"Telinha","@id":"https:\/\/portaltela.pt\/#\/schema\/person\/c4278d4a6028830caff9ee44b42d32ed"},"headline":"Comiss\u00e3o assume gest\u00e3o dos Bombeiros de Silves ap\u00f3s demiss\u00e3o da dire\u00e7\u00e3o","datePublished":"2026-02-14T23:04:11+00:00","mainEntityOfPage":{"@id":"https:\/\/portaltela.pt\/noticias\/2026\/02\/14\/comissao-assume-gestao-dos-bombeiros-de-silves-apos-demissao-da-direcao\/"},"wordCount":191,"image":{"@id":"https:\/\/portaltela.pt\/noticias\/2026\/02\/14\/comissao-assume-gestao-dos-bombeiros-de-silves-apos-demissao-da-direcao\/#primaryimage"},"thumbnailUrl":"https:\/\/portaltela.pt\/s.01k8rhncp4jt1\/2026\/02\/img_1500x1000uu2025-12-16-00-02-49-2254661.jpg","keywords":["associa\u00e7\u00f5es","Bombeiros Volunt\u00e1rios","destitui\u00e7\u00e3o","elei\u00e7\u00f5es","gest\u00e3o","Silves"],"articleSection":["Not\u00edcias"],"inLanguage":"pt-PT"},{"@type":"WebPage","@id":"https:\/\/portaltela.pt\/noticias\/2026\/02\/14\/comissao-assume-gestao-dos-bombeiros-de-silves-apos-demissao-da-direcao\/","url":"https:\/\/portaltela.pt\/noticias\/2026\/02\/14\/comissao-assume-gestao-dos-bombeiros-de-silves-apos-demissao-da-direcao\/","name":"Comiss\u00e3o assume gest\u00e3o dos Bombeiros de Silves ap\u00f3s demiss\u00e3o da dire\u00e7\u00e3o - Portal Tela Portugal","isPartOf":{"@id":"https:\/\/portaltela.pt\/#website"},"primaryImageOfPage":{"@id":"https:\/\/portaltela.pt\/noticias\/2026\/02\/14\/comissao-assume-gestao-dos-bombeiros-de-silves-apos-demissao-da-direcao\/#primaryimage"},"image":{"@id":"https:\/\/portaltela.pt\/noticias\/2026\/02\/14\/comissao-assume-gestao-dos-bombeiros-de-silves-apos-demissao-da-direcao\/#primaryimage"},"thumbnailUrl":"https:\/\/portaltela.pt\/s.01k8rhncp4jt1\/2026\/02\/img_1500x1000uu2025-12-16-00-02-49-2254661.jpg","datePublished":"2026-02-14T23:04:11+00:00","author":{"@id":"https:\/\/portaltela.pt\/#\/schema\/person\/c4278d4a6028830caff9ee44b42d32ed"},"breadcrumb":{"@id":"https:\/\/portaltela.pt\/noticias\/2026\/02\/14\/comissao-assume-gestao-dos-bombeiros-de-silves-apos-demissao-da-direcao\/#breadcrumb"},"inLanguage":"pt-PT","potentialAction":[{"@type":"ReadAction","target":["https:\/\/portaltela.pt\/noticias\/2026\/02\/14\/comissao-assume-gestao-dos-bombeiros-de-silves-apos-demissao-da-direcao\/"]}]},{"@type":"ImageObject","inLanguage":"pt-PT","@id":"https:\/\/portaltela.pt\/noticias\/2026\/02\/14\/comissao-assume-gestao-dos-bombeiros-de-silves-apos-demissao-da-direcao\/#primaryimage","url":"https:\/\/portaltela.pt\/s.01k8rhncp4jt1\/2026\/02\/img_1500x1000uu2025-12-16-00-02-49-2254661.jpg","contentUrl":"https:\/\/portaltela.pt\/s.01k8rhncp4jt1\/2026\/02\/img_1500x1000uu2025-12-16-00-02-49-2254661.jpg","width":796,"height":448,"caption":"Bombeiros de Silves"},{"@type":"BreadcrumbList","@id":"https:\/\/portaltela.pt\/noticias\/2026\/02\/14\/comissao-assume-gestao-dos-bombeiros-de-silves-apos-demissao-da-direcao\/#breadcrumb","itemListElement":[{"@type":"ListItem","position":1,"name":"In\u00edcio","item":"https:\/\/portaltela.pt\/"},{"@type":"ListItem","position":2,"name":"Comiss\u00e3o assume gest\u00e3o dos Bombeiros de Silves ap\u00f3s demiss\u00e3o da dire\u00e7\u00e3o"}]},{"@type":"WebSite","@id":"https:\/\/portaltela.pt\/#website","url":"https:\/\/portaltela.pt\/","name":"Portal Tela Portugal","description":"","potentialAction":[{"@type":"SearchAction","target":{"@type":"EntryPoint","urlTemplate":"https:\/\/portaltela.pt\/?s={search_term_string}"},"query-input":{"@type":"PropertyValueSpecification","valueRequired":true,"valueName":"search_term_string"}}],"inLanguage":"pt-PT"},{"@type":"Person","@id":"https:\/\/portaltela.pt\/#\/schema\/person\/c4278d4a6028830caff9ee44b42d32ed","name":"Telinha","image":{"@type":"ImageObject","inLanguage":"pt-PT","@id":"https:\/\/portaltela.pt\/s.01k8rhncp4jt1\/2025\/11\/talking-bot-125x125.png","url":"https:\/\/portaltela.pt\/s.01k8rhncp4jt1\/2025\/11\/talking-bot-125x125.png","contentUrl":"https:\/\/portaltela.pt\/s.01k8rhncp4jt1\/2025\/11\/talking-bot-125x125.png","caption":"Telinha"},"sameAs":["https:\/\/portaltela.pt\/"],"url":"https:\/\/portaltela.pt\/por\/367410592786\/"}]}},"_links":{"self":[{"href":"https:\/\/portaltela.pt\/api\/wp\/v2\/posts\/212843","targetHints":{"allow":["GET"]}}],"collection":[{"href":"https:\/\/portaltela.pt\/api\/wp\/v2\/posts"}],"about":[{"href":"https:\/\/portaltela.pt\/api\/wp\/v2\/types\/post"}],"author":[{"embeddable":true,"href":"https:\/\/portaltela.pt\/api\/wp\/v2\/users\/2"}],"replies":[{"embeddable":true,"href":"https:\/\/portaltela.pt\/api\/wp\/v2\/comments?post=212843"}],"version-history":[{"count":0,"href":"https:\/\/portaltela.pt\/api\/wp\/v2\/posts\/212843\/revisions"}],"wp:featuredmedia":[{"embeddable":true,"href":"https:\/\/portaltela.pt\/api\/wp\/v2\/media\/212847"}],"wp:attachment":[{"href":"https:\/\/portaltela.pt\/api\/wp\/v2\/media?parent=212843"}],"wp:term":[{"taxonomy":"category","embeddable":true,"href":"https:\/\/portaltela.pt\/api\/wp\/v2\/categories?post=212843"},{"taxonomy":"post_tag","embeddable":true,"href":"https:\/\/portaltela.pt\/api\/wp\/v2\/tags?post=212843"}],"curies":[{"name":"wp","href":"https:\/\/api.w.org\/{rel}","templated":true}]}}