{"id":212839,"date":"2026-02-14T20:10:00","date_gmt":"2026-02-14T23:10:00","guid":{"rendered":"https:\/\/portaltela.pt\/noticias\/2026\/02\/14\/arbeloa-antecipa-ambiente-intenso-na-luz-com-adeptos-do-benfica-entusiasmados\/"},"modified":"2026-02-14T20:10:00","modified_gmt":"2026-02-14T23:10:00","slug":"arbeloa-antecipa-ambiente-intenso-na-luz-com-adeptos-do-benfica-entusiasmados","status":"publish","type":"post","link":"https:\/\/portaltela.pt\/desporto\/futebol\/2026\/02\/14\/arbeloa-antecipa-ambiente-intenso-na-luz-com-adeptos-do-benfica-entusiasmados\/","title":{"rendered":"Arbeloa antecipa ambiente intenso na Luz com adeptos do Benfica entusiasmados"},"content":{"rendered":"<p>O Real Madrid prepara j\u00e1 a desloca\u00e7\u00e3o a Lisboa para a primeira m\u00e3o do playoff de acesso aos oitavos de final da Champions, depois de vencer a Real Sociedad por 4-1. A equipa de \u00c1lvaro Arbeloa quer confirmar a vantagem fora de casa, em pleno Est\u00e1dio da Luz, diante do Benfica. O t\u00e9cnico destacou a dificuldade do encontro e o entusiasmo dos adeptos encarnados.<\/p>\n<p>Arbeloa afirmou que a hist\u00f3ria n\u00e3o pode repetir-se, reconhecendo o grau de exig\u00eancia do recinto lisboeta. A meta \u00e9 vencer a primeira m\u00e3o sem pensar na eliminat\u00f3ria seguinte, explicou o treinador, que fez a antevis\u00e3o ap\u00f3s o triunfo frente \u00e0 Real Sociedad.<\/p>\n<p>O t\u00e9cnico tamb\u00e9m confirmou a disponibilidade de Mbapp\u00e9 para o jogo da ter\u00e7a-feira, ap\u00f3s este ter ficado de fora frente \u00e0 Real Sociedad por precau\u00e7\u00e3o com o joelho esquerdo. O atacante franc\u00eas tem mostrado boa recupera\u00e7\u00e3o e dever\u00e1 entrar em campo em Lisboa, segundo o pr\u00f3prio treinador.<\/p>\n<h3>Mbapp\u00e9 em Lisboa<\/h3>\n<p>Mbapp\u00e9 est\u00e1 em boa forma e n\u00e3o dever\u00e1 ser poupado para o encontro na Luz, onde o Real Madrid procura manter a vantagem obtida na primeira m\u00e3o. Arbeloa deixou claro que a equipa n\u00e3o pode baixar o ritmo nem subestimar o Benfica, independentemente do resultado anterior.<\/p>\n<p>O encontro est\u00e1 marcado para a noite de ter\u00e7a-feira, numa eliminat\u00f3ria de Champions que promete ser competitiva e com casa cheia. A leitura principal \u00e9 a de uma equipa madrilena determinada a passar \u00e0 fase seguinte, mantendo o foco no pr\u00f3ximo obst\u00e1culo. Fonte: LUSA<\/p>\n","protected":false},"excerpt":{"rendered":"<ul>\n<li>O Real Madrid prepara a visita ao Benfica para o playoff de acesso aos oitavos de final da Champions, ap\u00f3s vencer a Real Sociedad por 4-1.<\/li>\n<li>\u00c1lvaro Arbeloa admite que espera um ambiente infernal na Luz e enfatiza a import\u00e2ncia de vencer a primeira m\u00e3o.<\/li>\n<li>O treinador dos merengues diz que n\u00e3o se pode pensar na segunda m\u00e3o neste momento, centrando-se apenas na vit\u00f3ria no jogo de ida.<\/li>\n<li>Mbapp\u00e9 vai estar presente na Luz, depois de ter sido poupado diante da Real Sociedad por um desconforto no joelho esquerdo.<\/li>\n<li>Arbeloa garante que o avan\u00e7ado franc\u00eas est\u00e1 bem e preparado para jogar na ter\u00e7a-feira, sem correr riscos desnecess\u00e1rios.<\/li>\n<\/ul>\n","protected":false},"author":2,"featured_media":212842,"comment_status":"closed","ping_status":"closed","sticky":false,"template":"","format":"standard","meta":{"footnotes":""},"categories":[21,24],"tags":[2960,1946,3577,32,3375,2714],"class_list":["post-212839","post","type-post","status-publish","format-standard","has-post-thumbnail","hentry","category-desporto","category-futebol","tag-arbeloa","tag-benfica","tag-champions-league","tag-futebol","tag-mbappe","tag-real-madrid"],"yoast_head":"<!-- This site is optimized with the Yoast SEO plugin v27.2 - https:\/\/yoast.com\/product\/yoast-seo-wordpress\/ -->\n<title>Arbeloa antecipa ambiente intenso na Luz com adeptos do Benfica entusiasmados - Portal Tela Portugal<\/title>\n<meta name=\"robots\" content=\"index, follow, max-snippet:-1, max-image-preview:large, max-video-preview:-1\" \/>\n<meta property=\"og:locale\" content=\"pt_PT\" \/>\n<meta property=\"og:type\" content=\"article\" \/>\n<meta property=\"og:title\" content=\"Arbeloa antecipa ambiente intenso na Luz com adeptos do Benfica entusiasmados - Portal Tela Portugal\" \/>\n<meta property=\"og:description\" content=\"O Real Madrid prepara a visita ao Benfica para o playoff de acesso aos oitavos de final da Champions, ap\u00f3s vencer a Real Sociedad por 4-1. \u00c1lvaro Arbeloa admite que espera um ambiente infernal na Luz e enfatiza a import\u00e2ncia de vencer a primeira m\u00e3o. O treinador dos merengues diz que n\u00e3o se pode pensar na segunda m\u00e3o neste momento, centrando-se apenas na vit\u00f3ria no jogo de ida. Mbapp\u00e9 vai estar presente na Luz, depois de ter sido poupado diante da Real Sociedad por um desconforto no joelho esquerdo. Arbeloa garante que o avan\u00e7ado franc\u00eas est\u00e1 bem e preparado para jogar na ter\u00e7a-feira, sem correr riscos desnecess\u00e1rios.\" \/>\n<meta property=\"og:url\" content=\"https:\/\/portaltela.pt\/noticias\/2026\/02\/14\/arbeloa-antecipa-ambiente-intenso-na-luz-com-adeptos-do-benfica-entusiasmados\/\" \/>\n<meta property=\"og:site_name\" content=\"Portal Tela Portugal\" \/>\n<meta property=\"article:published_time\" content=\"2026-02-14T23:10:00+00:00\" \/>\n<meta name=\"author\" content=\"Telinha\" \/>\n<meta name=\"twitter:card\" content=\"summary_large_image\" \/>\n<meta name=\"twitter:label1\" content=\"Escrito por\" \/>\n\t<meta name=\"twitter:data1\" content=\"Telinha\" \/>\n\t<meta name=\"twitter:label2\" content=\"Tempo estimado de leitura\" \/>\n\t<meta name=\"twitter:data2\" content=\"1 minuto\" \/>\n<script type=\"application\/ld+json\" class=\"yoast-schema-graph\">{\"@context\":\"https:\/\/schema.org\",\"@graph\":[{\"@type\":\"Article\",\"@id\":\"https:\/\/portaltela.pt\/noticias\/2026\/02\/14\/arbeloa-antecipa-ambiente-intenso-na-luz-com-adeptos-do-benfica-entusiasmados\/#article\",\"isPartOf\":{\"@id\":\"https:\/\/portaltela.pt\/noticias\/2026\/02\/14\/arbeloa-antecipa-ambiente-intenso-na-luz-com-adeptos-do-benfica-entusiasmados\/\"},\"author\":{\"name\":\"Telinha\",\"@id\":\"https:\/\/portaltela.pt\/#\/schema\/person\/c4278d4a6028830caff9ee44b42d32ed\"},\"headline\":\"Arbeloa antecipa ambiente intenso na Luz com adeptos do Benfica entusiasmados\",\"datePublished\":\"2026-02-14T23:10:00+00:00\",\"mainEntityOfPage\":{\"@id\":\"https:\/\/portaltela.pt\/noticias\/2026\/02\/14\/arbeloa-antecipa-ambiente-intenso-na-luz-com-adeptos-do-benfica-entusiasmados\/\"},\"wordCount\":278,\"image\":{\"@id\":\"https:\/\/portaltela.pt\/noticias\/2026\/02\/14\/arbeloa-antecipa-ambiente-intenso-na-luz-com-adeptos-do-benfica-entusiasmados\/#primaryimage\"},\"thumbnailUrl\":\"https:\/\/portaltela.pt\/s.01k8rhncp4jt1\/2026\/02\/img_920x518uu2026-02-14-23-08-54-2421700.jpg\",\"keywords\":[\"Arbeloa\",\"Benfica\",\"Champions League\",\"futebol\",\"Mbapp\u00e9\",\"Real Madrid\"],\"articleSection\":[\"Desporto\",\"Futebol\"],\"inLanguage\":\"pt-PT\"},{\"@type\":\"WebPage\",\"@id\":\"https:\/\/portaltela.pt\/noticias\/2026\/02\/14\/arbeloa-antecipa-ambiente-intenso-na-luz-com-adeptos-do-benfica-entusiasmados\/\",\"url\":\"https:\/\/portaltela.pt\/noticias\/2026\/02\/14\/arbeloa-antecipa-ambiente-intenso-na-luz-com-adeptos-do-benfica-entusiasmados\/\",\"name\":\"Arbeloa antecipa ambiente intenso na Luz com adeptos do Benfica entusiasmados - Portal Tela Portugal\",\"isPartOf\":{\"@id\":\"https:\/\/portaltela.pt\/#website\"},\"primaryImageOfPage\":{\"@id\":\"https:\/\/portaltela.pt\/noticias\/2026\/02\/14\/arbeloa-antecipa-ambiente-intenso-na-luz-com-adeptos-do-benfica-entusiasmados\/#primaryimage\"},\"image\":{\"@id\":\"https:\/\/portaltela.pt\/noticias\/2026\/02\/14\/arbeloa-antecipa-ambiente-intenso-na-luz-com-adeptos-do-benfica-entusiasmados\/#primaryimage\"},\"thumbnailUrl\":\"https:\/\/portaltela.pt\/s.01k8rhncp4jt1\/2026\/02\/img_920x518uu2026-02-14-23-08-54-2421700.jpg\",\"datePublished\":\"2026-02-14T23:10:00+00:00\",\"author\":{\"@id\":\"https:\/\/portaltela.pt\/#\/schema\/person\/c4278d4a6028830caff9ee44b42d32ed\"},\"breadcrumb\":{\"@id\":\"https:\/\/portaltela.pt\/noticias\/2026\/02\/14\/arbeloa-antecipa-ambiente-intenso-na-luz-com-adeptos-do-benfica-entusiasmados\/#breadcrumb\"},\"inLanguage\":\"pt-PT\",\"potentialAction\":[{\"@type\":\"ReadAction\",\"target\":[\"https:\/\/portaltela.pt\/noticias\/2026\/02\/14\/arbeloa-antecipa-ambiente-intenso-na-luz-com-adeptos-do-benfica-entusiasmados\/\"]}]},{\"@type\":\"ImageObject\",\"inLanguage\":\"pt-PT\",\"@id\":\"https:\/\/portaltela.pt\/noticias\/2026\/02\/14\/arbeloa-antecipa-ambiente-intenso-na-luz-com-adeptos-do-benfica-entusiasmados\/#primaryimage\",\"url\":\"https:\/\/portaltela.pt\/s.01k8rhncp4jt1\/2026\/02\/img_920x518uu2026-02-14-23-08-54-2421700.jpg\",\"contentUrl\":\"https:\/\/portaltela.pt\/s.01k8rhncp4jt1\/2026\/02\/img_920x518uu2026-02-14-23-08-54-2421700.jpg\",\"width\":796,\"height\":448,\"caption\":\"Arbeloa no Est\u00e1dio da Luz\"},{\"@type\":\"BreadcrumbList\",\"@id\":\"https:\/\/portaltela.pt\/noticias\/2026\/02\/14\/arbeloa-antecipa-ambiente-intenso-na-luz-com-adeptos-do-benfica-entusiasmados\/#breadcrumb\",\"itemListElement\":[{\"@type\":\"ListItem\",\"position\":1,\"name\":\"In\u00edcio\",\"item\":\"https:\/\/portaltela.pt\/\"},{\"@type\":\"ListItem\",\"position\":2,\"name\":\"Arbeloa antecipa ambiente intenso na Luz com adeptos do Benfica entusiasmados\"}]},{\"@type\":\"WebSite\",\"@id\":\"https:\/\/portaltela.pt\/#website\",\"url\":\"https:\/\/portaltela.pt\/\",\"name\":\"Portal Tela Portugal\",\"description\":\"\",\"potentialAction\":[{\"@type\":\"SearchAction\",\"target\":{\"@type\":\"EntryPoint\",\"urlTemplate\":\"https:\/\/portaltela.pt\/?s={search_term_string}\"},\"query-input\":{\"@type\":\"PropertyValueSpecification\",\"valueRequired\":true,\"valueName\":\"search_term_string\"}}],\"inLanguage\":\"pt-PT\"},{\"@type\":\"Person\",\"@id\":\"https:\/\/portaltela.pt\/#\/schema\/person\/c4278d4a6028830caff9ee44b42d32ed\",\"name\":\"Telinha\",\"image\":{\"@type\":\"ImageObject\",\"inLanguage\":\"pt-PT\",\"@id\":\"https:\/\/portaltela.pt\/s.01k8rhncp4jt1\/2025\/11\/talking-bot-125x125.png\",\"url\":\"https:\/\/portaltela.pt\/s.01k8rhncp4jt1\/2025\/11\/talking-bot-125x125.png\",\"contentUrl\":\"https:\/\/portaltela.pt\/s.01k8rhncp4jt1\/2025\/11\/talking-bot-125x125.png\",\"caption\":\"Telinha\"},\"sameAs\":[\"https:\/\/portaltela.pt\/\"],\"url\":\"https:\/\/portaltela.pt\/por\/367410592786\/\"}]}<\/script>\n<!-- \/ Yoast SEO plugin. -->","yoast_head_json":{"title":"Arbeloa antecipa ambiente intenso na Luz com adeptos do Benfica entusiasmados - Portal Tela Portugal","robots":{"index":"index","follow":"follow","max-snippet":"max-snippet:-1","max-image-preview":"max-image-preview:large","max-video-preview":"max-video-preview:-1"},"og_locale":"pt_PT","og_type":"article","og_title":"Arbeloa antecipa ambiente intenso na Luz com adeptos do Benfica entusiasmados - Portal Tela Portugal","og_description":"O Real Madrid prepara a visita ao Benfica para o playoff de acesso aos oitavos de final da Champions, ap\u00f3s vencer a Real Sociedad por 4-1. \u00c1lvaro Arbeloa admite que espera um ambiente infernal na Luz e enfatiza a import\u00e2ncia de vencer a primeira m\u00e3o. O treinador dos merengues diz que n\u00e3o se pode pensar na segunda m\u00e3o neste momento, centrando-se apenas na vit\u00f3ria no jogo de ida. Mbapp\u00e9 vai estar presente na Luz, depois de ter sido poupado diante da Real Sociedad por um desconforto no joelho esquerdo. Arbeloa garante que o avan\u00e7ado franc\u00eas est\u00e1 bem e preparado para jogar na ter\u00e7a-feira, sem correr riscos desnecess\u00e1rios.","og_url":"https:\/\/portaltela.pt\/noticias\/2026\/02\/14\/arbeloa-antecipa-ambiente-intenso-na-luz-com-adeptos-do-benfica-entusiasmados\/","og_site_name":"Portal Tela Portugal","article_published_time":"2026-02-14T23:10:00+00:00","author":"Telinha","twitter_card":"summary_large_image","twitter_misc":{"Escrito por":"Telinha","Tempo estimado de leitura":"1 minuto"},"schema":{"@context":"https:\/\/schema.org","@graph":[{"@type":"Article","@id":"https:\/\/portaltela.pt\/noticias\/2026\/02\/14\/arbeloa-antecipa-ambiente-intenso-na-luz-com-adeptos-do-benfica-entusiasmados\/#article","isPartOf":{"@id":"https:\/\/portaltela.pt\/noticias\/2026\/02\/14\/arbeloa-antecipa-ambiente-intenso-na-luz-com-adeptos-do-benfica-entusiasmados\/"},"author":{"name":"Telinha","@id":"https:\/\/portaltela.pt\/#\/schema\/person\/c4278d4a6028830caff9ee44b42d32ed"},"headline":"Arbeloa antecipa ambiente intenso na Luz com adeptos do Benfica entusiasmados","datePublished":"2026-02-14T23:10:00+00:00","mainEntityOfPage":{"@id":"https:\/\/portaltela.pt\/noticias\/2026\/02\/14\/arbeloa-antecipa-ambiente-intenso-na-luz-com-adeptos-do-benfica-entusiasmados\/"},"wordCount":278,"image":{"@id":"https:\/\/portaltela.pt\/noticias\/2026\/02\/14\/arbeloa-antecipa-ambiente-intenso-na-luz-com-adeptos-do-benfica-entusiasmados\/#primaryimage"},"thumbnailUrl":"https:\/\/portaltela.pt\/s.01k8rhncp4jt1\/2026\/02\/img_920x518uu2026-02-14-23-08-54-2421700.jpg","keywords":["Arbeloa","Benfica","Champions League","futebol","Mbapp\u00e9","Real Madrid"],"articleSection":["Desporto","Futebol"],"inLanguage":"pt-PT"},{"@type":"WebPage","@id":"https:\/\/portaltela.pt\/noticias\/2026\/02\/14\/arbeloa-antecipa-ambiente-intenso-na-luz-com-adeptos-do-benfica-entusiasmados\/","url":"https:\/\/portaltela.pt\/noticias\/2026\/02\/14\/arbeloa-antecipa-ambiente-intenso-na-luz-com-adeptos-do-benfica-entusiasmados\/","name":"Arbeloa antecipa ambiente intenso na Luz com adeptos do Benfica entusiasmados - Portal Tela Portugal","isPartOf":{"@id":"https:\/\/portaltela.pt\/#website"},"primaryImageOfPage":{"@id":"https:\/\/portaltela.pt\/noticias\/2026\/02\/14\/arbeloa-antecipa-ambiente-intenso-na-luz-com-adeptos-do-benfica-entusiasmados\/#primaryimage"},"image":{"@id":"https:\/\/portaltela.pt\/noticias\/2026\/02\/14\/arbeloa-antecipa-ambiente-intenso-na-luz-com-adeptos-do-benfica-entusiasmados\/#primaryimage"},"thumbnailUrl":"https:\/\/portaltela.pt\/s.01k8rhncp4jt1\/2026\/02\/img_920x518uu2026-02-14-23-08-54-2421700.jpg","datePublished":"2026-02-14T23:10:00+00:00","author":{"@id":"https:\/\/portaltela.pt\/#\/schema\/person\/c4278d4a6028830caff9ee44b42d32ed"},"breadcrumb":{"@id":"https:\/\/portaltela.pt\/noticias\/2026\/02\/14\/arbeloa-antecipa-ambiente-intenso-na-luz-com-adeptos-do-benfica-entusiasmados\/#breadcrumb"},"inLanguage":"pt-PT","potentialAction":[{"@type":"ReadAction","target":["https:\/\/portaltela.pt\/noticias\/2026\/02\/14\/arbeloa-antecipa-ambiente-intenso-na-luz-com-adeptos-do-benfica-entusiasmados\/"]}]},{"@type":"ImageObject","inLanguage":"pt-PT","@id":"https:\/\/portaltela.pt\/noticias\/2026\/02\/14\/arbeloa-antecipa-ambiente-intenso-na-luz-com-adeptos-do-benfica-entusiasmados\/#primaryimage","url":"https:\/\/portaltela.pt\/s.01k8rhncp4jt1\/2026\/02\/img_920x518uu2026-02-14-23-08-54-2421700.jpg","contentUrl":"https:\/\/portaltela.pt\/s.01k8rhncp4jt1\/2026\/02\/img_920x518uu2026-02-14-23-08-54-2421700.jpg","width":796,"height":448,"caption":"Arbeloa no Est\u00e1dio da Luz"},{"@type":"BreadcrumbList","@id":"https:\/\/portaltela.pt\/noticias\/2026\/02\/14\/arbeloa-antecipa-ambiente-intenso-na-luz-com-adeptos-do-benfica-entusiasmados\/#breadcrumb","itemListElement":[{"@type":"ListItem","position":1,"name":"In\u00edcio","item":"https:\/\/portaltela.pt\/"},{"@type":"ListItem","position":2,"name":"Arbeloa antecipa ambiente intenso na Luz com adeptos do Benfica entusiasmados"}]},{"@type":"WebSite","@id":"https:\/\/portaltela.pt\/#website","url":"https:\/\/portaltela.pt\/","name":"Portal Tela Portugal","description":"","potentialAction":[{"@type":"SearchAction","target":{"@type":"EntryPoint","urlTemplate":"https:\/\/portaltela.pt\/?s={search_term_string}"},"query-input":{"@type":"PropertyValueSpecification","valueRequired":true,"valueName":"search_term_string"}}],"inLanguage":"pt-PT"},{"@type":"Person","@id":"https:\/\/portaltela.pt\/#\/schema\/person\/c4278d4a6028830caff9ee44b42d32ed","name":"Telinha","image":{"@type":"ImageObject","inLanguage":"pt-PT","@id":"https:\/\/portaltela.pt\/s.01k8rhncp4jt1\/2025\/11\/talking-bot-125x125.png","url":"https:\/\/portaltela.pt\/s.01k8rhncp4jt1\/2025\/11\/talking-bot-125x125.png","contentUrl":"https:\/\/portaltela.pt\/s.01k8rhncp4jt1\/2025\/11\/talking-bot-125x125.png","caption":"Telinha"},"sameAs":["https:\/\/portaltela.pt\/"],"url":"https:\/\/portaltela.pt\/por\/367410592786\/"}]}},"_links":{"self":[{"href":"https:\/\/portaltela.pt\/api\/wp\/v2\/posts\/212839","targetHints":{"allow":["GET"]}}],"collection":[{"href":"https:\/\/portaltela.pt\/api\/wp\/v2\/posts"}],"about":[{"href":"https:\/\/portaltela.pt\/api\/wp\/v2\/types\/post"}],"author":[{"embeddable":true,"href":"https:\/\/portaltela.pt\/api\/wp\/v2\/users\/2"}],"replies":[{"embeddable":true,"href":"https:\/\/portaltela.pt\/api\/wp\/v2\/comments?post=212839"}],"version-history":[{"count":0,"href":"https:\/\/portaltela.pt\/api\/wp\/v2\/posts\/212839\/revisions"}],"wp:featuredmedia":[{"embeddable":true,"href":"https:\/\/portaltela.pt\/api\/wp\/v2\/media\/212842"}],"wp:attachment":[{"href":"https:\/\/portaltela.pt\/api\/wp\/v2\/media?parent=212839"}],"wp:term":[{"taxonomy":"category","embeddable":true,"href":"https:\/\/portaltela.pt\/api\/wp\/v2\/categories?post=212839"},{"taxonomy":"post_tag","embeddable":true,"href":"https:\/\/portaltela.pt\/api\/wp\/v2\/tags?post=212839"}],"curies":[{"name":"wp","href":"https:\/\/api.w.org\/{rel}","templated":true}]}}