{"id":212821,"date":"2026-02-14T19:38:25","date_gmt":"2026-02-14T22:38:25","guid":{"rendered":"https:\/\/portaltela.pt\/noticias\/2026\/02\/14\/elfyn-evans-rumo-ao-primeiro-triunfo-da-temporada\/"},"modified":"2026-02-14T19:38:25","modified_gmt":"2026-02-14T22:38:25","slug":"elfyn-evans-rumo-ao-primeiro-triunfo-da-temporada","status":"publish","type":"post","link":"https:\/\/portaltela.pt\/desporto\/2026\/02\/14\/elfyn-evans-rumo-ao-primeiro-triunfo-da-temporada\/","title":{"rendered":"Elfyn Evans rumo ao primeiro triunfo da temporada"},"content":{"rendered":"<p>Elfyn Evans (Toyota Yaris) assumiu a lideran\u00e7a do Rali da Su\u00e9cia, segunda ronda do Campeonato do Mundo (WRC), disputado neste s\u00e1bado. O brit\u00e2nico chegou ao topo na classifica\u00e7\u00e3o geral, a duas etapas do final, mantendo-se na frente com 7,2 segundos de ganho na primeira especial.<\/p>\n<p>O piloto vice-campe\u00e3o mundial fechou o dia com 13,3 segundos de vantagem sobre Takamoto Katsuta (Toyota Yaris) e 25,4 sobre Sami Pajari (Toyota Yaris). Evans partiu em segundo lugar no percurso e abriu vantagem cedo, n\u00e3o mais sendo desbancado.<\/p>\n<p>Katsuta ficou frustrado pela falta de trac\u00e7\u00e3o do Yaris nos pisos gelados da Su\u00e9cia, o que desequilibrou as suas presta\u00e7\u00f5es ao longo da jornada. Pajari manteve-se a uma dist\u00e2ncia segura na terceira posi\u00e7\u00e3o, sem consequ\u00eancias relevantes para o ceptro.<\/p>\n<p>O l\u00edder do campeonato, Oliver Solberg (Toyota Yaris), recuperou duas posi\u00e7\u00f5es ao longo do dia ap\u00f3s uma sa\u00edda de estrada na v\u00e9spera. Pela manh\u00e3, o su\u00edsteu desempenho foi s\u00f3lido; \u00e0 tarde, houve neve solta e o piloto acabou por evoluir para o quarto lugar, com objectivo de subir ao terceiro.<\/p>\n<p>No domingo, est\u00e3o agendadas as \u00faltimas tr\u00eas especiais cronometradas, totalizando 62 quil\u00f3metros. A conclus\u00e3o do rali pode confirmar o primeiro triunfo da temporada para Evans, que volta a competir em pisos gelados e com condi\u00e7\u00f5es desafiantes.<\/p>\n","protected":false},"excerpt":{"rendered":"<ul>\n<li>Elfyn Evans (Toyota Yaris) assumiu a lideran\u00e7a do Rali da Su\u00e9cia, segunda ronda do Mundial de ralis (WRC, sigla explicada na primeira men\u00e7\u00e3o), colocando-se perto da primeira vit\u00f3ria da temporada.<\/li>\n<li>Evans tem 13,3 segundos de vantagem sobre o japon\u00eas Takamoto Katsuta (Toyota Yaris) e 25,4 sobre o finland\u00eas Sami Pajari (Toyota Yaris), que seguem na segunda e terceira posi\u00e7\u00e3o.<\/li>\n<li>O brit\u00e2nico abriu o dia da melhor forma, ganhando 7,2 segundos na primeira das sete especiais para consolidar a lideran\u00e7a.<\/li>\n<li>Oliver Solberg (Toyota Yaris), l\u00edder do campeonato, manteve-se pr\u00f3ximo do top, subindo ao quarto lugar ap\u00f3s ter come\u00e7ado o dia em posi\u00e7\u00e3o de destaque, com o objetivo de chegar ao terceiro posto.<\/li>\n<li>No domingo disputam-se as \u00faltimas tr\u00eas especiais, num total de 62 quil\u00f3metros, para definir o p\u00f3dio da prova.<\/li>\n<\/ul>\n","protected":false},"author":2,"featured_media":212826,"comment_status":"closed","ping_status":"closed","sticky":false,"template":"","format":"standard","meta":{"footnotes":""},"categories":[21],"tags":[2371,152,186,5943,2748,2517],"class_list":["post-212821","post","type-post","status-publish","format-standard","has-post-thumbnail","hentry","category-desporto","tag-automoveis","tag-desporto","tag-desportos","tag-elfyn-evans","tag-motores-ssv-e-challenger","tag-toyota"],"yoast_head":"<!-- This site is optimized with the Yoast SEO plugin v27.2 - https:\/\/yoast.com\/product\/yoast-seo-wordpress\/ -->\n<title>Elfyn Evans rumo ao primeiro triunfo da temporada - Portal Tela Portugal<\/title>\n<meta name=\"robots\" content=\"index, follow, max-snippet:-1, max-image-preview:large, max-video-preview:-1\" \/>\n<meta property=\"og:locale\" content=\"pt_PT\" \/>\n<meta property=\"og:type\" content=\"article\" \/>\n<meta property=\"og:title\" content=\"Elfyn Evans rumo ao primeiro triunfo da temporada - Portal Tela Portugal\" \/>\n<meta property=\"og:description\" content=\"Elfyn Evans (Toyota Yaris) assumiu a lideran\u00e7a do Rali da Su\u00e9cia, segunda ronda do Mundial de ralis (WRC, sigla explicada na primeira men\u00e7\u00e3o), colocando-se perto da primeira vit\u00f3ria da temporada. Evans tem 13,3 segundos de vantagem sobre o japon\u00eas Takamoto Katsuta (Toyota Yaris) e 25,4 sobre o finland\u00eas Sami Pajari (Toyota Yaris), que seguem na segunda e terceira posi\u00e7\u00e3o. O brit\u00e2nico abriu o dia da melhor forma, ganhando 7,2 segundos na primeira das sete especiais para consolidar a lideran\u00e7a. Oliver Solberg (Toyota Yaris), l\u00edder do campeonato, manteve-se pr\u00f3ximo do top, subindo ao quarto lugar ap\u00f3s ter come\u00e7ado o dia em posi\u00e7\u00e3o de destaque, com o objetivo de chegar ao terceiro posto. No domingo disputam-se as \u00faltimas tr\u00eas especiais, num total de 62 quil\u00f3metros, para definir o p\u00f3dio da prova.\" \/>\n<meta property=\"og:url\" content=\"https:\/\/portaltela.pt\/noticias\/2026\/02\/14\/elfyn-evans-rumo-ao-primeiro-triunfo-da-temporada\/\" \/>\n<meta property=\"og:site_name\" content=\"Portal Tela Portugal\" \/>\n<meta property=\"article:published_time\" content=\"2026-02-14T22:38:25+00:00\" \/>\n<meta name=\"author\" content=\"Telinha\" \/>\n<meta name=\"twitter:card\" content=\"summary_large_image\" \/>\n<meta name=\"twitter:label1\" content=\"Escrito por\" \/>\n\t<meta name=\"twitter:data1\" content=\"Telinha\" \/>\n\t<meta name=\"twitter:label2\" content=\"Tempo estimado de leitura\" \/>\n\t<meta name=\"twitter:data2\" content=\"1 minuto\" \/>\n<script type=\"application\/ld+json\" class=\"yoast-schema-graph\">{\"@context\":\"https:\/\/schema.org\",\"@graph\":[{\"@type\":\"Article\",\"@id\":\"https:\/\/portaltela.pt\/noticias\/2026\/02\/14\/elfyn-evans-rumo-ao-primeiro-triunfo-da-temporada\/#article\",\"isPartOf\":{\"@id\":\"https:\/\/portaltela.pt\/noticias\/2026\/02\/14\/elfyn-evans-rumo-ao-primeiro-triunfo-da-temporada\/\"},\"author\":{\"name\":\"Telinha\",\"@id\":\"https:\/\/portaltela.pt\/#\/schema\/person\/c4278d4a6028830caff9ee44b42d32ed\"},\"headline\":\"Elfyn Evans rumo ao primeiro triunfo da temporada\",\"datePublished\":\"2026-02-14T22:38:25+00:00\",\"mainEntityOfPage\":{\"@id\":\"https:\/\/portaltela.pt\/noticias\/2026\/02\/14\/elfyn-evans-rumo-ao-primeiro-triunfo-da-temporada\/\"},\"wordCount\":237,\"image\":{\"@id\":\"https:\/\/portaltela.pt\/noticias\/2026\/02\/14\/elfyn-evans-rumo-ao-primeiro-triunfo-da-temporada\/#primaryimage\"},\"thumbnailUrl\":\"https:\/\/portaltela.pt\/s.01k8rhncp4jt1\/2026\/02\/img_920x518uu2026-02-14-22-38-07-2421694.jpg\",\"keywords\":[\"Autom\u00f3veis\",\"desporto\",\"desportos\",\"Elfyn Evans\",\"Motores, SSV e Challenger\",\"Toyota\"],\"articleSection\":[\"Desporto\"],\"inLanguage\":\"pt-PT\"},{\"@type\":\"WebPage\",\"@id\":\"https:\/\/portaltela.pt\/noticias\/2026\/02\/14\/elfyn-evans-rumo-ao-primeiro-triunfo-da-temporada\/\",\"url\":\"https:\/\/portaltela.pt\/noticias\/2026\/02\/14\/elfyn-evans-rumo-ao-primeiro-triunfo-da-temporada\/\",\"name\":\"Elfyn Evans rumo ao primeiro triunfo da temporada - Portal Tela Portugal\",\"isPartOf\":{\"@id\":\"https:\/\/portaltela.pt\/#website\"},\"primaryImageOfPage\":{\"@id\":\"https:\/\/portaltela.pt\/noticias\/2026\/02\/14\/elfyn-evans-rumo-ao-primeiro-triunfo-da-temporada\/#primaryimage\"},\"image\":{\"@id\":\"https:\/\/portaltela.pt\/noticias\/2026\/02\/14\/elfyn-evans-rumo-ao-primeiro-triunfo-da-temporada\/#primaryimage\"},\"thumbnailUrl\":\"https:\/\/portaltela.pt\/s.01k8rhncp4jt1\/2026\/02\/img_920x518uu2026-02-14-22-38-07-2421694.jpg\",\"datePublished\":\"2026-02-14T22:38:25+00:00\",\"author\":{\"@id\":\"https:\/\/portaltela.pt\/#\/schema\/person\/c4278d4a6028830caff9ee44b42d32ed\"},\"breadcrumb\":{\"@id\":\"https:\/\/portaltela.pt\/noticias\/2026\/02\/14\/elfyn-evans-rumo-ao-primeiro-triunfo-da-temporada\/#breadcrumb\"},\"inLanguage\":\"pt-PT\",\"potentialAction\":[{\"@type\":\"ReadAction\",\"target\":[\"https:\/\/portaltela.pt\/noticias\/2026\/02\/14\/elfyn-evans-rumo-ao-primeiro-triunfo-da-temporada\/\"]}]},{\"@type\":\"ImageObject\",\"inLanguage\":\"pt-PT\",\"@id\":\"https:\/\/portaltela.pt\/noticias\/2026\/02\/14\/elfyn-evans-rumo-ao-primeiro-triunfo-da-temporada\/#primaryimage\",\"url\":\"https:\/\/portaltela.pt\/s.01k8rhncp4jt1\/2026\/02\/img_920x518uu2026-02-14-22-38-07-2421694.jpg\",\"contentUrl\":\"https:\/\/portaltela.pt\/s.01k8rhncp4jt1\/2026\/02\/img_920x518uu2026-02-14-22-38-07-2421694.jpg\",\"width\":796,\"height\":448,\"caption\":\"Elfyn Evans lidera no Rali da Su\u00e9cia\"},{\"@type\":\"BreadcrumbList\",\"@id\":\"https:\/\/portaltela.pt\/noticias\/2026\/02\/14\/elfyn-evans-rumo-ao-primeiro-triunfo-da-temporada\/#breadcrumb\",\"itemListElement\":[{\"@type\":\"ListItem\",\"position\":1,\"name\":\"In\u00edcio\",\"item\":\"https:\/\/portaltela.pt\/\"},{\"@type\":\"ListItem\",\"position\":2,\"name\":\"Elfyn Evans rumo ao primeiro triunfo da temporada\"}]},{\"@type\":\"WebSite\",\"@id\":\"https:\/\/portaltela.pt\/#website\",\"url\":\"https:\/\/portaltela.pt\/\",\"name\":\"Portal Tela Portugal\",\"description\":\"\",\"potentialAction\":[{\"@type\":\"SearchAction\",\"target\":{\"@type\":\"EntryPoint\",\"urlTemplate\":\"https:\/\/portaltela.pt\/?s={search_term_string}\"},\"query-input\":{\"@type\":\"PropertyValueSpecification\",\"valueRequired\":true,\"valueName\":\"search_term_string\"}}],\"inLanguage\":\"pt-PT\"},{\"@type\":\"Person\",\"@id\":\"https:\/\/portaltela.pt\/#\/schema\/person\/c4278d4a6028830caff9ee44b42d32ed\",\"name\":\"Telinha\",\"image\":{\"@type\":\"ImageObject\",\"inLanguage\":\"pt-PT\",\"@id\":\"https:\/\/portaltela.pt\/s.01k8rhncp4jt1\/2025\/11\/talking-bot-125x125.png\",\"url\":\"https:\/\/portaltela.pt\/s.01k8rhncp4jt1\/2025\/11\/talking-bot-125x125.png\",\"contentUrl\":\"https:\/\/portaltela.pt\/s.01k8rhncp4jt1\/2025\/11\/talking-bot-125x125.png\",\"caption\":\"Telinha\"},\"sameAs\":[\"https:\/\/portaltela.pt\/\"],\"url\":\"https:\/\/portaltela.pt\/por\/367410592786\/\"}]}<\/script>\n<!-- \/ Yoast SEO plugin. -->","yoast_head_json":{"title":"Elfyn Evans rumo ao primeiro triunfo da temporada - Portal Tela Portugal","robots":{"index":"index","follow":"follow","max-snippet":"max-snippet:-1","max-image-preview":"max-image-preview:large","max-video-preview":"max-video-preview:-1"},"og_locale":"pt_PT","og_type":"article","og_title":"Elfyn Evans rumo ao primeiro triunfo da temporada - Portal Tela Portugal","og_description":"Elfyn Evans (Toyota Yaris) assumiu a lideran\u00e7a do Rali da Su\u00e9cia, segunda ronda do Mundial de ralis (WRC, sigla explicada na primeira men\u00e7\u00e3o), colocando-se perto da primeira vit\u00f3ria da temporada. Evans tem 13,3 segundos de vantagem sobre o japon\u00eas Takamoto Katsuta (Toyota Yaris) e 25,4 sobre o finland\u00eas Sami Pajari (Toyota Yaris), que seguem na segunda e terceira posi\u00e7\u00e3o. O brit\u00e2nico abriu o dia da melhor forma, ganhando 7,2 segundos na primeira das sete especiais para consolidar a lideran\u00e7a. Oliver Solberg (Toyota Yaris), l\u00edder do campeonato, manteve-se pr\u00f3ximo do top, subindo ao quarto lugar ap\u00f3s ter come\u00e7ado o dia em posi\u00e7\u00e3o de destaque, com o objetivo de chegar ao terceiro posto. No domingo disputam-se as \u00faltimas tr\u00eas especiais, num total de 62 quil\u00f3metros, para definir o p\u00f3dio da prova.","og_url":"https:\/\/portaltela.pt\/noticias\/2026\/02\/14\/elfyn-evans-rumo-ao-primeiro-triunfo-da-temporada\/","og_site_name":"Portal Tela Portugal","article_published_time":"2026-02-14T22:38:25+00:00","author":"Telinha","twitter_card":"summary_large_image","twitter_misc":{"Escrito por":"Telinha","Tempo estimado de leitura":"1 minuto"},"schema":{"@context":"https:\/\/schema.org","@graph":[{"@type":"Article","@id":"https:\/\/portaltela.pt\/noticias\/2026\/02\/14\/elfyn-evans-rumo-ao-primeiro-triunfo-da-temporada\/#article","isPartOf":{"@id":"https:\/\/portaltela.pt\/noticias\/2026\/02\/14\/elfyn-evans-rumo-ao-primeiro-triunfo-da-temporada\/"},"author":{"name":"Telinha","@id":"https:\/\/portaltela.pt\/#\/schema\/person\/c4278d4a6028830caff9ee44b42d32ed"},"headline":"Elfyn Evans rumo ao primeiro triunfo da temporada","datePublished":"2026-02-14T22:38:25+00:00","mainEntityOfPage":{"@id":"https:\/\/portaltela.pt\/noticias\/2026\/02\/14\/elfyn-evans-rumo-ao-primeiro-triunfo-da-temporada\/"},"wordCount":237,"image":{"@id":"https:\/\/portaltela.pt\/noticias\/2026\/02\/14\/elfyn-evans-rumo-ao-primeiro-triunfo-da-temporada\/#primaryimage"},"thumbnailUrl":"https:\/\/portaltela.pt\/s.01k8rhncp4jt1\/2026\/02\/img_920x518uu2026-02-14-22-38-07-2421694.jpg","keywords":["Autom\u00f3veis","desporto","desportos","Elfyn Evans","Motores, SSV e Challenger","Toyota"],"articleSection":["Desporto"],"inLanguage":"pt-PT"},{"@type":"WebPage","@id":"https:\/\/portaltela.pt\/noticias\/2026\/02\/14\/elfyn-evans-rumo-ao-primeiro-triunfo-da-temporada\/","url":"https:\/\/portaltela.pt\/noticias\/2026\/02\/14\/elfyn-evans-rumo-ao-primeiro-triunfo-da-temporada\/","name":"Elfyn Evans rumo ao primeiro triunfo da temporada - Portal Tela Portugal","isPartOf":{"@id":"https:\/\/portaltela.pt\/#website"},"primaryImageOfPage":{"@id":"https:\/\/portaltela.pt\/noticias\/2026\/02\/14\/elfyn-evans-rumo-ao-primeiro-triunfo-da-temporada\/#primaryimage"},"image":{"@id":"https:\/\/portaltela.pt\/noticias\/2026\/02\/14\/elfyn-evans-rumo-ao-primeiro-triunfo-da-temporada\/#primaryimage"},"thumbnailUrl":"https:\/\/portaltela.pt\/s.01k8rhncp4jt1\/2026\/02\/img_920x518uu2026-02-14-22-38-07-2421694.jpg","datePublished":"2026-02-14T22:38:25+00:00","author":{"@id":"https:\/\/portaltela.pt\/#\/schema\/person\/c4278d4a6028830caff9ee44b42d32ed"},"breadcrumb":{"@id":"https:\/\/portaltela.pt\/noticias\/2026\/02\/14\/elfyn-evans-rumo-ao-primeiro-triunfo-da-temporada\/#breadcrumb"},"inLanguage":"pt-PT","potentialAction":[{"@type":"ReadAction","target":["https:\/\/portaltela.pt\/noticias\/2026\/02\/14\/elfyn-evans-rumo-ao-primeiro-triunfo-da-temporada\/"]}]},{"@type":"ImageObject","inLanguage":"pt-PT","@id":"https:\/\/portaltela.pt\/noticias\/2026\/02\/14\/elfyn-evans-rumo-ao-primeiro-triunfo-da-temporada\/#primaryimage","url":"https:\/\/portaltela.pt\/s.01k8rhncp4jt1\/2026\/02\/img_920x518uu2026-02-14-22-38-07-2421694.jpg","contentUrl":"https:\/\/portaltela.pt\/s.01k8rhncp4jt1\/2026\/02\/img_920x518uu2026-02-14-22-38-07-2421694.jpg","width":796,"height":448,"caption":"Elfyn Evans lidera no Rali da Su\u00e9cia"},{"@type":"BreadcrumbList","@id":"https:\/\/portaltela.pt\/noticias\/2026\/02\/14\/elfyn-evans-rumo-ao-primeiro-triunfo-da-temporada\/#breadcrumb","itemListElement":[{"@type":"ListItem","position":1,"name":"In\u00edcio","item":"https:\/\/portaltela.pt\/"},{"@type":"ListItem","position":2,"name":"Elfyn Evans rumo ao primeiro triunfo da temporada"}]},{"@type":"WebSite","@id":"https:\/\/portaltela.pt\/#website","url":"https:\/\/portaltela.pt\/","name":"Portal Tela Portugal","description":"","potentialAction":[{"@type":"SearchAction","target":{"@type":"EntryPoint","urlTemplate":"https:\/\/portaltela.pt\/?s={search_term_string}"},"query-input":{"@type":"PropertyValueSpecification","valueRequired":true,"valueName":"search_term_string"}}],"inLanguage":"pt-PT"},{"@type":"Person","@id":"https:\/\/portaltela.pt\/#\/schema\/person\/c4278d4a6028830caff9ee44b42d32ed","name":"Telinha","image":{"@type":"ImageObject","inLanguage":"pt-PT","@id":"https:\/\/portaltela.pt\/s.01k8rhncp4jt1\/2025\/11\/talking-bot-125x125.png","url":"https:\/\/portaltela.pt\/s.01k8rhncp4jt1\/2025\/11\/talking-bot-125x125.png","contentUrl":"https:\/\/portaltela.pt\/s.01k8rhncp4jt1\/2025\/11\/talking-bot-125x125.png","caption":"Telinha"},"sameAs":["https:\/\/portaltela.pt\/"],"url":"https:\/\/portaltela.pt\/por\/367410592786\/"}]}},"_links":{"self":[{"href":"https:\/\/portaltela.pt\/api\/wp\/v2\/posts\/212821","targetHints":{"allow":["GET"]}}],"collection":[{"href":"https:\/\/portaltela.pt\/api\/wp\/v2\/posts"}],"about":[{"href":"https:\/\/portaltela.pt\/api\/wp\/v2\/types\/post"}],"author":[{"embeddable":true,"href":"https:\/\/portaltela.pt\/api\/wp\/v2\/users\/2"}],"replies":[{"embeddable":true,"href":"https:\/\/portaltela.pt\/api\/wp\/v2\/comments?post=212821"}],"version-history":[{"count":0,"href":"https:\/\/portaltela.pt\/api\/wp\/v2\/posts\/212821\/revisions"}],"wp:featuredmedia":[{"embeddable":true,"href":"https:\/\/portaltela.pt\/api\/wp\/v2\/media\/212826"}],"wp:attachment":[{"href":"https:\/\/portaltela.pt\/api\/wp\/v2\/media?parent=212821"}],"wp:term":[{"taxonomy":"category","embeddable":true,"href":"https:\/\/portaltela.pt\/api\/wp\/v2\/categories?post=212821"},{"taxonomy":"post_tag","embeddable":true,"href":"https:\/\/portaltela.pt\/api\/wp\/v2\/tags?post=212821"}],"curies":[{"name":"wp","href":"https:\/\/api.w.org\/{rel}","templated":true}]}}