{"id":212812,"date":"2026-02-14T19:07:00","date_gmt":"2026-02-14T22:07:00","guid":{"rendered":"https:\/\/portaltela.pt\/noticias\/2026\/02\/14\/fabregas-reage-a-expulsao-de-morata-e-critica-provocacoes\/"},"modified":"2026-02-14T19:07:00","modified_gmt":"2026-02-14T22:07:00","slug":"fabregas-reage-a-expulsao-de-morata-e-critica-provocacoes","status":"publish","type":"post","link":"https:\/\/portaltela.pt\/desporto\/futebol\/2026\/02\/14\/fabregas-reage-a-expulsao-de-morata-e-critica-provocacoes\/","title":{"rendered":"F\u00e0bregas reage \u00e0 expuls\u00e3o de Morata e critica provoca\u00e7\u00f5es"},"content":{"rendered":"<p>O Como perdeu 2-1 com a Fiorentina e ficou em 7.\u00ba lugar na Serie A, fora dos lugares europeus. Os golos da Fiorentina foram de Fagioli (26&#8242;) e Moise Kean (54&#8242;), com o Como a reagir atrav\u00e9s de um autogolo de Parisi (77%).<\/p>\n<p>Aos 88 minutos, \u00c1lvaro Morata viu o cart\u00e3o amarelo pela primeira vez, ap\u00f3s discutir com Mandragora, e recebeu o segundo cart\u00e3o minutos depois, por responder a uma provoca\u00e7\u00e3o de Ranieri com um empurr\u00e3o. Foi expulso, deixando o Como reduzido a dez.<\/p>\n<p>O treinador Cesc F\u00e0bregas criticou publicamente a atitude de Morata, afirmando que provoca\u00e7\u00f5es fazem parte do futebol e que n\u00e3o h\u00e1 desculpas para o comportamento do avan\u00e7ado espanhol. O t\u00e9cnico destacou a necessidade de manter o foco durante a partida.<\/p>\n<p>No campeonato, Morata soma apenas um golo em 18 jogos pela equipa lombarda. O tento numa Ta\u00e7a Italiana frente \u00e0 Fiorentina n\u00e3o contou para o campeonato, deixando o ponta-de-lan\u00e7a em busca do primeiro golo na edi\u00e7\u00e3o 2025-2026 da Serie A.<\/p>\n<p>O Como iniciou a partida com a miss\u00e3o de inverter o marcador, mas acabou por n\u00e3o evitar a derrota. A equipa ficou a tr\u00eas pontos de dist\u00e2ncia dos lugares de qualifica\u00e7\u00e3o para competi\u00e7\u00f5es europeias, mantendo-se em posi\u00e7\u00e3o de meio da tabela.<\/p>\n","protected":false},"excerpt":{"rendered":"<ul>\n<li>O Como perdeu por 2-1 com a Fiorentina, descendo ao 7.\u00ba lugar da Serie A e ficando fora dos lugares de acesso \u00e0 Europa.<\/li>\n<li>Os golos da Fiorentina foram de Fagioli (26 minutos) e Moise Kean (54 minutos), com o Como a reduzir via autogolo de Parisi aos 77 minutos.<\/li>\n<li>\u00c1lvaro Morata foi expulso aos 89 minutos, depois de receber amarelo aos 88 e ser apanhado numa troca de provoca\u00e7\u00f5es.<\/li>\n<li>O treinador Cesc F\u00e0bregas criticou Morata, dizendo que provoca\u00e7\u00f5es fazem parte do futebol e que o jogador deveria dedicar-se a outra coisa.<\/li>\n<li>Morata mant\u00e9m apenas um golo em 18 jogos no campeonato, sendo esse tento na Ta\u00e7a de It\u00e1lia frente \u00e0 Fiorentina.<\/li>\n<\/ul>\n","protected":false},"author":2,"featured_media":212813,"comment_status":"closed","ping_status":"closed","sticky":false,"template":"","format":"standard","meta":{"footnotes":""},"categories":[21,24],"tags":[227,2971,5941,3252,32,3338],"class_list":["post-212812","post","type-post","status-publish","format-standard","has-post-thumbnail","hentry","category-desporto","category-futebol","tag-campeonato","tag-expulsoes","tag-fabregas","tag-fiorentina","tag-futebol","tag-futebol-internacional"],"yoast_head":"<!-- This site is optimized with the Yoast SEO plugin v27.2 - https:\/\/yoast.com\/product\/yoast-seo-wordpress\/ -->\n<title>F\u00e0bregas reage \u00e0 expuls\u00e3o de Morata e critica provoca\u00e7\u00f5es - Portal Tela Portugal<\/title>\n<meta name=\"robots\" content=\"index, follow, max-snippet:-1, max-image-preview:large, max-video-preview:-1\" \/>\n<meta property=\"og:locale\" content=\"pt_PT\" \/>\n<meta property=\"og:type\" content=\"article\" \/>\n<meta property=\"og:title\" content=\"F\u00e0bregas reage \u00e0 expuls\u00e3o de Morata e critica provoca\u00e7\u00f5es - Portal Tela Portugal\" \/>\n<meta property=\"og:description\" content=\"O Como perdeu por 2-1 com a Fiorentina, descendo ao 7.\u00ba lugar da Serie A e ficando fora dos lugares de acesso \u00e0 Europa. Os golos da Fiorentina foram de Fagioli (26 minutos) e Moise Kean (54 minutos), com o Como a reduzir via autogolo de Parisi aos 77 minutos. \u00c1lvaro Morata foi expulso aos 89 minutos, depois de receber amarelo aos 88 e ser apanhado numa troca de provoca\u00e7\u00f5es. O treinador Cesc F\u00e0bregas criticou Morata, dizendo que provoca\u00e7\u00f5es fazem parte do futebol e que o jogador deveria dedicar-se a outra coisa. Morata mant\u00e9m apenas um golo em 18 jogos no campeonato, sendo esse tento na Ta\u00e7a de It\u00e1lia frente \u00e0 Fiorentina.\" \/>\n<meta property=\"og:url\" content=\"https:\/\/portaltela.pt\/noticias\/2026\/02\/14\/fabregas-reage-a-expulsao-de-morata-e-critica-provocacoes\/\" \/>\n<meta property=\"og:site_name\" content=\"Portal Tela Portugal\" \/>\n<meta property=\"article:published_time\" content=\"2026-02-14T22:07:00+00:00\" \/>\n<meta name=\"author\" content=\"Telinha\" \/>\n<meta name=\"twitter:card\" content=\"summary_large_image\" \/>\n<meta name=\"twitter:label1\" content=\"Escrito por\" \/>\n\t<meta name=\"twitter:data1\" content=\"Telinha\" \/>\n\t<meta name=\"twitter:label2\" content=\"Tempo estimado de leitura\" \/>\n\t<meta name=\"twitter:data2\" content=\"1 minuto\" \/>\n<script type=\"application\/ld+json\" class=\"yoast-schema-graph\">{\"@context\":\"https:\/\/schema.org\",\"@graph\":[{\"@type\":\"Article\",\"@id\":\"https:\/\/portaltela.pt\/noticias\/2026\/02\/14\/fabregas-reage-a-expulsao-de-morata-e-critica-provocacoes\/#article\",\"isPartOf\":{\"@id\":\"https:\/\/portaltela.pt\/noticias\/2026\/02\/14\/fabregas-reage-a-expulsao-de-morata-e-critica-provocacoes\/\"},\"author\":{\"name\":\"Telinha\",\"@id\":\"https:\/\/portaltela.pt\/#\/schema\/person\/c4278d4a6028830caff9ee44b42d32ed\"},\"headline\":\"F\u00e0bregas reage \u00e0 expuls\u00e3o de Morata e critica provoca\u00e7\u00f5es\",\"datePublished\":\"2026-02-14T22:07:00+00:00\",\"mainEntityOfPage\":{\"@id\":\"https:\/\/portaltela.pt\/noticias\/2026\/02\/14\/fabregas-reage-a-expulsao-de-morata-e-critica-provocacoes\/\"},\"wordCount\":231,\"image\":{\"@id\":\"https:\/\/portaltela.pt\/noticias\/2026\/02\/14\/fabregas-reage-a-expulsao-de-morata-e-critica-provocacoes\/#primaryimage\"},\"thumbnailUrl\":\"https:\/\/portaltela.pt\/s.01k8rhncp4jt1\/2026\/02\/img_920x518uu2026-02-14-21-47-51-2421675.jpg\",\"keywords\":[\"campeonato\",\"expuls\u00f5es\",\"F\u00e0bregas\",\"Fiorentina\",\"futebol\",\"futebol internacional\"],\"articleSection\":[\"Desporto\",\"Futebol\"],\"inLanguage\":\"pt-PT\"},{\"@type\":\"WebPage\",\"@id\":\"https:\/\/portaltela.pt\/noticias\/2026\/02\/14\/fabregas-reage-a-expulsao-de-morata-e-critica-provocacoes\/\",\"url\":\"https:\/\/portaltela.pt\/noticias\/2026\/02\/14\/fabregas-reage-a-expulsao-de-morata-e-critica-provocacoes\/\",\"name\":\"F\u00e0bregas reage \u00e0 expuls\u00e3o de Morata e critica provoca\u00e7\u00f5es - Portal Tela Portugal\",\"isPartOf\":{\"@id\":\"https:\/\/portaltela.pt\/#website\"},\"primaryImageOfPage\":{\"@id\":\"https:\/\/portaltela.pt\/noticias\/2026\/02\/14\/fabregas-reage-a-expulsao-de-morata-e-critica-provocacoes\/#primaryimage\"},\"image\":{\"@id\":\"https:\/\/portaltela.pt\/noticias\/2026\/02\/14\/fabregas-reage-a-expulsao-de-morata-e-critica-provocacoes\/#primaryimage\"},\"thumbnailUrl\":\"https:\/\/portaltela.pt\/s.01k8rhncp4jt1\/2026\/02\/img_920x518uu2026-02-14-21-47-51-2421675.jpg\",\"datePublished\":\"2026-02-14T22:07:00+00:00\",\"author\":{\"@id\":\"https:\/\/portaltela.pt\/#\/schema\/person\/c4278d4a6028830caff9ee44b42d32ed\"},\"breadcrumb\":{\"@id\":\"https:\/\/portaltela.pt\/noticias\/2026\/02\/14\/fabregas-reage-a-expulsao-de-morata-e-critica-provocacoes\/#breadcrumb\"},\"inLanguage\":\"pt-PT\",\"potentialAction\":[{\"@type\":\"ReadAction\",\"target\":[\"https:\/\/portaltela.pt\/noticias\/2026\/02\/14\/fabregas-reage-a-expulsao-de-morata-e-critica-provocacoes\/\"]}]},{\"@type\":\"ImageObject\",\"inLanguage\":\"pt-PT\",\"@id\":\"https:\/\/portaltela.pt\/noticias\/2026\/02\/14\/fabregas-reage-a-expulsao-de-morata-e-critica-provocacoes\/#primaryimage\",\"url\":\"https:\/\/portaltela.pt\/s.01k8rhncp4jt1\/2026\/02\/img_920x518uu2026-02-14-21-47-51-2421675.jpg\",\"contentUrl\":\"https:\/\/portaltela.pt\/s.01k8rhncp4jt1\/2026\/02\/img_920x518uu2026-02-14-21-47-51-2421675.jpg\",\"width\":796,\"height\":448,\"caption\":\"Cesc F\u00e0bregas, treinador do Como\"},{\"@type\":\"BreadcrumbList\",\"@id\":\"https:\/\/portaltela.pt\/noticias\/2026\/02\/14\/fabregas-reage-a-expulsao-de-morata-e-critica-provocacoes\/#breadcrumb\",\"itemListElement\":[{\"@type\":\"ListItem\",\"position\":1,\"name\":\"In\u00edcio\",\"item\":\"https:\/\/portaltela.pt\/\"},{\"@type\":\"ListItem\",\"position\":2,\"name\":\"F\u00e0bregas reage \u00e0 expuls\u00e3o de Morata e critica provoca\u00e7\u00f5es\"}]},{\"@type\":\"WebSite\",\"@id\":\"https:\/\/portaltela.pt\/#website\",\"url\":\"https:\/\/portaltela.pt\/\",\"name\":\"Portal Tela Portugal\",\"description\":\"\",\"potentialAction\":[{\"@type\":\"SearchAction\",\"target\":{\"@type\":\"EntryPoint\",\"urlTemplate\":\"https:\/\/portaltela.pt\/?s={search_term_string}\"},\"query-input\":{\"@type\":\"PropertyValueSpecification\",\"valueRequired\":true,\"valueName\":\"search_term_string\"}}],\"inLanguage\":\"pt-PT\"},{\"@type\":\"Person\",\"@id\":\"https:\/\/portaltela.pt\/#\/schema\/person\/c4278d4a6028830caff9ee44b42d32ed\",\"name\":\"Telinha\",\"image\":{\"@type\":\"ImageObject\",\"inLanguage\":\"pt-PT\",\"@id\":\"https:\/\/portaltela.pt\/s.01k8rhncp4jt1\/2025\/11\/talking-bot-125x125.png\",\"url\":\"https:\/\/portaltela.pt\/s.01k8rhncp4jt1\/2025\/11\/talking-bot-125x125.png\",\"contentUrl\":\"https:\/\/portaltela.pt\/s.01k8rhncp4jt1\/2025\/11\/talking-bot-125x125.png\",\"caption\":\"Telinha\"},\"sameAs\":[\"https:\/\/portaltela.pt\/\"],\"url\":\"https:\/\/portaltela.pt\/por\/367410592786\/\"}]}<\/script>\n<!-- \/ Yoast SEO plugin. -->","yoast_head_json":{"title":"F\u00e0bregas reage \u00e0 expuls\u00e3o de Morata e critica provoca\u00e7\u00f5es - Portal Tela Portugal","robots":{"index":"index","follow":"follow","max-snippet":"max-snippet:-1","max-image-preview":"max-image-preview:large","max-video-preview":"max-video-preview:-1"},"og_locale":"pt_PT","og_type":"article","og_title":"F\u00e0bregas reage \u00e0 expuls\u00e3o de Morata e critica provoca\u00e7\u00f5es - Portal Tela Portugal","og_description":"O Como perdeu por 2-1 com a Fiorentina, descendo ao 7.\u00ba lugar da Serie A e ficando fora dos lugares de acesso \u00e0 Europa. Os golos da Fiorentina foram de Fagioli (26 minutos) e Moise Kean (54 minutos), com o Como a reduzir via autogolo de Parisi aos 77 minutos. \u00c1lvaro Morata foi expulso aos 89 minutos, depois de receber amarelo aos 88 e ser apanhado numa troca de provoca\u00e7\u00f5es. O treinador Cesc F\u00e0bregas criticou Morata, dizendo que provoca\u00e7\u00f5es fazem parte do futebol e que o jogador deveria dedicar-se a outra coisa. Morata mant\u00e9m apenas um golo em 18 jogos no campeonato, sendo esse tento na Ta\u00e7a de It\u00e1lia frente \u00e0 Fiorentina.","og_url":"https:\/\/portaltela.pt\/noticias\/2026\/02\/14\/fabregas-reage-a-expulsao-de-morata-e-critica-provocacoes\/","og_site_name":"Portal Tela Portugal","article_published_time":"2026-02-14T22:07:00+00:00","author":"Telinha","twitter_card":"summary_large_image","twitter_misc":{"Escrito por":"Telinha","Tempo estimado de leitura":"1 minuto"},"schema":{"@context":"https:\/\/schema.org","@graph":[{"@type":"Article","@id":"https:\/\/portaltela.pt\/noticias\/2026\/02\/14\/fabregas-reage-a-expulsao-de-morata-e-critica-provocacoes\/#article","isPartOf":{"@id":"https:\/\/portaltela.pt\/noticias\/2026\/02\/14\/fabregas-reage-a-expulsao-de-morata-e-critica-provocacoes\/"},"author":{"name":"Telinha","@id":"https:\/\/portaltela.pt\/#\/schema\/person\/c4278d4a6028830caff9ee44b42d32ed"},"headline":"F\u00e0bregas reage \u00e0 expuls\u00e3o de Morata e critica provoca\u00e7\u00f5es","datePublished":"2026-02-14T22:07:00+00:00","mainEntityOfPage":{"@id":"https:\/\/portaltela.pt\/noticias\/2026\/02\/14\/fabregas-reage-a-expulsao-de-morata-e-critica-provocacoes\/"},"wordCount":231,"image":{"@id":"https:\/\/portaltela.pt\/noticias\/2026\/02\/14\/fabregas-reage-a-expulsao-de-morata-e-critica-provocacoes\/#primaryimage"},"thumbnailUrl":"https:\/\/portaltela.pt\/s.01k8rhncp4jt1\/2026\/02\/img_920x518uu2026-02-14-21-47-51-2421675.jpg","keywords":["campeonato","expuls\u00f5es","F\u00e0bregas","Fiorentina","futebol","futebol internacional"],"articleSection":["Desporto","Futebol"],"inLanguage":"pt-PT"},{"@type":"WebPage","@id":"https:\/\/portaltela.pt\/noticias\/2026\/02\/14\/fabregas-reage-a-expulsao-de-morata-e-critica-provocacoes\/","url":"https:\/\/portaltela.pt\/noticias\/2026\/02\/14\/fabregas-reage-a-expulsao-de-morata-e-critica-provocacoes\/","name":"F\u00e0bregas reage \u00e0 expuls\u00e3o de Morata e critica provoca\u00e7\u00f5es - Portal Tela Portugal","isPartOf":{"@id":"https:\/\/portaltela.pt\/#website"},"primaryImageOfPage":{"@id":"https:\/\/portaltela.pt\/noticias\/2026\/02\/14\/fabregas-reage-a-expulsao-de-morata-e-critica-provocacoes\/#primaryimage"},"image":{"@id":"https:\/\/portaltela.pt\/noticias\/2026\/02\/14\/fabregas-reage-a-expulsao-de-morata-e-critica-provocacoes\/#primaryimage"},"thumbnailUrl":"https:\/\/portaltela.pt\/s.01k8rhncp4jt1\/2026\/02\/img_920x518uu2026-02-14-21-47-51-2421675.jpg","datePublished":"2026-02-14T22:07:00+00:00","author":{"@id":"https:\/\/portaltela.pt\/#\/schema\/person\/c4278d4a6028830caff9ee44b42d32ed"},"breadcrumb":{"@id":"https:\/\/portaltela.pt\/noticias\/2026\/02\/14\/fabregas-reage-a-expulsao-de-morata-e-critica-provocacoes\/#breadcrumb"},"inLanguage":"pt-PT","potentialAction":[{"@type":"ReadAction","target":["https:\/\/portaltela.pt\/noticias\/2026\/02\/14\/fabregas-reage-a-expulsao-de-morata-e-critica-provocacoes\/"]}]},{"@type":"ImageObject","inLanguage":"pt-PT","@id":"https:\/\/portaltela.pt\/noticias\/2026\/02\/14\/fabregas-reage-a-expulsao-de-morata-e-critica-provocacoes\/#primaryimage","url":"https:\/\/portaltela.pt\/s.01k8rhncp4jt1\/2026\/02\/img_920x518uu2026-02-14-21-47-51-2421675.jpg","contentUrl":"https:\/\/portaltela.pt\/s.01k8rhncp4jt1\/2026\/02\/img_920x518uu2026-02-14-21-47-51-2421675.jpg","width":796,"height":448,"caption":"Cesc F\u00e0bregas, treinador do Como"},{"@type":"BreadcrumbList","@id":"https:\/\/portaltela.pt\/noticias\/2026\/02\/14\/fabregas-reage-a-expulsao-de-morata-e-critica-provocacoes\/#breadcrumb","itemListElement":[{"@type":"ListItem","position":1,"name":"In\u00edcio","item":"https:\/\/portaltela.pt\/"},{"@type":"ListItem","position":2,"name":"F\u00e0bregas reage \u00e0 expuls\u00e3o de Morata e critica provoca\u00e7\u00f5es"}]},{"@type":"WebSite","@id":"https:\/\/portaltela.pt\/#website","url":"https:\/\/portaltela.pt\/","name":"Portal Tela Portugal","description":"","potentialAction":[{"@type":"SearchAction","target":{"@type":"EntryPoint","urlTemplate":"https:\/\/portaltela.pt\/?s={search_term_string}"},"query-input":{"@type":"PropertyValueSpecification","valueRequired":true,"valueName":"search_term_string"}}],"inLanguage":"pt-PT"},{"@type":"Person","@id":"https:\/\/portaltela.pt\/#\/schema\/person\/c4278d4a6028830caff9ee44b42d32ed","name":"Telinha","image":{"@type":"ImageObject","inLanguage":"pt-PT","@id":"https:\/\/portaltela.pt\/s.01k8rhncp4jt1\/2025\/11\/talking-bot-125x125.png","url":"https:\/\/portaltela.pt\/s.01k8rhncp4jt1\/2025\/11\/talking-bot-125x125.png","contentUrl":"https:\/\/portaltela.pt\/s.01k8rhncp4jt1\/2025\/11\/talking-bot-125x125.png","caption":"Telinha"},"sameAs":["https:\/\/portaltela.pt\/"],"url":"https:\/\/portaltela.pt\/por\/367410592786\/"}]}},"_links":{"self":[{"href":"https:\/\/portaltela.pt\/api\/wp\/v2\/posts\/212812","targetHints":{"allow":["GET"]}}],"collection":[{"href":"https:\/\/portaltela.pt\/api\/wp\/v2\/posts"}],"about":[{"href":"https:\/\/portaltela.pt\/api\/wp\/v2\/types\/post"}],"author":[{"embeddable":true,"href":"https:\/\/portaltela.pt\/api\/wp\/v2\/users\/2"}],"replies":[{"embeddable":true,"href":"https:\/\/portaltela.pt\/api\/wp\/v2\/comments?post=212812"}],"version-history":[{"count":0,"href":"https:\/\/portaltela.pt\/api\/wp\/v2\/posts\/212812\/revisions"}],"wp:featuredmedia":[{"embeddable":true,"href":"https:\/\/portaltela.pt\/api\/wp\/v2\/media\/212813"}],"wp:attachment":[{"href":"https:\/\/portaltela.pt\/api\/wp\/v2\/media?parent=212812"}],"wp:term":[{"taxonomy":"category","embeddable":true,"href":"https:\/\/portaltela.pt\/api\/wp\/v2\/categories?post=212812"},{"taxonomy":"post_tag","embeddable":true,"href":"https:\/\/portaltela.pt\/api\/wp\/v2\/tags?post=212812"}],"curies":[{"name":"wp","href":"https:\/\/api.w.org\/{rel}","templated":true}]}}