{"id":212776,"date":"2026-02-14T17:51:00","date_gmt":"2026-02-14T20:51:00","guid":{"rendered":"https:\/\/portaltela.pt\/noticias\/2026\/02\/14\/antiga-escola-primaria-de-antonio-variacoes-ja-nao-tera-museu\/"},"modified":"2026-02-14T17:51:00","modified_gmt":"2026-02-14T20:51:00","slug":"antiga-escola-primaria-de-antonio-variacoes-ja-nao-tera-museu","status":"publish","type":"post","link":"https:\/\/portaltela.pt\/noticias\/2026\/02\/14\/antiga-escola-primaria-de-antonio-variacoes-ja-nao-tera-museu\/","title":{"rendered":"Antiga escola prim\u00e1ria de Ant\u00f3nio Varia\u00e7\u00f5es j\u00e1 n\u00e3o ter\u00e1 museu"},"content":{"rendered":"<p>O projeto para instalar um centro interpretativo dedicado a Ant\u00f3nio Varia\u00e7\u00f5es na antiga escola prim\u00e1ria da aldeia de Fiscal, Amares, ficou interrompido. A obra j\u00e1 n\u00e3o avan\u00e7a porque a empresa construtora desistiu da interven\u00e7\u00e3o, deixando a Junta de Freguesia sem conseguimento para terminar os trabalhos.<\/p>\n<p>A C\u00e2mara de Amares confirmou que a desist\u00eancia da empresa obrigou a devolu\u00e7\u00e3o de verbas comunit\u00e1rias j\u00e1 recebidas para o projeto. O munic\u00edpio vai agora procurar solu\u00e7\u00f5es alternativas para avan\u00e7ar com a ideia.<\/p>\n<p>Segundo a autarquia, a prioridade passa pela manuten\u00e7\u00e3o do espa\u00e7o enquanto museu do cantor, mas sem o ritmo anterior de execu\u00e7\u00e3o. O objetivo \u00e9 encontrar caminhos que permitam concluir o projeto com financiamento est\u00e1vel.<\/p>\n<h3>Desdobramentos<\/h3>\n<p>A Junta de Freguesia de Fiscal informou que n\u00e3o foi poss\u00edvel concluir a interven\u00e7\u00e3o com os recursos dispon\u00edveis. A C\u00e2mara de Amares vai avaliar op\u00e7\u00f5es de parceria p\u00fablica-privada, reprograma\u00e7\u00e3o de fundos ou novas candidaturas para manter o conceito do centro interpretativo.<\/p>\n<p>O an\u00fancio surge numa altura em que o munic\u00edpio pretende preservar a mem\u00f3ria de Ant\u00f3nio Varia\u00e7\u00f5es e a liga\u00e7\u00e3o do artista \u00e0 freguesia. N\u00e3o h\u00e1 data definida para a retoma do projeto ou para futuras obras.<\/p>\n","protected":false},"excerpt":{"rendered":"<ul>\n<li>O projeto para um centro interpretativo dedicado a Ant\u00f3nio Varia\u00e7\u00f5es na antiga escola prim\u00e1ria de Fiscal, Amares, foi interrompido.<\/li>\n<li>A interrup\u00e7\u00e3o ocorreu depois de a empresa construtora desistir da obra e de a Junta de Freguesia n\u00e3o ter conseguido terminar os trabalhos.<\/li>\n<li>Em consequ\u00eancia, a C\u00e2mara de Amares viu-se obrigada a devolver as verbas comunit\u00e1rias j\u00e1 recebidas.<\/li>\n<li>A autarquia garantiu que vai procurar solu\u00e7\u00f5es alternativas para conseguir concluir o projeto.<\/li>\n<\/ul>\n","protected":false},"author":2,"featured_media":212779,"comment_status":"closed","ping_status":"closed","sticky":false,"template":"","format":"standard","meta":{"footnotes":""},"categories":[1],"tags":[1977,1309,145,5751,1175,5285],"class_list":["post-212776","post","type-post","status-publish","format-standard","has-post-thumbnail","hentry","category-noticias","tag-amares","tag-centro","tag-cultura","tag-museus-e-arquivos","tag-patrimonio-cultural","tag-patrimonio-cultural-instituto-publico"],"yoast_head":"<!-- This site is optimized with the Yoast SEO plugin v27.2 - https:\/\/yoast.com\/product\/yoast-seo-wordpress\/ -->\n<title>Antiga escola prim\u00e1ria de Ant\u00f3nio Varia\u00e7\u00f5es j\u00e1 n\u00e3o ter\u00e1 museu - Portal Tela Portugal<\/title>\n<meta name=\"robots\" content=\"index, follow, max-snippet:-1, max-image-preview:large, max-video-preview:-1\" \/>\n<meta property=\"og:locale\" content=\"pt_PT\" \/>\n<meta property=\"og:type\" content=\"article\" \/>\n<meta property=\"og:title\" content=\"Antiga escola prim\u00e1ria de Ant\u00f3nio Varia\u00e7\u00f5es j\u00e1 n\u00e3o ter\u00e1 museu - Portal Tela Portugal\" \/>\n<meta property=\"og:description\" content=\"O projeto para um centro interpretativo dedicado a Ant\u00f3nio Varia\u00e7\u00f5es na antiga escola prim\u00e1ria de Fiscal, Amares, foi interrompido. A interrup\u00e7\u00e3o ocorreu depois de a empresa construtora desistir da obra e de a Junta de Freguesia n\u00e3o ter conseguido terminar os trabalhos. Em consequ\u00eancia, a C\u00e2mara de Amares viu-se obrigada a devolver as verbas comunit\u00e1rias j\u00e1 recebidas. A autarquia garantiu que vai procurar solu\u00e7\u00f5es alternativas para conseguir concluir o projeto.\" \/>\n<meta property=\"og:url\" content=\"https:\/\/portaltela.pt\/noticias\/2026\/02\/14\/antiga-escola-primaria-de-antonio-variacoes-ja-nao-tera-museu\/\" \/>\n<meta property=\"og:site_name\" content=\"Portal Tela Portugal\" \/>\n<meta property=\"article:published_time\" content=\"2026-02-14T20:51:00+00:00\" \/>\n<meta name=\"author\" content=\"Telinha\" \/>\n<meta name=\"twitter:card\" content=\"summary_large_image\" \/>\n<meta name=\"twitter:label1\" content=\"Escrito por\" \/>\n\t<meta name=\"twitter:data1\" content=\"Telinha\" \/>\n\t<meta name=\"twitter:label2\" content=\"Tempo estimado de leitura\" \/>\n\t<meta name=\"twitter:data2\" content=\"1 minuto\" \/>\n<script type=\"application\/ld+json\" class=\"yoast-schema-graph\">{\"@context\":\"https:\/\/schema.org\",\"@graph\":[{\"@type\":\"Article\",\"@id\":\"https:\/\/portaltela.pt\/noticias\/2026\/02\/14\/antiga-escola-primaria-de-antonio-variacoes-ja-nao-tera-museu\/#article\",\"isPartOf\":{\"@id\":\"https:\/\/portaltela.pt\/noticias\/2026\/02\/14\/antiga-escola-primaria-de-antonio-variacoes-ja-nao-tera-museu\/\"},\"author\":{\"name\":\"Telinha\",\"@id\":\"https:\/\/portaltela.pt\/#\/schema\/person\/c4278d4a6028830caff9ee44b42d32ed\"},\"headline\":\"Antiga escola prim\u00e1ria de Ant\u00f3nio Varia\u00e7\u00f5es j\u00e1 n\u00e3o ter\u00e1 museu\",\"datePublished\":\"2026-02-14T20:51:00+00:00\",\"mainEntityOfPage\":{\"@id\":\"https:\/\/portaltela.pt\/noticias\/2026\/02\/14\/antiga-escola-primaria-de-antonio-variacoes-ja-nao-tera-museu\/\"},\"wordCount\":234,\"image\":{\"@id\":\"https:\/\/portaltela.pt\/noticias\/2026\/02\/14\/antiga-escola-primaria-de-antonio-variacoes-ja-nao-tera-museu\/#primaryimage\"},\"thumbnailUrl\":\"https:\/\/portaltela.pt\/s.01k8rhncp4jt1\/2026\/02\/image-1138.jpg\",\"keywords\":[\"Amares\",\"Centro\",\"cultura\",\"museus e arquivos\",\"Patrim\u00f3nio Cultural\",\"Patrim\u00f3nio Cultural \u2013 Instituto P\u00fablico\"],\"articleSection\":[\"Not\u00edcias\"],\"inLanguage\":\"pt-PT\"},{\"@type\":\"WebPage\",\"@id\":\"https:\/\/portaltela.pt\/noticias\/2026\/02\/14\/antiga-escola-primaria-de-antonio-variacoes-ja-nao-tera-museu\/\",\"url\":\"https:\/\/portaltela.pt\/noticias\/2026\/02\/14\/antiga-escola-primaria-de-antonio-variacoes-ja-nao-tera-museu\/\",\"name\":\"Antiga escola prim\u00e1ria de Ant\u00f3nio Varia\u00e7\u00f5es j\u00e1 n\u00e3o ter\u00e1 museu - Portal Tela Portugal\",\"isPartOf\":{\"@id\":\"https:\/\/portaltela.pt\/#website\"},\"primaryImageOfPage\":{\"@id\":\"https:\/\/portaltela.pt\/noticias\/2026\/02\/14\/antiga-escola-primaria-de-antonio-variacoes-ja-nao-tera-museu\/#primaryimage\"},\"image\":{\"@id\":\"https:\/\/portaltela.pt\/noticias\/2026\/02\/14\/antiga-escola-primaria-de-antonio-variacoes-ja-nao-tera-museu\/#primaryimage\"},\"thumbnailUrl\":\"https:\/\/portaltela.pt\/s.01k8rhncp4jt1\/2026\/02\/image-1138.jpg\",\"datePublished\":\"2026-02-14T20:51:00+00:00\",\"author\":{\"@id\":\"https:\/\/portaltela.pt\/#\/schema\/person\/c4278d4a6028830caff9ee44b42d32ed\"},\"breadcrumb\":{\"@id\":\"https:\/\/portaltela.pt\/noticias\/2026\/02\/14\/antiga-escola-primaria-de-antonio-variacoes-ja-nao-tera-museu\/#breadcrumb\"},\"inLanguage\":\"pt-PT\",\"potentialAction\":[{\"@type\":\"ReadAction\",\"target\":[\"https:\/\/portaltela.pt\/noticias\/2026\/02\/14\/antiga-escola-primaria-de-antonio-variacoes-ja-nao-tera-museu\/\"]}]},{\"@type\":\"ImageObject\",\"inLanguage\":\"pt-PT\",\"@id\":\"https:\/\/portaltela.pt\/noticias\/2026\/02\/14\/antiga-escola-primaria-de-antonio-variacoes-ja-nao-tera-museu\/#primaryimage\",\"url\":\"https:\/\/portaltela.pt\/s.01k8rhncp4jt1\/2026\/02\/image-1138.jpg\",\"contentUrl\":\"https:\/\/portaltela.pt\/s.01k8rhncp4jt1\/2026\/02\/image-1138.jpg\",\"width\":796,\"height\":448,\"caption\":\"Amares n\u00e3o vai desistir de perpetuar a mem\u00f3ria do cantor\"},{\"@type\":\"BreadcrumbList\",\"@id\":\"https:\/\/portaltela.pt\/noticias\/2026\/02\/14\/antiga-escola-primaria-de-antonio-variacoes-ja-nao-tera-museu\/#breadcrumb\",\"itemListElement\":[{\"@type\":\"ListItem\",\"position\":1,\"name\":\"In\u00edcio\",\"item\":\"https:\/\/portaltela.pt\/\"},{\"@type\":\"ListItem\",\"position\":2,\"name\":\"Antiga escola prim\u00e1ria de Ant\u00f3nio Varia\u00e7\u00f5es j\u00e1 n\u00e3o ter\u00e1 museu\"}]},{\"@type\":\"WebSite\",\"@id\":\"https:\/\/portaltela.pt\/#website\",\"url\":\"https:\/\/portaltela.pt\/\",\"name\":\"Portal Tela Portugal\",\"description\":\"\",\"potentialAction\":[{\"@type\":\"SearchAction\",\"target\":{\"@type\":\"EntryPoint\",\"urlTemplate\":\"https:\/\/portaltela.pt\/?s={search_term_string}\"},\"query-input\":{\"@type\":\"PropertyValueSpecification\",\"valueRequired\":true,\"valueName\":\"search_term_string\"}}],\"inLanguage\":\"pt-PT\"},{\"@type\":\"Person\",\"@id\":\"https:\/\/portaltela.pt\/#\/schema\/person\/c4278d4a6028830caff9ee44b42d32ed\",\"name\":\"Telinha\",\"image\":{\"@type\":\"ImageObject\",\"inLanguage\":\"pt-PT\",\"@id\":\"https:\/\/portaltela.pt\/s.01k8rhncp4jt1\/2025\/11\/talking-bot-125x125.png\",\"url\":\"https:\/\/portaltela.pt\/s.01k8rhncp4jt1\/2025\/11\/talking-bot-125x125.png\",\"contentUrl\":\"https:\/\/portaltela.pt\/s.01k8rhncp4jt1\/2025\/11\/talking-bot-125x125.png\",\"caption\":\"Telinha\"},\"sameAs\":[\"https:\/\/portaltela.pt\/\"],\"url\":\"https:\/\/portaltela.pt\/por\/367410592786\/\"}]}<\/script>\n<!-- \/ Yoast SEO plugin. -->","yoast_head_json":{"title":"Antiga escola prim\u00e1ria de Ant\u00f3nio Varia\u00e7\u00f5es j\u00e1 n\u00e3o ter\u00e1 museu - Portal Tela Portugal","robots":{"index":"index","follow":"follow","max-snippet":"max-snippet:-1","max-image-preview":"max-image-preview:large","max-video-preview":"max-video-preview:-1"},"og_locale":"pt_PT","og_type":"article","og_title":"Antiga escola prim\u00e1ria de Ant\u00f3nio Varia\u00e7\u00f5es j\u00e1 n\u00e3o ter\u00e1 museu - Portal Tela Portugal","og_description":"O projeto para um centro interpretativo dedicado a Ant\u00f3nio Varia\u00e7\u00f5es na antiga escola prim\u00e1ria de Fiscal, Amares, foi interrompido. A interrup\u00e7\u00e3o ocorreu depois de a empresa construtora desistir da obra e de a Junta de Freguesia n\u00e3o ter conseguido terminar os trabalhos. Em consequ\u00eancia, a C\u00e2mara de Amares viu-se obrigada a devolver as verbas comunit\u00e1rias j\u00e1 recebidas. A autarquia garantiu que vai procurar solu\u00e7\u00f5es alternativas para conseguir concluir o projeto.","og_url":"https:\/\/portaltela.pt\/noticias\/2026\/02\/14\/antiga-escola-primaria-de-antonio-variacoes-ja-nao-tera-museu\/","og_site_name":"Portal Tela Portugal","article_published_time":"2026-02-14T20:51:00+00:00","author":"Telinha","twitter_card":"summary_large_image","twitter_misc":{"Escrito por":"Telinha","Tempo estimado de leitura":"1 minuto"},"schema":{"@context":"https:\/\/schema.org","@graph":[{"@type":"Article","@id":"https:\/\/portaltela.pt\/noticias\/2026\/02\/14\/antiga-escola-primaria-de-antonio-variacoes-ja-nao-tera-museu\/#article","isPartOf":{"@id":"https:\/\/portaltela.pt\/noticias\/2026\/02\/14\/antiga-escola-primaria-de-antonio-variacoes-ja-nao-tera-museu\/"},"author":{"name":"Telinha","@id":"https:\/\/portaltela.pt\/#\/schema\/person\/c4278d4a6028830caff9ee44b42d32ed"},"headline":"Antiga escola prim\u00e1ria de Ant\u00f3nio Varia\u00e7\u00f5es j\u00e1 n\u00e3o ter\u00e1 museu","datePublished":"2026-02-14T20:51:00+00:00","mainEntityOfPage":{"@id":"https:\/\/portaltela.pt\/noticias\/2026\/02\/14\/antiga-escola-primaria-de-antonio-variacoes-ja-nao-tera-museu\/"},"wordCount":234,"image":{"@id":"https:\/\/portaltela.pt\/noticias\/2026\/02\/14\/antiga-escola-primaria-de-antonio-variacoes-ja-nao-tera-museu\/#primaryimage"},"thumbnailUrl":"https:\/\/portaltela.pt\/s.01k8rhncp4jt1\/2026\/02\/image-1138.jpg","keywords":["Amares","Centro","cultura","museus e arquivos","Patrim\u00f3nio Cultural","Patrim\u00f3nio Cultural \u2013 Instituto P\u00fablico"],"articleSection":["Not\u00edcias"],"inLanguage":"pt-PT"},{"@type":"WebPage","@id":"https:\/\/portaltela.pt\/noticias\/2026\/02\/14\/antiga-escola-primaria-de-antonio-variacoes-ja-nao-tera-museu\/","url":"https:\/\/portaltela.pt\/noticias\/2026\/02\/14\/antiga-escola-primaria-de-antonio-variacoes-ja-nao-tera-museu\/","name":"Antiga escola prim\u00e1ria de Ant\u00f3nio Varia\u00e7\u00f5es j\u00e1 n\u00e3o ter\u00e1 museu - Portal Tela Portugal","isPartOf":{"@id":"https:\/\/portaltela.pt\/#website"},"primaryImageOfPage":{"@id":"https:\/\/portaltela.pt\/noticias\/2026\/02\/14\/antiga-escola-primaria-de-antonio-variacoes-ja-nao-tera-museu\/#primaryimage"},"image":{"@id":"https:\/\/portaltela.pt\/noticias\/2026\/02\/14\/antiga-escola-primaria-de-antonio-variacoes-ja-nao-tera-museu\/#primaryimage"},"thumbnailUrl":"https:\/\/portaltela.pt\/s.01k8rhncp4jt1\/2026\/02\/image-1138.jpg","datePublished":"2026-02-14T20:51:00+00:00","author":{"@id":"https:\/\/portaltela.pt\/#\/schema\/person\/c4278d4a6028830caff9ee44b42d32ed"},"breadcrumb":{"@id":"https:\/\/portaltela.pt\/noticias\/2026\/02\/14\/antiga-escola-primaria-de-antonio-variacoes-ja-nao-tera-museu\/#breadcrumb"},"inLanguage":"pt-PT","potentialAction":[{"@type":"ReadAction","target":["https:\/\/portaltela.pt\/noticias\/2026\/02\/14\/antiga-escola-primaria-de-antonio-variacoes-ja-nao-tera-museu\/"]}]},{"@type":"ImageObject","inLanguage":"pt-PT","@id":"https:\/\/portaltela.pt\/noticias\/2026\/02\/14\/antiga-escola-primaria-de-antonio-variacoes-ja-nao-tera-museu\/#primaryimage","url":"https:\/\/portaltela.pt\/s.01k8rhncp4jt1\/2026\/02\/image-1138.jpg","contentUrl":"https:\/\/portaltela.pt\/s.01k8rhncp4jt1\/2026\/02\/image-1138.jpg","width":796,"height":448,"caption":"Amares n\u00e3o vai desistir de perpetuar a mem\u00f3ria do cantor"},{"@type":"BreadcrumbList","@id":"https:\/\/portaltela.pt\/noticias\/2026\/02\/14\/antiga-escola-primaria-de-antonio-variacoes-ja-nao-tera-museu\/#breadcrumb","itemListElement":[{"@type":"ListItem","position":1,"name":"In\u00edcio","item":"https:\/\/portaltela.pt\/"},{"@type":"ListItem","position":2,"name":"Antiga escola prim\u00e1ria de Ant\u00f3nio Varia\u00e7\u00f5es j\u00e1 n\u00e3o ter\u00e1 museu"}]},{"@type":"WebSite","@id":"https:\/\/portaltela.pt\/#website","url":"https:\/\/portaltela.pt\/","name":"Portal Tela Portugal","description":"","potentialAction":[{"@type":"SearchAction","target":{"@type":"EntryPoint","urlTemplate":"https:\/\/portaltela.pt\/?s={search_term_string}"},"query-input":{"@type":"PropertyValueSpecification","valueRequired":true,"valueName":"search_term_string"}}],"inLanguage":"pt-PT"},{"@type":"Person","@id":"https:\/\/portaltela.pt\/#\/schema\/person\/c4278d4a6028830caff9ee44b42d32ed","name":"Telinha","image":{"@type":"ImageObject","inLanguage":"pt-PT","@id":"https:\/\/portaltela.pt\/s.01k8rhncp4jt1\/2025\/11\/talking-bot-125x125.png","url":"https:\/\/portaltela.pt\/s.01k8rhncp4jt1\/2025\/11\/talking-bot-125x125.png","contentUrl":"https:\/\/portaltela.pt\/s.01k8rhncp4jt1\/2025\/11\/talking-bot-125x125.png","caption":"Telinha"},"sameAs":["https:\/\/portaltela.pt\/"],"url":"https:\/\/portaltela.pt\/por\/367410592786\/"}]}},"_links":{"self":[{"href":"https:\/\/portaltela.pt\/api\/wp\/v2\/posts\/212776","targetHints":{"allow":["GET"]}}],"collection":[{"href":"https:\/\/portaltela.pt\/api\/wp\/v2\/posts"}],"about":[{"href":"https:\/\/portaltela.pt\/api\/wp\/v2\/types\/post"}],"author":[{"embeddable":true,"href":"https:\/\/portaltela.pt\/api\/wp\/v2\/users\/2"}],"replies":[{"embeddable":true,"href":"https:\/\/portaltela.pt\/api\/wp\/v2\/comments?post=212776"}],"version-history":[{"count":0,"href":"https:\/\/portaltela.pt\/api\/wp\/v2\/posts\/212776\/revisions"}],"wp:featuredmedia":[{"embeddable":true,"href":"https:\/\/portaltela.pt\/api\/wp\/v2\/media\/212779"}],"wp:attachment":[{"href":"https:\/\/portaltela.pt\/api\/wp\/v2\/media?parent=212776"}],"wp:term":[{"taxonomy":"category","embeddable":true,"href":"https:\/\/portaltela.pt\/api\/wp\/v2\/categories?post=212776"},{"taxonomy":"post_tag","embeddable":true,"href":"https:\/\/portaltela.pt\/api\/wp\/v2\/tags?post=212776"}],"curies":[{"name":"wp","href":"https:\/\/api.w.org\/{rel}","templated":true}]}}