{"id":212732,"date":"2026-02-14T17:01:25","date_gmt":"2026-02-14T20:01:25","guid":{"rendered":"https:\/\/portaltela.pt\/noticias\/2026\/02\/14\/mau-tempo-provoca-mais-de-18-mil-ocorrencias-desde-o-inicio-do-mes\/"},"modified":"2026-02-14T17:01:25","modified_gmt":"2026-02-14T20:01:25","slug":"mau-tempo-provoca-mais-de-18-mil-ocorrencias-desde-o-inicio-do-mes","status":"publish","type":"post","link":"https:\/\/portaltela.pt\/noticias\/2026\/02\/14\/mau-tempo-provoca-mais-de-18-mil-ocorrencias-desde-o-inicio-do-mes\/","title":{"rendered":"Mau tempo provoca mais de 18 mil ocorr\u00eancias desde o in\u00edcio do m\u00eas"},"content":{"rendered":"<p>O mau tempo que atua em Portugal continental j\u00e1 provocou 18.762 ocorr\u00eancias desde as 16h00 de 1 de fevereiro at\u00e9 as 18h00 desta sexta-feira, segundo o \u00faltimo ponto de situa\u00e7\u00e3o da ANEPC.<\/p>\n<p>Entre 00h00 e 18h00 deste s\u00e1bado foram registadas 377 ocorr\u00eancias, mantendo a tend\u00eancia de a\u00e7\u00f5es preventivas em curso.<\/p>\n<p>As sub-regi\u00f5es mais afetadas s\u00e3o Coimbra, Oeste e Grande Lisboa, com quedas de \u00e1rvores, inunda\u00e7\u00f5es, quedas de estruturas e movimentos de massa entre as ocorr\u00eancias mais comuns.<\/p>\n<p>As opera\u00e7\u00f5es envolveram 63.685 operacionais, apoiados por 26.087 meios, segundo a ANEPC, que acompanha diariamente a evolu\u00e7\u00e3o da situa\u00e7\u00e3o.<\/p>\n<p>A Prote\u00e7\u00e3o Civil faz um apelo \u00e0 ado\u00e7\u00e3o de comportamentos preventivos, incluindo n\u00e3o atravessar zonas inundadas, manter dist\u00e2ncia de linhas de \u00e1gua e ficar atento a sinais de instabilidade do terreno.<\/p>\n","protected":false},"excerpt":{"rendered":"<ul>\n<li>Mau tempo em Portugal continental j\u00e1 provocou 18.762 ocorr\u00eancias desde as 16h00 do dia 1 de fevereiro at\u00e9 \u00e0s 18h00 desta sexta-feira, segundo a ANEPC, com 377 ocorr\u00eancias registadas entre as 00h00 e as 18h00 deste s\u00e1bado.<\/li>\n<li>No total, estiveram envolvidos 63.685 operacionais, apoiados por 26.087 meios.<\/li>\n<li>As sub-regi\u00f5es mais afetadas s\u00e3o Coimbra, Oeste e Grande Lisboa, com quedas de \u00e1rvores, inunda\u00e7\u00f5es, quedas de estruturas e movimentos de massa entre as ocorr\u00eancias.<\/li>\n<li>A Prote\u00e7\u00e3o Civil refor\u00e7a o apelo a comportamentos preventivos, como n\u00e3o atravessar zonas inundadas, manter dist\u00e2ncia de linhas de \u00e1gua e estar atento a sinais de instabilidade do terreno e \u00e0s informa\u00e7\u00f5es oficiais.<\/li>\n<li>As informa\u00e7\u00f5es s\u00e3o da Autoridade Nacional de Emerg\u00eancia e Prote\u00e7\u00e3o Civil (ANEPC).<\/li>\n<\/ul>\n","protected":false},"author":2,"featured_media":212738,"comment_status":"closed","ping_status":"closed","sticky":false,"template":"","format":"standard","meta":{"footnotes":""},"categories":[1],"tags":[5050,5215,2293,5022,320,1297],"class_list":["post-212732","post","type-post","status-publish","format-standard","has-post-thumbnail","hentry","category-noticias","tag-calamidades-publicas","tag-catastrofes-naturais","tag-inundacoes","tag-portugal-continental","tag-protecao-civil","tag-quedas-de-arvores"],"yoast_head":"<!-- This site is optimized with the Yoast SEO plugin v27.2 - https:\/\/yoast.com\/product\/yoast-seo-wordpress\/ -->\n<title>Mau tempo provoca mais de 18 mil ocorr\u00eancias desde o in\u00edcio do m\u00eas - Portal Tela Portugal<\/title>\n<meta name=\"robots\" content=\"index, follow, max-snippet:-1, max-image-preview:large, max-video-preview:-1\" \/>\n<meta property=\"og:locale\" content=\"pt_PT\" \/>\n<meta property=\"og:type\" content=\"article\" \/>\n<meta property=\"og:title\" content=\"Mau tempo provoca mais de 18 mil ocorr\u00eancias desde o in\u00edcio do m\u00eas - Portal Tela Portugal\" \/>\n<meta property=\"og:description\" content=\"Mau tempo em Portugal continental j\u00e1 provocou 18.762 ocorr\u00eancias desde as 16h00 do dia 1 de fevereiro at\u00e9 \u00e0s 18h00 desta sexta-feira, segundo a ANEPC, com 377 ocorr\u00eancias registadas entre as 00h00 e as 18h00 deste s\u00e1bado. No total, estiveram envolvidos 63.685 operacionais, apoiados por 26.087 meios. As sub-regi\u00f5es mais afetadas s\u00e3o Coimbra, Oeste e Grande Lisboa, com quedas de \u00e1rvores, inunda\u00e7\u00f5es, quedas de estruturas e movimentos de massa entre as ocorr\u00eancias. A Prote\u00e7\u00e3o Civil refor\u00e7a o apelo a comportamentos preventivos, como n\u00e3o atravessar zonas inundadas, manter dist\u00e2ncia de linhas de \u00e1gua e estar atento a sinais de instabilidade do terreno e \u00e0s informa\u00e7\u00f5es oficiais. As informa\u00e7\u00f5es s\u00e3o da Autoridade Nacional de Emerg\u00eancia e Prote\u00e7\u00e3o Civil (ANEPC).\" \/>\n<meta property=\"og:url\" content=\"https:\/\/portaltela.pt\/noticias\/2026\/02\/14\/mau-tempo-provoca-mais-de-18-mil-ocorrencias-desde-o-inicio-do-mes\/\" \/>\n<meta property=\"og:site_name\" content=\"Portal Tela Portugal\" \/>\n<meta property=\"article:published_time\" content=\"2026-02-14T20:01:25+00:00\" \/>\n<meta name=\"author\" content=\"Telinha\" \/>\n<meta name=\"twitter:card\" content=\"summary_large_image\" \/>\n<meta name=\"twitter:label1\" content=\"Escrito por\" \/>\n\t<meta name=\"twitter:data1\" content=\"Telinha\" \/>\n\t<meta name=\"twitter:label2\" content=\"Tempo estimado de leitura\" \/>\n\t<meta name=\"twitter:data2\" content=\"1 minuto\" \/>\n<script type=\"application\/ld+json\" class=\"yoast-schema-graph\">{\"@context\":\"https:\/\/schema.org\",\"@graph\":[{\"@type\":\"Article\",\"@id\":\"https:\/\/portaltela.pt\/noticias\/2026\/02\/14\/mau-tempo-provoca-mais-de-18-mil-ocorrencias-desde-o-inicio-do-mes\/#article\",\"isPartOf\":{\"@id\":\"https:\/\/portaltela.pt\/noticias\/2026\/02\/14\/mau-tempo-provoca-mais-de-18-mil-ocorrencias-desde-o-inicio-do-mes\/\"},\"author\":{\"name\":\"Telinha\",\"@id\":\"https:\/\/portaltela.pt\/#\/schema\/person\/c4278d4a6028830caff9ee44b42d32ed\"},\"headline\":\"Mau tempo provoca mais de 18 mil ocorr\u00eancias desde o in\u00edcio do m\u00eas\",\"datePublished\":\"2026-02-14T20:01:25+00:00\",\"mainEntityOfPage\":{\"@id\":\"https:\/\/portaltela.pt\/noticias\/2026\/02\/14\/mau-tempo-provoca-mais-de-18-mil-ocorrencias-desde-o-inicio-do-mes\/\"},\"wordCount\":153,\"image\":{\"@id\":\"https:\/\/portaltela.pt\/noticias\/2026\/02\/14\/mau-tempo-provoca-mais-de-18-mil-ocorrencias-desde-o-inicio-do-mes\/#primaryimage\"},\"thumbnailUrl\":\"https:\/\/portaltela.pt\/s.01k8rhncp4jt1\/2026\/02\/img_1500x1000uu2026-02-05-13-14-58-2264955.jpg\",\"keywords\":[\"calamidades p\u00fablicas\",\"cat\u00e1strofes naturais\",\"inunda\u00e7\u00f5es\",\"Portugal Continental\",\"prote\u00e7\u00e3o civil\",\"quedas de \u00e1rvores\"],\"articleSection\":[\"Not\u00edcias\"],\"inLanguage\":\"pt-PT\"},{\"@type\":\"WebPage\",\"@id\":\"https:\/\/portaltela.pt\/noticias\/2026\/02\/14\/mau-tempo-provoca-mais-de-18-mil-ocorrencias-desde-o-inicio-do-mes\/\",\"url\":\"https:\/\/portaltela.pt\/noticias\/2026\/02\/14\/mau-tempo-provoca-mais-de-18-mil-ocorrencias-desde-o-inicio-do-mes\/\",\"name\":\"Mau tempo provoca mais de 18 mil ocorr\u00eancias desde o in\u00edcio do m\u00eas - Portal Tela Portugal\",\"isPartOf\":{\"@id\":\"https:\/\/portaltela.pt\/#website\"},\"primaryImageOfPage\":{\"@id\":\"https:\/\/portaltela.pt\/noticias\/2026\/02\/14\/mau-tempo-provoca-mais-de-18-mil-ocorrencias-desde-o-inicio-do-mes\/#primaryimage\"},\"image\":{\"@id\":\"https:\/\/portaltela.pt\/noticias\/2026\/02\/14\/mau-tempo-provoca-mais-de-18-mil-ocorrencias-desde-o-inicio-do-mes\/#primaryimage\"},\"thumbnailUrl\":\"https:\/\/portaltela.pt\/s.01k8rhncp4jt1\/2026\/02\/img_1500x1000uu2026-02-05-13-14-58-2264955.jpg\",\"datePublished\":\"2026-02-14T20:01:25+00:00\",\"author\":{\"@id\":\"https:\/\/portaltela.pt\/#\/schema\/person\/c4278d4a6028830caff9ee44b42d32ed\"},\"breadcrumb\":{\"@id\":\"https:\/\/portaltela.pt\/noticias\/2026\/02\/14\/mau-tempo-provoca-mais-de-18-mil-ocorrencias-desde-o-inicio-do-mes\/#breadcrumb\"},\"inLanguage\":\"pt-PT\",\"potentialAction\":[{\"@type\":\"ReadAction\",\"target\":[\"https:\/\/portaltela.pt\/noticias\/2026\/02\/14\/mau-tempo-provoca-mais-de-18-mil-ocorrencias-desde-o-inicio-do-mes\/\"]}]},{\"@type\":\"ImageObject\",\"inLanguage\":\"pt-PT\",\"@id\":\"https:\/\/portaltela.pt\/noticias\/2026\/02\/14\/mau-tempo-provoca-mais-de-18-mil-ocorrencias-desde-o-inicio-do-mes\/#primaryimage\",\"url\":\"https:\/\/portaltela.pt\/s.01k8rhncp4jt1\/2026\/02\/img_1500x1000uu2026-02-05-13-14-58-2264955.jpg\",\"contentUrl\":\"https:\/\/portaltela.pt\/s.01k8rhncp4jt1\/2026\/02\/img_1500x1000uu2026-02-05-13-14-58-2264955.jpg\",\"width\":796,\"height\":448,\"caption\":\"Mau tempo arrastou lama e pedras provenientes da Serra de S\u00e3o Mamede\"},{\"@type\":\"BreadcrumbList\",\"@id\":\"https:\/\/portaltela.pt\/noticias\/2026\/02\/14\/mau-tempo-provoca-mais-de-18-mil-ocorrencias-desde-o-inicio-do-mes\/#breadcrumb\",\"itemListElement\":[{\"@type\":\"ListItem\",\"position\":1,\"name\":\"In\u00edcio\",\"item\":\"https:\/\/portaltela.pt\/\"},{\"@type\":\"ListItem\",\"position\":2,\"name\":\"Mau tempo provoca mais de 18 mil ocorr\u00eancias desde o in\u00edcio do m\u00eas\"}]},{\"@type\":\"WebSite\",\"@id\":\"https:\/\/portaltela.pt\/#website\",\"url\":\"https:\/\/portaltela.pt\/\",\"name\":\"Portal Tela Portugal\",\"description\":\"\",\"potentialAction\":[{\"@type\":\"SearchAction\",\"target\":{\"@type\":\"EntryPoint\",\"urlTemplate\":\"https:\/\/portaltela.pt\/?s={search_term_string}\"},\"query-input\":{\"@type\":\"PropertyValueSpecification\",\"valueRequired\":true,\"valueName\":\"search_term_string\"}}],\"inLanguage\":\"pt-PT\"},{\"@type\":\"Person\",\"@id\":\"https:\/\/portaltela.pt\/#\/schema\/person\/c4278d4a6028830caff9ee44b42d32ed\",\"name\":\"Telinha\",\"image\":{\"@type\":\"ImageObject\",\"inLanguage\":\"pt-PT\",\"@id\":\"https:\/\/portaltela.pt\/s.01k8rhncp4jt1\/2025\/11\/talking-bot-125x125.png\",\"url\":\"https:\/\/portaltela.pt\/s.01k8rhncp4jt1\/2025\/11\/talking-bot-125x125.png\",\"contentUrl\":\"https:\/\/portaltela.pt\/s.01k8rhncp4jt1\/2025\/11\/talking-bot-125x125.png\",\"caption\":\"Telinha\"},\"sameAs\":[\"https:\/\/portaltela.pt\/\"],\"url\":\"https:\/\/portaltela.pt\/por\/367410592786\/\"}]}<\/script>\n<!-- \/ Yoast SEO plugin. -->","yoast_head_json":{"title":"Mau tempo provoca mais de 18 mil ocorr\u00eancias desde o in\u00edcio do m\u00eas - Portal Tela Portugal","robots":{"index":"index","follow":"follow","max-snippet":"max-snippet:-1","max-image-preview":"max-image-preview:large","max-video-preview":"max-video-preview:-1"},"og_locale":"pt_PT","og_type":"article","og_title":"Mau tempo provoca mais de 18 mil ocorr\u00eancias desde o in\u00edcio do m\u00eas - Portal Tela Portugal","og_description":"Mau tempo em Portugal continental j\u00e1 provocou 18.762 ocorr\u00eancias desde as 16h00 do dia 1 de fevereiro at\u00e9 \u00e0s 18h00 desta sexta-feira, segundo a ANEPC, com 377 ocorr\u00eancias registadas entre as 00h00 e as 18h00 deste s\u00e1bado. No total, estiveram envolvidos 63.685 operacionais, apoiados por 26.087 meios. As sub-regi\u00f5es mais afetadas s\u00e3o Coimbra, Oeste e Grande Lisboa, com quedas de \u00e1rvores, inunda\u00e7\u00f5es, quedas de estruturas e movimentos de massa entre as ocorr\u00eancias. A Prote\u00e7\u00e3o Civil refor\u00e7a o apelo a comportamentos preventivos, como n\u00e3o atravessar zonas inundadas, manter dist\u00e2ncia de linhas de \u00e1gua e estar atento a sinais de instabilidade do terreno e \u00e0s informa\u00e7\u00f5es oficiais. As informa\u00e7\u00f5es s\u00e3o da Autoridade Nacional de Emerg\u00eancia e Prote\u00e7\u00e3o Civil (ANEPC).","og_url":"https:\/\/portaltela.pt\/noticias\/2026\/02\/14\/mau-tempo-provoca-mais-de-18-mil-ocorrencias-desde-o-inicio-do-mes\/","og_site_name":"Portal Tela Portugal","article_published_time":"2026-02-14T20:01:25+00:00","author":"Telinha","twitter_card":"summary_large_image","twitter_misc":{"Escrito por":"Telinha","Tempo estimado de leitura":"1 minuto"},"schema":{"@context":"https:\/\/schema.org","@graph":[{"@type":"Article","@id":"https:\/\/portaltela.pt\/noticias\/2026\/02\/14\/mau-tempo-provoca-mais-de-18-mil-ocorrencias-desde-o-inicio-do-mes\/#article","isPartOf":{"@id":"https:\/\/portaltela.pt\/noticias\/2026\/02\/14\/mau-tempo-provoca-mais-de-18-mil-ocorrencias-desde-o-inicio-do-mes\/"},"author":{"name":"Telinha","@id":"https:\/\/portaltela.pt\/#\/schema\/person\/c4278d4a6028830caff9ee44b42d32ed"},"headline":"Mau tempo provoca mais de 18 mil ocorr\u00eancias desde o in\u00edcio do m\u00eas","datePublished":"2026-02-14T20:01:25+00:00","mainEntityOfPage":{"@id":"https:\/\/portaltela.pt\/noticias\/2026\/02\/14\/mau-tempo-provoca-mais-de-18-mil-ocorrencias-desde-o-inicio-do-mes\/"},"wordCount":153,"image":{"@id":"https:\/\/portaltela.pt\/noticias\/2026\/02\/14\/mau-tempo-provoca-mais-de-18-mil-ocorrencias-desde-o-inicio-do-mes\/#primaryimage"},"thumbnailUrl":"https:\/\/portaltela.pt\/s.01k8rhncp4jt1\/2026\/02\/img_1500x1000uu2026-02-05-13-14-58-2264955.jpg","keywords":["calamidades p\u00fablicas","cat\u00e1strofes naturais","inunda\u00e7\u00f5es","Portugal Continental","prote\u00e7\u00e3o civil","quedas de \u00e1rvores"],"articleSection":["Not\u00edcias"],"inLanguage":"pt-PT"},{"@type":"WebPage","@id":"https:\/\/portaltela.pt\/noticias\/2026\/02\/14\/mau-tempo-provoca-mais-de-18-mil-ocorrencias-desde-o-inicio-do-mes\/","url":"https:\/\/portaltela.pt\/noticias\/2026\/02\/14\/mau-tempo-provoca-mais-de-18-mil-ocorrencias-desde-o-inicio-do-mes\/","name":"Mau tempo provoca mais de 18 mil ocorr\u00eancias desde o in\u00edcio do m\u00eas - Portal Tela Portugal","isPartOf":{"@id":"https:\/\/portaltela.pt\/#website"},"primaryImageOfPage":{"@id":"https:\/\/portaltela.pt\/noticias\/2026\/02\/14\/mau-tempo-provoca-mais-de-18-mil-ocorrencias-desde-o-inicio-do-mes\/#primaryimage"},"image":{"@id":"https:\/\/portaltela.pt\/noticias\/2026\/02\/14\/mau-tempo-provoca-mais-de-18-mil-ocorrencias-desde-o-inicio-do-mes\/#primaryimage"},"thumbnailUrl":"https:\/\/portaltela.pt\/s.01k8rhncp4jt1\/2026\/02\/img_1500x1000uu2026-02-05-13-14-58-2264955.jpg","datePublished":"2026-02-14T20:01:25+00:00","author":{"@id":"https:\/\/portaltela.pt\/#\/schema\/person\/c4278d4a6028830caff9ee44b42d32ed"},"breadcrumb":{"@id":"https:\/\/portaltela.pt\/noticias\/2026\/02\/14\/mau-tempo-provoca-mais-de-18-mil-ocorrencias-desde-o-inicio-do-mes\/#breadcrumb"},"inLanguage":"pt-PT","potentialAction":[{"@type":"ReadAction","target":["https:\/\/portaltela.pt\/noticias\/2026\/02\/14\/mau-tempo-provoca-mais-de-18-mil-ocorrencias-desde-o-inicio-do-mes\/"]}]},{"@type":"ImageObject","inLanguage":"pt-PT","@id":"https:\/\/portaltela.pt\/noticias\/2026\/02\/14\/mau-tempo-provoca-mais-de-18-mil-ocorrencias-desde-o-inicio-do-mes\/#primaryimage","url":"https:\/\/portaltela.pt\/s.01k8rhncp4jt1\/2026\/02\/img_1500x1000uu2026-02-05-13-14-58-2264955.jpg","contentUrl":"https:\/\/portaltela.pt\/s.01k8rhncp4jt1\/2026\/02\/img_1500x1000uu2026-02-05-13-14-58-2264955.jpg","width":796,"height":448,"caption":"Mau tempo arrastou lama e pedras provenientes da Serra de S\u00e3o Mamede"},{"@type":"BreadcrumbList","@id":"https:\/\/portaltela.pt\/noticias\/2026\/02\/14\/mau-tempo-provoca-mais-de-18-mil-ocorrencias-desde-o-inicio-do-mes\/#breadcrumb","itemListElement":[{"@type":"ListItem","position":1,"name":"In\u00edcio","item":"https:\/\/portaltela.pt\/"},{"@type":"ListItem","position":2,"name":"Mau tempo provoca mais de 18 mil ocorr\u00eancias desde o in\u00edcio do m\u00eas"}]},{"@type":"WebSite","@id":"https:\/\/portaltela.pt\/#website","url":"https:\/\/portaltela.pt\/","name":"Portal Tela Portugal","description":"","potentialAction":[{"@type":"SearchAction","target":{"@type":"EntryPoint","urlTemplate":"https:\/\/portaltela.pt\/?s={search_term_string}"},"query-input":{"@type":"PropertyValueSpecification","valueRequired":true,"valueName":"search_term_string"}}],"inLanguage":"pt-PT"},{"@type":"Person","@id":"https:\/\/portaltela.pt\/#\/schema\/person\/c4278d4a6028830caff9ee44b42d32ed","name":"Telinha","image":{"@type":"ImageObject","inLanguage":"pt-PT","@id":"https:\/\/portaltela.pt\/s.01k8rhncp4jt1\/2025\/11\/talking-bot-125x125.png","url":"https:\/\/portaltela.pt\/s.01k8rhncp4jt1\/2025\/11\/talking-bot-125x125.png","contentUrl":"https:\/\/portaltela.pt\/s.01k8rhncp4jt1\/2025\/11\/talking-bot-125x125.png","caption":"Telinha"},"sameAs":["https:\/\/portaltela.pt\/"],"url":"https:\/\/portaltela.pt\/por\/367410592786\/"}]}},"_links":{"self":[{"href":"https:\/\/portaltela.pt\/api\/wp\/v2\/posts\/212732","targetHints":{"allow":["GET"]}}],"collection":[{"href":"https:\/\/portaltela.pt\/api\/wp\/v2\/posts"}],"about":[{"href":"https:\/\/portaltela.pt\/api\/wp\/v2\/types\/post"}],"author":[{"embeddable":true,"href":"https:\/\/portaltela.pt\/api\/wp\/v2\/users\/2"}],"replies":[{"embeddable":true,"href":"https:\/\/portaltela.pt\/api\/wp\/v2\/comments?post=212732"}],"version-history":[{"count":0,"href":"https:\/\/portaltela.pt\/api\/wp\/v2\/posts\/212732\/revisions"}],"wp:featuredmedia":[{"embeddable":true,"href":"https:\/\/portaltela.pt\/api\/wp\/v2\/media\/212738"}],"wp:attachment":[{"href":"https:\/\/portaltela.pt\/api\/wp\/v2\/media?parent=212732"}],"wp:term":[{"taxonomy":"category","embeddable":true,"href":"https:\/\/portaltela.pt\/api\/wp\/v2\/categories?post=212732"},{"taxonomy":"post_tag","embeddable":true,"href":"https:\/\/portaltela.pt\/api\/wp\/v2\/tags?post=212732"}],"curies":[{"name":"wp","href":"https:\/\/api.w.org\/{rel}","templated":true}]}}