{"id":212726,"date":"2026-02-14T17:00:00","date_gmt":"2026-02-14T20:00:00","guid":{"rendered":"https:\/\/portaltela.pt\/noticias\/2026\/02\/14\/camiao-solidario-leva-psicologos-e-fisioterapeutas-a-leiria\/"},"modified":"2026-02-14T17:00:00","modified_gmt":"2026-02-14T20:00:00","slug":"camiao-solidario-leva-psicologos-e-fisioterapeutas-a-leiria","status":"publish","type":"post","link":"https:\/\/portaltela.pt\/noticias\/2026\/02\/14\/camiao-solidario-leva-psicologos-e-fisioterapeutas-a-leiria\/","title":{"rendered":"Cami\u00e3o solid\u00e1rio leva psic\u00f3logos e fisioterapeutas a Leiria"},"content":{"rendered":"<p>Um cami\u00e3o equipado para fisioterapia chegou ao concelho de Leiria, como parte do projeto Leiria Unida. A iniciativa envolve a Associa\u00e7\u00e3o Asteriscos e a Academia Desportiva CCMI, com apoio de empresas locais. O objetivo \u00e9 levar apoio psicol\u00f3gico e fisioterap\u00eautico \u00e0 popula\u00e7\u00e3o afetada pela tempestade.<\/p>\n<p>Aqueles que respondem ao chamado s\u00e3o profissionais como psic\u00f3logos e fisioterapeutas, mobilizados para atuar junto da comunidade. A ideia \u00e9 diminuir o sofrimento e apoiar fam\u00edlias que ficaram devastadas pelo temporal de janeiro.<\/p>\n<p>Ermelinda Lu\u00eds, de 83 anos, \u00e9 uma das pessoas acompanhadas pela Confer\u00eancia de S\u00e3o Vicente de Paulo e pela rede de apoio de Colmeias e Mem\u00f3ria. A idosa descreve o medo vivido na madrugada de 29 de janeiro, momento-chave para a participa\u00e7\u00e3o no projeto.<\/p>\n<p>O projeto surge de uma resposta \u00e0 crise, impulsionada pela boa vontade de empresas e pela vontade p\u00fablica de ajudar. Leiria Unida pretende alargar a interven\u00e7\u00e3o a outras freguesias do concelho, com foco na recupera\u00e7\u00e3o f\u00edsica e emocional da comunidade.<\/p>\n<h3>Parcerias e interven\u00e7\u00e3o<\/h3>\n<p>Asteriscos e CCMI articulam a log\u00edstica e a presen\u00e7a dos profissionais. A iniciativa aposta na rapidez de atendimento, sem custos diretos para os benefici\u00e1rios, com atua\u00e7\u00e3o junto de associa\u00e7\u00f5es locais e IPSS j\u00e1 identificadas como regi\u00f5es priorit\u00e1rias.<\/p>\n","protected":false},"excerpt":{"rendered":"<ul>\n<li>Um cami\u00e3o equipado para fisioterapia vai ao concelho de Leiria, como parte do projecto \u201cLeiria Unida\u201d.<\/li>\n<li>A iniciativa \u00e9 promovida pela Associa\u00e7\u00e3o Asteriscos, em parceria com a Academia Desportiva CCMI, com apoio de empresas locais.<\/li>\n<li>O objetivo \u00e9 apoiar a comunidade ap\u00f3s a tempestade que afetou v\u00e1rias freguesias, incluindo Colmeias e Mem\u00f3ria.<\/li>\n<li>Ermelinda Lu\u00eds, de 83 anos, relata ter passado uma noite de grande medo, sendo uma das pessoas apoiadas pela Confer\u00eancia de S\u00e3o Vicente de Paulo na regi\u00e3o.<\/li>\n<li>O projecto funciona como \u00e2ncora de ajuda c\u00edvica, disponibilizando servi\u00e7os de psicologia e fisioterapia para quem precisa.<\/li>\n<\/ul>\n","protected":false},"author":2,"featured_media":212729,"comment_status":"closed","ping_status":"closed","sticky":false,"template":"","format":"standard","meta":{"footnotes":""},"categories":[1],"tags":[5926,1211,2264,1385,2249,55],"class_list":["post-212726","post","type-post","status-publish","format-standard","has-post-thumbnail","hentry","category-noticias","tag-apoio-psicossocial","tag-apoio-social","tag-fisioterapia","tag-leiria","tag-psicologia","tag-saude-mental"],"yoast_head":"<!-- This site is optimized with the Yoast SEO plugin v27.2 - https:\/\/yoast.com\/product\/yoast-seo-wordpress\/ -->\n<title>Cami\u00e3o solid\u00e1rio leva psic\u00f3logos e fisioterapeutas a Leiria - Portal Tela Portugal<\/title>\n<meta name=\"robots\" content=\"index, follow, max-snippet:-1, max-image-preview:large, max-video-preview:-1\" \/>\n<meta property=\"og:locale\" content=\"pt_PT\" \/>\n<meta property=\"og:type\" content=\"article\" \/>\n<meta property=\"og:title\" content=\"Cami\u00e3o solid\u00e1rio leva psic\u00f3logos e fisioterapeutas a Leiria - Portal Tela Portugal\" \/>\n<meta property=\"og:description\" content=\"Um cami\u00e3o equipado para fisioterapia vai ao concelho de Leiria, como parte do projecto \u201cLeiria Unida\u201d. A iniciativa \u00e9 promovida pela Associa\u00e7\u00e3o Asteriscos, em parceria com a Academia Desportiva CCMI, com apoio de empresas locais. O objetivo \u00e9 apoiar a comunidade ap\u00f3s a tempestade que afetou v\u00e1rias freguesias, incluindo Colmeias e Mem\u00f3ria. Ermelinda Lu\u00eds, de 83 anos, relata ter passado uma noite de grande medo, sendo uma das pessoas apoiadas pela Confer\u00eancia de S\u00e3o Vicente de Paulo na regi\u00e3o. O projecto funciona como \u00e2ncora de ajuda c\u00edvica, disponibilizando servi\u00e7os de psicologia e fisioterapia para quem precisa.\" \/>\n<meta property=\"og:url\" content=\"https:\/\/portaltela.pt\/noticias\/2026\/02\/14\/camiao-solidario-leva-psicologos-e-fisioterapeutas-a-leiria\/\" \/>\n<meta property=\"og:site_name\" content=\"Portal Tela Portugal\" \/>\n<meta property=\"article:published_time\" content=\"2026-02-14T20:00:00+00:00\" \/>\n<meta name=\"author\" content=\"Telinha\" \/>\n<meta name=\"twitter:card\" content=\"summary_large_image\" \/>\n<meta name=\"twitter:label1\" content=\"Escrito por\" \/>\n\t<meta name=\"twitter:data1\" content=\"Telinha\" \/>\n\t<meta name=\"twitter:label2\" content=\"Tempo estimado de leitura\" \/>\n\t<meta name=\"twitter:data2\" content=\"1 minuto\" \/>\n<script type=\"application\/ld+json\" class=\"yoast-schema-graph\">{\"@context\":\"https:\/\/schema.org\",\"@graph\":[{\"@type\":\"Article\",\"@id\":\"https:\/\/portaltela.pt\/noticias\/2026\/02\/14\/camiao-solidario-leva-psicologos-e-fisioterapeutas-a-leiria\/#article\",\"isPartOf\":{\"@id\":\"https:\/\/portaltela.pt\/noticias\/2026\/02\/14\/camiao-solidario-leva-psicologos-e-fisioterapeutas-a-leiria\/\"},\"author\":{\"name\":\"Telinha\",\"@id\":\"https:\/\/portaltela.pt\/#\/schema\/person\/c4278d4a6028830caff9ee44b42d32ed\"},\"headline\":\"Cami\u00e3o solid\u00e1rio leva psic\u00f3logos e fisioterapeutas a Leiria\",\"datePublished\":\"2026-02-14T20:00:00+00:00\",\"mainEntityOfPage\":{\"@id\":\"https:\/\/portaltela.pt\/noticias\/2026\/02\/14\/camiao-solidario-leva-psicologos-e-fisioterapeutas-a-leiria\/\"},\"wordCount\":231,\"image\":{\"@id\":\"https:\/\/portaltela.pt\/noticias\/2026\/02\/14\/camiao-solidario-leva-psicologos-e-fisioterapeutas-a-leiria\/#primaryimage\"},\"thumbnailUrl\":\"https:\/\/portaltela.pt\/s.01k8rhncp4jt1\/2026\/02\/2067343.jpg\",\"keywords\":[\"apoio psicossocial\",\"Apoio Social\",\"fisioterapia\",\"Leiria\",\"psicologia\",\"sa\u00fade mental\"],\"articleSection\":[\"Not\u00edcias\"],\"inLanguage\":\"pt-PT\"},{\"@type\":\"WebPage\",\"@id\":\"https:\/\/portaltela.pt\/noticias\/2026\/02\/14\/camiao-solidario-leva-psicologos-e-fisioterapeutas-a-leiria\/\",\"url\":\"https:\/\/portaltela.pt\/noticias\/2026\/02\/14\/camiao-solidario-leva-psicologos-e-fisioterapeutas-a-leiria\/\",\"name\":\"Cami\u00e3o solid\u00e1rio leva psic\u00f3logos e fisioterapeutas a Leiria - Portal Tela Portugal\",\"isPartOf\":{\"@id\":\"https:\/\/portaltela.pt\/#website\"},\"primaryImageOfPage\":{\"@id\":\"https:\/\/portaltela.pt\/noticias\/2026\/02\/14\/camiao-solidario-leva-psicologos-e-fisioterapeutas-a-leiria\/#primaryimage\"},\"image\":{\"@id\":\"https:\/\/portaltela.pt\/noticias\/2026\/02\/14\/camiao-solidario-leva-psicologos-e-fisioterapeutas-a-leiria\/#primaryimage\"},\"thumbnailUrl\":\"https:\/\/portaltela.pt\/s.01k8rhncp4jt1\/2026\/02\/2067343.jpg\",\"datePublished\":\"2026-02-14T20:00:00+00:00\",\"author\":{\"@id\":\"https:\/\/portaltela.pt\/#\/schema\/person\/c4278d4a6028830caff9ee44b42d32ed\"},\"breadcrumb\":{\"@id\":\"https:\/\/portaltela.pt\/noticias\/2026\/02\/14\/camiao-solidario-leva-psicologos-e-fisioterapeutas-a-leiria\/#breadcrumb\"},\"inLanguage\":\"pt-PT\",\"potentialAction\":[{\"@type\":\"ReadAction\",\"target\":[\"https:\/\/portaltela.pt\/noticias\/2026\/02\/14\/camiao-solidario-leva-psicologos-e-fisioterapeutas-a-leiria\/\"]}]},{\"@type\":\"ImageObject\",\"inLanguage\":\"pt-PT\",\"@id\":\"https:\/\/portaltela.pt\/noticias\/2026\/02\/14\/camiao-solidario-leva-psicologos-e-fisioterapeutas-a-leiria\/#primaryimage\",\"url\":\"https:\/\/portaltela.pt\/s.01k8rhncp4jt1\/2026\/02\/2067343.jpg\",\"contentUrl\":\"https:\/\/portaltela.pt\/s.01k8rhncp4jt1\/2026\/02\/2067343.jpg\",\"width\":796,\"height\":448,\"caption\":\"Equipa de volunt\u00e1rios que d\u00e3o apoio em Leiria\"},{\"@type\":\"BreadcrumbList\",\"@id\":\"https:\/\/portaltela.pt\/noticias\/2026\/02\/14\/camiao-solidario-leva-psicologos-e-fisioterapeutas-a-leiria\/#breadcrumb\",\"itemListElement\":[{\"@type\":\"ListItem\",\"position\":1,\"name\":\"In\u00edcio\",\"item\":\"https:\/\/portaltela.pt\/\"},{\"@type\":\"ListItem\",\"position\":2,\"name\":\"Cami\u00e3o solid\u00e1rio leva psic\u00f3logos e fisioterapeutas a Leiria\"}]},{\"@type\":\"WebSite\",\"@id\":\"https:\/\/portaltela.pt\/#website\",\"url\":\"https:\/\/portaltela.pt\/\",\"name\":\"Portal Tela Portugal\",\"description\":\"\",\"potentialAction\":[{\"@type\":\"SearchAction\",\"target\":{\"@type\":\"EntryPoint\",\"urlTemplate\":\"https:\/\/portaltela.pt\/?s={search_term_string}\"},\"query-input\":{\"@type\":\"PropertyValueSpecification\",\"valueRequired\":true,\"valueName\":\"search_term_string\"}}],\"inLanguage\":\"pt-PT\"},{\"@type\":\"Person\",\"@id\":\"https:\/\/portaltela.pt\/#\/schema\/person\/c4278d4a6028830caff9ee44b42d32ed\",\"name\":\"Telinha\",\"image\":{\"@type\":\"ImageObject\",\"inLanguage\":\"pt-PT\",\"@id\":\"https:\/\/portaltela.pt\/s.01k8rhncp4jt1\/2025\/11\/talking-bot-125x125.png\",\"url\":\"https:\/\/portaltela.pt\/s.01k8rhncp4jt1\/2025\/11\/talking-bot-125x125.png\",\"contentUrl\":\"https:\/\/portaltela.pt\/s.01k8rhncp4jt1\/2025\/11\/talking-bot-125x125.png\",\"caption\":\"Telinha\"},\"sameAs\":[\"https:\/\/portaltela.pt\/\"],\"url\":\"https:\/\/portaltela.pt\/por\/367410592786\/\"}]}<\/script>\n<!-- \/ Yoast SEO plugin. -->","yoast_head_json":{"title":"Cami\u00e3o solid\u00e1rio leva psic\u00f3logos e fisioterapeutas a Leiria - Portal Tela Portugal","robots":{"index":"index","follow":"follow","max-snippet":"max-snippet:-1","max-image-preview":"max-image-preview:large","max-video-preview":"max-video-preview:-1"},"og_locale":"pt_PT","og_type":"article","og_title":"Cami\u00e3o solid\u00e1rio leva psic\u00f3logos e fisioterapeutas a Leiria - Portal Tela Portugal","og_description":"Um cami\u00e3o equipado para fisioterapia vai ao concelho de Leiria, como parte do projecto \u201cLeiria Unida\u201d. A iniciativa \u00e9 promovida pela Associa\u00e7\u00e3o Asteriscos, em parceria com a Academia Desportiva CCMI, com apoio de empresas locais. O objetivo \u00e9 apoiar a comunidade ap\u00f3s a tempestade que afetou v\u00e1rias freguesias, incluindo Colmeias e Mem\u00f3ria. Ermelinda Lu\u00eds, de 83 anos, relata ter passado uma noite de grande medo, sendo uma das pessoas apoiadas pela Confer\u00eancia de S\u00e3o Vicente de Paulo na regi\u00e3o. O projecto funciona como \u00e2ncora de ajuda c\u00edvica, disponibilizando servi\u00e7os de psicologia e fisioterapia para quem precisa.","og_url":"https:\/\/portaltela.pt\/noticias\/2026\/02\/14\/camiao-solidario-leva-psicologos-e-fisioterapeutas-a-leiria\/","og_site_name":"Portal Tela Portugal","article_published_time":"2026-02-14T20:00:00+00:00","author":"Telinha","twitter_card":"summary_large_image","twitter_misc":{"Escrito por":"Telinha","Tempo estimado de leitura":"1 minuto"},"schema":{"@context":"https:\/\/schema.org","@graph":[{"@type":"Article","@id":"https:\/\/portaltela.pt\/noticias\/2026\/02\/14\/camiao-solidario-leva-psicologos-e-fisioterapeutas-a-leiria\/#article","isPartOf":{"@id":"https:\/\/portaltela.pt\/noticias\/2026\/02\/14\/camiao-solidario-leva-psicologos-e-fisioterapeutas-a-leiria\/"},"author":{"name":"Telinha","@id":"https:\/\/portaltela.pt\/#\/schema\/person\/c4278d4a6028830caff9ee44b42d32ed"},"headline":"Cami\u00e3o solid\u00e1rio leva psic\u00f3logos e fisioterapeutas a Leiria","datePublished":"2026-02-14T20:00:00+00:00","mainEntityOfPage":{"@id":"https:\/\/portaltela.pt\/noticias\/2026\/02\/14\/camiao-solidario-leva-psicologos-e-fisioterapeutas-a-leiria\/"},"wordCount":231,"image":{"@id":"https:\/\/portaltela.pt\/noticias\/2026\/02\/14\/camiao-solidario-leva-psicologos-e-fisioterapeutas-a-leiria\/#primaryimage"},"thumbnailUrl":"https:\/\/portaltela.pt\/s.01k8rhncp4jt1\/2026\/02\/2067343.jpg","keywords":["apoio psicossocial","Apoio Social","fisioterapia","Leiria","psicologia","sa\u00fade mental"],"articleSection":["Not\u00edcias"],"inLanguage":"pt-PT"},{"@type":"WebPage","@id":"https:\/\/portaltela.pt\/noticias\/2026\/02\/14\/camiao-solidario-leva-psicologos-e-fisioterapeutas-a-leiria\/","url":"https:\/\/portaltela.pt\/noticias\/2026\/02\/14\/camiao-solidario-leva-psicologos-e-fisioterapeutas-a-leiria\/","name":"Cami\u00e3o solid\u00e1rio leva psic\u00f3logos e fisioterapeutas a Leiria - Portal Tela Portugal","isPartOf":{"@id":"https:\/\/portaltela.pt\/#website"},"primaryImageOfPage":{"@id":"https:\/\/portaltela.pt\/noticias\/2026\/02\/14\/camiao-solidario-leva-psicologos-e-fisioterapeutas-a-leiria\/#primaryimage"},"image":{"@id":"https:\/\/portaltela.pt\/noticias\/2026\/02\/14\/camiao-solidario-leva-psicologos-e-fisioterapeutas-a-leiria\/#primaryimage"},"thumbnailUrl":"https:\/\/portaltela.pt\/s.01k8rhncp4jt1\/2026\/02\/2067343.jpg","datePublished":"2026-02-14T20:00:00+00:00","author":{"@id":"https:\/\/portaltela.pt\/#\/schema\/person\/c4278d4a6028830caff9ee44b42d32ed"},"breadcrumb":{"@id":"https:\/\/portaltela.pt\/noticias\/2026\/02\/14\/camiao-solidario-leva-psicologos-e-fisioterapeutas-a-leiria\/#breadcrumb"},"inLanguage":"pt-PT","potentialAction":[{"@type":"ReadAction","target":["https:\/\/portaltela.pt\/noticias\/2026\/02\/14\/camiao-solidario-leva-psicologos-e-fisioterapeutas-a-leiria\/"]}]},{"@type":"ImageObject","inLanguage":"pt-PT","@id":"https:\/\/portaltela.pt\/noticias\/2026\/02\/14\/camiao-solidario-leva-psicologos-e-fisioterapeutas-a-leiria\/#primaryimage","url":"https:\/\/portaltela.pt\/s.01k8rhncp4jt1\/2026\/02\/2067343.jpg","contentUrl":"https:\/\/portaltela.pt\/s.01k8rhncp4jt1\/2026\/02\/2067343.jpg","width":796,"height":448,"caption":"Equipa de volunt\u00e1rios que d\u00e3o apoio em Leiria"},{"@type":"BreadcrumbList","@id":"https:\/\/portaltela.pt\/noticias\/2026\/02\/14\/camiao-solidario-leva-psicologos-e-fisioterapeutas-a-leiria\/#breadcrumb","itemListElement":[{"@type":"ListItem","position":1,"name":"In\u00edcio","item":"https:\/\/portaltela.pt\/"},{"@type":"ListItem","position":2,"name":"Cami\u00e3o solid\u00e1rio leva psic\u00f3logos e fisioterapeutas a Leiria"}]},{"@type":"WebSite","@id":"https:\/\/portaltela.pt\/#website","url":"https:\/\/portaltela.pt\/","name":"Portal Tela Portugal","description":"","potentialAction":[{"@type":"SearchAction","target":{"@type":"EntryPoint","urlTemplate":"https:\/\/portaltela.pt\/?s={search_term_string}"},"query-input":{"@type":"PropertyValueSpecification","valueRequired":true,"valueName":"search_term_string"}}],"inLanguage":"pt-PT"},{"@type":"Person","@id":"https:\/\/portaltela.pt\/#\/schema\/person\/c4278d4a6028830caff9ee44b42d32ed","name":"Telinha","image":{"@type":"ImageObject","inLanguage":"pt-PT","@id":"https:\/\/portaltela.pt\/s.01k8rhncp4jt1\/2025\/11\/talking-bot-125x125.png","url":"https:\/\/portaltela.pt\/s.01k8rhncp4jt1\/2025\/11\/talking-bot-125x125.png","contentUrl":"https:\/\/portaltela.pt\/s.01k8rhncp4jt1\/2025\/11\/talking-bot-125x125.png","caption":"Telinha"},"sameAs":["https:\/\/portaltela.pt\/"],"url":"https:\/\/portaltela.pt\/por\/367410592786\/"}]}},"_links":{"self":[{"href":"https:\/\/portaltela.pt\/api\/wp\/v2\/posts\/212726","targetHints":{"allow":["GET"]}}],"collection":[{"href":"https:\/\/portaltela.pt\/api\/wp\/v2\/posts"}],"about":[{"href":"https:\/\/portaltela.pt\/api\/wp\/v2\/types\/post"}],"author":[{"embeddable":true,"href":"https:\/\/portaltela.pt\/api\/wp\/v2\/users\/2"}],"replies":[{"embeddable":true,"href":"https:\/\/portaltela.pt\/api\/wp\/v2\/comments?post=212726"}],"version-history":[{"count":0,"href":"https:\/\/portaltela.pt\/api\/wp\/v2\/posts\/212726\/revisions"}],"wp:featuredmedia":[{"embeddable":true,"href":"https:\/\/portaltela.pt\/api\/wp\/v2\/media\/212729"}],"wp:attachment":[{"href":"https:\/\/portaltela.pt\/api\/wp\/v2\/media?parent=212726"}],"wp:term":[{"taxonomy":"category","embeddable":true,"href":"https:\/\/portaltela.pt\/api\/wp\/v2\/categories?post=212726"},{"taxonomy":"post_tag","embeddable":true,"href":"https:\/\/portaltela.pt\/api\/wp\/v2\/tags?post=212726"}],"curies":[{"name":"wp","href":"https:\/\/api.w.org\/{rel}","templated":true}]}}