{"id":212683,"date":"2026-02-14T16:13:00","date_gmt":"2026-02-14T19:13:00","guid":{"rendered":"https:\/\/portaltela.pt\/noticias\/2026\/02\/14\/fundo-de-emergencia-social-da-caritas-de-leiria-angaria-15-milhoes-de-euros\/"},"modified":"2026-02-14T16:13:00","modified_gmt":"2026-02-14T19:13:00","slug":"fundo-de-emergencia-social-da-caritas-de-leiria-angaria-15-milhoes-de-euros","status":"publish","type":"post","link":"https:\/\/portaltela.pt\/noticias\/2026\/02\/14\/fundo-de-emergencia-social-da-caritas-de-leiria-angaria-15-milhoes-de-euros\/","title":{"rendered":"Fundo de Emerg\u00eancia Social da C\u00e1ritas de Leiria angaria 1,5 milh\u00f5es de euros"},"content":{"rendered":"<p>A C\u00e1ritas Diocesana de Leiria anunciou que o Fundo de Emerg\u00eancia Social, criado para apoiar fam\u00edlias afetadas pela depress\u00e3o Kristin, angariou 1.573.112,06 euros at\u00e9 este s\u00e1bado. O valor reflete a solidariedade da sociedade portuguesa e a confian\u00e7a numa resposta humana, rigorosa e transparente.<\/p>\n<p>A institui\u00e7\u00e3o destacou que a recolha \u00e9 resultado de contributos distribu\u00eddos de forma coordenada, mantendo a gest\u00e3o do Fundo sob crit\u00e9rios de atribui\u00e7\u00e3o claros e supervis\u00e3o rigorosa. Foi anunciada uma reuni\u00e3o para quarta-feira, \u00e0s 14h00, no Semin\u00e1rio Diocesano de Leiria, com presidentes de Junta e de munic\u00edpios da \u00e1rea diocesana.<\/p>\n<h3>Transpar\u00eancia e funcionamento do Fundo<\/h3>\n<p>Durante o encontro, o regulamento interno e os procedimentos de atribui\u00e7\u00e3o de apoios ser\u00e3o apresentados e explicados. A C\u00e1ritas pretende refor\u00e7ar a articula\u00e7\u00e3o institucional e assegurar a transpar\u00eancia em todo o processo.<\/p>\n<h3>Log\u00edstica e impacto humano<\/h3>\n<p>A organiza\u00e7\u00e3o informou ainda a suspens\u00e3o tempor\u00e1ria de entregas de cabazes e distribui\u00e7\u00e3o de bens neste s\u00e1bado e domingo, devido a uma reorganiza\u00e7\u00e3o log\u00edstica dos armaz\u00e9ns. A medida visa melhorar a gest\u00e3o das doa\u00e7\u00f5es e a capacidade de resposta futura.<\/p>\n<p>At\u00e9 ao momento, 16 pessoas morreram em Portugal na sequ\u00eancia do temporal Krist\u00edn, com centenas de feridos e desalojados. Entre as regi\u00f5es mais afetadas est\u00e3o o Centro, Lisboa e Vale do Tejo e o Alentejo.<\/p>\n<p>O Governo prorrogou a situa\u00e7\u00e3o de calamidade at\u00e9 domingo para 68 concelhos, anunciando medidas de apoio financeiro que podem chegar aos 2,5 mil milh\u00f5es de euros.<\/p>\n","protected":false},"excerpt":{"rendered":"<ul>\n<li>O Fundo de Emerg\u00eancia Social da C\u00e1ritas Diocesana de Leiria angariou 1 573 112,06 euros at\u00e9 este s\u00e1bado.<\/li>\n<li>O valor reflete a solidariedade cont\u00ednua da sociedade portuguesa e a confian\u00e7a numa resposta humana, rigorosa e transparente.<\/li>\n<li>Na quarta-feira, \u00e0s 14h00, realiza-se no Semin\u00e1rio Diocesano de Leiria uma reuni\u00e3o com os presidentes de Junta e dos munic\u00edpios abrangidos pela diocese, para apresentar o Regulamento Interno e os crit\u00e9rios de atribui\u00e7\u00e3o de apoios.<\/li>\n<li>Este fim de semana n\u00e3o haver\u00e1 entrega de cabazes nem distribui\u00e7\u00e3o de bens, devido \u00e0 reorganiza\u00e7\u00e3o log\u00edstica dos armaz\u00e9ns, que visa uma gest\u00e3o mais eficiente das doa\u00e7\u00f5es.<\/li>\n<li>Dezasseis pessoas morreram no pa\u00eds devido \u00e0s depress\u00f5es Kristin, Leonardo e Marta; as regi\u00f5es mais afetadas s\u00e3o Centro, Lisboa e Vale do Tejo e Alentejo, e o Governo prolongou a calamidade at\u00e9 domingo para 68 concelhos, com medidas de apoio at\u00e9 2,5 mil milh\u00f5es de euros.<\/li>\n<\/ul>\n","protected":false},"author":2,"featured_media":212686,"comment_status":"closed","ping_status":"closed","sticky":false,"template":"","format":"standard","meta":{"footnotes":""},"categories":[1],"tags":[5935,1084,4687,1309,3004,4071],"class_list":["post-212683","post","type-post","status-publish","format-standard","has-post-thumbnail","hentry","category-noticias","tag-a-caritas-diocesana","tag-acao-social","tag-calamidade-publica","tag-centro","tag-desalojados","tag-solidariedade-social"],"yoast_head":"<!-- This site is optimized with the Yoast SEO plugin v27.2 - https:\/\/yoast.com\/product\/yoast-seo-wordpress\/ -->\n<title>Fundo de Emerg\u00eancia Social da C\u00e1ritas de Leiria angaria 1,5 milh\u00f5es de euros - Portal Tela Portugal<\/title>\n<meta name=\"robots\" content=\"index, follow, max-snippet:-1, max-image-preview:large, max-video-preview:-1\" \/>\n<meta property=\"og:locale\" content=\"pt_PT\" \/>\n<meta property=\"og:type\" content=\"article\" \/>\n<meta property=\"og:title\" content=\"Fundo de Emerg\u00eancia Social da C\u00e1ritas de Leiria angaria 1,5 milh\u00f5es de euros - Portal Tela Portugal\" \/>\n<meta property=\"og:description\" content=\"O Fundo de Emerg\u00eancia Social da C\u00e1ritas Diocesana de Leiria angariou 1 573 112,06 euros at\u00e9 este s\u00e1bado. O valor reflete a solidariedade cont\u00ednua da sociedade portuguesa e a confian\u00e7a numa resposta humana, rigorosa e transparente. Na quarta-feira, \u00e0s 14h00, realiza-se no Semin\u00e1rio Diocesano de Leiria uma reuni\u00e3o com os presidentes de Junta e dos munic\u00edpios abrangidos pela diocese, para apresentar o Regulamento Interno e os crit\u00e9rios de atribui\u00e7\u00e3o de apoios. Este fim de semana n\u00e3o haver\u00e1 entrega de cabazes nem distribui\u00e7\u00e3o de bens, devido \u00e0 reorganiza\u00e7\u00e3o log\u00edstica dos armaz\u00e9ns, que visa uma gest\u00e3o mais eficiente das doa\u00e7\u00f5es. Dezasseis pessoas morreram no pa\u00eds devido \u00e0s depress\u00f5es Kristin, Leonardo e Marta; as regi\u00f5es mais afetadas s\u00e3o Centro, Lisboa e Vale do Tejo e Alentejo, e o Governo prolongou a calamidade at\u00e9 domingo para 68 concelhos, com medidas de apoio at\u00e9 2,5 mil milh\u00f5es de euros.\" \/>\n<meta property=\"og:url\" content=\"https:\/\/portaltela.pt\/noticias\/2026\/02\/14\/fundo-de-emergencia-social-da-caritas-de-leiria-angaria-15-milhoes-de-euros\/\" \/>\n<meta property=\"og:site_name\" content=\"Portal Tela Portugal\" \/>\n<meta property=\"article:published_time\" content=\"2026-02-14T19:13:00+00:00\" \/>\n<meta name=\"author\" content=\"Telinha\" \/>\n<meta name=\"twitter:card\" content=\"summary_large_image\" \/>\n<meta name=\"twitter:label1\" content=\"Escrito por\" \/>\n\t<meta name=\"twitter:data1\" content=\"Telinha\" \/>\n\t<meta name=\"twitter:label2\" content=\"Tempo estimado de leitura\" \/>\n\t<meta name=\"twitter:data2\" content=\"1 minuto\" \/>\n<script type=\"application\/ld+json\" class=\"yoast-schema-graph\">{\"@context\":\"https:\/\/schema.org\",\"@graph\":[{\"@type\":\"Article\",\"@id\":\"https:\/\/portaltela.pt\/noticias\/2026\/02\/14\/fundo-de-emergencia-social-da-caritas-de-leiria-angaria-15-milhoes-de-euros\/#article\",\"isPartOf\":{\"@id\":\"https:\/\/portaltela.pt\/noticias\/2026\/02\/14\/fundo-de-emergencia-social-da-caritas-de-leiria-angaria-15-milhoes-de-euros\/\"},\"author\":{\"name\":\"Telinha\",\"@id\":\"https:\/\/portaltela.pt\/#\/schema\/person\/c4278d4a6028830caff9ee44b42d32ed\"},\"headline\":\"Fundo de Emerg\u00eancia Social da C\u00e1ritas de Leiria angaria 1,5 milh\u00f5es de euros\",\"datePublished\":\"2026-02-14T19:13:00+00:00\",\"mainEntityOfPage\":{\"@id\":\"https:\/\/portaltela.pt\/noticias\/2026\/02\/14\/fundo-de-emergencia-social-da-caritas-de-leiria-angaria-15-milhoes-de-euros\/\"},\"wordCount\":284,\"image\":{\"@id\":\"https:\/\/portaltela.pt\/noticias\/2026\/02\/14\/fundo-de-emergencia-social-da-caritas-de-leiria-angaria-15-milhoes-de-euros\/#primaryimage\"},\"thumbnailUrl\":\"https:\/\/portaltela.pt\/s.01k8rhncp4jt1\/2026\/02\/img_1280x721uu2026-02-05-14-33-01-2264966-2.jpg\",\"keywords\":[\"A C\u00e1ritas Diocesana\",\"A\u00e7\u00e3o Social\",\"calamidade p\u00fablica\",\"Centro\",\"desalojados\",\"Solidariedade Social\"],\"articleSection\":[\"Not\u00edcias\"],\"inLanguage\":\"pt-PT\"},{\"@type\":\"WebPage\",\"@id\":\"https:\/\/portaltela.pt\/noticias\/2026\/02\/14\/fundo-de-emergencia-social-da-caritas-de-leiria-angaria-15-milhoes-de-euros\/\",\"url\":\"https:\/\/portaltela.pt\/noticias\/2026\/02\/14\/fundo-de-emergencia-social-da-caritas-de-leiria-angaria-15-milhoes-de-euros\/\",\"name\":\"Fundo de Emerg\u00eancia Social da C\u00e1ritas de Leiria angaria 1,5 milh\u00f5es de euros - Portal Tela Portugal\",\"isPartOf\":{\"@id\":\"https:\/\/portaltela.pt\/#website\"},\"primaryImageOfPage\":{\"@id\":\"https:\/\/portaltela.pt\/noticias\/2026\/02\/14\/fundo-de-emergencia-social-da-caritas-de-leiria-angaria-15-milhoes-de-euros\/#primaryimage\"},\"image\":{\"@id\":\"https:\/\/portaltela.pt\/noticias\/2026\/02\/14\/fundo-de-emergencia-social-da-caritas-de-leiria-angaria-15-milhoes-de-euros\/#primaryimage\"},\"thumbnailUrl\":\"https:\/\/portaltela.pt\/s.01k8rhncp4jt1\/2026\/02\/img_1280x721uu2026-02-05-14-33-01-2264966-2.jpg\",\"datePublished\":\"2026-02-14T19:13:00+00:00\",\"author\":{\"@id\":\"https:\/\/portaltela.pt\/#\/schema\/person\/c4278d4a6028830caff9ee44b42d32ed\"},\"breadcrumb\":{\"@id\":\"https:\/\/portaltela.pt\/noticias\/2026\/02\/14\/fundo-de-emergencia-social-da-caritas-de-leiria-angaria-15-milhoes-de-euros\/#breadcrumb\"},\"inLanguage\":\"pt-PT\",\"potentialAction\":[{\"@type\":\"ReadAction\",\"target\":[\"https:\/\/portaltela.pt\/noticias\/2026\/02\/14\/fundo-de-emergencia-social-da-caritas-de-leiria-angaria-15-milhoes-de-euros\/\"]}]},{\"@type\":\"ImageObject\",\"inLanguage\":\"pt-PT\",\"@id\":\"https:\/\/portaltela.pt\/noticias\/2026\/02\/14\/fundo-de-emergencia-social-da-caritas-de-leiria-angaria-15-milhoes-de-euros\/#primaryimage\",\"url\":\"https:\/\/portaltela.pt\/s.01k8rhncp4jt1\/2026\/02\/img_1280x721uu2026-02-05-14-33-01-2264966-2.jpg\",\"contentUrl\":\"https:\/\/portaltela.pt\/s.01k8rhncp4jt1\/2026\/02\/img_1280x721uu2026-02-05-14-33-01-2264966-2.jpg\",\"width\":796,\"height\":448,\"caption\":\"Elementos da prote\u00e7\u00e3o civil passam com um bote pela zona que ficou submersa pela subida da \u00e1gua do Rio Liz devido ao mau tempo, em Leiria\"},{\"@type\":\"BreadcrumbList\",\"@id\":\"https:\/\/portaltela.pt\/noticias\/2026\/02\/14\/fundo-de-emergencia-social-da-caritas-de-leiria-angaria-15-milhoes-de-euros\/#breadcrumb\",\"itemListElement\":[{\"@type\":\"ListItem\",\"position\":1,\"name\":\"In\u00edcio\",\"item\":\"https:\/\/portaltela.pt\/\"},{\"@type\":\"ListItem\",\"position\":2,\"name\":\"Fundo de Emerg\u00eancia Social da C\u00e1ritas de Leiria angaria 1,5 milh\u00f5es de euros\"}]},{\"@type\":\"WebSite\",\"@id\":\"https:\/\/portaltela.pt\/#website\",\"url\":\"https:\/\/portaltela.pt\/\",\"name\":\"Portal Tela Portugal\",\"description\":\"\",\"potentialAction\":[{\"@type\":\"SearchAction\",\"target\":{\"@type\":\"EntryPoint\",\"urlTemplate\":\"https:\/\/portaltela.pt\/?s={search_term_string}\"},\"query-input\":{\"@type\":\"PropertyValueSpecification\",\"valueRequired\":true,\"valueName\":\"search_term_string\"}}],\"inLanguage\":\"pt-PT\"},{\"@type\":\"Person\",\"@id\":\"https:\/\/portaltela.pt\/#\/schema\/person\/c4278d4a6028830caff9ee44b42d32ed\",\"name\":\"Telinha\",\"image\":{\"@type\":\"ImageObject\",\"inLanguage\":\"pt-PT\",\"@id\":\"https:\/\/portaltela.pt\/s.01k8rhncp4jt1\/2025\/11\/talking-bot-125x125.png\",\"url\":\"https:\/\/portaltela.pt\/s.01k8rhncp4jt1\/2025\/11\/talking-bot-125x125.png\",\"contentUrl\":\"https:\/\/portaltela.pt\/s.01k8rhncp4jt1\/2025\/11\/talking-bot-125x125.png\",\"caption\":\"Telinha\"},\"sameAs\":[\"https:\/\/portaltela.pt\/\"],\"url\":\"https:\/\/portaltela.pt\/por\/367410592786\/\"}]}<\/script>\n<!-- \/ Yoast SEO plugin. -->","yoast_head_json":{"title":"Fundo de Emerg\u00eancia Social da C\u00e1ritas de Leiria angaria 1,5 milh\u00f5es de euros - Portal Tela Portugal","robots":{"index":"index","follow":"follow","max-snippet":"max-snippet:-1","max-image-preview":"max-image-preview:large","max-video-preview":"max-video-preview:-1"},"og_locale":"pt_PT","og_type":"article","og_title":"Fundo de Emerg\u00eancia Social da C\u00e1ritas de Leiria angaria 1,5 milh\u00f5es de euros - Portal Tela Portugal","og_description":"O Fundo de Emerg\u00eancia Social da C\u00e1ritas Diocesana de Leiria angariou 1 573 112,06 euros at\u00e9 este s\u00e1bado. O valor reflete a solidariedade cont\u00ednua da sociedade portuguesa e a confian\u00e7a numa resposta humana, rigorosa e transparente. Na quarta-feira, \u00e0s 14h00, realiza-se no Semin\u00e1rio Diocesano de Leiria uma reuni\u00e3o com os presidentes de Junta e dos munic\u00edpios abrangidos pela diocese, para apresentar o Regulamento Interno e os crit\u00e9rios de atribui\u00e7\u00e3o de apoios. Este fim de semana n\u00e3o haver\u00e1 entrega de cabazes nem distribui\u00e7\u00e3o de bens, devido \u00e0 reorganiza\u00e7\u00e3o log\u00edstica dos armaz\u00e9ns, que visa uma gest\u00e3o mais eficiente das doa\u00e7\u00f5es. Dezasseis pessoas morreram no pa\u00eds devido \u00e0s depress\u00f5es Kristin, Leonardo e Marta; as regi\u00f5es mais afetadas s\u00e3o Centro, Lisboa e Vale do Tejo e Alentejo, e o Governo prolongou a calamidade at\u00e9 domingo para 68 concelhos, com medidas de apoio at\u00e9 2,5 mil milh\u00f5es de euros.","og_url":"https:\/\/portaltela.pt\/noticias\/2026\/02\/14\/fundo-de-emergencia-social-da-caritas-de-leiria-angaria-15-milhoes-de-euros\/","og_site_name":"Portal Tela Portugal","article_published_time":"2026-02-14T19:13:00+00:00","author":"Telinha","twitter_card":"summary_large_image","twitter_misc":{"Escrito por":"Telinha","Tempo estimado de leitura":"1 minuto"},"schema":{"@context":"https:\/\/schema.org","@graph":[{"@type":"Article","@id":"https:\/\/portaltela.pt\/noticias\/2026\/02\/14\/fundo-de-emergencia-social-da-caritas-de-leiria-angaria-15-milhoes-de-euros\/#article","isPartOf":{"@id":"https:\/\/portaltela.pt\/noticias\/2026\/02\/14\/fundo-de-emergencia-social-da-caritas-de-leiria-angaria-15-milhoes-de-euros\/"},"author":{"name":"Telinha","@id":"https:\/\/portaltela.pt\/#\/schema\/person\/c4278d4a6028830caff9ee44b42d32ed"},"headline":"Fundo de Emerg\u00eancia Social da C\u00e1ritas de Leiria angaria 1,5 milh\u00f5es de euros","datePublished":"2026-02-14T19:13:00+00:00","mainEntityOfPage":{"@id":"https:\/\/portaltela.pt\/noticias\/2026\/02\/14\/fundo-de-emergencia-social-da-caritas-de-leiria-angaria-15-milhoes-de-euros\/"},"wordCount":284,"image":{"@id":"https:\/\/portaltela.pt\/noticias\/2026\/02\/14\/fundo-de-emergencia-social-da-caritas-de-leiria-angaria-15-milhoes-de-euros\/#primaryimage"},"thumbnailUrl":"https:\/\/portaltela.pt\/s.01k8rhncp4jt1\/2026\/02\/img_1280x721uu2026-02-05-14-33-01-2264966-2.jpg","keywords":["A C\u00e1ritas Diocesana","A\u00e7\u00e3o Social","calamidade p\u00fablica","Centro","desalojados","Solidariedade Social"],"articleSection":["Not\u00edcias"],"inLanguage":"pt-PT"},{"@type":"WebPage","@id":"https:\/\/portaltela.pt\/noticias\/2026\/02\/14\/fundo-de-emergencia-social-da-caritas-de-leiria-angaria-15-milhoes-de-euros\/","url":"https:\/\/portaltela.pt\/noticias\/2026\/02\/14\/fundo-de-emergencia-social-da-caritas-de-leiria-angaria-15-milhoes-de-euros\/","name":"Fundo de Emerg\u00eancia Social da C\u00e1ritas de Leiria angaria 1,5 milh\u00f5es de euros - Portal Tela Portugal","isPartOf":{"@id":"https:\/\/portaltela.pt\/#website"},"primaryImageOfPage":{"@id":"https:\/\/portaltela.pt\/noticias\/2026\/02\/14\/fundo-de-emergencia-social-da-caritas-de-leiria-angaria-15-milhoes-de-euros\/#primaryimage"},"image":{"@id":"https:\/\/portaltela.pt\/noticias\/2026\/02\/14\/fundo-de-emergencia-social-da-caritas-de-leiria-angaria-15-milhoes-de-euros\/#primaryimage"},"thumbnailUrl":"https:\/\/portaltela.pt\/s.01k8rhncp4jt1\/2026\/02\/img_1280x721uu2026-02-05-14-33-01-2264966-2.jpg","datePublished":"2026-02-14T19:13:00+00:00","author":{"@id":"https:\/\/portaltela.pt\/#\/schema\/person\/c4278d4a6028830caff9ee44b42d32ed"},"breadcrumb":{"@id":"https:\/\/portaltela.pt\/noticias\/2026\/02\/14\/fundo-de-emergencia-social-da-caritas-de-leiria-angaria-15-milhoes-de-euros\/#breadcrumb"},"inLanguage":"pt-PT","potentialAction":[{"@type":"ReadAction","target":["https:\/\/portaltela.pt\/noticias\/2026\/02\/14\/fundo-de-emergencia-social-da-caritas-de-leiria-angaria-15-milhoes-de-euros\/"]}]},{"@type":"ImageObject","inLanguage":"pt-PT","@id":"https:\/\/portaltela.pt\/noticias\/2026\/02\/14\/fundo-de-emergencia-social-da-caritas-de-leiria-angaria-15-milhoes-de-euros\/#primaryimage","url":"https:\/\/portaltela.pt\/s.01k8rhncp4jt1\/2026\/02\/img_1280x721uu2026-02-05-14-33-01-2264966-2.jpg","contentUrl":"https:\/\/portaltela.pt\/s.01k8rhncp4jt1\/2026\/02\/img_1280x721uu2026-02-05-14-33-01-2264966-2.jpg","width":796,"height":448,"caption":"Elementos da prote\u00e7\u00e3o civil passam com um bote pela zona que ficou submersa pela subida da \u00e1gua do Rio Liz devido ao mau tempo, em Leiria"},{"@type":"BreadcrumbList","@id":"https:\/\/portaltela.pt\/noticias\/2026\/02\/14\/fundo-de-emergencia-social-da-caritas-de-leiria-angaria-15-milhoes-de-euros\/#breadcrumb","itemListElement":[{"@type":"ListItem","position":1,"name":"In\u00edcio","item":"https:\/\/portaltela.pt\/"},{"@type":"ListItem","position":2,"name":"Fundo de Emerg\u00eancia Social da C\u00e1ritas de Leiria angaria 1,5 milh\u00f5es de euros"}]},{"@type":"WebSite","@id":"https:\/\/portaltela.pt\/#website","url":"https:\/\/portaltela.pt\/","name":"Portal Tela Portugal","description":"","potentialAction":[{"@type":"SearchAction","target":{"@type":"EntryPoint","urlTemplate":"https:\/\/portaltela.pt\/?s={search_term_string}"},"query-input":{"@type":"PropertyValueSpecification","valueRequired":true,"valueName":"search_term_string"}}],"inLanguage":"pt-PT"},{"@type":"Person","@id":"https:\/\/portaltela.pt\/#\/schema\/person\/c4278d4a6028830caff9ee44b42d32ed","name":"Telinha","image":{"@type":"ImageObject","inLanguage":"pt-PT","@id":"https:\/\/portaltela.pt\/s.01k8rhncp4jt1\/2025\/11\/talking-bot-125x125.png","url":"https:\/\/portaltela.pt\/s.01k8rhncp4jt1\/2025\/11\/talking-bot-125x125.png","contentUrl":"https:\/\/portaltela.pt\/s.01k8rhncp4jt1\/2025\/11\/talking-bot-125x125.png","caption":"Telinha"},"sameAs":["https:\/\/portaltela.pt\/"],"url":"https:\/\/portaltela.pt\/por\/367410592786\/"}]}},"_links":{"self":[{"href":"https:\/\/portaltela.pt\/api\/wp\/v2\/posts\/212683","targetHints":{"allow":["GET"]}}],"collection":[{"href":"https:\/\/portaltela.pt\/api\/wp\/v2\/posts"}],"about":[{"href":"https:\/\/portaltela.pt\/api\/wp\/v2\/types\/post"}],"author":[{"embeddable":true,"href":"https:\/\/portaltela.pt\/api\/wp\/v2\/users\/2"}],"replies":[{"embeddable":true,"href":"https:\/\/portaltela.pt\/api\/wp\/v2\/comments?post=212683"}],"version-history":[{"count":0,"href":"https:\/\/portaltela.pt\/api\/wp\/v2\/posts\/212683\/revisions"}],"wp:featuredmedia":[{"embeddable":true,"href":"https:\/\/portaltela.pt\/api\/wp\/v2\/media\/212686"}],"wp:attachment":[{"href":"https:\/\/portaltela.pt\/api\/wp\/v2\/media?parent=212683"}],"wp:term":[{"taxonomy":"category","embeddable":true,"href":"https:\/\/portaltela.pt\/api\/wp\/v2\/categories?post=212683"},{"taxonomy":"post_tag","embeddable":true,"href":"https:\/\/portaltela.pt\/api\/wp\/v2\/tags?post=212683"}],"curies":[{"name":"wp","href":"https:\/\/api.w.org\/{rel}","templated":true}]}}