{"id":212673,"date":"2026-02-14T16:08:42","date_gmt":"2026-02-14T19:08:42","guid":{"rendered":"https:\/\/portaltela.pt\/noticias\/2026\/02\/14\/marcelo-diz-que-eleitores-de-concelhos-com-eleicoes-adiadas-votarao-no-domingo\/"},"modified":"2026-02-14T16:08:42","modified_gmt":"2026-02-14T19:08:42","slug":"marcelo-diz-que-eleitores-de-concelhos-com-eleicoes-adiadas-votarao-no-domingo","status":"publish","type":"post","link":"https:\/\/portaltela.pt\/noticias\/politica\/2026\/02\/14\/marcelo-diz-que-eleitores-de-concelhos-com-eleicoes-adiadas-votarao-no-domingo\/","title":{"rendered":"Marcelo diz que eleitores de concelhos com elei\u00e7\u00f5es adiadas votar\u00e3o no domingo"},"content":{"rendered":"<p>O Presidente da Rep\u00fablica, Marcelo Rebelo de Sousa, afirmou neste s\u00e1bado que os eleitores dos concelhos onde as presidenciais foram adiadas v\u00e3o responder \u00e0 chamada e votar no domingo, durante uma visita a Alc\u00e1cer do Sal. A progress\u00e3o da mar\u00e9, invocando as cheias no Rio Sado, n\u00e3o impediu o chefe de Estado de confirmar a participa\u00e7\u00e3o c\u00edvica.<\/p>\n<p>Alc\u00e1cer do Sal vai realizar as elei\u00e7\u00f5es no domingo, depois de a C\u00e2mara ter adiado o sufr\u00e1gio de 8 de dezembro por quest\u00f5es de seguran\u00e7a. Al\u00e9m deste concelho, tamb\u00e9m Arruda dos Vinhos, em Lisboa, e Goleg\u00e3, em Santar\u00e9m, v\u00e3o votar no segundo turno.<\/p>\n<p>Questionado sobre motiva\u00e7\u00e3o, Rebelo de Sousa disse aos jornalistas que os portugueses votam porque \u00e9 fundamental para a vida p\u00fablica. Se n\u00e3o votarem, questionou quem o faria. Reiterou que o ato eleitoral \u00e9 essencial, independentemente do resultado.<\/p>\n<h3>Contexto eleitoral<\/h3>\n<p>Ant\u00f3nio Jos\u00e9 Seguro foi eleito Presidente da Rep\u00fablica no dia 8 deste m\u00eas, com cerca de dois ter\u00e7os dos votos, somando aproximadamente 3,48 milh\u00f5es, em meio ao apuramento que seguiu com 20 freguesias por concluir.<\/p>\n<p>Andr\u00e9 Ventura obteve mais de 1,7 milh\u00f5es de votos, ficando com uma vota\u00e7\u00e3o superior a 33%. A tomada de posse do novo chefe de Estado est\u00e1 marcada para o dia 9 de mar\u00e7o.<\/p>\n","protected":false},"excerpt":{"rendered":"<ul>\n<li>O Presidente da Rep\u00fablica, Marcelo Rebelo de Sousa, disse que os eleitores dos concelhos onde as presidenciais foram adiadas v\u00e3o votar no domingo, incluindo Alc\u00e1cer do Sal, Arruda dos Vinhos e Goleg\u00e3.<\/li>\n<li>Alc\u00e1cer do Sal realiza a elei\u00e7\u00e3o no domingo ap\u00f3s o adiamento por motivos de seguran\u00e7a, devido \u00e0s cheias no rio Sado.<\/li>\n<li>A marginal de Alc\u00e1cer do Sal esteve inundada durante o fen\u00f3meno, fotografias mostraram a \u00e1rea alagada.<\/li>\n<li>O chefe de Estado afirmou que os portugueses votam porque entendem que \u00e9 fundamental para a vida, independentemente da vota\u00e7\u00e3o.<\/li>\n<li>Os resultados oficiais indicaram que Ant\u00f3nio Jos\u00e9 Seguro foi eleito presidente com cerca de dois ter\u00e7os dos votos, perto de 3,48 milh\u00f5es, enquanto Andr\u00e9 Ventura obteve mais de 1,7 milh\u00f5es; a tomada de posse est\u00e1 marcada para 9 de mar\u00e7o.<\/li>\n<\/ul>\n","protected":false},"author":2,"featured_media":212678,"comment_status":"closed","ping_status":"closed","sticky":false,"template":"","format":"standard","meta":{"footnotes":""},"categories":[1,5],"tags":[1998,4770,373,68,4330,30],"class_list":["post-212673","post","type-post","status-publish","format-standard","has-post-thumbnail","hentry","category-noticias","category-politica","tag-alcacer-do-sal","tag-arruda-dos-vinhos","tag-concelhos","tag-eleicoes","tag-golega","tag-presidente"],"yoast_head":"<!-- This site is optimized with the Yoast SEO plugin v27.2 - https:\/\/yoast.com\/product\/yoast-seo-wordpress\/ -->\n<title>Marcelo diz que eleitores de concelhos com elei\u00e7\u00f5es adiadas votar\u00e3o no domingo - Portal Tela Portugal<\/title>\n<meta name=\"robots\" content=\"index, follow, max-snippet:-1, max-image-preview:large, max-video-preview:-1\" \/>\n<meta property=\"og:locale\" content=\"pt_PT\" \/>\n<meta property=\"og:type\" content=\"article\" \/>\n<meta property=\"og:title\" content=\"Marcelo diz que eleitores de concelhos com elei\u00e7\u00f5es adiadas votar\u00e3o no domingo - Portal Tela Portugal\" \/>\n<meta property=\"og:description\" content=\"O Presidente da Rep\u00fablica, Marcelo Rebelo de Sousa, disse que os eleitores dos concelhos onde as presidenciais foram adiadas v\u00e3o votar no domingo, incluindo Alc\u00e1cer do Sal, Arruda dos Vinhos e Goleg\u00e3. Alc\u00e1cer do Sal realiza a elei\u00e7\u00e3o no domingo ap\u00f3s o adiamento por motivos de seguran\u00e7a, devido \u00e0s cheias no rio Sado. A marginal de Alc\u00e1cer do Sal esteve inundada durante o fen\u00f3meno, fotografias mostraram a \u00e1rea alagada. O chefe de Estado afirmou que os portugueses votam porque entendem que \u00e9 fundamental para a vida, independentemente da vota\u00e7\u00e3o. Os resultados oficiais indicaram que Ant\u00f3nio Jos\u00e9 Seguro foi eleito presidente com cerca de dois ter\u00e7os dos votos, perto de 3,48 milh\u00f5es, enquanto Andr\u00e9 Ventura obteve mais de 1,7 milh\u00f5es; a tomada de posse est\u00e1 marcada para 9 de mar\u00e7o.\" \/>\n<meta property=\"og:url\" content=\"https:\/\/portaltela.pt\/noticias\/2026\/02\/14\/marcelo-diz-que-eleitores-de-concelhos-com-eleicoes-adiadas-votarao-no-domingo\/\" \/>\n<meta property=\"og:site_name\" content=\"Portal Tela Portugal\" \/>\n<meta property=\"article:published_time\" content=\"2026-02-14T19:08:42+00:00\" \/>\n<meta name=\"author\" content=\"Telinha\" \/>\n<meta name=\"twitter:card\" content=\"summary_large_image\" \/>\n<meta name=\"twitter:label1\" content=\"Escrito por\" \/>\n\t<meta name=\"twitter:data1\" content=\"Telinha\" \/>\n\t<meta name=\"twitter:label2\" content=\"Tempo estimado de leitura\" \/>\n\t<meta name=\"twitter:data2\" content=\"1 minuto\" \/>\n<script type=\"application\/ld+json\" class=\"yoast-schema-graph\">{\"@context\":\"https:\/\/schema.org\",\"@graph\":[{\"@type\":\"Article\",\"@id\":\"https:\/\/portaltela.pt\/noticias\/2026\/02\/14\/marcelo-diz-que-eleitores-de-concelhos-com-eleicoes-adiadas-votarao-no-domingo\/#article\",\"isPartOf\":{\"@id\":\"https:\/\/portaltela.pt\/noticias\/2026\/02\/14\/marcelo-diz-que-eleitores-de-concelhos-com-eleicoes-adiadas-votarao-no-domingo\/\"},\"author\":{\"name\":\"Telinha\",\"@id\":\"https:\/\/portaltela.pt\/#\/schema\/person\/c4278d4a6028830caff9ee44b42d32ed\"},\"headline\":\"Marcelo diz que eleitores de concelhos com elei\u00e7\u00f5es adiadas votar\u00e3o no domingo\",\"datePublished\":\"2026-02-14T19:08:42+00:00\",\"mainEntityOfPage\":{\"@id\":\"https:\/\/portaltela.pt\/noticias\/2026\/02\/14\/marcelo-diz-que-eleitores-de-concelhos-com-eleicoes-adiadas-votarao-no-domingo\/\"},\"wordCount\":240,\"image\":{\"@id\":\"https:\/\/portaltela.pt\/noticias\/2026\/02\/14\/marcelo-diz-que-eleitores-de-concelhos-com-eleicoes-adiadas-votarao-no-domingo\/#primaryimage\"},\"thumbnailUrl\":\"https:\/\/portaltela.pt\/s.01k8rhncp4jt1\/2026\/02\/img_1500x1000uu2023-02-01-14-07-20-1269112.jpg\",\"keywords\":[\"Alc\u00e1cer do Sal\",\"Arruda dos Vinhos\",\"concelhos\",\"elei\u00e7\u00f5es\",\"Goleg\u00e3\",\"presidente\"],\"articleSection\":[\"Not\u00edcias\",\"Pol\u00edtica\"],\"inLanguage\":\"pt-PT\"},{\"@type\":\"WebPage\",\"@id\":\"https:\/\/portaltela.pt\/noticias\/2026\/02\/14\/marcelo-diz-que-eleitores-de-concelhos-com-eleicoes-adiadas-votarao-no-domingo\/\",\"url\":\"https:\/\/portaltela.pt\/noticias\/2026\/02\/14\/marcelo-diz-que-eleitores-de-concelhos-com-eleicoes-adiadas-votarao-no-domingo\/\",\"name\":\"Marcelo diz que eleitores de concelhos com elei\u00e7\u00f5es adiadas votar\u00e3o no domingo - Portal Tela Portugal\",\"isPartOf\":{\"@id\":\"https:\/\/portaltela.pt\/#website\"},\"primaryImageOfPage\":{\"@id\":\"https:\/\/portaltela.pt\/noticias\/2026\/02\/14\/marcelo-diz-que-eleitores-de-concelhos-com-eleicoes-adiadas-votarao-no-domingo\/#primaryimage\"},\"image\":{\"@id\":\"https:\/\/portaltela.pt\/noticias\/2026\/02\/14\/marcelo-diz-que-eleitores-de-concelhos-com-eleicoes-adiadas-votarao-no-domingo\/#primaryimage\"},\"thumbnailUrl\":\"https:\/\/portaltela.pt\/s.01k8rhncp4jt1\/2026\/02\/img_1500x1000uu2023-02-01-14-07-20-1269112.jpg\",\"datePublished\":\"2026-02-14T19:08:42+00:00\",\"author\":{\"@id\":\"https:\/\/portaltela.pt\/#\/schema\/person\/c4278d4a6028830caff9ee44b42d32ed\"},\"breadcrumb\":{\"@id\":\"https:\/\/portaltela.pt\/noticias\/2026\/02\/14\/marcelo-diz-que-eleitores-de-concelhos-com-eleicoes-adiadas-votarao-no-domingo\/#breadcrumb\"},\"inLanguage\":\"pt-PT\",\"potentialAction\":[{\"@type\":\"ReadAction\",\"target\":[\"https:\/\/portaltela.pt\/noticias\/2026\/02\/14\/marcelo-diz-que-eleitores-de-concelhos-com-eleicoes-adiadas-votarao-no-domingo\/\"]}]},{\"@type\":\"ImageObject\",\"inLanguage\":\"pt-PT\",\"@id\":\"https:\/\/portaltela.pt\/noticias\/2026\/02\/14\/marcelo-diz-que-eleitores-de-concelhos-com-eleicoes-adiadas-votarao-no-domingo\/#primaryimage\",\"url\":\"https:\/\/portaltela.pt\/s.01k8rhncp4jt1\/2026\/02\/img_1500x1000uu2023-02-01-14-07-20-1269112.jpg\",\"contentUrl\":\"https:\/\/portaltela.pt\/s.01k8rhncp4jt1\/2026\/02\/img_1500x1000uu2023-02-01-14-07-20-1269112.jpg\",\"width\":796,\"height\":448,\"caption\":\"Marcelo Rebelo de Sousa\"},{\"@type\":\"BreadcrumbList\",\"@id\":\"https:\/\/portaltela.pt\/noticias\/2026\/02\/14\/marcelo-diz-que-eleitores-de-concelhos-com-eleicoes-adiadas-votarao-no-domingo\/#breadcrumb\",\"itemListElement\":[{\"@type\":\"ListItem\",\"position\":1,\"name\":\"In\u00edcio\",\"item\":\"https:\/\/portaltela.pt\/\"},{\"@type\":\"ListItem\",\"position\":2,\"name\":\"Marcelo diz que eleitores de concelhos com elei\u00e7\u00f5es adiadas votar\u00e3o no domingo\"}]},{\"@type\":\"WebSite\",\"@id\":\"https:\/\/portaltela.pt\/#website\",\"url\":\"https:\/\/portaltela.pt\/\",\"name\":\"Portal Tela Portugal\",\"description\":\"\",\"potentialAction\":[{\"@type\":\"SearchAction\",\"target\":{\"@type\":\"EntryPoint\",\"urlTemplate\":\"https:\/\/portaltela.pt\/?s={search_term_string}\"},\"query-input\":{\"@type\":\"PropertyValueSpecification\",\"valueRequired\":true,\"valueName\":\"search_term_string\"}}],\"inLanguage\":\"pt-PT\"},{\"@type\":\"Person\",\"@id\":\"https:\/\/portaltela.pt\/#\/schema\/person\/c4278d4a6028830caff9ee44b42d32ed\",\"name\":\"Telinha\",\"image\":{\"@type\":\"ImageObject\",\"inLanguage\":\"pt-PT\",\"@id\":\"https:\/\/portaltela.pt\/s.01k8rhncp4jt1\/2025\/11\/talking-bot-125x125.png\",\"url\":\"https:\/\/portaltela.pt\/s.01k8rhncp4jt1\/2025\/11\/talking-bot-125x125.png\",\"contentUrl\":\"https:\/\/portaltela.pt\/s.01k8rhncp4jt1\/2025\/11\/talking-bot-125x125.png\",\"caption\":\"Telinha\"},\"sameAs\":[\"https:\/\/portaltela.pt\/\"],\"url\":\"https:\/\/portaltela.pt\/por\/367410592786\/\"}]}<\/script>\n<!-- \/ Yoast SEO plugin. -->","yoast_head_json":{"title":"Marcelo diz que eleitores de concelhos com elei\u00e7\u00f5es adiadas votar\u00e3o no domingo - Portal Tela Portugal","robots":{"index":"index","follow":"follow","max-snippet":"max-snippet:-1","max-image-preview":"max-image-preview:large","max-video-preview":"max-video-preview:-1"},"og_locale":"pt_PT","og_type":"article","og_title":"Marcelo diz que eleitores de concelhos com elei\u00e7\u00f5es adiadas votar\u00e3o no domingo - Portal Tela Portugal","og_description":"O Presidente da Rep\u00fablica, Marcelo Rebelo de Sousa, disse que os eleitores dos concelhos onde as presidenciais foram adiadas v\u00e3o votar no domingo, incluindo Alc\u00e1cer do Sal, Arruda dos Vinhos e Goleg\u00e3. Alc\u00e1cer do Sal realiza a elei\u00e7\u00e3o no domingo ap\u00f3s o adiamento por motivos de seguran\u00e7a, devido \u00e0s cheias no rio Sado. A marginal de Alc\u00e1cer do Sal esteve inundada durante o fen\u00f3meno, fotografias mostraram a \u00e1rea alagada. O chefe de Estado afirmou que os portugueses votam porque entendem que \u00e9 fundamental para a vida, independentemente da vota\u00e7\u00e3o. Os resultados oficiais indicaram que Ant\u00f3nio Jos\u00e9 Seguro foi eleito presidente com cerca de dois ter\u00e7os dos votos, perto de 3,48 milh\u00f5es, enquanto Andr\u00e9 Ventura obteve mais de 1,7 milh\u00f5es; a tomada de posse est\u00e1 marcada para 9 de mar\u00e7o.","og_url":"https:\/\/portaltela.pt\/noticias\/2026\/02\/14\/marcelo-diz-que-eleitores-de-concelhos-com-eleicoes-adiadas-votarao-no-domingo\/","og_site_name":"Portal Tela Portugal","article_published_time":"2026-02-14T19:08:42+00:00","author":"Telinha","twitter_card":"summary_large_image","twitter_misc":{"Escrito por":"Telinha","Tempo estimado de leitura":"1 minuto"},"schema":{"@context":"https:\/\/schema.org","@graph":[{"@type":"Article","@id":"https:\/\/portaltela.pt\/noticias\/2026\/02\/14\/marcelo-diz-que-eleitores-de-concelhos-com-eleicoes-adiadas-votarao-no-domingo\/#article","isPartOf":{"@id":"https:\/\/portaltela.pt\/noticias\/2026\/02\/14\/marcelo-diz-que-eleitores-de-concelhos-com-eleicoes-adiadas-votarao-no-domingo\/"},"author":{"name":"Telinha","@id":"https:\/\/portaltela.pt\/#\/schema\/person\/c4278d4a6028830caff9ee44b42d32ed"},"headline":"Marcelo diz que eleitores de concelhos com elei\u00e7\u00f5es adiadas votar\u00e3o no domingo","datePublished":"2026-02-14T19:08:42+00:00","mainEntityOfPage":{"@id":"https:\/\/portaltela.pt\/noticias\/2026\/02\/14\/marcelo-diz-que-eleitores-de-concelhos-com-eleicoes-adiadas-votarao-no-domingo\/"},"wordCount":240,"image":{"@id":"https:\/\/portaltela.pt\/noticias\/2026\/02\/14\/marcelo-diz-que-eleitores-de-concelhos-com-eleicoes-adiadas-votarao-no-domingo\/#primaryimage"},"thumbnailUrl":"https:\/\/portaltela.pt\/s.01k8rhncp4jt1\/2026\/02\/img_1500x1000uu2023-02-01-14-07-20-1269112.jpg","keywords":["Alc\u00e1cer do Sal","Arruda dos Vinhos","concelhos","elei\u00e7\u00f5es","Goleg\u00e3","presidente"],"articleSection":["Not\u00edcias","Pol\u00edtica"],"inLanguage":"pt-PT"},{"@type":"WebPage","@id":"https:\/\/portaltela.pt\/noticias\/2026\/02\/14\/marcelo-diz-que-eleitores-de-concelhos-com-eleicoes-adiadas-votarao-no-domingo\/","url":"https:\/\/portaltela.pt\/noticias\/2026\/02\/14\/marcelo-diz-que-eleitores-de-concelhos-com-eleicoes-adiadas-votarao-no-domingo\/","name":"Marcelo diz que eleitores de concelhos com elei\u00e7\u00f5es adiadas votar\u00e3o no domingo - Portal Tela Portugal","isPartOf":{"@id":"https:\/\/portaltela.pt\/#website"},"primaryImageOfPage":{"@id":"https:\/\/portaltela.pt\/noticias\/2026\/02\/14\/marcelo-diz-que-eleitores-de-concelhos-com-eleicoes-adiadas-votarao-no-domingo\/#primaryimage"},"image":{"@id":"https:\/\/portaltela.pt\/noticias\/2026\/02\/14\/marcelo-diz-que-eleitores-de-concelhos-com-eleicoes-adiadas-votarao-no-domingo\/#primaryimage"},"thumbnailUrl":"https:\/\/portaltela.pt\/s.01k8rhncp4jt1\/2026\/02\/img_1500x1000uu2023-02-01-14-07-20-1269112.jpg","datePublished":"2026-02-14T19:08:42+00:00","author":{"@id":"https:\/\/portaltela.pt\/#\/schema\/person\/c4278d4a6028830caff9ee44b42d32ed"},"breadcrumb":{"@id":"https:\/\/portaltela.pt\/noticias\/2026\/02\/14\/marcelo-diz-que-eleitores-de-concelhos-com-eleicoes-adiadas-votarao-no-domingo\/#breadcrumb"},"inLanguage":"pt-PT","potentialAction":[{"@type":"ReadAction","target":["https:\/\/portaltela.pt\/noticias\/2026\/02\/14\/marcelo-diz-que-eleitores-de-concelhos-com-eleicoes-adiadas-votarao-no-domingo\/"]}]},{"@type":"ImageObject","inLanguage":"pt-PT","@id":"https:\/\/portaltela.pt\/noticias\/2026\/02\/14\/marcelo-diz-que-eleitores-de-concelhos-com-eleicoes-adiadas-votarao-no-domingo\/#primaryimage","url":"https:\/\/portaltela.pt\/s.01k8rhncp4jt1\/2026\/02\/img_1500x1000uu2023-02-01-14-07-20-1269112.jpg","contentUrl":"https:\/\/portaltela.pt\/s.01k8rhncp4jt1\/2026\/02\/img_1500x1000uu2023-02-01-14-07-20-1269112.jpg","width":796,"height":448,"caption":"Marcelo Rebelo de Sousa"},{"@type":"BreadcrumbList","@id":"https:\/\/portaltela.pt\/noticias\/2026\/02\/14\/marcelo-diz-que-eleitores-de-concelhos-com-eleicoes-adiadas-votarao-no-domingo\/#breadcrumb","itemListElement":[{"@type":"ListItem","position":1,"name":"In\u00edcio","item":"https:\/\/portaltela.pt\/"},{"@type":"ListItem","position":2,"name":"Marcelo diz que eleitores de concelhos com elei\u00e7\u00f5es adiadas votar\u00e3o no domingo"}]},{"@type":"WebSite","@id":"https:\/\/portaltela.pt\/#website","url":"https:\/\/portaltela.pt\/","name":"Portal Tela Portugal","description":"","potentialAction":[{"@type":"SearchAction","target":{"@type":"EntryPoint","urlTemplate":"https:\/\/portaltela.pt\/?s={search_term_string}"},"query-input":{"@type":"PropertyValueSpecification","valueRequired":true,"valueName":"search_term_string"}}],"inLanguage":"pt-PT"},{"@type":"Person","@id":"https:\/\/portaltela.pt\/#\/schema\/person\/c4278d4a6028830caff9ee44b42d32ed","name":"Telinha","image":{"@type":"ImageObject","inLanguage":"pt-PT","@id":"https:\/\/portaltela.pt\/s.01k8rhncp4jt1\/2025\/11\/talking-bot-125x125.png","url":"https:\/\/portaltela.pt\/s.01k8rhncp4jt1\/2025\/11\/talking-bot-125x125.png","contentUrl":"https:\/\/portaltela.pt\/s.01k8rhncp4jt1\/2025\/11\/talking-bot-125x125.png","caption":"Telinha"},"sameAs":["https:\/\/portaltela.pt\/"],"url":"https:\/\/portaltela.pt\/por\/367410592786\/"}]}},"_links":{"self":[{"href":"https:\/\/portaltela.pt\/api\/wp\/v2\/posts\/212673","targetHints":{"allow":["GET"]}}],"collection":[{"href":"https:\/\/portaltela.pt\/api\/wp\/v2\/posts"}],"about":[{"href":"https:\/\/portaltela.pt\/api\/wp\/v2\/types\/post"}],"author":[{"embeddable":true,"href":"https:\/\/portaltela.pt\/api\/wp\/v2\/users\/2"}],"replies":[{"embeddable":true,"href":"https:\/\/portaltela.pt\/api\/wp\/v2\/comments?post=212673"}],"version-history":[{"count":0,"href":"https:\/\/portaltela.pt\/api\/wp\/v2\/posts\/212673\/revisions"}],"wp:featuredmedia":[{"embeddable":true,"href":"https:\/\/portaltela.pt\/api\/wp\/v2\/media\/212678"}],"wp:attachment":[{"href":"https:\/\/portaltela.pt\/api\/wp\/v2\/media?parent=212673"}],"wp:term":[{"taxonomy":"category","embeddable":true,"href":"https:\/\/portaltela.pt\/api\/wp\/v2\/categories?post=212673"},{"taxonomy":"post_tag","embeddable":true,"href":"https:\/\/portaltela.pt\/api\/wp\/v2\/tags?post=212673"}],"curies":[{"name":"wp","href":"https:\/\/api.w.org\/{rel}","templated":true}]}}