{"id":212672,"date":"2026-02-14T16:07:54","date_gmt":"2026-02-14T19:07:54","guid":{"rendered":"https:\/\/portaltela.pt\/noticias\/2026\/02\/14\/forca-aerea-acompanha-comitiva-para-avaliar-estragos-nas-florestas\/"},"modified":"2026-02-14T16:07:54","modified_gmt":"2026-02-14T19:07:54","slug":"forca-aerea-acompanha-comitiva-para-avaliar-estragos-nas-florestas","status":"publish","type":"post","link":"https:\/\/portaltela.pt\/noticias\/2026\/02\/14\/forca-aerea-acompanha-comitiva-para-avaliar-estragos-nas-florestas\/","title":{"rendered":"For\u00e7a A\u00e9rea acompanha comitiva para avaliar estragos nas florestas"},"content":{"rendered":"<p>Um avi\u00e3o C-295M da For\u00e7a A\u00e9rea voou neste s\u00e1bado, de manh\u00e3, sobre as zonas afetadas pelas intemp\u00e9ries, para levantar expeditamente os estragos florestais. A comitiva contou com representantes do Sistema de Gest\u00e3o Integrado de Fogos Florestais (SGIFR) e com o presidente da Estrutura de Miss\u00e3o para recupera\u00e7\u00e3o do Centro, Paulo Fernandes.<\/p>\n<p>A miss\u00e3o tem como objetivo delimitar \u00e1reas afetadas, apoiar a classifica\u00e7\u00e3o de imagens de sat\u00e9lite e de outros dados a recolher nos pr\u00f3ximos dias. O trabalho visa caracterizar danos no edificado, o volume de madeira afetada e o aumento do perigo de inc\u00eandio criado pela tempestade.<\/p>\n<p>As \u00e1reas monitorizadas incidiram principalmente na sub-regi\u00e3o de Leiria, na zona oeste da Beira Baixa, na zona sul da Coimbra e na zona norte do Oeste e do M\u00e9dio Tejo. A opera\u00e7\u00e3o ocorreu durante cerca de tr\u00eas horas.<\/p>\n<h3>Resultados esperados<\/h3>\n<p>As imagens recolhidas permitir\u00e3o delimitar \u00e1reas afetadas, identificar manchas com maior grau de dano e distinguir \u00e1rvores tombadas ou partidas. O estudo poder\u00e1 ainda avaliar a rede vi\u00e1ria interrompida pelo arvoredo, bem como o ac\u00famulo nos taludes.<\/p>\n<p>Al\u00e9m disso, ser\u00e1 poss\u00edvel determinar o volume e as classes de aproveitamento por grandes manchas e por esp\u00e9cie, e identificar zonas com maior perigo de inc\u00eandio, especialmente na interface com edificado ou onde exista biomassa elevada.<\/p>\n","protected":false},"excerpt":{"rendered":"<ul>\n<li>Um avi\u00e3o C\u2011295M da For\u00e7a A\u00e9rea voou este s\u00e1bado de manh\u00e3 sobre as zonas afetadas para levantar os estragos florestais, levando representantes do Sistema de Gest\u00e3o Integrado de Fogos Florestais e o presidente da Estrutura de Miss\u00e3o para recupera\u00e7\u00e3o do Centro, Paulo Fernandes.<\/li>\n<li>A miss\u00e3o de tr\u00eas horas visa delimitar \u00e1reas afetadas e suportar a classifica\u00e7\u00e3o de imagens de sat\u00e9lite e de outros dados a recolher nos pr\u00f3ximos dias.<\/li>\n<li>O objetivo \u00e9 caracterizar danos no edificado, o volume de madeira afetada e o aumento do perigo de inc\u00eandio criado pela tempestade.<\/li>\n<li>As \u00e1reas monitorizadas abrangeram Leiria, a zona oeste da Beira Baixa, o sul de Coimbra e o norte do Oeste e M\u00e9dio Tejo.<\/li>\n<li>As imagens ir\u00e3o permitir delimitar \u00e1reas afetadas, identificar manchas com maior dano, distinguir \u00e1rvores tombadas, avaliar a rede vi\u00e1ria danificada e estimar o volume e o aproveitamento por grandes manchas e esp\u00e9cies, bem como zonas com maior risco de inc\u00eandio.<\/li>\n<\/ul>\n","protected":false},"author":2,"featured_media":212676,"comment_status":"closed","ping_status":"closed","sticky":false,"template":"","format":"standard","meta":{"footnotes":""},"categories":[1],"tags":[3670,1070,4576,4299,1385,3709],"class_list":["post-212672","post","type-post","status-publish","format-standard","has-post-thumbnail","hentry","category-noticias","tag-beira-baixa","tag-coimbra","tag-florestal","tag-forca-aerea","tag-leiria","tag-medio-tejo"],"yoast_head":"<!-- This site is optimized with the Yoast SEO plugin v27.2 - https:\/\/yoast.com\/product\/yoast-seo-wordpress\/ -->\n<title>For\u00e7a A\u00e9rea acompanha comitiva para avaliar estragos nas florestas - Portal Tela Portugal<\/title>\n<meta name=\"robots\" content=\"index, follow, max-snippet:-1, max-image-preview:large, max-video-preview:-1\" \/>\n<meta property=\"og:locale\" content=\"pt_PT\" \/>\n<meta property=\"og:type\" content=\"article\" \/>\n<meta property=\"og:title\" content=\"For\u00e7a A\u00e9rea acompanha comitiva para avaliar estragos nas florestas - Portal Tela Portugal\" \/>\n<meta property=\"og:description\" content=\"Um avi\u00e3o C\u2011295M da For\u00e7a A\u00e9rea voou este s\u00e1bado de manh\u00e3 sobre as zonas afetadas para levantar os estragos florestais, levando representantes do Sistema de Gest\u00e3o Integrado de Fogos Florestais e o presidente da Estrutura de Miss\u00e3o para recupera\u00e7\u00e3o do Centro, Paulo Fernandes. A miss\u00e3o de tr\u00eas horas visa delimitar \u00e1reas afetadas e suportar a classifica\u00e7\u00e3o de imagens de sat\u00e9lite e de outros dados a recolher nos pr\u00f3ximos dias. O objetivo \u00e9 caracterizar danos no edificado, o volume de madeira afetada e o aumento do perigo de inc\u00eandio criado pela tempestade. As \u00e1reas monitorizadas abrangeram Leiria, a zona oeste da Beira Baixa, o sul de Coimbra e o norte do Oeste e M\u00e9dio Tejo. As imagens ir\u00e3o permitir delimitar \u00e1reas afetadas, identificar manchas com maior dano, distinguir \u00e1rvores tombadas, avaliar a rede vi\u00e1ria danificada e estimar o volume e o aproveitamento por grandes manchas e esp\u00e9cies, bem como zonas com maior risco de inc\u00eandio.\" \/>\n<meta property=\"og:url\" content=\"https:\/\/portaltela.pt\/noticias\/2026\/02\/14\/forca-aerea-acompanha-comitiva-para-avaliar-estragos-nas-florestas\/\" \/>\n<meta property=\"og:site_name\" content=\"Portal Tela Portugal\" \/>\n<meta property=\"article:published_time\" content=\"2026-02-14T19:07:54+00:00\" \/>\n<meta name=\"author\" content=\"Telinha\" \/>\n<meta name=\"twitter:card\" content=\"summary_large_image\" \/>\n<meta name=\"twitter:label1\" content=\"Escrito por\" \/>\n\t<meta name=\"twitter:data1\" content=\"Telinha\" \/>\n\t<meta name=\"twitter:label2\" content=\"Tempo estimado de leitura\" \/>\n\t<meta name=\"twitter:data2\" content=\"1 minuto\" \/>\n<script type=\"application\/ld+json\" class=\"yoast-schema-graph\">{\"@context\":\"https:\/\/schema.org\",\"@graph\":[{\"@type\":\"Article\",\"@id\":\"https:\/\/portaltela.pt\/noticias\/2026\/02\/14\/forca-aerea-acompanha-comitiva-para-avaliar-estragos-nas-florestas\/#article\",\"isPartOf\":{\"@id\":\"https:\/\/portaltela.pt\/noticias\/2026\/02\/14\/forca-aerea-acompanha-comitiva-para-avaliar-estragos-nas-florestas\/\"},\"author\":{\"name\":\"Telinha\",\"@id\":\"https:\/\/portaltela.pt\/#\/schema\/person\/c4278d4a6028830caff9ee44b42d32ed\"},\"headline\":\"For\u00e7a A\u00e9rea acompanha comitiva para avaliar estragos nas florestas\",\"datePublished\":\"2026-02-14T19:07:54+00:00\",\"mainEntityOfPage\":{\"@id\":\"https:\/\/portaltela.pt\/noticias\/2026\/02\/14\/forca-aerea-acompanha-comitiva-para-avaliar-estragos-nas-florestas\/\"},\"wordCount\":246,\"image\":{\"@id\":\"https:\/\/portaltela.pt\/noticias\/2026\/02\/14\/forca-aerea-acompanha-comitiva-para-avaliar-estragos-nas-florestas\/#primaryimage\"},\"thumbnailUrl\":\"https:\/\/portaltela.pt\/s.01k8rhncp4jt1\/2026\/02\/img_1280x721uu2026-02-14-19-07-04-2266903.jpg\",\"keywords\":[\"Beira Baixa\",\"Coimbra\",\"florestal\",\"For\u00e7a A\u00e9rea\",\"Leiria\",\"M\u00e9dio Tejo\"],\"articleSection\":[\"Not\u00edcias\"],\"inLanguage\":\"pt-PT\"},{\"@type\":\"WebPage\",\"@id\":\"https:\/\/portaltela.pt\/noticias\/2026\/02\/14\/forca-aerea-acompanha-comitiva-para-avaliar-estragos-nas-florestas\/\",\"url\":\"https:\/\/portaltela.pt\/noticias\/2026\/02\/14\/forca-aerea-acompanha-comitiva-para-avaliar-estragos-nas-florestas\/\",\"name\":\"For\u00e7a A\u00e9rea acompanha comitiva para avaliar estragos nas florestas - Portal Tela Portugal\",\"isPartOf\":{\"@id\":\"https:\/\/portaltela.pt\/#website\"},\"primaryImageOfPage\":{\"@id\":\"https:\/\/portaltela.pt\/noticias\/2026\/02\/14\/forca-aerea-acompanha-comitiva-para-avaliar-estragos-nas-florestas\/#primaryimage\"},\"image\":{\"@id\":\"https:\/\/portaltela.pt\/noticias\/2026\/02\/14\/forca-aerea-acompanha-comitiva-para-avaliar-estragos-nas-florestas\/#primaryimage\"},\"thumbnailUrl\":\"https:\/\/portaltela.pt\/s.01k8rhncp4jt1\/2026\/02\/img_1280x721uu2026-02-14-19-07-04-2266903.jpg\",\"datePublished\":\"2026-02-14T19:07:54+00:00\",\"author\":{\"@id\":\"https:\/\/portaltela.pt\/#\/schema\/person\/c4278d4a6028830caff9ee44b42d32ed\"},\"breadcrumb\":{\"@id\":\"https:\/\/portaltela.pt\/noticias\/2026\/02\/14\/forca-aerea-acompanha-comitiva-para-avaliar-estragos-nas-florestas\/#breadcrumb\"},\"inLanguage\":\"pt-PT\",\"potentialAction\":[{\"@type\":\"ReadAction\",\"target\":[\"https:\/\/portaltela.pt\/noticias\/2026\/02\/14\/forca-aerea-acompanha-comitiva-para-avaliar-estragos-nas-florestas\/\"]}]},{\"@type\":\"ImageObject\",\"inLanguage\":\"pt-PT\",\"@id\":\"https:\/\/portaltela.pt\/noticias\/2026\/02\/14\/forca-aerea-acompanha-comitiva-para-avaliar-estragos-nas-florestas\/#primaryimage\",\"url\":\"https:\/\/portaltela.pt\/s.01k8rhncp4jt1\/2026\/02\/img_1280x721uu2026-02-14-19-07-04-2266903.jpg\",\"contentUrl\":\"https:\/\/portaltela.pt\/s.01k8rhncp4jt1\/2026\/02\/img_1280x721uu2026-02-14-19-07-04-2266903.jpg\",\"width\":796,\"height\":448,\"caption\":\"Photo\"},{\"@type\":\"BreadcrumbList\",\"@id\":\"https:\/\/portaltela.pt\/noticias\/2026\/02\/14\/forca-aerea-acompanha-comitiva-para-avaliar-estragos-nas-florestas\/#breadcrumb\",\"itemListElement\":[{\"@type\":\"ListItem\",\"position\":1,\"name\":\"In\u00edcio\",\"item\":\"https:\/\/portaltela.pt\/\"},{\"@type\":\"ListItem\",\"position\":2,\"name\":\"For\u00e7a A\u00e9rea acompanha comitiva para avaliar estragos nas florestas\"}]},{\"@type\":\"WebSite\",\"@id\":\"https:\/\/portaltela.pt\/#website\",\"url\":\"https:\/\/portaltela.pt\/\",\"name\":\"Portal Tela Portugal\",\"description\":\"\",\"potentialAction\":[{\"@type\":\"SearchAction\",\"target\":{\"@type\":\"EntryPoint\",\"urlTemplate\":\"https:\/\/portaltela.pt\/?s={search_term_string}\"},\"query-input\":{\"@type\":\"PropertyValueSpecification\",\"valueRequired\":true,\"valueName\":\"search_term_string\"}}],\"inLanguage\":\"pt-PT\"},{\"@type\":\"Person\",\"@id\":\"https:\/\/portaltela.pt\/#\/schema\/person\/c4278d4a6028830caff9ee44b42d32ed\",\"name\":\"Telinha\",\"image\":{\"@type\":\"ImageObject\",\"inLanguage\":\"pt-PT\",\"@id\":\"https:\/\/portaltela.pt\/s.01k8rhncp4jt1\/2025\/11\/talking-bot-125x125.png\",\"url\":\"https:\/\/portaltela.pt\/s.01k8rhncp4jt1\/2025\/11\/talking-bot-125x125.png\",\"contentUrl\":\"https:\/\/portaltela.pt\/s.01k8rhncp4jt1\/2025\/11\/talking-bot-125x125.png\",\"caption\":\"Telinha\"},\"sameAs\":[\"https:\/\/portaltela.pt\/\"],\"url\":\"https:\/\/portaltela.pt\/por\/367410592786\/\"}]}<\/script>\n<!-- \/ Yoast SEO plugin. -->","yoast_head_json":{"title":"For\u00e7a A\u00e9rea acompanha comitiva para avaliar estragos nas florestas - Portal Tela Portugal","robots":{"index":"index","follow":"follow","max-snippet":"max-snippet:-1","max-image-preview":"max-image-preview:large","max-video-preview":"max-video-preview:-1"},"og_locale":"pt_PT","og_type":"article","og_title":"For\u00e7a A\u00e9rea acompanha comitiva para avaliar estragos nas florestas - Portal Tela Portugal","og_description":"Um avi\u00e3o C\u2011295M da For\u00e7a A\u00e9rea voou este s\u00e1bado de manh\u00e3 sobre as zonas afetadas para levantar os estragos florestais, levando representantes do Sistema de Gest\u00e3o Integrado de Fogos Florestais e o presidente da Estrutura de Miss\u00e3o para recupera\u00e7\u00e3o do Centro, Paulo Fernandes. A miss\u00e3o de tr\u00eas horas visa delimitar \u00e1reas afetadas e suportar a classifica\u00e7\u00e3o de imagens de sat\u00e9lite e de outros dados a recolher nos pr\u00f3ximos dias. O objetivo \u00e9 caracterizar danos no edificado, o volume de madeira afetada e o aumento do perigo de inc\u00eandio criado pela tempestade. As \u00e1reas monitorizadas abrangeram Leiria, a zona oeste da Beira Baixa, o sul de Coimbra e o norte do Oeste e M\u00e9dio Tejo. As imagens ir\u00e3o permitir delimitar \u00e1reas afetadas, identificar manchas com maior dano, distinguir \u00e1rvores tombadas, avaliar a rede vi\u00e1ria danificada e estimar o volume e o aproveitamento por grandes manchas e esp\u00e9cies, bem como zonas com maior risco de inc\u00eandio.","og_url":"https:\/\/portaltela.pt\/noticias\/2026\/02\/14\/forca-aerea-acompanha-comitiva-para-avaliar-estragos-nas-florestas\/","og_site_name":"Portal Tela Portugal","article_published_time":"2026-02-14T19:07:54+00:00","author":"Telinha","twitter_card":"summary_large_image","twitter_misc":{"Escrito por":"Telinha","Tempo estimado de leitura":"1 minuto"},"schema":{"@context":"https:\/\/schema.org","@graph":[{"@type":"Article","@id":"https:\/\/portaltela.pt\/noticias\/2026\/02\/14\/forca-aerea-acompanha-comitiva-para-avaliar-estragos-nas-florestas\/#article","isPartOf":{"@id":"https:\/\/portaltela.pt\/noticias\/2026\/02\/14\/forca-aerea-acompanha-comitiva-para-avaliar-estragos-nas-florestas\/"},"author":{"name":"Telinha","@id":"https:\/\/portaltela.pt\/#\/schema\/person\/c4278d4a6028830caff9ee44b42d32ed"},"headline":"For\u00e7a A\u00e9rea acompanha comitiva para avaliar estragos nas florestas","datePublished":"2026-02-14T19:07:54+00:00","mainEntityOfPage":{"@id":"https:\/\/portaltela.pt\/noticias\/2026\/02\/14\/forca-aerea-acompanha-comitiva-para-avaliar-estragos-nas-florestas\/"},"wordCount":246,"image":{"@id":"https:\/\/portaltela.pt\/noticias\/2026\/02\/14\/forca-aerea-acompanha-comitiva-para-avaliar-estragos-nas-florestas\/#primaryimage"},"thumbnailUrl":"https:\/\/portaltela.pt\/s.01k8rhncp4jt1\/2026\/02\/img_1280x721uu2026-02-14-19-07-04-2266903.jpg","keywords":["Beira Baixa","Coimbra","florestal","For\u00e7a A\u00e9rea","Leiria","M\u00e9dio Tejo"],"articleSection":["Not\u00edcias"],"inLanguage":"pt-PT"},{"@type":"WebPage","@id":"https:\/\/portaltela.pt\/noticias\/2026\/02\/14\/forca-aerea-acompanha-comitiva-para-avaliar-estragos-nas-florestas\/","url":"https:\/\/portaltela.pt\/noticias\/2026\/02\/14\/forca-aerea-acompanha-comitiva-para-avaliar-estragos-nas-florestas\/","name":"For\u00e7a A\u00e9rea acompanha comitiva para avaliar estragos nas florestas - Portal Tela Portugal","isPartOf":{"@id":"https:\/\/portaltela.pt\/#website"},"primaryImageOfPage":{"@id":"https:\/\/portaltela.pt\/noticias\/2026\/02\/14\/forca-aerea-acompanha-comitiva-para-avaliar-estragos-nas-florestas\/#primaryimage"},"image":{"@id":"https:\/\/portaltela.pt\/noticias\/2026\/02\/14\/forca-aerea-acompanha-comitiva-para-avaliar-estragos-nas-florestas\/#primaryimage"},"thumbnailUrl":"https:\/\/portaltela.pt\/s.01k8rhncp4jt1\/2026\/02\/img_1280x721uu2026-02-14-19-07-04-2266903.jpg","datePublished":"2026-02-14T19:07:54+00:00","author":{"@id":"https:\/\/portaltela.pt\/#\/schema\/person\/c4278d4a6028830caff9ee44b42d32ed"},"breadcrumb":{"@id":"https:\/\/portaltela.pt\/noticias\/2026\/02\/14\/forca-aerea-acompanha-comitiva-para-avaliar-estragos-nas-florestas\/#breadcrumb"},"inLanguage":"pt-PT","potentialAction":[{"@type":"ReadAction","target":["https:\/\/portaltela.pt\/noticias\/2026\/02\/14\/forca-aerea-acompanha-comitiva-para-avaliar-estragos-nas-florestas\/"]}]},{"@type":"ImageObject","inLanguage":"pt-PT","@id":"https:\/\/portaltela.pt\/noticias\/2026\/02\/14\/forca-aerea-acompanha-comitiva-para-avaliar-estragos-nas-florestas\/#primaryimage","url":"https:\/\/portaltela.pt\/s.01k8rhncp4jt1\/2026\/02\/img_1280x721uu2026-02-14-19-07-04-2266903.jpg","contentUrl":"https:\/\/portaltela.pt\/s.01k8rhncp4jt1\/2026\/02\/img_1280x721uu2026-02-14-19-07-04-2266903.jpg","width":796,"height":448,"caption":"Photo"},{"@type":"BreadcrumbList","@id":"https:\/\/portaltela.pt\/noticias\/2026\/02\/14\/forca-aerea-acompanha-comitiva-para-avaliar-estragos-nas-florestas\/#breadcrumb","itemListElement":[{"@type":"ListItem","position":1,"name":"In\u00edcio","item":"https:\/\/portaltela.pt\/"},{"@type":"ListItem","position":2,"name":"For\u00e7a A\u00e9rea acompanha comitiva para avaliar estragos nas florestas"}]},{"@type":"WebSite","@id":"https:\/\/portaltela.pt\/#website","url":"https:\/\/portaltela.pt\/","name":"Portal Tela Portugal","description":"","potentialAction":[{"@type":"SearchAction","target":{"@type":"EntryPoint","urlTemplate":"https:\/\/portaltela.pt\/?s={search_term_string}"},"query-input":{"@type":"PropertyValueSpecification","valueRequired":true,"valueName":"search_term_string"}}],"inLanguage":"pt-PT"},{"@type":"Person","@id":"https:\/\/portaltela.pt\/#\/schema\/person\/c4278d4a6028830caff9ee44b42d32ed","name":"Telinha","image":{"@type":"ImageObject","inLanguage":"pt-PT","@id":"https:\/\/portaltela.pt\/s.01k8rhncp4jt1\/2025\/11\/talking-bot-125x125.png","url":"https:\/\/portaltela.pt\/s.01k8rhncp4jt1\/2025\/11\/talking-bot-125x125.png","contentUrl":"https:\/\/portaltela.pt\/s.01k8rhncp4jt1\/2025\/11\/talking-bot-125x125.png","caption":"Telinha"},"sameAs":["https:\/\/portaltela.pt\/"],"url":"https:\/\/portaltela.pt\/por\/367410592786\/"}]}},"_links":{"self":[{"href":"https:\/\/portaltela.pt\/api\/wp\/v2\/posts\/212672","targetHints":{"allow":["GET"]}}],"collection":[{"href":"https:\/\/portaltela.pt\/api\/wp\/v2\/posts"}],"about":[{"href":"https:\/\/portaltela.pt\/api\/wp\/v2\/types\/post"}],"author":[{"embeddable":true,"href":"https:\/\/portaltela.pt\/api\/wp\/v2\/users\/2"}],"replies":[{"embeddable":true,"href":"https:\/\/portaltela.pt\/api\/wp\/v2\/comments?post=212672"}],"version-history":[{"count":0,"href":"https:\/\/portaltela.pt\/api\/wp\/v2\/posts\/212672\/revisions"}],"wp:featuredmedia":[{"embeddable":true,"href":"https:\/\/portaltela.pt\/api\/wp\/v2\/media\/212676"}],"wp:attachment":[{"href":"https:\/\/portaltela.pt\/api\/wp\/v2\/media?parent=212672"}],"wp:term":[{"taxonomy":"category","embeddable":true,"href":"https:\/\/portaltela.pt\/api\/wp\/v2\/categories?post=212672"},{"taxonomy":"post_tag","embeddable":true,"href":"https:\/\/portaltela.pt\/api\/wp\/v2\/tags?post=212672"}],"curies":[{"name":"wp","href":"https:\/\/api.w.org\/{rel}","templated":true}]}}