{"id":212651,"date":"2026-02-14T15:44:56","date_gmt":"2026-02-14T18:44:56","guid":{"rendered":"https:\/\/portaltela.pt\/noticias\/2026\/02\/14\/antonio-morgado-dedica-vitoria-na-classica-da-figueira-a-leiria\/"},"modified":"2026-02-14T15:44:56","modified_gmt":"2026-02-14T18:44:56","slug":"antonio-morgado-dedica-vitoria-na-classica-da-figueira-a-leiria","status":"publish","type":"post","link":"https:\/\/portaltela.pt\/desporto\/2026\/02\/14\/antonio-morgado-dedica-vitoria-na-classica-da-figueira-a-leiria\/","title":{"rendered":"Ant\u00f3nio Morgado dedica vit\u00f3ria na Cl\u00e1ssica da Figueira a Leiria"},"content":{"rendered":"<p>Ant\u00f3nio Morgado venceu a Cl\u00e1ssica da Figueira, na quarta edi\u00e7\u00e3o da prova, ao completar os 177,8 quil\u00f3metros em 4:19.13. O tempo igualou o alcan\u00e7ado pelo espanhol Alex Aranburu, com Pau Mart\u00ed a ficar a 9 segundos na terceira posi\u00e7\u00e3o. O triunfo ocorreu no regresso da corrida \u00e0 regi\u00e3o da Figueira da Foz.<\/p>\n<p>O ciclista portugu\u00eas celebrou a vit\u00f3ria dedicando-a \u00e0 regi\u00e3o de Leiria, fortemente afetada recentemente pelo mau tempo. Morgado salientou que a zona enfrentou ventos fortes e cheias, refletindo o esfor\u00e7o de todos os atletas, incluindo os que enfrentaram dificuldades de treino.<\/p>\n<p>A defesa do objetivo final contou com o suporte da UAE Emirates, em particular Brandon McNulty, que puxou no grupo da frente durante a maior parte da \u00faltima volta. Morgado reconheceu o papel determinante do colega na obten\u00e7\u00e3o do sprint vitorioso.<\/p>\n<p>Apesar do esfor\u00e7o intenso, Morgado admitiu que houve sofrimento na \u00faltima volta, destacando a import\u00e2ncia de manter-se no grupo da frente at\u00e9 ao sprint final. A equipa foi citada como fundamental para a vit\u00f3ria no desfecho da corrida.<\/p>\n<p>Com duas vit\u00f3rias j\u00e1 este ano, depois do triunfo no Trofeo Calvi\u00e0, Morgado prepara-se para a Volta ao Algarve. O objetivo do conjunto passa por apoiar dois l\u00edderes fortes, Jo\u00e3o Almeida e Brandon McNulty, para conquistar a prova, mantendo Morgado dispon\u00edvel para novos resultados.<\/p>\n","protected":false},"excerpt":{"rendered":"<ul>\n<li>Ant\u00f3nio Morgado venceu a quarta edi\u00e7\u00e3o da Cl\u00e1ssica da Figueira, cumprindo 177,8 quil\u00f3metros em 4:19.13 horas, igualando o tempo do espanhol Alex Aranburu, que ficou em segundo.<\/li>\n<li>A vit\u00f3ria foi dedicad\u0430 a Leiria, regi\u00e3o afetada pelo mau tempo, com Morgado a agradecer \u00e0 comunidade local.<\/li>\n<li>Brandon McNulty foi apontado como o principal respons\u00e1vel pelo desempenho final da equipa, ajudando Morgado a libertar-se no sprint decisivo.<\/li>\n<li>Morgado admite ter corrido em sofrimento na \u00faltima volta, mas manteve-se no grupo da frente at\u00e9 vencer o sprint.<\/li>\n<li>Depois de j\u00e1 ter vencido o Trofeo Calvi\u00e0, Morgado prepara-se para a Volta ao Algarve, onde dever\u00e1 apoiar os l\u00edderes Jo\u00e3o Almeida e Brandon, mirando novos objetivos na prova.<\/li>\n<\/ul>\n","protected":false},"author":2,"featured_media":212655,"comment_status":"closed","ping_status":"closed","sticky":false,"template":"","format":"standard","meta":{"footnotes":""},"categories":[21],"tags":[5899,923,60,1417,1385],"class_list":["post-212651","post","type-post","status-publish","format-standard","has-post-thumbnail","hentry","category-desporto","tag-a-uae-emirates","tag-ciclismo","tag-esportes","tag-figueira-da-foz","tag-leiria"],"yoast_head":"<!-- This site is optimized with the Yoast SEO plugin v27.2 - https:\/\/yoast.com\/product\/yoast-seo-wordpress\/ -->\n<title>Ant\u00f3nio Morgado dedica vit\u00f3ria na Cl\u00e1ssica da Figueira a Leiria - Portal Tela Portugal<\/title>\n<meta name=\"robots\" content=\"index, follow, max-snippet:-1, max-image-preview:large, max-video-preview:-1\" \/>\n<meta property=\"og:locale\" content=\"pt_PT\" \/>\n<meta property=\"og:type\" content=\"article\" \/>\n<meta property=\"og:title\" content=\"Ant\u00f3nio Morgado dedica vit\u00f3ria na Cl\u00e1ssica da Figueira a Leiria - Portal Tela Portugal\" \/>\n<meta property=\"og:description\" content=\"Ant\u00f3nio Morgado venceu a quarta edi\u00e7\u00e3o da Cl\u00e1ssica da Figueira, cumprindo 177,8 quil\u00f3metros em 4:19.13 horas, igualando o tempo do espanhol Alex Aranburu, que ficou em segundo. A vit\u00f3ria foi dedicad\u0430 a Leiria, regi\u00e3o afetada pelo mau tempo, com Morgado a agradecer \u00e0 comunidade local. Brandon McNulty foi apontado como o principal respons\u00e1vel pelo desempenho final da equipa, ajudando Morgado a libertar-se no sprint decisivo. Morgado admite ter corrido em sofrimento na \u00faltima volta, mas manteve-se no grupo da frente at\u00e9 vencer o sprint. Depois de j\u00e1 ter vencido o Trofeo Calvi\u00e0, Morgado prepara-se para a Volta ao Algarve, onde dever\u00e1 apoiar os l\u00edderes Jo\u00e3o Almeida e Brandon, mirando novos objetivos na prova.\" \/>\n<meta property=\"og:url\" content=\"https:\/\/portaltela.pt\/noticias\/2026\/02\/14\/antonio-morgado-dedica-vitoria-na-classica-da-figueira-a-leiria\/\" \/>\n<meta property=\"og:site_name\" content=\"Portal Tela Portugal\" \/>\n<meta property=\"article:published_time\" content=\"2026-02-14T18:44:56+00:00\" \/>\n<meta name=\"author\" content=\"Telinha\" \/>\n<meta name=\"twitter:card\" content=\"summary_large_image\" \/>\n<meta name=\"twitter:label1\" content=\"Escrito por\" \/>\n\t<meta name=\"twitter:data1\" content=\"Telinha\" \/>\n\t<meta name=\"twitter:label2\" content=\"Tempo estimado de leitura\" \/>\n\t<meta name=\"twitter:data2\" content=\"1 minuto\" \/>\n<script type=\"application\/ld+json\" class=\"yoast-schema-graph\">{\"@context\":\"https:\/\/schema.org\",\"@graph\":[{\"@type\":\"Article\",\"@id\":\"https:\/\/portaltela.pt\/noticias\/2026\/02\/14\/antonio-morgado-dedica-vitoria-na-classica-da-figueira-a-leiria\/#article\",\"isPartOf\":{\"@id\":\"https:\/\/portaltela.pt\/noticias\/2026\/02\/14\/antonio-morgado-dedica-vitoria-na-classica-da-figueira-a-leiria\/\"},\"author\":{\"name\":\"Telinha\",\"@id\":\"https:\/\/portaltela.pt\/#\/schema\/person\/c4278d4a6028830caff9ee44b42d32ed\"},\"headline\":\"Ant\u00f3nio Morgado dedica vit\u00f3ria na Cl\u00e1ssica da Figueira a Leiria\",\"datePublished\":\"2026-02-14T18:44:56+00:00\",\"mainEntityOfPage\":{\"@id\":\"https:\/\/portaltela.pt\/noticias\/2026\/02\/14\/antonio-morgado-dedica-vitoria-na-classica-da-figueira-a-leiria\/\"},\"wordCount\":243,\"image\":{\"@id\":\"https:\/\/portaltela.pt\/noticias\/2026\/02\/14\/antonio-morgado-dedica-vitoria-na-classica-da-figueira-a-leiria\/#primaryimage\"},\"thumbnailUrl\":\"https:\/\/portaltela.pt\/s.01k8rhncp4jt1\/2026\/02\/img_920x518uu2026-01-31-16-28-48-2418679.jpg\",\"keywords\":[\"A UAE Emirates\",\"ciclismo\",\"esportes\",\"Figueira da Foz\",\"Leiria\"],\"articleSection\":[\"Desporto\"],\"inLanguage\":\"pt-PT\"},{\"@type\":\"WebPage\",\"@id\":\"https:\/\/portaltela.pt\/noticias\/2026\/02\/14\/antonio-morgado-dedica-vitoria-na-classica-da-figueira-a-leiria\/\",\"url\":\"https:\/\/portaltela.pt\/noticias\/2026\/02\/14\/antonio-morgado-dedica-vitoria-na-classica-da-figueira-a-leiria\/\",\"name\":\"Ant\u00f3nio Morgado dedica vit\u00f3ria na Cl\u00e1ssica da Figueira a Leiria - Portal Tela Portugal\",\"isPartOf\":{\"@id\":\"https:\/\/portaltela.pt\/#website\"},\"primaryImageOfPage\":{\"@id\":\"https:\/\/portaltela.pt\/noticias\/2026\/02\/14\/antonio-morgado-dedica-vitoria-na-classica-da-figueira-a-leiria\/#primaryimage\"},\"image\":{\"@id\":\"https:\/\/portaltela.pt\/noticias\/2026\/02\/14\/antonio-morgado-dedica-vitoria-na-classica-da-figueira-a-leiria\/#primaryimage\"},\"thumbnailUrl\":\"https:\/\/portaltela.pt\/s.01k8rhncp4jt1\/2026\/02\/img_920x518uu2026-01-31-16-28-48-2418679.jpg\",\"datePublished\":\"2026-02-14T18:44:56+00:00\",\"author\":{\"@id\":\"https:\/\/portaltela.pt\/#\/schema\/person\/c4278d4a6028830caff9ee44b42d32ed\"},\"breadcrumb\":{\"@id\":\"https:\/\/portaltela.pt\/noticias\/2026\/02\/14\/antonio-morgado-dedica-vitoria-na-classica-da-figueira-a-leiria\/#breadcrumb\"},\"inLanguage\":\"pt-PT\",\"potentialAction\":[{\"@type\":\"ReadAction\",\"target\":[\"https:\/\/portaltela.pt\/noticias\/2026\/02\/14\/antonio-morgado-dedica-vitoria-na-classica-da-figueira-a-leiria\/\"]}]},{\"@type\":\"ImageObject\",\"inLanguage\":\"pt-PT\",\"@id\":\"https:\/\/portaltela.pt\/noticias\/2026\/02\/14\/antonio-morgado-dedica-vitoria-na-classica-da-figueira-a-leiria\/#primaryimage\",\"url\":\"https:\/\/portaltela.pt\/s.01k8rhncp4jt1\/2026\/02\/img_920x518uu2026-01-31-16-28-48-2418679.jpg\",\"contentUrl\":\"https:\/\/portaltela.pt\/s.01k8rhncp4jt1\/2026\/02\/img_920x518uu2026-01-31-16-28-48-2418679.jpg\",\"width\":796,\"height\":448,\"caption\":\"Ant\u00f3nio Morgado venceu Cl\u00e1ssica da Figueira\"},{\"@type\":\"BreadcrumbList\",\"@id\":\"https:\/\/portaltela.pt\/noticias\/2026\/02\/14\/antonio-morgado-dedica-vitoria-na-classica-da-figueira-a-leiria\/#breadcrumb\",\"itemListElement\":[{\"@type\":\"ListItem\",\"position\":1,\"name\":\"In\u00edcio\",\"item\":\"https:\/\/portaltela.pt\/\"},{\"@type\":\"ListItem\",\"position\":2,\"name\":\"Ant\u00f3nio Morgado dedica vit\u00f3ria na Cl\u00e1ssica da Figueira a Leiria\"}]},{\"@type\":\"WebSite\",\"@id\":\"https:\/\/portaltela.pt\/#website\",\"url\":\"https:\/\/portaltela.pt\/\",\"name\":\"Portal Tela Portugal\",\"description\":\"\",\"potentialAction\":[{\"@type\":\"SearchAction\",\"target\":{\"@type\":\"EntryPoint\",\"urlTemplate\":\"https:\/\/portaltela.pt\/?s={search_term_string}\"},\"query-input\":{\"@type\":\"PropertyValueSpecification\",\"valueRequired\":true,\"valueName\":\"search_term_string\"}}],\"inLanguage\":\"pt-PT\"},{\"@type\":\"Person\",\"@id\":\"https:\/\/portaltela.pt\/#\/schema\/person\/c4278d4a6028830caff9ee44b42d32ed\",\"name\":\"Telinha\",\"image\":{\"@type\":\"ImageObject\",\"inLanguage\":\"pt-PT\",\"@id\":\"https:\/\/portaltela.pt\/s.01k8rhncp4jt1\/2025\/11\/talking-bot-125x125.png\",\"url\":\"https:\/\/portaltela.pt\/s.01k8rhncp4jt1\/2025\/11\/talking-bot-125x125.png\",\"contentUrl\":\"https:\/\/portaltela.pt\/s.01k8rhncp4jt1\/2025\/11\/talking-bot-125x125.png\",\"caption\":\"Telinha\"},\"sameAs\":[\"https:\/\/portaltela.pt\/\"],\"url\":\"https:\/\/portaltela.pt\/por\/367410592786\/\"}]}<\/script>\n<!-- \/ Yoast SEO plugin. -->","yoast_head_json":{"title":"Ant\u00f3nio Morgado dedica vit\u00f3ria na Cl\u00e1ssica da Figueira a Leiria - Portal Tela Portugal","robots":{"index":"index","follow":"follow","max-snippet":"max-snippet:-1","max-image-preview":"max-image-preview:large","max-video-preview":"max-video-preview:-1"},"og_locale":"pt_PT","og_type":"article","og_title":"Ant\u00f3nio Morgado dedica vit\u00f3ria na Cl\u00e1ssica da Figueira a Leiria - Portal Tela Portugal","og_description":"Ant\u00f3nio Morgado venceu a quarta edi\u00e7\u00e3o da Cl\u00e1ssica da Figueira, cumprindo 177,8 quil\u00f3metros em 4:19.13 horas, igualando o tempo do espanhol Alex Aranburu, que ficou em segundo. A vit\u00f3ria foi dedicad\u0430 a Leiria, regi\u00e3o afetada pelo mau tempo, com Morgado a agradecer \u00e0 comunidade local. Brandon McNulty foi apontado como o principal respons\u00e1vel pelo desempenho final da equipa, ajudando Morgado a libertar-se no sprint decisivo. Morgado admite ter corrido em sofrimento na \u00faltima volta, mas manteve-se no grupo da frente at\u00e9 vencer o sprint. Depois de j\u00e1 ter vencido o Trofeo Calvi\u00e0, Morgado prepara-se para a Volta ao Algarve, onde dever\u00e1 apoiar os l\u00edderes Jo\u00e3o Almeida e Brandon, mirando novos objetivos na prova.","og_url":"https:\/\/portaltela.pt\/noticias\/2026\/02\/14\/antonio-morgado-dedica-vitoria-na-classica-da-figueira-a-leiria\/","og_site_name":"Portal Tela Portugal","article_published_time":"2026-02-14T18:44:56+00:00","author":"Telinha","twitter_card":"summary_large_image","twitter_misc":{"Escrito por":"Telinha","Tempo estimado de leitura":"1 minuto"},"schema":{"@context":"https:\/\/schema.org","@graph":[{"@type":"Article","@id":"https:\/\/portaltela.pt\/noticias\/2026\/02\/14\/antonio-morgado-dedica-vitoria-na-classica-da-figueira-a-leiria\/#article","isPartOf":{"@id":"https:\/\/portaltela.pt\/noticias\/2026\/02\/14\/antonio-morgado-dedica-vitoria-na-classica-da-figueira-a-leiria\/"},"author":{"name":"Telinha","@id":"https:\/\/portaltela.pt\/#\/schema\/person\/c4278d4a6028830caff9ee44b42d32ed"},"headline":"Ant\u00f3nio Morgado dedica vit\u00f3ria na Cl\u00e1ssica da Figueira a Leiria","datePublished":"2026-02-14T18:44:56+00:00","mainEntityOfPage":{"@id":"https:\/\/portaltela.pt\/noticias\/2026\/02\/14\/antonio-morgado-dedica-vitoria-na-classica-da-figueira-a-leiria\/"},"wordCount":243,"image":{"@id":"https:\/\/portaltela.pt\/noticias\/2026\/02\/14\/antonio-morgado-dedica-vitoria-na-classica-da-figueira-a-leiria\/#primaryimage"},"thumbnailUrl":"https:\/\/portaltela.pt\/s.01k8rhncp4jt1\/2026\/02\/img_920x518uu2026-01-31-16-28-48-2418679.jpg","keywords":["A UAE Emirates","ciclismo","esportes","Figueira da Foz","Leiria"],"articleSection":["Desporto"],"inLanguage":"pt-PT"},{"@type":"WebPage","@id":"https:\/\/portaltela.pt\/noticias\/2026\/02\/14\/antonio-morgado-dedica-vitoria-na-classica-da-figueira-a-leiria\/","url":"https:\/\/portaltela.pt\/noticias\/2026\/02\/14\/antonio-morgado-dedica-vitoria-na-classica-da-figueira-a-leiria\/","name":"Ant\u00f3nio Morgado dedica vit\u00f3ria na Cl\u00e1ssica da Figueira a Leiria - Portal Tela Portugal","isPartOf":{"@id":"https:\/\/portaltela.pt\/#website"},"primaryImageOfPage":{"@id":"https:\/\/portaltela.pt\/noticias\/2026\/02\/14\/antonio-morgado-dedica-vitoria-na-classica-da-figueira-a-leiria\/#primaryimage"},"image":{"@id":"https:\/\/portaltela.pt\/noticias\/2026\/02\/14\/antonio-morgado-dedica-vitoria-na-classica-da-figueira-a-leiria\/#primaryimage"},"thumbnailUrl":"https:\/\/portaltela.pt\/s.01k8rhncp4jt1\/2026\/02\/img_920x518uu2026-01-31-16-28-48-2418679.jpg","datePublished":"2026-02-14T18:44:56+00:00","author":{"@id":"https:\/\/portaltela.pt\/#\/schema\/person\/c4278d4a6028830caff9ee44b42d32ed"},"breadcrumb":{"@id":"https:\/\/portaltela.pt\/noticias\/2026\/02\/14\/antonio-morgado-dedica-vitoria-na-classica-da-figueira-a-leiria\/#breadcrumb"},"inLanguage":"pt-PT","potentialAction":[{"@type":"ReadAction","target":["https:\/\/portaltela.pt\/noticias\/2026\/02\/14\/antonio-morgado-dedica-vitoria-na-classica-da-figueira-a-leiria\/"]}]},{"@type":"ImageObject","inLanguage":"pt-PT","@id":"https:\/\/portaltela.pt\/noticias\/2026\/02\/14\/antonio-morgado-dedica-vitoria-na-classica-da-figueira-a-leiria\/#primaryimage","url":"https:\/\/portaltela.pt\/s.01k8rhncp4jt1\/2026\/02\/img_920x518uu2026-01-31-16-28-48-2418679.jpg","contentUrl":"https:\/\/portaltela.pt\/s.01k8rhncp4jt1\/2026\/02\/img_920x518uu2026-01-31-16-28-48-2418679.jpg","width":796,"height":448,"caption":"Ant\u00f3nio Morgado venceu Cl\u00e1ssica da Figueira"},{"@type":"BreadcrumbList","@id":"https:\/\/portaltela.pt\/noticias\/2026\/02\/14\/antonio-morgado-dedica-vitoria-na-classica-da-figueira-a-leiria\/#breadcrumb","itemListElement":[{"@type":"ListItem","position":1,"name":"In\u00edcio","item":"https:\/\/portaltela.pt\/"},{"@type":"ListItem","position":2,"name":"Ant\u00f3nio Morgado dedica vit\u00f3ria na Cl\u00e1ssica da Figueira a Leiria"}]},{"@type":"WebSite","@id":"https:\/\/portaltela.pt\/#website","url":"https:\/\/portaltela.pt\/","name":"Portal Tela Portugal","description":"","potentialAction":[{"@type":"SearchAction","target":{"@type":"EntryPoint","urlTemplate":"https:\/\/portaltela.pt\/?s={search_term_string}"},"query-input":{"@type":"PropertyValueSpecification","valueRequired":true,"valueName":"search_term_string"}}],"inLanguage":"pt-PT"},{"@type":"Person","@id":"https:\/\/portaltela.pt\/#\/schema\/person\/c4278d4a6028830caff9ee44b42d32ed","name":"Telinha","image":{"@type":"ImageObject","inLanguage":"pt-PT","@id":"https:\/\/portaltela.pt\/s.01k8rhncp4jt1\/2025\/11\/talking-bot-125x125.png","url":"https:\/\/portaltela.pt\/s.01k8rhncp4jt1\/2025\/11\/talking-bot-125x125.png","contentUrl":"https:\/\/portaltela.pt\/s.01k8rhncp4jt1\/2025\/11\/talking-bot-125x125.png","caption":"Telinha"},"sameAs":["https:\/\/portaltela.pt\/"],"url":"https:\/\/portaltela.pt\/por\/367410592786\/"}]}},"_links":{"self":[{"href":"https:\/\/portaltela.pt\/api\/wp\/v2\/posts\/212651","targetHints":{"allow":["GET"]}}],"collection":[{"href":"https:\/\/portaltela.pt\/api\/wp\/v2\/posts"}],"about":[{"href":"https:\/\/portaltela.pt\/api\/wp\/v2\/types\/post"}],"author":[{"embeddable":true,"href":"https:\/\/portaltela.pt\/api\/wp\/v2\/users\/2"}],"replies":[{"embeddable":true,"href":"https:\/\/portaltela.pt\/api\/wp\/v2\/comments?post=212651"}],"version-history":[{"count":0,"href":"https:\/\/portaltela.pt\/api\/wp\/v2\/posts\/212651\/revisions"}],"wp:featuredmedia":[{"embeddable":true,"href":"https:\/\/portaltela.pt\/api\/wp\/v2\/media\/212655"}],"wp:attachment":[{"href":"https:\/\/portaltela.pt\/api\/wp\/v2\/media?parent=212651"}],"wp:term":[{"taxonomy":"category","embeddable":true,"href":"https:\/\/portaltela.pt\/api\/wp\/v2\/categories?post=212651"},{"taxonomy":"post_tag","embeddable":true,"href":"https:\/\/portaltela.pt\/api\/wp\/v2\/tags?post=212651"}],"curies":[{"name":"wp","href":"https:\/\/api.w.org\/{rel}","templated":true}]}}