{"id":212634,"date":"2026-02-14T15:26:00","date_gmt":"2026-02-14T18:26:00","guid":{"rendered":"https:\/\/portaltela.pt\/noticias\/2026\/02\/14\/marcelo-rebelo-de-sousa-propoe-fundo-de-calamidade\/"},"modified":"2026-02-14T15:26:00","modified_gmt":"2026-02-14T18:26:00","slug":"marcelo-rebelo-de-sousa-propoe-fundo-de-calamidade","status":"publish","type":"post","link":"https:\/\/portaltela.pt\/noticias\/politica\/2026\/02\/14\/marcelo-rebelo-de-sousa-propoe-fundo-de-calamidade\/","title":{"rendered":"Marcelo Rebelo de Sousa prop\u00f5e fundo de calamidade"},"content":{"rendered":"<p>O presidente da Rep\u00fablica, Marcelo Rebelo de Sousa, prop\u00f4s iniciar a discuss\u00e3o sobre a cria\u00e7\u00e3o de um fundo de calamidade em Portugal. A ideia surge no seguimento das cheias que afetaram o pa\u00eds, incluindo o Vale do Sado.<\/p>\n<p>A visita presidencial a Alc\u00e1cer do Sal, no distrito de Set\u00fabal, ocorreu durante o fim de semana. Marcelo reuniu-se com a presidente da c\u00e2mara, Clarisse Campos, e percorreu neg\u00f3cios que ficaram debaixo de \u00e1gua, elogiando empres\u00e1rios, militares e volunt\u00e1rios.<\/p>\n<p>Durante a comunica\u00e7\u00e3o aos jornalistas, o chefe de Estado explicou que pa\u00edses europeus j\u00e1 t\u00eam fundos de grande express\u00e3o para responder a grandes calamidades. Em Portugal, a cria\u00e7\u00e3o do fundo seria financiada de forma extraordin\u00e1ria, quando o or\u00e7amento n\u00e3o cobre.<\/p>\n<p>Marcelo apontou que o dinheiro dispon\u00edvel pode vir do PRR, desde que haja reorienta\u00e7\u00e3o adequada. Alertou, por\u00e9m, que o PRR e o Portugal 2030 n\u00e3o s\u00e3o solu\u00e7\u00f5es cont\u00ednuas, surgindo apenas em momentos espec\u00edficos.<\/p>\n<p>O presidente indicou que a ideia de um fundo de calamidade pode ter surgido pela primeira vez, dada a evolu\u00e7\u00e3o das cat\u00e1strofes. A discuss\u00e3o envolve avaliar a necessidade de financiamento para situa\u00e7\u00f5es muito significativas que exigem apoio estatal.<\/p>\n<p>Sobre os preju\u00edzos, o chefe de Estado destacou a urg\u00eancia de apoiar empres\u00e1rios com seguro, bem como os que n\u00e3o possuem garantias para aceder ao cr\u00e9dito. O objetivo \u00e9 reduzir o tempo de retomada da atividade econ\u00f3mica.<\/p>\n<p>Marcelo questionou o uso de apoios a fundo perdido, considerando o agregado de preju\u00edzos, munic\u00edpios afetados e custos totais. Reconheceu o debate p\u00fablico existente sobre o alcance de tais apoios.<\/p>\n<p>Quanto ao apoio comunit\u00e1rio, o Presidente mencionou a possibilidade de recorrer ao Fundo de Solidariedade da Uni\u00e3o Europeia, lembrando regras espec\u00edficas da UE. Prop\u00f4s ainda ponderar bem um fundo nacional de calamidade neste contexto.<\/p>\n<p>A avalia\u00e7\u00e3o do chefe de Estado mant\u00e9m o foco na preven\u00e7\u00e3o e na capacidade de resposta p\u00fablica a desastres graves, sem preju\u00edzo de analisar diferentes fontes de financiamento para evitar sobrecarga or\u00e7amental.<\/p>\n","protected":false},"excerpt":{"rendered":"<ul>\n<li>O presidente Marcelo Rebelo de Sousa sugeriu iniciar a discuss\u00e3o sobre a cria\u00e7\u00e3o de um fundo de calamidade em Portugal para cobrir preju\u00edzos de eventos extremos, como as cheias recentes.<\/li>\n<li>Durante a visita a Alc\u00e1cer do Sal, o chefe de Estado afirmou que, se h\u00e1 calamidades cada vez mais graves e frequentes, pode fazer sentido ter um fundo destinado a prever essas situa\u00e7\u00f5es.<\/li>\n<li>O fundo seria constitu\u00eddo ao longo do tempo e destinaria financiamento extraordin\u00e1rio para situa\u00e7\u00f5es de maior envergadura que n\u00e3o cabem no Or\u00e7amento do Estado.<\/li>\n<li>O Presidente destacou que o PRR pode ser parcialmente reorientado para apoiar o fundo, mas lembrou que o PRR e o Portugal 2030 n\u00e3o s\u00e3o fontes constantes.<\/li>\n<li>Em rela\u00e7\u00e3o aos empres\u00e1rios afetados pelo mau tempo, disse que \u00e9 preciso equilibrar apoios a fundo perdido com o custo total dos preju\u00edzos e avaliou a possibilidade de pedir apoio ao Fundo de Solidariedade da Uni\u00e3o Europeia.<\/li>\n<\/ul>\n","protected":false},"author":2,"featured_media":212641,"comment_status":"closed","ping_status":"closed","sticky":false,"template":"","format":"standard","meta":{"footnotes":""},"categories":[1,5],"tags":[1998,4687,4966,4907,994,2055],"class_list":["post-212634","post","type-post","status-publish","format-standard","has-post-thumbnail","hentry","category-noticias","category-politica","tag-alcacer-do-sal","tag-calamidade-publica","tag-calamidades","tag-fundo-de-solidariedade","tag-setubal","tag-uniao-europeia"],"yoast_head":"<!-- This site is optimized with the Yoast SEO plugin v27.2 - https:\/\/yoast.com\/product\/yoast-seo-wordpress\/ -->\n<title>Marcelo Rebelo de Sousa prop\u00f5e fundo de calamidade - Portal Tela Portugal<\/title>\n<meta name=\"robots\" content=\"index, follow, max-snippet:-1, max-image-preview:large, max-video-preview:-1\" \/>\n<meta property=\"og:locale\" content=\"pt_PT\" \/>\n<meta property=\"og:type\" content=\"article\" \/>\n<meta property=\"og:title\" content=\"Marcelo Rebelo de Sousa prop\u00f5e fundo de calamidade - Portal Tela Portugal\" \/>\n<meta property=\"og:description\" content=\"O presidente Marcelo Rebelo de Sousa sugeriu iniciar a discuss\u00e3o sobre a cria\u00e7\u00e3o de um fundo de calamidade em Portugal para cobrir preju\u00edzos de eventos extremos, como as cheias recentes. Durante a visita a Alc\u00e1cer do Sal, o chefe de Estado afirmou que, se h\u00e1 calamidades cada vez mais graves e frequentes, pode fazer sentido ter um fundo destinado a prever essas situa\u00e7\u00f5es. O fundo seria constitu\u00eddo ao longo do tempo e destinaria financiamento extraordin\u00e1rio para situa\u00e7\u00f5es de maior envergadura que n\u00e3o cabem no Or\u00e7amento do Estado. O Presidente destacou que o PRR pode ser parcialmente reorientado para apoiar o fundo, mas lembrou que o PRR e o Portugal 2030 n\u00e3o s\u00e3o fontes constantes. Em rela\u00e7\u00e3o aos empres\u00e1rios afetados pelo mau tempo, disse que \u00e9 preciso equilibrar apoios a fundo perdido com o custo total dos preju\u00edzos e avaliou a possibilidade de pedir apoio ao Fundo de Solidariedade da Uni\u00e3o Europeia.\" \/>\n<meta property=\"og:url\" content=\"https:\/\/portaltela.pt\/noticias\/2026\/02\/14\/marcelo-rebelo-de-sousa-propoe-fundo-de-calamidade\/\" \/>\n<meta property=\"og:site_name\" content=\"Portal Tela Portugal\" \/>\n<meta property=\"article:published_time\" content=\"2026-02-14T18:26:00+00:00\" \/>\n<meta name=\"author\" content=\"Telinha\" \/>\n<meta name=\"twitter:card\" content=\"summary_large_image\" \/>\n<meta name=\"twitter:label1\" content=\"Escrito por\" \/>\n\t<meta name=\"twitter:data1\" content=\"Telinha\" \/>\n\t<meta name=\"twitter:label2\" content=\"Tempo estimado de leitura\" \/>\n\t<meta name=\"twitter:data2\" content=\"2 minutos\" \/>\n<script type=\"application\/ld+json\" class=\"yoast-schema-graph\">{\"@context\":\"https:\/\/schema.org\",\"@graph\":[{\"@type\":\"Article\",\"@id\":\"https:\/\/portaltela.pt\/noticias\/2026\/02\/14\/marcelo-rebelo-de-sousa-propoe-fundo-de-calamidade\/#article\",\"isPartOf\":{\"@id\":\"https:\/\/portaltela.pt\/noticias\/2026\/02\/14\/marcelo-rebelo-de-sousa-propoe-fundo-de-calamidade\/\"},\"author\":{\"name\":\"Telinha\",\"@id\":\"https:\/\/portaltela.pt\/#\/schema\/person\/c4278d4a6028830caff9ee44b42d32ed\"},\"headline\":\"Marcelo Rebelo de Sousa prop\u00f5e fundo de calamidade\",\"datePublished\":\"2026-02-14T18:26:00+00:00\",\"mainEntityOfPage\":{\"@id\":\"https:\/\/portaltela.pt\/noticias\/2026\/02\/14\/marcelo-rebelo-de-sousa-propoe-fundo-de-calamidade\/\"},\"wordCount\":378,\"image\":{\"@id\":\"https:\/\/portaltela.pt\/noticias\/2026\/02\/14\/marcelo-rebelo-de-sousa-propoe-fundo-de-calamidade\/#primaryimage\"},\"thumbnailUrl\":\"https:\/\/portaltela.pt\/s.01k8rhncp4jt1\/2026\/02\/image-1129.jpg\",\"keywords\":[\"Alc\u00e1cer do Sal\",\"calamidade p\u00fablica\",\"calamidades\",\"Fundo de Solidariedade\",\"Set\u00fabal\",\"Uni\u00e3o Europeia\"],\"articleSection\":[\"Not\u00edcias\",\"Pol\u00edtica\"],\"inLanguage\":\"pt-PT\"},{\"@type\":\"WebPage\",\"@id\":\"https:\/\/portaltela.pt\/noticias\/2026\/02\/14\/marcelo-rebelo-de-sousa-propoe-fundo-de-calamidade\/\",\"url\":\"https:\/\/portaltela.pt\/noticias\/2026\/02\/14\/marcelo-rebelo-de-sousa-propoe-fundo-de-calamidade\/\",\"name\":\"Marcelo Rebelo de Sousa prop\u00f5e fundo de calamidade - Portal Tela Portugal\",\"isPartOf\":{\"@id\":\"https:\/\/portaltela.pt\/#website\"},\"primaryImageOfPage\":{\"@id\":\"https:\/\/portaltela.pt\/noticias\/2026\/02\/14\/marcelo-rebelo-de-sousa-propoe-fundo-de-calamidade\/#primaryimage\"},\"image\":{\"@id\":\"https:\/\/portaltela.pt\/noticias\/2026\/02\/14\/marcelo-rebelo-de-sousa-propoe-fundo-de-calamidade\/#primaryimage\"},\"thumbnailUrl\":\"https:\/\/portaltela.pt\/s.01k8rhncp4jt1\/2026\/02\/image-1129.jpg\",\"datePublished\":\"2026-02-14T18:26:00+00:00\",\"author\":{\"@id\":\"https:\/\/portaltela.pt\/#\/schema\/person\/c4278d4a6028830caff9ee44b42d32ed\"},\"breadcrumb\":{\"@id\":\"https:\/\/portaltela.pt\/noticias\/2026\/02\/14\/marcelo-rebelo-de-sousa-propoe-fundo-de-calamidade\/#breadcrumb\"},\"inLanguage\":\"pt-PT\",\"potentialAction\":[{\"@type\":\"ReadAction\",\"target\":[\"https:\/\/portaltela.pt\/noticias\/2026\/02\/14\/marcelo-rebelo-de-sousa-propoe-fundo-de-calamidade\/\"]}]},{\"@type\":\"ImageObject\",\"inLanguage\":\"pt-PT\",\"@id\":\"https:\/\/portaltela.pt\/noticias\/2026\/02\/14\/marcelo-rebelo-de-sousa-propoe-fundo-de-calamidade\/#primaryimage\",\"url\":\"https:\/\/portaltela.pt\/s.01k8rhncp4jt1\/2026\/02\/image-1129.jpg\",\"contentUrl\":\"https:\/\/portaltela.pt\/s.01k8rhncp4jt1\/2026\/02\/image-1129.jpg\",\"width\":796,\"height\":448,\"caption\":\"'Se h\u00e1 calamidades cada vez mais graves e frequentes, ent\u00e3o, talvez seja boa ideia haver um fundo que preveja essas calamidades', afirmou\"},{\"@type\":\"BreadcrumbList\",\"@id\":\"https:\/\/portaltela.pt\/noticias\/2026\/02\/14\/marcelo-rebelo-de-sousa-propoe-fundo-de-calamidade\/#breadcrumb\",\"itemListElement\":[{\"@type\":\"ListItem\",\"position\":1,\"name\":\"In\u00edcio\",\"item\":\"https:\/\/portaltela.pt\/\"},{\"@type\":\"ListItem\",\"position\":2,\"name\":\"Marcelo Rebelo de Sousa prop\u00f5e fundo de calamidade\"}]},{\"@type\":\"WebSite\",\"@id\":\"https:\/\/portaltela.pt\/#website\",\"url\":\"https:\/\/portaltela.pt\/\",\"name\":\"Portal Tela Portugal\",\"description\":\"\",\"potentialAction\":[{\"@type\":\"SearchAction\",\"target\":{\"@type\":\"EntryPoint\",\"urlTemplate\":\"https:\/\/portaltela.pt\/?s={search_term_string}\"},\"query-input\":{\"@type\":\"PropertyValueSpecification\",\"valueRequired\":true,\"valueName\":\"search_term_string\"}}],\"inLanguage\":\"pt-PT\"},{\"@type\":\"Person\",\"@id\":\"https:\/\/portaltela.pt\/#\/schema\/person\/c4278d4a6028830caff9ee44b42d32ed\",\"name\":\"Telinha\",\"image\":{\"@type\":\"ImageObject\",\"inLanguage\":\"pt-PT\",\"@id\":\"https:\/\/portaltela.pt\/s.01k8rhncp4jt1\/2025\/11\/talking-bot-125x125.png\",\"url\":\"https:\/\/portaltela.pt\/s.01k8rhncp4jt1\/2025\/11\/talking-bot-125x125.png\",\"contentUrl\":\"https:\/\/portaltela.pt\/s.01k8rhncp4jt1\/2025\/11\/talking-bot-125x125.png\",\"caption\":\"Telinha\"},\"sameAs\":[\"https:\/\/portaltela.pt\/\"],\"url\":\"https:\/\/portaltela.pt\/por\/367410592786\/\"}]}<\/script>\n<!-- \/ Yoast SEO plugin. -->","yoast_head_json":{"title":"Marcelo Rebelo de Sousa prop\u00f5e fundo de calamidade - Portal Tela Portugal","robots":{"index":"index","follow":"follow","max-snippet":"max-snippet:-1","max-image-preview":"max-image-preview:large","max-video-preview":"max-video-preview:-1"},"og_locale":"pt_PT","og_type":"article","og_title":"Marcelo Rebelo de Sousa prop\u00f5e fundo de calamidade - Portal Tela Portugal","og_description":"O presidente Marcelo Rebelo de Sousa sugeriu iniciar a discuss\u00e3o sobre a cria\u00e7\u00e3o de um fundo de calamidade em Portugal para cobrir preju\u00edzos de eventos extremos, como as cheias recentes. Durante a visita a Alc\u00e1cer do Sal, o chefe de Estado afirmou que, se h\u00e1 calamidades cada vez mais graves e frequentes, pode fazer sentido ter um fundo destinado a prever essas situa\u00e7\u00f5es. O fundo seria constitu\u00eddo ao longo do tempo e destinaria financiamento extraordin\u00e1rio para situa\u00e7\u00f5es de maior envergadura que n\u00e3o cabem no Or\u00e7amento do Estado. O Presidente destacou que o PRR pode ser parcialmente reorientado para apoiar o fundo, mas lembrou que o PRR e o Portugal 2030 n\u00e3o s\u00e3o fontes constantes. Em rela\u00e7\u00e3o aos empres\u00e1rios afetados pelo mau tempo, disse que \u00e9 preciso equilibrar apoios a fundo perdido com o custo total dos preju\u00edzos e avaliou a possibilidade de pedir apoio ao Fundo de Solidariedade da Uni\u00e3o Europeia.","og_url":"https:\/\/portaltela.pt\/noticias\/2026\/02\/14\/marcelo-rebelo-de-sousa-propoe-fundo-de-calamidade\/","og_site_name":"Portal Tela Portugal","article_published_time":"2026-02-14T18:26:00+00:00","author":"Telinha","twitter_card":"summary_large_image","twitter_misc":{"Escrito por":"Telinha","Tempo estimado de leitura":"2 minutos"},"schema":{"@context":"https:\/\/schema.org","@graph":[{"@type":"Article","@id":"https:\/\/portaltela.pt\/noticias\/2026\/02\/14\/marcelo-rebelo-de-sousa-propoe-fundo-de-calamidade\/#article","isPartOf":{"@id":"https:\/\/portaltela.pt\/noticias\/2026\/02\/14\/marcelo-rebelo-de-sousa-propoe-fundo-de-calamidade\/"},"author":{"name":"Telinha","@id":"https:\/\/portaltela.pt\/#\/schema\/person\/c4278d4a6028830caff9ee44b42d32ed"},"headline":"Marcelo Rebelo de Sousa prop\u00f5e fundo de calamidade","datePublished":"2026-02-14T18:26:00+00:00","mainEntityOfPage":{"@id":"https:\/\/portaltela.pt\/noticias\/2026\/02\/14\/marcelo-rebelo-de-sousa-propoe-fundo-de-calamidade\/"},"wordCount":378,"image":{"@id":"https:\/\/portaltela.pt\/noticias\/2026\/02\/14\/marcelo-rebelo-de-sousa-propoe-fundo-de-calamidade\/#primaryimage"},"thumbnailUrl":"https:\/\/portaltela.pt\/s.01k8rhncp4jt1\/2026\/02\/image-1129.jpg","keywords":["Alc\u00e1cer do Sal","calamidade p\u00fablica","calamidades","Fundo de Solidariedade","Set\u00fabal","Uni\u00e3o Europeia"],"articleSection":["Not\u00edcias","Pol\u00edtica"],"inLanguage":"pt-PT"},{"@type":"WebPage","@id":"https:\/\/portaltela.pt\/noticias\/2026\/02\/14\/marcelo-rebelo-de-sousa-propoe-fundo-de-calamidade\/","url":"https:\/\/portaltela.pt\/noticias\/2026\/02\/14\/marcelo-rebelo-de-sousa-propoe-fundo-de-calamidade\/","name":"Marcelo Rebelo de Sousa prop\u00f5e fundo de calamidade - Portal Tela Portugal","isPartOf":{"@id":"https:\/\/portaltela.pt\/#website"},"primaryImageOfPage":{"@id":"https:\/\/portaltela.pt\/noticias\/2026\/02\/14\/marcelo-rebelo-de-sousa-propoe-fundo-de-calamidade\/#primaryimage"},"image":{"@id":"https:\/\/portaltela.pt\/noticias\/2026\/02\/14\/marcelo-rebelo-de-sousa-propoe-fundo-de-calamidade\/#primaryimage"},"thumbnailUrl":"https:\/\/portaltela.pt\/s.01k8rhncp4jt1\/2026\/02\/image-1129.jpg","datePublished":"2026-02-14T18:26:00+00:00","author":{"@id":"https:\/\/portaltela.pt\/#\/schema\/person\/c4278d4a6028830caff9ee44b42d32ed"},"breadcrumb":{"@id":"https:\/\/portaltela.pt\/noticias\/2026\/02\/14\/marcelo-rebelo-de-sousa-propoe-fundo-de-calamidade\/#breadcrumb"},"inLanguage":"pt-PT","potentialAction":[{"@type":"ReadAction","target":["https:\/\/portaltela.pt\/noticias\/2026\/02\/14\/marcelo-rebelo-de-sousa-propoe-fundo-de-calamidade\/"]}]},{"@type":"ImageObject","inLanguage":"pt-PT","@id":"https:\/\/portaltela.pt\/noticias\/2026\/02\/14\/marcelo-rebelo-de-sousa-propoe-fundo-de-calamidade\/#primaryimage","url":"https:\/\/portaltela.pt\/s.01k8rhncp4jt1\/2026\/02\/image-1129.jpg","contentUrl":"https:\/\/portaltela.pt\/s.01k8rhncp4jt1\/2026\/02\/image-1129.jpg","width":796,"height":448,"caption":"'Se h\u00e1 calamidades cada vez mais graves e frequentes, ent\u00e3o, talvez seja boa ideia haver um fundo que preveja essas calamidades', afirmou"},{"@type":"BreadcrumbList","@id":"https:\/\/portaltela.pt\/noticias\/2026\/02\/14\/marcelo-rebelo-de-sousa-propoe-fundo-de-calamidade\/#breadcrumb","itemListElement":[{"@type":"ListItem","position":1,"name":"In\u00edcio","item":"https:\/\/portaltela.pt\/"},{"@type":"ListItem","position":2,"name":"Marcelo Rebelo de Sousa prop\u00f5e fundo de calamidade"}]},{"@type":"WebSite","@id":"https:\/\/portaltela.pt\/#website","url":"https:\/\/portaltela.pt\/","name":"Portal Tela Portugal","description":"","potentialAction":[{"@type":"SearchAction","target":{"@type":"EntryPoint","urlTemplate":"https:\/\/portaltela.pt\/?s={search_term_string}"},"query-input":{"@type":"PropertyValueSpecification","valueRequired":true,"valueName":"search_term_string"}}],"inLanguage":"pt-PT"},{"@type":"Person","@id":"https:\/\/portaltela.pt\/#\/schema\/person\/c4278d4a6028830caff9ee44b42d32ed","name":"Telinha","image":{"@type":"ImageObject","inLanguage":"pt-PT","@id":"https:\/\/portaltela.pt\/s.01k8rhncp4jt1\/2025\/11\/talking-bot-125x125.png","url":"https:\/\/portaltela.pt\/s.01k8rhncp4jt1\/2025\/11\/talking-bot-125x125.png","contentUrl":"https:\/\/portaltela.pt\/s.01k8rhncp4jt1\/2025\/11\/talking-bot-125x125.png","caption":"Telinha"},"sameAs":["https:\/\/portaltela.pt\/"],"url":"https:\/\/portaltela.pt\/por\/367410592786\/"}]}},"_links":{"self":[{"href":"https:\/\/portaltela.pt\/api\/wp\/v2\/posts\/212634","targetHints":{"allow":["GET"]}}],"collection":[{"href":"https:\/\/portaltela.pt\/api\/wp\/v2\/posts"}],"about":[{"href":"https:\/\/portaltela.pt\/api\/wp\/v2\/types\/post"}],"author":[{"embeddable":true,"href":"https:\/\/portaltela.pt\/api\/wp\/v2\/users\/2"}],"replies":[{"embeddable":true,"href":"https:\/\/portaltela.pt\/api\/wp\/v2\/comments?post=212634"}],"version-history":[{"count":0,"href":"https:\/\/portaltela.pt\/api\/wp\/v2\/posts\/212634\/revisions"}],"wp:featuredmedia":[{"embeddable":true,"href":"https:\/\/portaltela.pt\/api\/wp\/v2\/media\/212641"}],"wp:attachment":[{"href":"https:\/\/portaltela.pt\/api\/wp\/v2\/media?parent=212634"}],"wp:term":[{"taxonomy":"category","embeddable":true,"href":"https:\/\/portaltela.pt\/api\/wp\/v2\/categories?post=212634"},{"taxonomy":"post_tag","embeddable":true,"href":"https:\/\/portaltela.pt\/api\/wp\/v2\/tags?post=212634"}],"curies":[{"name":"wp","href":"https:\/\/api.w.org\/{rel}","templated":true}]}}