{"id":212618,"date":"2026-02-14T15:02:26","date_gmt":"2026-02-14T18:02:26","guid":{"rendered":"https:\/\/portaltela.pt\/noticias\/2026\/02\/14\/pcp-questiona-governo-sobre-intervencoes-no-sistema-hidraulico-do-mondego\/"},"modified":"2026-02-14T15:02:26","modified_gmt":"2026-02-14T18:02:26","slug":"pcp-questiona-governo-sobre-intervencoes-no-sistema-hidraulico-do-mondego","status":"publish","type":"post","link":"https:\/\/portaltela.pt\/noticias\/2026\/02\/14\/pcp-questiona-governo-sobre-intervencoes-no-sistema-hidraulico-do-mondego\/","title":{"rendered":"PCP questiona Governo sobre interven\u00e7\u00f5es no sistema hidr\u00e1ulico do Mondego"},"content":{"rendered":"<p>O PCP questionou, neste s\u00e1bado, o Governo sobre interven\u00e7\u00f5es no sistema hidr\u00e1ulico do rio Mondego realizadas pela empresa Navigator. A pergunta, dirigida aos minist\u00e9rios do Ambiente e Energia e da Agricultura e Mar, pretende conhecer o enquadramento legal e o papel da Ag\u00eancia Portuguesa do Ambiente (APA).<\/p>\n<p>Os comunistas querem saber se o Governo tem conhecimento de interven\u00e7\u00f5es feitas nos \u00faltimos anos, ou recentemente, pela Navigator ou outras empresas, e no dom\u00ednio p\u00fablico h\u00eddrico em geral. Questionam ainda sob quais instrumentos jur\u00eddicos\u2014nomeadamente de contrata\u00e7\u00e3o p\u00fablica ou contrapartidas do Estado\u2014foram realizadas essas interven\u00e7\u00f5es e qual tem sido o papel da APA.<\/p>\n<p>O PCP afirma que h\u00e1 uma pr\u00e1tica antiga de interven\u00e7\u00f5es da Navigator no Mondego, sem contratos ou procedimentos transparentes, o que levanta d\u00favidas sobre a legitimidade e a transpar\u00eancia desse relacionamento. Al\u00e9m disso, exige saber que meios humanos e t\u00e9cnicos disp\u00f5e hoje a APA para monitoriza\u00e7\u00e3o e gest\u00e3o do Aproveitamento do Mondego e se correspondem \u00e0s necessidades.<\/p>\n<h3>Situa\u00e7\u00e3o atual e antecedentes<\/h3>\n<p>O partido questiona tamb\u00e9m o ponto de situa\u00e7\u00e3o da obra do aproveitamento hidroagr\u00edcola do Mondego, e aponta que interven\u00e7\u00f5es privadas num dom\u00ednio da APA indicam falhas na gest\u00e3o p\u00fablica integral, bem como aus\u00eancia de transpar\u00eancia quanto a legitimidade, custos e contrapartidas. Requer ainda a conclus\u00e3o urgente da obra no Baixo Mondego.<\/p>\n<p>Na sexta-feira, o presidente da APA recusou esclarecer a que t\u00edtulo a Navigator interv\u00e9m no sistema hidr\u00e1ulico do Mondego, substituindo o Estado nessa obra p\u00fablica. As interven\u00e7\u00f5es, associadas a situa\u00e7\u00f5es de emerg\u00eancia por inunda\u00e7\u00f5es, t\u00eam sido conhecidas junto de autarcas, agricultores e empres\u00e1rios do Baixo Mondego.<\/p>\n<p>As a\u00e7\u00f5es da Navigator ocorrem sobretudo quando o canal de rega, que abastece a agricultura, as f\u00e1bricas da Figueira da Foz e o abastecimento municipal, entra em falha. O canal adjacente ao Mondego j\u00e1 quebrou em dois pontos, afetando o fluxo para o oeste e passando por debaixo do rio.<\/p>\n<p>Fontes ouvidas pela Lusa confirmam a interven\u00e7\u00e3o da Navigator na atual fase de inunda\u00e7\u00f5es, alegadamente para colocar em funcionamento a bomba na esta\u00e7\u00e3o de bombagem do Foja e redirecionar \u00e1gua do canal para o rega, permitindo o regresso de \u00e1gua \u00e0 f\u00e1brica da Figueira da Foz.<\/p>\n<p>Em janeiro de 2020, ap\u00f3s as cheias de dezembro de 2019, agricultores criticaram a atua\u00e7\u00e3o privada no canal de rega, mas alegaram que as celuloses mantinham a infraestrutura h\u00e1 anos, sublinhando a relev\u00e2ncia da \u00e1gua para a produ\u00e7\u00e3o, sem mecanismos de contrata\u00e7\u00e3o p\u00fablica claros.<\/p>\n<p>O hist\u00f3rico de interven\u00e7\u00f5es privadas em dom\u00ednio p\u00fablico no Mondego j\u00e1 tinha sido alvo de reparos pelo Tribunal de Contas, em 2017.<\/p>\n","protected":false},"excerpt":{"rendered":"<ul>\n<li>O PCP questionou o Governo sobre interven\u00e7\u00f5es da Navigator no sistema hidr\u00e1ulico do Mondego, pedindo o enquadramento legal e o papel da Ag\u00eancia Portuguesa do Ambiente (APA).<\/li>\n<li>Quer saber se o Governo tem conhecimento de interven\u00e7\u00f5es recentes por Navigator ou outras empresas no Mondego e no dom\u00ednio p\u00fablico h\u00eddrico, e em que instrumentos jur\u00eddicos foram feitas.<\/li>\n<li>O PCP acusa falta de transpar\u00eancia na rela\u00e7\u00e3o entre a empresa privada e o sistema p\u00fablico, questionando legitimidade, custos e contrapartidas das interven\u00e7\u00f5es.<\/li>\n<li>O grupo parlamentar tamb\u00e9m quer saber que meios humanos e t\u00e9cnicos tem a APA para monitoriza\u00e7\u00e3o, vigil\u00e2ncia e gest\u00e3o do Aproveitamento do Mondego e o ponto de situa\u00e7\u00e3o da obra hidroagr\u00edcola do Baixo Mondego.<\/li>\n<li>O PCP afirmou que interven\u00e7\u00f5es privadas na \u00e1rea sob responsabilidade p\u00fablica demonstram falhas de gest\u00e3o p\u00fablica e pediu a conclus\u00e3o urgente da obra hidroagr\u00edcola do Baixo Mondego; a APA j\u00e1 recusou esclarecer os fundamentos das interven\u00e7\u00f5es da Navigator.<\/li>\n<\/ul>\n","protected":false},"author":2,"featured_media":212625,"comment_status":"closed","ping_status":"closed","sticky":false,"template":"","format":"standard","meta":{"footnotes":""},"categories":[1],"tags":[1503,168,4802,1090,167,5708],"class_list":["post-212618","post","type-post","status-publish","format-standard","has-post-thumbnail","hentry","category-noticias","tag-abastecimento-de-agua","tag-administracao-publica","tag-agencia-portuguesa-do-ambiente","tag-agua","tag-ambiente","tag-transparencia-publica"],"yoast_head":"<!-- This site is optimized with the Yoast SEO plugin v27.2 - https:\/\/yoast.com\/product\/yoast-seo-wordpress\/ -->\n<title>PCP questiona Governo sobre interven\u00e7\u00f5es no sistema hidr\u00e1ulico do Mondego - Portal Tela Portugal<\/title>\n<meta name=\"robots\" content=\"index, follow, max-snippet:-1, max-image-preview:large, max-video-preview:-1\" \/>\n<meta property=\"og:locale\" content=\"pt_PT\" \/>\n<meta property=\"og:type\" content=\"article\" \/>\n<meta property=\"og:title\" content=\"PCP questiona Governo sobre interven\u00e7\u00f5es no sistema hidr\u00e1ulico do Mondego - Portal Tela Portugal\" \/>\n<meta property=\"og:description\" content=\"O PCP questionou o Governo sobre interven\u00e7\u00f5es da Navigator no sistema hidr\u00e1ulico do Mondego, pedindo o enquadramento legal e o papel da Ag\u00eancia Portuguesa do Ambiente (APA). Quer saber se o Governo tem conhecimento de interven\u00e7\u00f5es recentes por Navigator ou outras empresas no Mondego e no dom\u00ednio p\u00fablico h\u00eddrico, e em que instrumentos jur\u00eddicos foram feitas. O PCP acusa falta de transpar\u00eancia na rela\u00e7\u00e3o entre a empresa privada e o sistema p\u00fablico, questionando legitimidade, custos e contrapartidas das interven\u00e7\u00f5es. O grupo parlamentar tamb\u00e9m quer saber que meios humanos e t\u00e9cnicos tem a APA para monitoriza\u00e7\u00e3o, vigil\u00e2ncia e gest\u00e3o do Aproveitamento do Mondego e o ponto de situa\u00e7\u00e3o da obra hidroagr\u00edcola do Baixo Mondego. O PCP afirmou que interven\u00e7\u00f5es privadas na \u00e1rea sob responsabilidade p\u00fablica demonstram falhas de gest\u00e3o p\u00fablica e pediu a conclus\u00e3o urgente da obra hidroagr\u00edcola do Baixo Mondego; a APA j\u00e1 recusou esclarecer os fundamentos das interven\u00e7\u00f5es da Navigator.\" \/>\n<meta property=\"og:url\" content=\"https:\/\/portaltela.pt\/noticias\/2026\/02\/14\/pcp-questiona-governo-sobre-intervencoes-no-sistema-hidraulico-do-mondego\/\" \/>\n<meta property=\"og:site_name\" content=\"Portal Tela Portugal\" \/>\n<meta property=\"article:published_time\" content=\"2026-02-14T18:02:26+00:00\" \/>\n<meta name=\"author\" content=\"Telinha\" \/>\n<meta name=\"twitter:card\" content=\"summary_large_image\" \/>\n<meta name=\"twitter:label1\" content=\"Escrito por\" \/>\n\t<meta name=\"twitter:data1\" content=\"Telinha\" \/>\n\t<meta name=\"twitter:label2\" content=\"Tempo estimado de leitura\" \/>\n\t<meta name=\"twitter:data2\" content=\"2 minutos\" \/>\n<script type=\"application\/ld+json\" class=\"yoast-schema-graph\">{\"@context\":\"https:\/\/schema.org\",\"@graph\":[{\"@type\":\"Article\",\"@id\":\"https:\/\/portaltela.pt\/noticias\/2026\/02\/14\/pcp-questiona-governo-sobre-intervencoes-no-sistema-hidraulico-do-mondego\/#article\",\"isPartOf\":{\"@id\":\"https:\/\/portaltela.pt\/noticias\/2026\/02\/14\/pcp-questiona-governo-sobre-intervencoes-no-sistema-hidraulico-do-mondego\/\"},\"author\":{\"name\":\"Telinha\",\"@id\":\"https:\/\/portaltela.pt\/#\/schema\/person\/c4278d4a6028830caff9ee44b42d32ed\"},\"headline\":\"PCP questiona Governo sobre interven\u00e7\u00f5es no sistema hidr\u00e1ulico do Mondego\",\"datePublished\":\"2026-02-14T18:02:26+00:00\",\"mainEntityOfPage\":{\"@id\":\"https:\/\/portaltela.pt\/noticias\/2026\/02\/14\/pcp-questiona-governo-sobre-intervencoes-no-sistema-hidraulico-do-mondego\/\"},\"wordCount\":489,\"image\":{\"@id\":\"https:\/\/portaltela.pt\/noticias\/2026\/02\/14\/pcp-questiona-governo-sobre-intervencoes-no-sistema-hidraulico-do-mondego\/#primaryimage\"},\"thumbnailUrl\":\"https:\/\/portaltela.pt\/s.01k8rhncp4jt1\/2026\/02\/img_1280x721uu2026-02-12-16-14-22-2266502-1.jpg\",\"keywords\":[\"abastecimento de \u00e1gua\",\"administra\u00e7\u00e3o p\u00fablica\",\"Ag\u00eancia Portuguesa do Ambiente\",\"\u00e1gua\",\"ambiente\",\"transpar\u00eancia p\u00fablica\"],\"articleSection\":[\"Not\u00edcias\"],\"inLanguage\":\"pt-PT\"},{\"@type\":\"WebPage\",\"@id\":\"https:\/\/portaltela.pt\/noticias\/2026\/02\/14\/pcp-questiona-governo-sobre-intervencoes-no-sistema-hidraulico-do-mondego\/\",\"url\":\"https:\/\/portaltela.pt\/noticias\/2026\/02\/14\/pcp-questiona-governo-sobre-intervencoes-no-sistema-hidraulico-do-mondego\/\",\"name\":\"PCP questiona Governo sobre interven\u00e7\u00f5es no sistema hidr\u00e1ulico do Mondego - Portal Tela Portugal\",\"isPartOf\":{\"@id\":\"https:\/\/portaltela.pt\/#website\"},\"primaryImageOfPage\":{\"@id\":\"https:\/\/portaltela.pt\/noticias\/2026\/02\/14\/pcp-questiona-governo-sobre-intervencoes-no-sistema-hidraulico-do-mondego\/#primaryimage\"},\"image\":{\"@id\":\"https:\/\/portaltela.pt\/noticias\/2026\/02\/14\/pcp-questiona-governo-sobre-intervencoes-no-sistema-hidraulico-do-mondego\/#primaryimage\"},\"thumbnailUrl\":\"https:\/\/portaltela.pt\/s.01k8rhncp4jt1\/2026\/02\/img_1280x721uu2026-02-12-16-14-22-2266502-1.jpg\",\"datePublished\":\"2026-02-14T18:02:26+00:00\",\"author\":{\"@id\":\"https:\/\/portaltela.pt\/#\/schema\/person\/c4278d4a6028830caff9ee44b42d32ed\"},\"breadcrumb\":{\"@id\":\"https:\/\/portaltela.pt\/noticias\/2026\/02\/14\/pcp-questiona-governo-sobre-intervencoes-no-sistema-hidraulico-do-mondego\/#breadcrumb\"},\"inLanguage\":\"pt-PT\",\"potentialAction\":[{\"@type\":\"ReadAction\",\"target\":[\"https:\/\/portaltela.pt\/noticias\/2026\/02\/14\/pcp-questiona-governo-sobre-intervencoes-no-sistema-hidraulico-do-mondego\/\"]}]},{\"@type\":\"ImageObject\",\"inLanguage\":\"pt-PT\",\"@id\":\"https:\/\/portaltela.pt\/noticias\/2026\/02\/14\/pcp-questiona-governo-sobre-intervencoes-no-sistema-hidraulico-do-mondego\/#primaryimage\",\"url\":\"https:\/\/portaltela.pt\/s.01k8rhncp4jt1\/2026\/02\/img_1280x721uu2026-02-12-16-14-22-2266502-1.jpg\",\"contentUrl\":\"https:\/\/portaltela.pt\/s.01k8rhncp4jt1\/2026\/02\/img_1280x721uu2026-02-12-16-14-22-2266502-1.jpg\",\"width\":796,\"height\":448,\"caption\":\"Inunda\u00e7\u00f5es provocadas pelas \u00e1guas do rio Mondego em Montemor-o-Velho\"},{\"@type\":\"BreadcrumbList\",\"@id\":\"https:\/\/portaltela.pt\/noticias\/2026\/02\/14\/pcp-questiona-governo-sobre-intervencoes-no-sistema-hidraulico-do-mondego\/#breadcrumb\",\"itemListElement\":[{\"@type\":\"ListItem\",\"position\":1,\"name\":\"In\u00edcio\",\"item\":\"https:\/\/portaltela.pt\/\"},{\"@type\":\"ListItem\",\"position\":2,\"name\":\"PCP questiona Governo sobre interven\u00e7\u00f5es no sistema hidr\u00e1ulico do Mondego\"}]},{\"@type\":\"WebSite\",\"@id\":\"https:\/\/portaltela.pt\/#website\",\"url\":\"https:\/\/portaltela.pt\/\",\"name\":\"Portal Tela Portugal\",\"description\":\"\",\"potentialAction\":[{\"@type\":\"SearchAction\",\"target\":{\"@type\":\"EntryPoint\",\"urlTemplate\":\"https:\/\/portaltela.pt\/?s={search_term_string}\"},\"query-input\":{\"@type\":\"PropertyValueSpecification\",\"valueRequired\":true,\"valueName\":\"search_term_string\"}}],\"inLanguage\":\"pt-PT\"},{\"@type\":\"Person\",\"@id\":\"https:\/\/portaltela.pt\/#\/schema\/person\/c4278d4a6028830caff9ee44b42d32ed\",\"name\":\"Telinha\",\"image\":{\"@type\":\"ImageObject\",\"inLanguage\":\"pt-PT\",\"@id\":\"https:\/\/portaltela.pt\/s.01k8rhncp4jt1\/2025\/11\/talking-bot-125x125.png\",\"url\":\"https:\/\/portaltela.pt\/s.01k8rhncp4jt1\/2025\/11\/talking-bot-125x125.png\",\"contentUrl\":\"https:\/\/portaltela.pt\/s.01k8rhncp4jt1\/2025\/11\/talking-bot-125x125.png\",\"caption\":\"Telinha\"},\"sameAs\":[\"https:\/\/portaltela.pt\/\"],\"url\":\"https:\/\/portaltela.pt\/por\/367410592786\/\"}]}<\/script>\n<!-- \/ Yoast SEO plugin. -->","yoast_head_json":{"title":"PCP questiona Governo sobre interven\u00e7\u00f5es no sistema hidr\u00e1ulico do Mondego - Portal Tela Portugal","robots":{"index":"index","follow":"follow","max-snippet":"max-snippet:-1","max-image-preview":"max-image-preview:large","max-video-preview":"max-video-preview:-1"},"og_locale":"pt_PT","og_type":"article","og_title":"PCP questiona Governo sobre interven\u00e7\u00f5es no sistema hidr\u00e1ulico do Mondego - Portal Tela Portugal","og_description":"O PCP questionou o Governo sobre interven\u00e7\u00f5es da Navigator no sistema hidr\u00e1ulico do Mondego, pedindo o enquadramento legal e o papel da Ag\u00eancia Portuguesa do Ambiente (APA). Quer saber se o Governo tem conhecimento de interven\u00e7\u00f5es recentes por Navigator ou outras empresas no Mondego e no dom\u00ednio p\u00fablico h\u00eddrico, e em que instrumentos jur\u00eddicos foram feitas. O PCP acusa falta de transpar\u00eancia na rela\u00e7\u00e3o entre a empresa privada e o sistema p\u00fablico, questionando legitimidade, custos e contrapartidas das interven\u00e7\u00f5es. O grupo parlamentar tamb\u00e9m quer saber que meios humanos e t\u00e9cnicos tem a APA para monitoriza\u00e7\u00e3o, vigil\u00e2ncia e gest\u00e3o do Aproveitamento do Mondego e o ponto de situa\u00e7\u00e3o da obra hidroagr\u00edcola do Baixo Mondego. O PCP afirmou que interven\u00e7\u00f5es privadas na \u00e1rea sob responsabilidade p\u00fablica demonstram falhas de gest\u00e3o p\u00fablica e pediu a conclus\u00e3o urgente da obra hidroagr\u00edcola do Baixo Mondego; a APA j\u00e1 recusou esclarecer os fundamentos das interven\u00e7\u00f5es da Navigator.","og_url":"https:\/\/portaltela.pt\/noticias\/2026\/02\/14\/pcp-questiona-governo-sobre-intervencoes-no-sistema-hidraulico-do-mondego\/","og_site_name":"Portal Tela Portugal","article_published_time":"2026-02-14T18:02:26+00:00","author":"Telinha","twitter_card":"summary_large_image","twitter_misc":{"Escrito por":"Telinha","Tempo estimado de leitura":"2 minutos"},"schema":{"@context":"https:\/\/schema.org","@graph":[{"@type":"Article","@id":"https:\/\/portaltela.pt\/noticias\/2026\/02\/14\/pcp-questiona-governo-sobre-intervencoes-no-sistema-hidraulico-do-mondego\/#article","isPartOf":{"@id":"https:\/\/portaltela.pt\/noticias\/2026\/02\/14\/pcp-questiona-governo-sobre-intervencoes-no-sistema-hidraulico-do-mondego\/"},"author":{"name":"Telinha","@id":"https:\/\/portaltela.pt\/#\/schema\/person\/c4278d4a6028830caff9ee44b42d32ed"},"headline":"PCP questiona Governo sobre interven\u00e7\u00f5es no sistema hidr\u00e1ulico do Mondego","datePublished":"2026-02-14T18:02:26+00:00","mainEntityOfPage":{"@id":"https:\/\/portaltela.pt\/noticias\/2026\/02\/14\/pcp-questiona-governo-sobre-intervencoes-no-sistema-hidraulico-do-mondego\/"},"wordCount":489,"image":{"@id":"https:\/\/portaltela.pt\/noticias\/2026\/02\/14\/pcp-questiona-governo-sobre-intervencoes-no-sistema-hidraulico-do-mondego\/#primaryimage"},"thumbnailUrl":"https:\/\/portaltela.pt\/s.01k8rhncp4jt1\/2026\/02\/img_1280x721uu2026-02-12-16-14-22-2266502-1.jpg","keywords":["abastecimento de \u00e1gua","administra\u00e7\u00e3o p\u00fablica","Ag\u00eancia Portuguesa do Ambiente","\u00e1gua","ambiente","transpar\u00eancia p\u00fablica"],"articleSection":["Not\u00edcias"],"inLanguage":"pt-PT"},{"@type":"WebPage","@id":"https:\/\/portaltela.pt\/noticias\/2026\/02\/14\/pcp-questiona-governo-sobre-intervencoes-no-sistema-hidraulico-do-mondego\/","url":"https:\/\/portaltela.pt\/noticias\/2026\/02\/14\/pcp-questiona-governo-sobre-intervencoes-no-sistema-hidraulico-do-mondego\/","name":"PCP questiona Governo sobre interven\u00e7\u00f5es no sistema hidr\u00e1ulico do Mondego - Portal Tela Portugal","isPartOf":{"@id":"https:\/\/portaltela.pt\/#website"},"primaryImageOfPage":{"@id":"https:\/\/portaltela.pt\/noticias\/2026\/02\/14\/pcp-questiona-governo-sobre-intervencoes-no-sistema-hidraulico-do-mondego\/#primaryimage"},"image":{"@id":"https:\/\/portaltela.pt\/noticias\/2026\/02\/14\/pcp-questiona-governo-sobre-intervencoes-no-sistema-hidraulico-do-mondego\/#primaryimage"},"thumbnailUrl":"https:\/\/portaltela.pt\/s.01k8rhncp4jt1\/2026\/02\/img_1280x721uu2026-02-12-16-14-22-2266502-1.jpg","datePublished":"2026-02-14T18:02:26+00:00","author":{"@id":"https:\/\/portaltela.pt\/#\/schema\/person\/c4278d4a6028830caff9ee44b42d32ed"},"breadcrumb":{"@id":"https:\/\/portaltela.pt\/noticias\/2026\/02\/14\/pcp-questiona-governo-sobre-intervencoes-no-sistema-hidraulico-do-mondego\/#breadcrumb"},"inLanguage":"pt-PT","potentialAction":[{"@type":"ReadAction","target":["https:\/\/portaltela.pt\/noticias\/2026\/02\/14\/pcp-questiona-governo-sobre-intervencoes-no-sistema-hidraulico-do-mondego\/"]}]},{"@type":"ImageObject","inLanguage":"pt-PT","@id":"https:\/\/portaltela.pt\/noticias\/2026\/02\/14\/pcp-questiona-governo-sobre-intervencoes-no-sistema-hidraulico-do-mondego\/#primaryimage","url":"https:\/\/portaltela.pt\/s.01k8rhncp4jt1\/2026\/02\/img_1280x721uu2026-02-12-16-14-22-2266502-1.jpg","contentUrl":"https:\/\/portaltela.pt\/s.01k8rhncp4jt1\/2026\/02\/img_1280x721uu2026-02-12-16-14-22-2266502-1.jpg","width":796,"height":448,"caption":"Inunda\u00e7\u00f5es provocadas pelas \u00e1guas do rio Mondego em Montemor-o-Velho"},{"@type":"BreadcrumbList","@id":"https:\/\/portaltela.pt\/noticias\/2026\/02\/14\/pcp-questiona-governo-sobre-intervencoes-no-sistema-hidraulico-do-mondego\/#breadcrumb","itemListElement":[{"@type":"ListItem","position":1,"name":"In\u00edcio","item":"https:\/\/portaltela.pt\/"},{"@type":"ListItem","position":2,"name":"PCP questiona Governo sobre interven\u00e7\u00f5es no sistema hidr\u00e1ulico do Mondego"}]},{"@type":"WebSite","@id":"https:\/\/portaltela.pt\/#website","url":"https:\/\/portaltela.pt\/","name":"Portal Tela Portugal","description":"","potentialAction":[{"@type":"SearchAction","target":{"@type":"EntryPoint","urlTemplate":"https:\/\/portaltela.pt\/?s={search_term_string}"},"query-input":{"@type":"PropertyValueSpecification","valueRequired":true,"valueName":"search_term_string"}}],"inLanguage":"pt-PT"},{"@type":"Person","@id":"https:\/\/portaltela.pt\/#\/schema\/person\/c4278d4a6028830caff9ee44b42d32ed","name":"Telinha","image":{"@type":"ImageObject","inLanguage":"pt-PT","@id":"https:\/\/portaltela.pt\/s.01k8rhncp4jt1\/2025\/11\/talking-bot-125x125.png","url":"https:\/\/portaltela.pt\/s.01k8rhncp4jt1\/2025\/11\/talking-bot-125x125.png","contentUrl":"https:\/\/portaltela.pt\/s.01k8rhncp4jt1\/2025\/11\/talking-bot-125x125.png","caption":"Telinha"},"sameAs":["https:\/\/portaltela.pt\/"],"url":"https:\/\/portaltela.pt\/por\/367410592786\/"}]}},"_links":{"self":[{"href":"https:\/\/portaltela.pt\/api\/wp\/v2\/posts\/212618","targetHints":{"allow":["GET"]}}],"collection":[{"href":"https:\/\/portaltela.pt\/api\/wp\/v2\/posts"}],"about":[{"href":"https:\/\/portaltela.pt\/api\/wp\/v2\/types\/post"}],"author":[{"embeddable":true,"href":"https:\/\/portaltela.pt\/api\/wp\/v2\/users\/2"}],"replies":[{"embeddable":true,"href":"https:\/\/portaltela.pt\/api\/wp\/v2\/comments?post=212618"}],"version-history":[{"count":0,"href":"https:\/\/portaltela.pt\/api\/wp\/v2\/posts\/212618\/revisions"}],"wp:featuredmedia":[{"embeddable":true,"href":"https:\/\/portaltela.pt\/api\/wp\/v2\/media\/212625"}],"wp:attachment":[{"href":"https:\/\/portaltela.pt\/api\/wp\/v2\/media?parent=212618"}],"wp:term":[{"taxonomy":"category","embeddable":true,"href":"https:\/\/portaltela.pt\/api\/wp\/v2\/categories?post=212618"},{"taxonomy":"post_tag","embeddable":true,"href":"https:\/\/portaltela.pt\/api\/wp\/v2\/tags?post=212618"}],"curies":[{"name":"wp","href":"https:\/\/api.w.org\/{rel}","templated":true}]}}