{"id":212502,"date":"2026-02-14T13:19:00","date_gmt":"2026-02-14T16:19:00","guid":{"rendered":"https:\/\/portaltela.pt\/noticias\/2026\/02\/14\/sanchez-exorta-potencias-nucleares-a-evitar-corrida-ao-armamento\/"},"modified":"2026-02-14T13:19:00","modified_gmt":"2026-02-14T16:19:00","slug":"sanchez-exorta-potencias-nucleares-a-evitar-corrida-ao-armamento","status":"publish","type":"post","link":"https:\/\/portaltela.pt\/noticias\/internacional\/2026\/02\/14\/sanchez-exorta-potencias-nucleares-a-evitar-corrida-ao-armamento\/","title":{"rendered":"S\u00e1nchez exorta pot\u00eancias nucleares a evitar corrida ao armamento"},"content":{"rendered":"<p>O primeiro-ministro espanhol, Pedro S\u00e1nchez, classificou este s\u00e1bado o rearmamento nuclear como um erro hist\u00f3rico e pediu \u00e0s pot\u00eancias nucleares que impe\u00e7am uma nova corrida ao armamento, enquanto ainda h\u00e1 tempo para agir. O apelo foi feito na Confer\u00eancia de Seguran\u00e7a de Munique.<\/p>\n<p>Segundo S\u00e1nchez, as pot\u00eancias gastam mais de 11 milh\u00f5es de d\u00f3lares por hora em armas nucleares, e apenas os Estados Unidos devem investir quase 947 mil milh\u00f5es de d\u00f3lares nas pr\u00f3ximas d\u00e9cadas. O objetivo \u00e9 evitar que li\u00e7\u00f5es do passado sejam esquecidas.<\/p>\n<p>O chefe do Governo espanhol sublinhou a necessidade de a Europa refor\u00e7ar as suas capacidades de defesa para proteger a liberdade e o modo de vida, bem como para assegurar garantias de seguran\u00e7a aos parceiros internacionais.<\/p>\n<h3>Apelos e propostas<\/h3>\n<p>O l\u00edder espanhol defendeu a interrup\u00e7\u00e3o do rearmamento, o regresso \u00e0s negocia\u00e7\u00f5es e a assinatura de um novo tratado START para limitar arsenais estrat\u00e9gicos, mantendo a humanidade fora de uma nova corrida.<\/p>\n<p>S\u00e1nchez pediu tamb\u00e9m a cria\u00e7\u00e3o de um ex\u00e9rcito europeu, coordenado e controlado, com participa\u00e7\u00e3o ativa da Espanha, como resposta \u00e0 atual conjuntura geopol\u00edtica e \u00e0s tens\u00f5es com a R\u00fassia, garantindo dissuas\u00e3o coordenada.<\/p>\n<p>A 62.\u00aa Confer\u00eancia de Seguran\u00e7a de Munique decorre at\u00e9 domingo e re\u00fane especialistas em pol\u00edticas de seguran\u00e7a de v\u00e1rias partes do mundo.<\/p>\n","protected":false},"excerpt":{"rendered":"<ul>\n<li>O primeiro-ministro espanhol, Pedro S\u00e1nchez, classificou o rearmamento nuclear como um &#8220;erro hist\u00f3rico&#8221; e pediu \u00e0s pot\u00eancias para impedir uma nova corrida \u00e0s armas enquanto ainda \u00e9 poss\u00edvel.<\/li>\n<li>Em Munique, S\u00e1nchez destacou que as pot\u00eancias nucleares parecem ter esquecido as li\u00e7\u00f5es do passado ao expandirem arsenais nucleares.<\/li>\n<li>Afirmou que, juntas, gastam mais de onze milh\u00f5es de d\u00f3lares por hora em armas nucleares, com os Estados Unidos estimados para investir cerca de 946 mil milh\u00f5es de d\u00f3lares nas pr\u00f3ximas d\u00e9cadas.<\/li>\n<li>Pediu que as pot\u00eancias nucleares interrompam o rearmamento, entrem em negocia\u00e7\u00f5es e entrem num novo Tratado de Redu\u00e7\u00e3o de Armamento Estrat\u00e9gico (START).<\/li>\n<li>Sublinhou a necessidade de refor\u00e7ar a dissuas\u00e3o europeia e, de forma coordenada, criar um ex\u00e9rcito europeu j\u00e1, com a Espanha a comprometer-se a contribuir com recursos.<\/li>\n<\/ul>\n","protected":false},"author":2,"featured_media":212507,"comment_status":"closed","ping_status":"closed","sticky":false,"template":"","format":"standard","meta":{"footnotes":""},"categories":[4,1],"tags":[1650,2487,3110,4222,5043,5565],"class_list":["post-212502","post","type-post","status-publish","format-standard","has-post-thumbnail","hentry","category-internacional","category-noticias","tag-conferencia","tag-europa","tag-russia","tag-seguranca-internacional","tag-tensoes-internacionais","tag-tratados-internacionais"],"yoast_head":"<!-- This site is optimized with the Yoast SEO plugin v27.2 - https:\/\/yoast.com\/product\/yoast-seo-wordpress\/ -->\n<title>S\u00e1nchez exorta pot\u00eancias nucleares a evitar corrida ao armamento - Portal Tela Portugal<\/title>\n<meta name=\"robots\" content=\"index, follow, max-snippet:-1, max-image-preview:large, max-video-preview:-1\" \/>\n<meta property=\"og:locale\" content=\"pt_PT\" \/>\n<meta property=\"og:type\" content=\"article\" \/>\n<meta property=\"og:title\" content=\"S\u00e1nchez exorta pot\u00eancias nucleares a evitar corrida ao armamento - Portal Tela Portugal\" \/>\n<meta property=\"og:description\" content=\"O primeiro-ministro espanhol, Pedro S\u00e1nchez, classificou o rearmamento nuclear como um &quot;erro hist\u00f3rico&quot; e pediu \u00e0s pot\u00eancias para impedir uma nova corrida \u00e0s armas enquanto ainda \u00e9 poss\u00edvel. Em Munique, S\u00e1nchez destacou que as pot\u00eancias nucleares parecem ter esquecido as li\u00e7\u00f5es do passado ao expandirem arsenais nucleares. Afirmou que, juntas, gastam mais de onze milh\u00f5es de d\u00f3lares por hora em armas nucleares, com os Estados Unidos estimados para investir cerca de 946 mil milh\u00f5es de d\u00f3lares nas pr\u00f3ximas d\u00e9cadas. Pediu que as pot\u00eancias nucleares interrompam o rearmamento, entrem em negocia\u00e7\u00f5es e entrem num novo Tratado de Redu\u00e7\u00e3o de Armamento Estrat\u00e9gico (START). Sublinhou a necessidade de refor\u00e7ar a dissuas\u00e3o europeia e, de forma coordenada, criar um ex\u00e9rcito europeu j\u00e1, com a Espanha a comprometer-se a contribuir com recursos.\" \/>\n<meta property=\"og:url\" content=\"https:\/\/portaltela.pt\/noticias\/2026\/02\/14\/sanchez-exorta-potencias-nucleares-a-evitar-corrida-ao-armamento\/\" \/>\n<meta property=\"og:site_name\" content=\"Portal Tela Portugal\" \/>\n<meta property=\"article:published_time\" content=\"2026-02-14T16:19:00+00:00\" \/>\n<meta name=\"author\" content=\"Telinha\" \/>\n<meta name=\"twitter:card\" content=\"summary_large_image\" \/>\n<meta name=\"twitter:label1\" content=\"Escrito por\" \/>\n\t<meta name=\"twitter:data1\" content=\"Telinha\" \/>\n\t<meta name=\"twitter:label2\" content=\"Tempo estimado de leitura\" \/>\n\t<meta name=\"twitter:data2\" content=\"1 minuto\" \/>\n<script type=\"application\/ld+json\" class=\"yoast-schema-graph\">{\"@context\":\"https:\/\/schema.org\",\"@graph\":[{\"@type\":\"Article\",\"@id\":\"https:\/\/portaltela.pt\/noticias\/2026\/02\/14\/sanchez-exorta-potencias-nucleares-a-evitar-corrida-ao-armamento\/#article\",\"isPartOf\":{\"@id\":\"https:\/\/portaltela.pt\/noticias\/2026\/02\/14\/sanchez-exorta-potencias-nucleares-a-evitar-corrida-ao-armamento\/\"},\"author\":{\"name\":\"Telinha\",\"@id\":\"https:\/\/portaltela.pt\/#\/schema\/person\/c4278d4a6028830caff9ee44b42d32ed\"},\"headline\":\"S\u00e1nchez exorta pot\u00eancias nucleares a evitar corrida ao armamento\",\"datePublished\":\"2026-02-14T16:19:00+00:00\",\"mainEntityOfPage\":{\"@id\":\"https:\/\/portaltela.pt\/noticias\/2026\/02\/14\/sanchez-exorta-potencias-nucleares-a-evitar-corrida-ao-armamento\/\"},\"wordCount\":253,\"image\":{\"@id\":\"https:\/\/portaltela.pt\/noticias\/2026\/02\/14\/sanchez-exorta-potencias-nucleares-a-evitar-corrida-ao-armamento\/#primaryimage\"},\"thumbnailUrl\":\"https:\/\/portaltela.pt\/s.01k8rhncp4jt1\/2026\/02\/img_1500x1000uu2025-05-07-16-14-00-2207352.jpg\",\"keywords\":[\"confer\u00eancia\",\"Europa\",\"R\u00fassia\",\"seguran\u00e7a internacional\",\"tens\u00f5es internacionais\",\"tratados internacionais\"],\"articleSection\":[\"Internacional\",\"Not\u00edcias\"],\"inLanguage\":\"pt-PT\"},{\"@type\":\"WebPage\",\"@id\":\"https:\/\/portaltela.pt\/noticias\/2026\/02\/14\/sanchez-exorta-potencias-nucleares-a-evitar-corrida-ao-armamento\/\",\"url\":\"https:\/\/portaltela.pt\/noticias\/2026\/02\/14\/sanchez-exorta-potencias-nucleares-a-evitar-corrida-ao-armamento\/\",\"name\":\"S\u00e1nchez exorta pot\u00eancias nucleares a evitar corrida ao armamento - Portal Tela Portugal\",\"isPartOf\":{\"@id\":\"https:\/\/portaltela.pt\/#website\"},\"primaryImageOfPage\":{\"@id\":\"https:\/\/portaltela.pt\/noticias\/2026\/02\/14\/sanchez-exorta-potencias-nucleares-a-evitar-corrida-ao-armamento\/#primaryimage\"},\"image\":{\"@id\":\"https:\/\/portaltela.pt\/noticias\/2026\/02\/14\/sanchez-exorta-potencias-nucleares-a-evitar-corrida-ao-armamento\/#primaryimage\"},\"thumbnailUrl\":\"https:\/\/portaltela.pt\/s.01k8rhncp4jt1\/2026\/02\/img_1500x1000uu2025-05-07-16-14-00-2207352.jpg\",\"datePublished\":\"2026-02-14T16:19:00+00:00\",\"author\":{\"@id\":\"https:\/\/portaltela.pt\/#\/schema\/person\/c4278d4a6028830caff9ee44b42d32ed\"},\"breadcrumb\":{\"@id\":\"https:\/\/portaltela.pt\/noticias\/2026\/02\/14\/sanchez-exorta-potencias-nucleares-a-evitar-corrida-ao-armamento\/#breadcrumb\"},\"inLanguage\":\"pt-PT\",\"potentialAction\":[{\"@type\":\"ReadAction\",\"target\":[\"https:\/\/portaltela.pt\/noticias\/2026\/02\/14\/sanchez-exorta-potencias-nucleares-a-evitar-corrida-ao-armamento\/\"]}]},{\"@type\":\"ImageObject\",\"inLanguage\":\"pt-PT\",\"@id\":\"https:\/\/portaltela.pt\/noticias\/2026\/02\/14\/sanchez-exorta-potencias-nucleares-a-evitar-corrida-ao-armamento\/#primaryimage\",\"url\":\"https:\/\/portaltela.pt\/s.01k8rhncp4jt1\/2026\/02\/img_1500x1000uu2025-05-07-16-14-00-2207352.jpg\",\"contentUrl\":\"https:\/\/portaltela.pt\/s.01k8rhncp4jt1\/2026\/02\/img_1500x1000uu2025-05-07-16-14-00-2207352.jpg\",\"width\":796,\"height\":448,\"caption\":\"Pedro S\u00e1nchez\"},{\"@type\":\"BreadcrumbList\",\"@id\":\"https:\/\/portaltela.pt\/noticias\/2026\/02\/14\/sanchez-exorta-potencias-nucleares-a-evitar-corrida-ao-armamento\/#breadcrumb\",\"itemListElement\":[{\"@type\":\"ListItem\",\"position\":1,\"name\":\"In\u00edcio\",\"item\":\"https:\/\/portaltela.pt\/\"},{\"@type\":\"ListItem\",\"position\":2,\"name\":\"S\u00e1nchez exorta pot\u00eancias nucleares a evitar corrida ao armamento\"}]},{\"@type\":\"WebSite\",\"@id\":\"https:\/\/portaltela.pt\/#website\",\"url\":\"https:\/\/portaltela.pt\/\",\"name\":\"Portal Tela Portugal\",\"description\":\"\",\"potentialAction\":[{\"@type\":\"SearchAction\",\"target\":{\"@type\":\"EntryPoint\",\"urlTemplate\":\"https:\/\/portaltela.pt\/?s={search_term_string}\"},\"query-input\":{\"@type\":\"PropertyValueSpecification\",\"valueRequired\":true,\"valueName\":\"search_term_string\"}}],\"inLanguage\":\"pt-PT\"},{\"@type\":\"Person\",\"@id\":\"https:\/\/portaltela.pt\/#\/schema\/person\/c4278d4a6028830caff9ee44b42d32ed\",\"name\":\"Telinha\",\"image\":{\"@type\":\"ImageObject\",\"inLanguage\":\"pt-PT\",\"@id\":\"https:\/\/portaltela.pt\/s.01k8rhncp4jt1\/2025\/11\/talking-bot-125x125.png\",\"url\":\"https:\/\/portaltela.pt\/s.01k8rhncp4jt1\/2025\/11\/talking-bot-125x125.png\",\"contentUrl\":\"https:\/\/portaltela.pt\/s.01k8rhncp4jt1\/2025\/11\/talking-bot-125x125.png\",\"caption\":\"Telinha\"},\"sameAs\":[\"https:\/\/portaltela.pt\/\"],\"url\":\"https:\/\/portaltela.pt\/por\/367410592786\/\"}]}<\/script>\n<!-- \/ Yoast SEO plugin. -->","yoast_head_json":{"title":"S\u00e1nchez exorta pot\u00eancias nucleares a evitar corrida ao armamento - Portal Tela Portugal","robots":{"index":"index","follow":"follow","max-snippet":"max-snippet:-1","max-image-preview":"max-image-preview:large","max-video-preview":"max-video-preview:-1"},"og_locale":"pt_PT","og_type":"article","og_title":"S\u00e1nchez exorta pot\u00eancias nucleares a evitar corrida ao armamento - Portal Tela Portugal","og_description":"O primeiro-ministro espanhol, Pedro S\u00e1nchez, classificou o rearmamento nuclear como um \"erro hist\u00f3rico\" e pediu \u00e0s pot\u00eancias para impedir uma nova corrida \u00e0s armas enquanto ainda \u00e9 poss\u00edvel. Em Munique, S\u00e1nchez destacou que as pot\u00eancias nucleares parecem ter esquecido as li\u00e7\u00f5es do passado ao expandirem arsenais nucleares. Afirmou que, juntas, gastam mais de onze milh\u00f5es de d\u00f3lares por hora em armas nucleares, com os Estados Unidos estimados para investir cerca de 946 mil milh\u00f5es de d\u00f3lares nas pr\u00f3ximas d\u00e9cadas. Pediu que as pot\u00eancias nucleares interrompam o rearmamento, entrem em negocia\u00e7\u00f5es e entrem num novo Tratado de Redu\u00e7\u00e3o de Armamento Estrat\u00e9gico (START). Sublinhou a necessidade de refor\u00e7ar a dissuas\u00e3o europeia e, de forma coordenada, criar um ex\u00e9rcito europeu j\u00e1, com a Espanha a comprometer-se a contribuir com recursos.","og_url":"https:\/\/portaltela.pt\/noticias\/2026\/02\/14\/sanchez-exorta-potencias-nucleares-a-evitar-corrida-ao-armamento\/","og_site_name":"Portal Tela Portugal","article_published_time":"2026-02-14T16:19:00+00:00","author":"Telinha","twitter_card":"summary_large_image","twitter_misc":{"Escrito por":"Telinha","Tempo estimado de leitura":"1 minuto"},"schema":{"@context":"https:\/\/schema.org","@graph":[{"@type":"Article","@id":"https:\/\/portaltela.pt\/noticias\/2026\/02\/14\/sanchez-exorta-potencias-nucleares-a-evitar-corrida-ao-armamento\/#article","isPartOf":{"@id":"https:\/\/portaltela.pt\/noticias\/2026\/02\/14\/sanchez-exorta-potencias-nucleares-a-evitar-corrida-ao-armamento\/"},"author":{"name":"Telinha","@id":"https:\/\/portaltela.pt\/#\/schema\/person\/c4278d4a6028830caff9ee44b42d32ed"},"headline":"S\u00e1nchez exorta pot\u00eancias nucleares a evitar corrida ao armamento","datePublished":"2026-02-14T16:19:00+00:00","mainEntityOfPage":{"@id":"https:\/\/portaltela.pt\/noticias\/2026\/02\/14\/sanchez-exorta-potencias-nucleares-a-evitar-corrida-ao-armamento\/"},"wordCount":253,"image":{"@id":"https:\/\/portaltela.pt\/noticias\/2026\/02\/14\/sanchez-exorta-potencias-nucleares-a-evitar-corrida-ao-armamento\/#primaryimage"},"thumbnailUrl":"https:\/\/portaltela.pt\/s.01k8rhncp4jt1\/2026\/02\/img_1500x1000uu2025-05-07-16-14-00-2207352.jpg","keywords":["confer\u00eancia","Europa","R\u00fassia","seguran\u00e7a internacional","tens\u00f5es internacionais","tratados internacionais"],"articleSection":["Internacional","Not\u00edcias"],"inLanguage":"pt-PT"},{"@type":"WebPage","@id":"https:\/\/portaltela.pt\/noticias\/2026\/02\/14\/sanchez-exorta-potencias-nucleares-a-evitar-corrida-ao-armamento\/","url":"https:\/\/portaltela.pt\/noticias\/2026\/02\/14\/sanchez-exorta-potencias-nucleares-a-evitar-corrida-ao-armamento\/","name":"S\u00e1nchez exorta pot\u00eancias nucleares a evitar corrida ao armamento - Portal Tela Portugal","isPartOf":{"@id":"https:\/\/portaltela.pt\/#website"},"primaryImageOfPage":{"@id":"https:\/\/portaltela.pt\/noticias\/2026\/02\/14\/sanchez-exorta-potencias-nucleares-a-evitar-corrida-ao-armamento\/#primaryimage"},"image":{"@id":"https:\/\/portaltela.pt\/noticias\/2026\/02\/14\/sanchez-exorta-potencias-nucleares-a-evitar-corrida-ao-armamento\/#primaryimage"},"thumbnailUrl":"https:\/\/portaltela.pt\/s.01k8rhncp4jt1\/2026\/02\/img_1500x1000uu2025-05-07-16-14-00-2207352.jpg","datePublished":"2026-02-14T16:19:00+00:00","author":{"@id":"https:\/\/portaltela.pt\/#\/schema\/person\/c4278d4a6028830caff9ee44b42d32ed"},"breadcrumb":{"@id":"https:\/\/portaltela.pt\/noticias\/2026\/02\/14\/sanchez-exorta-potencias-nucleares-a-evitar-corrida-ao-armamento\/#breadcrumb"},"inLanguage":"pt-PT","potentialAction":[{"@type":"ReadAction","target":["https:\/\/portaltela.pt\/noticias\/2026\/02\/14\/sanchez-exorta-potencias-nucleares-a-evitar-corrida-ao-armamento\/"]}]},{"@type":"ImageObject","inLanguage":"pt-PT","@id":"https:\/\/portaltela.pt\/noticias\/2026\/02\/14\/sanchez-exorta-potencias-nucleares-a-evitar-corrida-ao-armamento\/#primaryimage","url":"https:\/\/portaltela.pt\/s.01k8rhncp4jt1\/2026\/02\/img_1500x1000uu2025-05-07-16-14-00-2207352.jpg","contentUrl":"https:\/\/portaltela.pt\/s.01k8rhncp4jt1\/2026\/02\/img_1500x1000uu2025-05-07-16-14-00-2207352.jpg","width":796,"height":448,"caption":"Pedro S\u00e1nchez"},{"@type":"BreadcrumbList","@id":"https:\/\/portaltela.pt\/noticias\/2026\/02\/14\/sanchez-exorta-potencias-nucleares-a-evitar-corrida-ao-armamento\/#breadcrumb","itemListElement":[{"@type":"ListItem","position":1,"name":"In\u00edcio","item":"https:\/\/portaltela.pt\/"},{"@type":"ListItem","position":2,"name":"S\u00e1nchez exorta pot\u00eancias nucleares a evitar corrida ao armamento"}]},{"@type":"WebSite","@id":"https:\/\/portaltela.pt\/#website","url":"https:\/\/portaltela.pt\/","name":"Portal Tela Portugal","description":"","potentialAction":[{"@type":"SearchAction","target":{"@type":"EntryPoint","urlTemplate":"https:\/\/portaltela.pt\/?s={search_term_string}"},"query-input":{"@type":"PropertyValueSpecification","valueRequired":true,"valueName":"search_term_string"}}],"inLanguage":"pt-PT"},{"@type":"Person","@id":"https:\/\/portaltela.pt\/#\/schema\/person\/c4278d4a6028830caff9ee44b42d32ed","name":"Telinha","image":{"@type":"ImageObject","inLanguage":"pt-PT","@id":"https:\/\/portaltela.pt\/s.01k8rhncp4jt1\/2025\/11\/talking-bot-125x125.png","url":"https:\/\/portaltela.pt\/s.01k8rhncp4jt1\/2025\/11\/talking-bot-125x125.png","contentUrl":"https:\/\/portaltela.pt\/s.01k8rhncp4jt1\/2025\/11\/talking-bot-125x125.png","caption":"Telinha"},"sameAs":["https:\/\/portaltela.pt\/"],"url":"https:\/\/portaltela.pt\/por\/367410592786\/"}]}},"_links":{"self":[{"href":"https:\/\/portaltela.pt\/api\/wp\/v2\/posts\/212502","targetHints":{"allow":["GET"]}}],"collection":[{"href":"https:\/\/portaltela.pt\/api\/wp\/v2\/posts"}],"about":[{"href":"https:\/\/portaltela.pt\/api\/wp\/v2\/types\/post"}],"author":[{"embeddable":true,"href":"https:\/\/portaltela.pt\/api\/wp\/v2\/users\/2"}],"replies":[{"embeddable":true,"href":"https:\/\/portaltela.pt\/api\/wp\/v2\/comments?post=212502"}],"version-history":[{"count":0,"href":"https:\/\/portaltela.pt\/api\/wp\/v2\/posts\/212502\/revisions"}],"wp:featuredmedia":[{"embeddable":true,"href":"https:\/\/portaltela.pt\/api\/wp\/v2\/media\/212507"}],"wp:attachment":[{"href":"https:\/\/portaltela.pt\/api\/wp\/v2\/media?parent=212502"}],"wp:term":[{"taxonomy":"category","embeddable":true,"href":"https:\/\/portaltela.pt\/api\/wp\/v2\/categories?post=212502"},{"taxonomy":"post_tag","embeddable":true,"href":"https:\/\/portaltela.pt\/api\/wp\/v2\/tags?post=212502"}],"curies":[{"name":"wp","href":"https:\/\/api.w.org\/{rel}","templated":true}]}}