{"id":212494,"date":"2026-02-14T13:24:00","date_gmt":"2026-02-14T16:24:00","guid":{"rendered":"https:\/\/portaltela.pt\/noticias\/2026\/02\/14\/mourinho-vai-ao-hospital-em-ponta-delgada-antes-de-santa-clara-benfica\/"},"modified":"2026-02-14T13:24:00","modified_gmt":"2026-02-14T16:24:00","slug":"mourinho-vai-ao-hospital-em-ponta-delgada-antes-de-santa-clara-benfica","status":"publish","type":"post","link":"https:\/\/portaltela.pt\/desporto\/futebol\/2026\/02\/14\/mourinho-vai-ao-hospital-em-ponta-delgada-antes-de-santa-clara-benfica\/","title":{"rendered":"Mourinho vai ao hospital em Ponta Delgada antes de Santa Clara-Benfica"},"content":{"rendered":"<p>Jos\u00e9 Mourinho dirigiu-se ao Hospital do Divino Esp\u00edrito Santo, em Ponta Delgada, na manh\u00e3 de sexta-feira, antes do jogo Santa Clara-Benfica. O motivo foi um problema num ouvido que persistia desde quinta-feira.<\/p>\n<p>Ap\u00f3s o atendimento m\u00e9dico, o treinador do Benfica integrou-se de imediato na organiza\u00e7\u00e3o do est\u00e1gio com a restante equipa, horas antes da partida.<\/p>\n<p>O encontro terminou com vit\u00f3ria do Benfica por 2-1. Mourinho acompanhou a equipa durante a prepara\u00e7\u00e3o, mantendo o foco na partida.<\/p>\n<h3>Regresso ao est\u00e1gio<\/h3>\n<p>A not\u00edcia foi confirmada por fontes da imprensa desportiva, que n\u00e3o indicaram outras altera\u00e7\u00f5es na log\u00edstica do plantel do Benfica para a desloca\u00e7\u00e3o a S. Miguel.<\/p>\n","protected":false},"excerpt":{"rendered":"<ul>\n<li>Jos\u00e9 Mourinho foi ao Hospital do Divino Esp\u00edrito Santo, em Ponta Delgada, na manh\u00e3 de sexta-feira, por um problema de ouvido que j\u00e1 durava desde quinta-feira.<\/li>\n<li>Ap\u00f3s o atendimento, o treinador do Benfica juntou-se de imediato \u00e0 restante equipa no est\u00e1gio.<\/li>\n<li>A equipa encarnada venceu por 2-1 o Santa Clara, no encontro anterior \u00e0 visita ao hospital.<\/li>\n<li>A informa\u00e7\u00e3o foi apurada pelo Record.<\/li>\n<\/ul>\n","protected":false},"author":2,"featured_media":212500,"comment_status":"closed","ping_status":"closed","sticky":false,"template":"","format":"standard","meta":{"footnotes":""},"categories":[21,24],"tags":[4059,1946,32,4159,2931,998],"class_list":["post-212494","post","type-post","status-publish","format-standard","has-post-thumbnail","hentry","category-desporto","category-futebol","tag-1-a-liga","tag-benfica","tag-futebol","tag-jogo","tag-ponta-delgada","tag-santa-clara"],"yoast_head":"<!-- This site is optimized with the Yoast SEO plugin v27.2 - https:\/\/yoast.com\/product\/yoast-seo-wordpress\/ -->\n<title>Mourinho vai ao hospital em Ponta Delgada antes de Santa Clara-Benfica - Portal Tela Portugal<\/title>\n<meta name=\"robots\" content=\"index, follow, max-snippet:-1, max-image-preview:large, max-video-preview:-1\" \/>\n<meta property=\"og:locale\" content=\"pt_PT\" \/>\n<meta property=\"og:type\" content=\"article\" \/>\n<meta property=\"og:title\" content=\"Mourinho vai ao hospital em Ponta Delgada antes de Santa Clara-Benfica - Portal Tela Portugal\" \/>\n<meta property=\"og:description\" content=\"Jos\u00e9 Mourinho foi ao Hospital do Divino Esp\u00edrito Santo, em Ponta Delgada, na manh\u00e3 de sexta-feira, por um problema de ouvido que j\u00e1 durava desde quinta-feira. Ap\u00f3s o atendimento, o treinador do Benfica juntou-se de imediato \u00e0 restante equipa no est\u00e1gio. A equipa encarnada venceu por 2-1 o Santa Clara, no encontro anterior \u00e0 visita ao hospital. A informa\u00e7\u00e3o foi apurada pelo Record.\" \/>\n<meta property=\"og:url\" content=\"https:\/\/portaltela.pt\/noticias\/2026\/02\/14\/mourinho-vai-ao-hospital-em-ponta-delgada-antes-de-santa-clara-benfica\/\" \/>\n<meta property=\"og:site_name\" content=\"Portal Tela Portugal\" \/>\n<meta property=\"article:published_time\" content=\"2026-02-14T16:24:00+00:00\" \/>\n<meta name=\"author\" content=\"Telinha\" \/>\n<meta name=\"twitter:card\" content=\"summary_large_image\" \/>\n<meta name=\"twitter:label1\" content=\"Escrito por\" \/>\n\t<meta name=\"twitter:data1\" content=\"Telinha\" \/>\n\t<meta name=\"twitter:label2\" content=\"Tempo estimado de leitura\" \/>\n\t<meta name=\"twitter:data2\" content=\"1 minuto\" \/>\n<script type=\"application\/ld+json\" class=\"yoast-schema-graph\">{\"@context\":\"https:\/\/schema.org\",\"@graph\":[{\"@type\":\"Article\",\"@id\":\"https:\/\/portaltela.pt\/noticias\/2026\/02\/14\/mourinho-vai-ao-hospital-em-ponta-delgada-antes-de-santa-clara-benfica\/#article\",\"isPartOf\":{\"@id\":\"https:\/\/portaltela.pt\/noticias\/2026\/02\/14\/mourinho-vai-ao-hospital-em-ponta-delgada-antes-de-santa-clara-benfica\/\"},\"author\":{\"name\":\"Telinha\",\"@id\":\"https:\/\/portaltela.pt\/#\/schema\/person\/c4278d4a6028830caff9ee44b42d32ed\"},\"headline\":\"Mourinho vai ao hospital em Ponta Delgada antes de Santa Clara-Benfica\",\"datePublished\":\"2026-02-14T16:24:00+00:00\",\"mainEntityOfPage\":{\"@id\":\"https:\/\/portaltela.pt\/noticias\/2026\/02\/14\/mourinho-vai-ao-hospital-em-ponta-delgada-antes-de-santa-clara-benfica\/\"},\"wordCount\":129,\"image\":{\"@id\":\"https:\/\/portaltela.pt\/noticias\/2026\/02\/14\/mourinho-vai-ao-hospital-em-ponta-delgada-antes-de-santa-clara-benfica\/#primaryimage\"},\"thumbnailUrl\":\"https:\/\/portaltela.pt\/s.01k8rhncp4jt1\/2026\/02\/img_1500x1000uu2026-02-14-16-23-17-2266874.jpg\",\"keywords\":[\"1.\u00aa Liga\",\"Benfica\",\"futebol\",\"jogo\",\"Ponta Delgada\",\"Santa Clara\"],\"articleSection\":[\"Desporto\",\"Futebol\"],\"inLanguage\":\"pt-PT\"},{\"@type\":\"WebPage\",\"@id\":\"https:\/\/portaltela.pt\/noticias\/2026\/02\/14\/mourinho-vai-ao-hospital-em-ponta-delgada-antes-de-santa-clara-benfica\/\",\"url\":\"https:\/\/portaltela.pt\/noticias\/2026\/02\/14\/mourinho-vai-ao-hospital-em-ponta-delgada-antes-de-santa-clara-benfica\/\",\"name\":\"Mourinho vai ao hospital em Ponta Delgada antes de Santa Clara-Benfica - Portal Tela Portugal\",\"isPartOf\":{\"@id\":\"https:\/\/portaltela.pt\/#website\"},\"primaryImageOfPage\":{\"@id\":\"https:\/\/portaltela.pt\/noticias\/2026\/02\/14\/mourinho-vai-ao-hospital-em-ponta-delgada-antes-de-santa-clara-benfica\/#primaryimage\"},\"image\":{\"@id\":\"https:\/\/portaltela.pt\/noticias\/2026\/02\/14\/mourinho-vai-ao-hospital-em-ponta-delgada-antes-de-santa-clara-benfica\/#primaryimage\"},\"thumbnailUrl\":\"https:\/\/portaltela.pt\/s.01k8rhncp4jt1\/2026\/02\/img_1500x1000uu2026-02-14-16-23-17-2266874.jpg\",\"datePublished\":\"2026-02-14T16:24:00+00:00\",\"author\":{\"@id\":\"https:\/\/portaltela.pt\/#\/schema\/person\/c4278d4a6028830caff9ee44b42d32ed\"},\"breadcrumb\":{\"@id\":\"https:\/\/portaltela.pt\/noticias\/2026\/02\/14\/mourinho-vai-ao-hospital-em-ponta-delgada-antes-de-santa-clara-benfica\/#breadcrumb\"},\"inLanguage\":\"pt-PT\",\"potentialAction\":[{\"@type\":\"ReadAction\",\"target\":[\"https:\/\/portaltela.pt\/noticias\/2026\/02\/14\/mourinho-vai-ao-hospital-em-ponta-delgada-antes-de-santa-clara-benfica\/\"]}]},{\"@type\":\"ImageObject\",\"inLanguage\":\"pt-PT\",\"@id\":\"https:\/\/portaltela.pt\/noticias\/2026\/02\/14\/mourinho-vai-ao-hospital-em-ponta-delgada-antes-de-santa-clara-benfica\/#primaryimage\",\"url\":\"https:\/\/portaltela.pt\/s.01k8rhncp4jt1\/2026\/02\/img_1500x1000uu2026-02-14-16-23-17-2266874.jpg\",\"contentUrl\":\"https:\/\/portaltela.pt\/s.01k8rhncp4jt1\/2026\/02\/img_1500x1000uu2026-02-14-16-23-17-2266874.jpg\",\"width\":796,\"height\":448,\"caption\":\"Jos\u00e9 Mourinho reage ap\u00f3s jogo com Santa Clara\"},{\"@type\":\"BreadcrumbList\",\"@id\":\"https:\/\/portaltela.pt\/noticias\/2026\/02\/14\/mourinho-vai-ao-hospital-em-ponta-delgada-antes-de-santa-clara-benfica\/#breadcrumb\",\"itemListElement\":[{\"@type\":\"ListItem\",\"position\":1,\"name\":\"In\u00edcio\",\"item\":\"https:\/\/portaltela.pt\/\"},{\"@type\":\"ListItem\",\"position\":2,\"name\":\"Mourinho vai ao hospital em Ponta Delgada antes de Santa Clara-Benfica\"}]},{\"@type\":\"WebSite\",\"@id\":\"https:\/\/portaltela.pt\/#website\",\"url\":\"https:\/\/portaltela.pt\/\",\"name\":\"Portal Tela Portugal\",\"description\":\"\",\"potentialAction\":[{\"@type\":\"SearchAction\",\"target\":{\"@type\":\"EntryPoint\",\"urlTemplate\":\"https:\/\/portaltela.pt\/?s={search_term_string}\"},\"query-input\":{\"@type\":\"PropertyValueSpecification\",\"valueRequired\":true,\"valueName\":\"search_term_string\"}}],\"inLanguage\":\"pt-PT\"},{\"@type\":\"Person\",\"@id\":\"https:\/\/portaltela.pt\/#\/schema\/person\/c4278d4a6028830caff9ee44b42d32ed\",\"name\":\"Telinha\",\"image\":{\"@type\":\"ImageObject\",\"inLanguage\":\"pt-PT\",\"@id\":\"https:\/\/portaltela.pt\/s.01k8rhncp4jt1\/2025\/11\/talking-bot-125x125.png\",\"url\":\"https:\/\/portaltela.pt\/s.01k8rhncp4jt1\/2025\/11\/talking-bot-125x125.png\",\"contentUrl\":\"https:\/\/portaltela.pt\/s.01k8rhncp4jt1\/2025\/11\/talking-bot-125x125.png\",\"caption\":\"Telinha\"},\"sameAs\":[\"https:\/\/portaltela.pt\/\"],\"url\":\"https:\/\/portaltela.pt\/por\/367410592786\/\"}]}<\/script>\n<!-- \/ Yoast SEO plugin. -->","yoast_head_json":{"title":"Mourinho vai ao hospital em Ponta Delgada antes de Santa Clara-Benfica - Portal Tela Portugal","robots":{"index":"index","follow":"follow","max-snippet":"max-snippet:-1","max-image-preview":"max-image-preview:large","max-video-preview":"max-video-preview:-1"},"og_locale":"pt_PT","og_type":"article","og_title":"Mourinho vai ao hospital em Ponta Delgada antes de Santa Clara-Benfica - Portal Tela Portugal","og_description":"Jos\u00e9 Mourinho foi ao Hospital do Divino Esp\u00edrito Santo, em Ponta Delgada, na manh\u00e3 de sexta-feira, por um problema de ouvido que j\u00e1 durava desde quinta-feira. Ap\u00f3s o atendimento, o treinador do Benfica juntou-se de imediato \u00e0 restante equipa no est\u00e1gio. A equipa encarnada venceu por 2-1 o Santa Clara, no encontro anterior \u00e0 visita ao hospital. A informa\u00e7\u00e3o foi apurada pelo Record.","og_url":"https:\/\/portaltela.pt\/noticias\/2026\/02\/14\/mourinho-vai-ao-hospital-em-ponta-delgada-antes-de-santa-clara-benfica\/","og_site_name":"Portal Tela Portugal","article_published_time":"2026-02-14T16:24:00+00:00","author":"Telinha","twitter_card":"summary_large_image","twitter_misc":{"Escrito por":"Telinha","Tempo estimado de leitura":"1 minuto"},"schema":{"@context":"https:\/\/schema.org","@graph":[{"@type":"Article","@id":"https:\/\/portaltela.pt\/noticias\/2026\/02\/14\/mourinho-vai-ao-hospital-em-ponta-delgada-antes-de-santa-clara-benfica\/#article","isPartOf":{"@id":"https:\/\/portaltela.pt\/noticias\/2026\/02\/14\/mourinho-vai-ao-hospital-em-ponta-delgada-antes-de-santa-clara-benfica\/"},"author":{"name":"Telinha","@id":"https:\/\/portaltela.pt\/#\/schema\/person\/c4278d4a6028830caff9ee44b42d32ed"},"headline":"Mourinho vai ao hospital em Ponta Delgada antes de Santa Clara-Benfica","datePublished":"2026-02-14T16:24:00+00:00","mainEntityOfPage":{"@id":"https:\/\/portaltela.pt\/noticias\/2026\/02\/14\/mourinho-vai-ao-hospital-em-ponta-delgada-antes-de-santa-clara-benfica\/"},"wordCount":129,"image":{"@id":"https:\/\/portaltela.pt\/noticias\/2026\/02\/14\/mourinho-vai-ao-hospital-em-ponta-delgada-antes-de-santa-clara-benfica\/#primaryimage"},"thumbnailUrl":"https:\/\/portaltela.pt\/s.01k8rhncp4jt1\/2026\/02\/img_1500x1000uu2026-02-14-16-23-17-2266874.jpg","keywords":["1.\u00aa Liga","Benfica","futebol","jogo","Ponta Delgada","Santa Clara"],"articleSection":["Desporto","Futebol"],"inLanguage":"pt-PT"},{"@type":"WebPage","@id":"https:\/\/portaltela.pt\/noticias\/2026\/02\/14\/mourinho-vai-ao-hospital-em-ponta-delgada-antes-de-santa-clara-benfica\/","url":"https:\/\/portaltela.pt\/noticias\/2026\/02\/14\/mourinho-vai-ao-hospital-em-ponta-delgada-antes-de-santa-clara-benfica\/","name":"Mourinho vai ao hospital em Ponta Delgada antes de Santa Clara-Benfica - Portal Tela Portugal","isPartOf":{"@id":"https:\/\/portaltela.pt\/#website"},"primaryImageOfPage":{"@id":"https:\/\/portaltela.pt\/noticias\/2026\/02\/14\/mourinho-vai-ao-hospital-em-ponta-delgada-antes-de-santa-clara-benfica\/#primaryimage"},"image":{"@id":"https:\/\/portaltela.pt\/noticias\/2026\/02\/14\/mourinho-vai-ao-hospital-em-ponta-delgada-antes-de-santa-clara-benfica\/#primaryimage"},"thumbnailUrl":"https:\/\/portaltela.pt\/s.01k8rhncp4jt1\/2026\/02\/img_1500x1000uu2026-02-14-16-23-17-2266874.jpg","datePublished":"2026-02-14T16:24:00+00:00","author":{"@id":"https:\/\/portaltela.pt\/#\/schema\/person\/c4278d4a6028830caff9ee44b42d32ed"},"breadcrumb":{"@id":"https:\/\/portaltela.pt\/noticias\/2026\/02\/14\/mourinho-vai-ao-hospital-em-ponta-delgada-antes-de-santa-clara-benfica\/#breadcrumb"},"inLanguage":"pt-PT","potentialAction":[{"@type":"ReadAction","target":["https:\/\/portaltela.pt\/noticias\/2026\/02\/14\/mourinho-vai-ao-hospital-em-ponta-delgada-antes-de-santa-clara-benfica\/"]}]},{"@type":"ImageObject","inLanguage":"pt-PT","@id":"https:\/\/portaltela.pt\/noticias\/2026\/02\/14\/mourinho-vai-ao-hospital-em-ponta-delgada-antes-de-santa-clara-benfica\/#primaryimage","url":"https:\/\/portaltela.pt\/s.01k8rhncp4jt1\/2026\/02\/img_1500x1000uu2026-02-14-16-23-17-2266874.jpg","contentUrl":"https:\/\/portaltela.pt\/s.01k8rhncp4jt1\/2026\/02\/img_1500x1000uu2026-02-14-16-23-17-2266874.jpg","width":796,"height":448,"caption":"Jos\u00e9 Mourinho reage ap\u00f3s jogo com Santa Clara"},{"@type":"BreadcrumbList","@id":"https:\/\/portaltela.pt\/noticias\/2026\/02\/14\/mourinho-vai-ao-hospital-em-ponta-delgada-antes-de-santa-clara-benfica\/#breadcrumb","itemListElement":[{"@type":"ListItem","position":1,"name":"In\u00edcio","item":"https:\/\/portaltela.pt\/"},{"@type":"ListItem","position":2,"name":"Mourinho vai ao hospital em Ponta Delgada antes de Santa Clara-Benfica"}]},{"@type":"WebSite","@id":"https:\/\/portaltela.pt\/#website","url":"https:\/\/portaltela.pt\/","name":"Portal Tela Portugal","description":"","potentialAction":[{"@type":"SearchAction","target":{"@type":"EntryPoint","urlTemplate":"https:\/\/portaltela.pt\/?s={search_term_string}"},"query-input":{"@type":"PropertyValueSpecification","valueRequired":true,"valueName":"search_term_string"}}],"inLanguage":"pt-PT"},{"@type":"Person","@id":"https:\/\/portaltela.pt\/#\/schema\/person\/c4278d4a6028830caff9ee44b42d32ed","name":"Telinha","image":{"@type":"ImageObject","inLanguage":"pt-PT","@id":"https:\/\/portaltela.pt\/s.01k8rhncp4jt1\/2025\/11\/talking-bot-125x125.png","url":"https:\/\/portaltela.pt\/s.01k8rhncp4jt1\/2025\/11\/talking-bot-125x125.png","contentUrl":"https:\/\/portaltela.pt\/s.01k8rhncp4jt1\/2025\/11\/talking-bot-125x125.png","caption":"Telinha"},"sameAs":["https:\/\/portaltela.pt\/"],"url":"https:\/\/portaltela.pt\/por\/367410592786\/"}]}},"_links":{"self":[{"href":"https:\/\/portaltela.pt\/api\/wp\/v2\/posts\/212494","targetHints":{"allow":["GET"]}}],"collection":[{"href":"https:\/\/portaltela.pt\/api\/wp\/v2\/posts"}],"about":[{"href":"https:\/\/portaltela.pt\/api\/wp\/v2\/types\/post"}],"author":[{"embeddable":true,"href":"https:\/\/portaltela.pt\/api\/wp\/v2\/users\/2"}],"replies":[{"embeddable":true,"href":"https:\/\/portaltela.pt\/api\/wp\/v2\/comments?post=212494"}],"version-history":[{"count":0,"href":"https:\/\/portaltela.pt\/api\/wp\/v2\/posts\/212494\/revisions"}],"wp:featuredmedia":[{"embeddable":true,"href":"https:\/\/portaltela.pt\/api\/wp\/v2\/media\/212500"}],"wp:attachment":[{"href":"https:\/\/portaltela.pt\/api\/wp\/v2\/media?parent=212494"}],"wp:term":[{"taxonomy":"category","embeddable":true,"href":"https:\/\/portaltela.pt\/api\/wp\/v2\/categories?post=212494"},{"taxonomy":"post_tag","embeddable":true,"href":"https:\/\/portaltela.pt\/api\/wp\/v2\/tags?post=212494"}],"curies":[{"name":"wp","href":"https:\/\/api.w.org\/{rel}","templated":true}]}}