{"id":212472,"date":"2026-02-14T13:00:00","date_gmt":"2026-02-14T16:00:00","guid":{"rendered":"https:\/\/portaltela.pt\/noticias\/2026\/02\/14\/portugal-lanca-a-maior-rede-de-carregamento-ultrarrapido-e-poupa-energia\/"},"modified":"2026-02-14T13:00:00","modified_gmt":"2026-02-14T16:00:00","slug":"portugal-lanca-a-maior-rede-de-carregamento-ultrarrapido-e-poupa-energia","status":"publish","type":"post","link":"https:\/\/portaltela.pt\/noticias\/2026\/02\/14\/portugal-lanca-a-maior-rede-de-carregamento-ultrarrapido-e-poupa-energia\/","title":{"rendered":"Portugal lan\u00e7a a maior rede de carregamento ultrarr\u00e1pido e poupa energia"},"content":{"rendered":"<p>A d\u00e9cima edi\u00e7\u00e3o do podcast Plug-in reuniu Ricardo Pacheco, diretor-geral da Iberdrola | BP Pulse Portugal, para explicar a rede de carregamento ultrarr\u00e1pido e as suas perspetivas de crescimento. O epis\u00f3dio tamb\u00e9m aborda como poupar na conta de eletricidade em casa. As interven\u00e7\u00f5es destacam as limita\u00e7\u00f5es da rede p\u00fablica e a estrat\u00e9gia do operador, que j\u00e1 instalou um posto de um megawatt e utiliza baterias para mitigar restri\u00e7\u00f5es de pot\u00eancia.<\/p>\n<p>Pacheco detalhou as principais limita\u00e7\u00f5es ao crescimento da rede p\u00fablica de carregamento, incluindo restri\u00e7\u00f5es de pot\u00eancia da rede el\u00e9ctrica. Avan\u00e7ou que a infraestrutura j\u00e1 instalada permite opera\u00e7\u00f5es de alto rendimento, com solu\u00e7\u00f5es que passam pela integra\u00e7\u00e3o de baterias para atenuar picos de demanda. O objetivo \u00e9 manter a disponibilidade de servi\u00e7os sem comprometer a fiabilidade da rede.<\/p>\n<p>A conversa integrou tamb\u00e9m uma an\u00e1lise \u00e0 resposta da Entidade Reguladora dos Servi\u00e7os Energ\u00e9ticos (ERSE) \u00e0 crise energ\u00e9tica provocada pela tempestade, al\u00e9m da instala\u00e7\u00e3o de terminais multibanco nos postos de carregamento. Os anfitri\u00f5es explicaram ainda como utilizadores podem recorrer a plataformas online para reduzir o consumo de energia em casa, com dicas pr\u00e1ticas para o dia a dia.<\/p>\n","protected":false},"excerpt":{"rendered":"<ul>\n<li>No d\u00e9cimo epis\u00f3dio do Plug-in, Ricardo Pacheco, director-geral da Iberdrola | Bp pulse em Portugal, explicou as limita\u00e7\u00f5es ao crescimento da rede p\u00fablica de carregamento ultrarr\u00e1pido e a estrat\u00e9gia do operador, que j\u00e1 instalou um posto de um megawatt e utiliza baterias para mitigar limita\u00e7\u00f5es da rede.<\/li>\n<li>O programa analisa a resposta da Entidade Reguladora dos Servi\u00e7os Energ\u00e9ticos (ERSE) \u00e0 crise energ\u00e9tica associada \u00e0 tempestade.<\/li>\n<li>Foi ainda abordada a instala\u00e7\u00e3o de terminais multibanco nos postos de carregamento.<\/li>\n<li>O epis\u00f3dio explica como usar plataformas online para reduzir os custos de energia em casa.<\/li>\n<\/ul>\n","protected":false},"author":2,"featured_media":212475,"comment_status":"closed","ping_status":"closed","sticky":false,"template":"","format":"standard","meta":{"footnotes":""},"categories":[1],"tags":[174,4549,5307,1615,1014,4327],"class_list":["post-212472","post","type-post","status-publish","format-standard","has-post-thumbnail","hentry","category-noticias","tag-energia","tag-energia-eletrica","tag-erse","tag-infraestrutura","tag-portugal","tag-rede-eletrica"],"yoast_head":"<!-- This site is optimized with the Yoast SEO plugin v27.2 - https:\/\/yoast.com\/product\/yoast-seo-wordpress\/ -->\n<title>Portugal lan\u00e7a a maior rede de carregamento ultrarr\u00e1pido e poupa energia - Portal Tela Portugal<\/title>\n<meta name=\"robots\" content=\"index, follow, max-snippet:-1, max-image-preview:large, max-video-preview:-1\" \/>\n<meta property=\"og:locale\" content=\"pt_PT\" \/>\n<meta property=\"og:type\" content=\"article\" \/>\n<meta property=\"og:title\" content=\"Portugal lan\u00e7a a maior rede de carregamento ultrarr\u00e1pido e poupa energia - Portal Tela Portugal\" \/>\n<meta property=\"og:description\" content=\"No d\u00e9cimo epis\u00f3dio do Plug-in, Ricardo Pacheco, director-geral da Iberdrola | Bp pulse em Portugal, explicou as limita\u00e7\u00f5es ao crescimento da rede p\u00fablica de carregamento ultrarr\u00e1pido e a estrat\u00e9gia do operador, que j\u00e1 instalou um posto de um megawatt e utiliza baterias para mitigar limita\u00e7\u00f5es da rede. O programa analisa a resposta da Entidade Reguladora dos Servi\u00e7os Energ\u00e9ticos (ERSE) \u00e0 crise energ\u00e9tica associada \u00e0 tempestade. Foi ainda abordada a instala\u00e7\u00e3o de terminais multibanco nos postos de carregamento. O epis\u00f3dio explica como usar plataformas online para reduzir os custos de energia em casa.\" \/>\n<meta property=\"og:url\" content=\"https:\/\/portaltela.pt\/noticias\/2026\/02\/14\/portugal-lanca-a-maior-rede-de-carregamento-ultrarrapido-e-poupa-energia\/\" \/>\n<meta property=\"og:site_name\" content=\"Portal Tela Portugal\" \/>\n<meta property=\"article:published_time\" content=\"2026-02-14T16:00:00+00:00\" \/>\n<meta name=\"author\" content=\"Telinha\" \/>\n<meta name=\"twitter:card\" content=\"summary_large_image\" \/>\n<meta name=\"twitter:label1\" content=\"Escrito por\" \/>\n\t<meta name=\"twitter:data1\" content=\"Telinha\" \/>\n\t<meta name=\"twitter:label2\" content=\"Tempo estimado de leitura\" \/>\n\t<meta name=\"twitter:data2\" content=\"1 minuto\" \/>\n<script type=\"application\/ld+json\" class=\"yoast-schema-graph\">{\"@context\":\"https:\/\/schema.org\",\"@graph\":[{\"@type\":\"Article\",\"@id\":\"https:\/\/portaltela.pt\/noticias\/2026\/02\/14\/portugal-lanca-a-maior-rede-de-carregamento-ultrarrapido-e-poupa-energia\/#article\",\"isPartOf\":{\"@id\":\"https:\/\/portaltela.pt\/noticias\/2026\/02\/14\/portugal-lanca-a-maior-rede-de-carregamento-ultrarrapido-e-poupa-energia\/\"},\"author\":{\"name\":\"Telinha\",\"@id\":\"https:\/\/portaltela.pt\/#\/schema\/person\/c4278d4a6028830caff9ee44b42d32ed\"},\"headline\":\"Portugal lan\u00e7a a maior rede de carregamento ultrarr\u00e1pido e poupa energia\",\"datePublished\":\"2026-02-14T16:00:00+00:00\",\"mainEntityOfPage\":{\"@id\":\"https:\/\/portaltela.pt\/noticias\/2026\/02\/14\/portugal-lanca-a-maior-rede-de-carregamento-ultrarrapido-e-poupa-energia\/\"},\"wordCount\":224,\"image\":{\"@id\":\"https:\/\/portaltela.pt\/noticias\/2026\/02\/14\/portugal-lanca-a-maior-rede-de-carregamento-ultrarrapido-e-poupa-energia\/#primaryimage\"},\"thumbnailUrl\":\"https:\/\/portaltela.pt\/s.01k8rhncp4jt1\/2026\/02\/2164752.jpg\",\"keywords\":[\"energia\",\"energia el\u00e9trica\",\"ERSE\",\"infraestrutura\",\"Portugal\",\"rede el\u00e9trica\"],\"articleSection\":[\"Not\u00edcias\"],\"inLanguage\":\"pt-PT\"},{\"@type\":\"WebPage\",\"@id\":\"https:\/\/portaltela.pt\/noticias\/2026\/02\/14\/portugal-lanca-a-maior-rede-de-carregamento-ultrarrapido-e-poupa-energia\/\",\"url\":\"https:\/\/portaltela.pt\/noticias\/2026\/02\/14\/portugal-lanca-a-maior-rede-de-carregamento-ultrarrapido-e-poupa-energia\/\",\"name\":\"Portugal lan\u00e7a a maior rede de carregamento ultrarr\u00e1pido e poupa energia - Portal Tela Portugal\",\"isPartOf\":{\"@id\":\"https:\/\/portaltela.pt\/#website\"},\"primaryImageOfPage\":{\"@id\":\"https:\/\/portaltela.pt\/noticias\/2026\/02\/14\/portugal-lanca-a-maior-rede-de-carregamento-ultrarrapido-e-poupa-energia\/#primaryimage\"},\"image\":{\"@id\":\"https:\/\/portaltela.pt\/noticias\/2026\/02\/14\/portugal-lanca-a-maior-rede-de-carregamento-ultrarrapido-e-poupa-energia\/#primaryimage\"},\"thumbnailUrl\":\"https:\/\/portaltela.pt\/s.01k8rhncp4jt1\/2026\/02\/2164752.jpg\",\"datePublished\":\"2026-02-14T16:00:00+00:00\",\"author\":{\"@id\":\"https:\/\/portaltela.pt\/#\/schema\/person\/c4278d4a6028830caff9ee44b42d32ed\"},\"breadcrumb\":{\"@id\":\"https:\/\/portaltela.pt\/noticias\/2026\/02\/14\/portugal-lanca-a-maior-rede-de-carregamento-ultrarrapido-e-poupa-energia\/#breadcrumb\"},\"inLanguage\":\"pt-PT\",\"potentialAction\":[{\"@type\":\"ReadAction\",\"target\":[\"https:\/\/portaltela.pt\/noticias\/2026\/02\/14\/portugal-lanca-a-maior-rede-de-carregamento-ultrarrapido-e-poupa-energia\/\"]}]},{\"@type\":\"ImageObject\",\"inLanguage\":\"pt-PT\",\"@id\":\"https:\/\/portaltela.pt\/noticias\/2026\/02\/14\/portugal-lanca-a-maior-rede-de-carregamento-ultrarrapido-e-poupa-energia\/#primaryimage\",\"url\":\"https:\/\/portaltela.pt\/s.01k8rhncp4jt1\/2026\/02\/2164752.jpg\",\"contentUrl\":\"https:\/\/portaltela.pt\/s.01k8rhncp4jt1\/2026\/02\/2164752.jpg\",\"width\":796,\"height\":448,\"caption\":\"Photo\"},{\"@type\":\"BreadcrumbList\",\"@id\":\"https:\/\/portaltela.pt\/noticias\/2026\/02\/14\/portugal-lanca-a-maior-rede-de-carregamento-ultrarrapido-e-poupa-energia\/#breadcrumb\",\"itemListElement\":[{\"@type\":\"ListItem\",\"position\":1,\"name\":\"In\u00edcio\",\"item\":\"https:\/\/portaltela.pt\/\"},{\"@type\":\"ListItem\",\"position\":2,\"name\":\"Portugal lan\u00e7a a maior rede de carregamento ultrarr\u00e1pido e poupa energia\"}]},{\"@type\":\"WebSite\",\"@id\":\"https:\/\/portaltela.pt\/#website\",\"url\":\"https:\/\/portaltela.pt\/\",\"name\":\"Portal Tela Portugal\",\"description\":\"\",\"potentialAction\":[{\"@type\":\"SearchAction\",\"target\":{\"@type\":\"EntryPoint\",\"urlTemplate\":\"https:\/\/portaltela.pt\/?s={search_term_string}\"},\"query-input\":{\"@type\":\"PropertyValueSpecification\",\"valueRequired\":true,\"valueName\":\"search_term_string\"}}],\"inLanguage\":\"pt-PT\"},{\"@type\":\"Person\",\"@id\":\"https:\/\/portaltela.pt\/#\/schema\/person\/c4278d4a6028830caff9ee44b42d32ed\",\"name\":\"Telinha\",\"image\":{\"@type\":\"ImageObject\",\"inLanguage\":\"pt-PT\",\"@id\":\"https:\/\/portaltela.pt\/s.01k8rhncp4jt1\/2025\/11\/talking-bot-125x125.png\",\"url\":\"https:\/\/portaltela.pt\/s.01k8rhncp4jt1\/2025\/11\/talking-bot-125x125.png\",\"contentUrl\":\"https:\/\/portaltela.pt\/s.01k8rhncp4jt1\/2025\/11\/talking-bot-125x125.png\",\"caption\":\"Telinha\"},\"sameAs\":[\"https:\/\/portaltela.pt\/\"],\"url\":\"https:\/\/portaltela.pt\/por\/367410592786\/\"}]}<\/script>\n<!-- \/ Yoast SEO plugin. -->","yoast_head_json":{"title":"Portugal lan\u00e7a a maior rede de carregamento ultrarr\u00e1pido e poupa energia - Portal Tela Portugal","robots":{"index":"index","follow":"follow","max-snippet":"max-snippet:-1","max-image-preview":"max-image-preview:large","max-video-preview":"max-video-preview:-1"},"og_locale":"pt_PT","og_type":"article","og_title":"Portugal lan\u00e7a a maior rede de carregamento ultrarr\u00e1pido e poupa energia - Portal Tela Portugal","og_description":"No d\u00e9cimo epis\u00f3dio do Plug-in, Ricardo Pacheco, director-geral da Iberdrola | Bp pulse em Portugal, explicou as limita\u00e7\u00f5es ao crescimento da rede p\u00fablica de carregamento ultrarr\u00e1pido e a estrat\u00e9gia do operador, que j\u00e1 instalou um posto de um megawatt e utiliza baterias para mitigar limita\u00e7\u00f5es da rede. O programa analisa a resposta da Entidade Reguladora dos Servi\u00e7os Energ\u00e9ticos (ERSE) \u00e0 crise energ\u00e9tica associada \u00e0 tempestade. Foi ainda abordada a instala\u00e7\u00e3o de terminais multibanco nos postos de carregamento. O epis\u00f3dio explica como usar plataformas online para reduzir os custos de energia em casa.","og_url":"https:\/\/portaltela.pt\/noticias\/2026\/02\/14\/portugal-lanca-a-maior-rede-de-carregamento-ultrarrapido-e-poupa-energia\/","og_site_name":"Portal Tela Portugal","article_published_time":"2026-02-14T16:00:00+00:00","author":"Telinha","twitter_card":"summary_large_image","twitter_misc":{"Escrito por":"Telinha","Tempo estimado de leitura":"1 minuto"},"schema":{"@context":"https:\/\/schema.org","@graph":[{"@type":"Article","@id":"https:\/\/portaltela.pt\/noticias\/2026\/02\/14\/portugal-lanca-a-maior-rede-de-carregamento-ultrarrapido-e-poupa-energia\/#article","isPartOf":{"@id":"https:\/\/portaltela.pt\/noticias\/2026\/02\/14\/portugal-lanca-a-maior-rede-de-carregamento-ultrarrapido-e-poupa-energia\/"},"author":{"name":"Telinha","@id":"https:\/\/portaltela.pt\/#\/schema\/person\/c4278d4a6028830caff9ee44b42d32ed"},"headline":"Portugal lan\u00e7a a maior rede de carregamento ultrarr\u00e1pido e poupa energia","datePublished":"2026-02-14T16:00:00+00:00","mainEntityOfPage":{"@id":"https:\/\/portaltela.pt\/noticias\/2026\/02\/14\/portugal-lanca-a-maior-rede-de-carregamento-ultrarrapido-e-poupa-energia\/"},"wordCount":224,"image":{"@id":"https:\/\/portaltela.pt\/noticias\/2026\/02\/14\/portugal-lanca-a-maior-rede-de-carregamento-ultrarrapido-e-poupa-energia\/#primaryimage"},"thumbnailUrl":"https:\/\/portaltela.pt\/s.01k8rhncp4jt1\/2026\/02\/2164752.jpg","keywords":["energia","energia el\u00e9trica","ERSE","infraestrutura","Portugal","rede el\u00e9trica"],"articleSection":["Not\u00edcias"],"inLanguage":"pt-PT"},{"@type":"WebPage","@id":"https:\/\/portaltela.pt\/noticias\/2026\/02\/14\/portugal-lanca-a-maior-rede-de-carregamento-ultrarrapido-e-poupa-energia\/","url":"https:\/\/portaltela.pt\/noticias\/2026\/02\/14\/portugal-lanca-a-maior-rede-de-carregamento-ultrarrapido-e-poupa-energia\/","name":"Portugal lan\u00e7a a maior rede de carregamento ultrarr\u00e1pido e poupa energia - Portal Tela Portugal","isPartOf":{"@id":"https:\/\/portaltela.pt\/#website"},"primaryImageOfPage":{"@id":"https:\/\/portaltela.pt\/noticias\/2026\/02\/14\/portugal-lanca-a-maior-rede-de-carregamento-ultrarrapido-e-poupa-energia\/#primaryimage"},"image":{"@id":"https:\/\/portaltela.pt\/noticias\/2026\/02\/14\/portugal-lanca-a-maior-rede-de-carregamento-ultrarrapido-e-poupa-energia\/#primaryimage"},"thumbnailUrl":"https:\/\/portaltela.pt\/s.01k8rhncp4jt1\/2026\/02\/2164752.jpg","datePublished":"2026-02-14T16:00:00+00:00","author":{"@id":"https:\/\/portaltela.pt\/#\/schema\/person\/c4278d4a6028830caff9ee44b42d32ed"},"breadcrumb":{"@id":"https:\/\/portaltela.pt\/noticias\/2026\/02\/14\/portugal-lanca-a-maior-rede-de-carregamento-ultrarrapido-e-poupa-energia\/#breadcrumb"},"inLanguage":"pt-PT","potentialAction":[{"@type":"ReadAction","target":["https:\/\/portaltela.pt\/noticias\/2026\/02\/14\/portugal-lanca-a-maior-rede-de-carregamento-ultrarrapido-e-poupa-energia\/"]}]},{"@type":"ImageObject","inLanguage":"pt-PT","@id":"https:\/\/portaltela.pt\/noticias\/2026\/02\/14\/portugal-lanca-a-maior-rede-de-carregamento-ultrarrapido-e-poupa-energia\/#primaryimage","url":"https:\/\/portaltela.pt\/s.01k8rhncp4jt1\/2026\/02\/2164752.jpg","contentUrl":"https:\/\/portaltela.pt\/s.01k8rhncp4jt1\/2026\/02\/2164752.jpg","width":796,"height":448,"caption":"Photo"},{"@type":"BreadcrumbList","@id":"https:\/\/portaltela.pt\/noticias\/2026\/02\/14\/portugal-lanca-a-maior-rede-de-carregamento-ultrarrapido-e-poupa-energia\/#breadcrumb","itemListElement":[{"@type":"ListItem","position":1,"name":"In\u00edcio","item":"https:\/\/portaltela.pt\/"},{"@type":"ListItem","position":2,"name":"Portugal lan\u00e7a a maior rede de carregamento ultrarr\u00e1pido e poupa energia"}]},{"@type":"WebSite","@id":"https:\/\/portaltela.pt\/#website","url":"https:\/\/portaltela.pt\/","name":"Portal Tela Portugal","description":"","potentialAction":[{"@type":"SearchAction","target":{"@type":"EntryPoint","urlTemplate":"https:\/\/portaltela.pt\/?s={search_term_string}"},"query-input":{"@type":"PropertyValueSpecification","valueRequired":true,"valueName":"search_term_string"}}],"inLanguage":"pt-PT"},{"@type":"Person","@id":"https:\/\/portaltela.pt\/#\/schema\/person\/c4278d4a6028830caff9ee44b42d32ed","name":"Telinha","image":{"@type":"ImageObject","inLanguage":"pt-PT","@id":"https:\/\/portaltela.pt\/s.01k8rhncp4jt1\/2025\/11\/talking-bot-125x125.png","url":"https:\/\/portaltela.pt\/s.01k8rhncp4jt1\/2025\/11\/talking-bot-125x125.png","contentUrl":"https:\/\/portaltela.pt\/s.01k8rhncp4jt1\/2025\/11\/talking-bot-125x125.png","caption":"Telinha"},"sameAs":["https:\/\/portaltela.pt\/"],"url":"https:\/\/portaltela.pt\/por\/367410592786\/"}]}},"_links":{"self":[{"href":"https:\/\/portaltela.pt\/api\/wp\/v2\/posts\/212472","targetHints":{"allow":["GET"]}}],"collection":[{"href":"https:\/\/portaltela.pt\/api\/wp\/v2\/posts"}],"about":[{"href":"https:\/\/portaltela.pt\/api\/wp\/v2\/types\/post"}],"author":[{"embeddable":true,"href":"https:\/\/portaltela.pt\/api\/wp\/v2\/users\/2"}],"replies":[{"embeddable":true,"href":"https:\/\/portaltela.pt\/api\/wp\/v2\/comments?post=212472"}],"version-history":[{"count":0,"href":"https:\/\/portaltela.pt\/api\/wp\/v2\/posts\/212472\/revisions"}],"wp:featuredmedia":[{"embeddable":true,"href":"https:\/\/portaltela.pt\/api\/wp\/v2\/media\/212475"}],"wp:attachment":[{"href":"https:\/\/portaltela.pt\/api\/wp\/v2\/media?parent=212472"}],"wp:term":[{"taxonomy":"category","embeddable":true,"href":"https:\/\/portaltela.pt\/api\/wp\/v2\/categories?post=212472"},{"taxonomy":"post_tag","embeddable":true,"href":"https:\/\/portaltela.pt\/api\/wp\/v2\/tags?post=212472"}],"curies":[{"name":"wp","href":"https:\/\/api.w.org\/{rel}","templated":true}]}}