{"id":212462,"date":"2026-02-14T12:46:30","date_gmt":"2026-02-14T15:46:30","guid":{"rendered":"https:\/\/portaltela.pt\/noticias\/2026\/02\/14\/policia-judiciaria-investiga-incendio-em-tres-carros\/"},"modified":"2026-02-14T12:46:30","modified_gmt":"2026-02-14T15:46:30","slug":"policia-judiciaria-investiga-incendio-em-tres-carros","status":"publish","type":"post","link":"https:\/\/portaltela.pt\/noticias\/2026\/02\/14\/policia-judiciaria-investiga-incendio-em-tres-carros\/","title":{"rendered":"Pol\u00edcia Judici\u00e1ria investiga inc\u00eandio em tr\u00eas carros"},"content":{"rendered":"<p>A Pol\u00edcia Judici\u00e1ria (PJ) de Lisboa investiga suspeitas de fogo posto em tr\u00eas viaturas, ocorridas na quinta-feira. Dois ve\u00edculos incendiaram-se em Peral, Cadaval, e o terceiro, no final do dia, na Alta de Lisboa.<\/p>\n<p>N\u00e3o h\u00e1 registo de feridos.<\/p>\n<p>A investiga\u00e7\u00e3o, que envolve a PJ de Lisboa, procura apurar as circunst\u00e2ncias e eventuais respons\u00e1veis pelo inc\u00eandio nas tr\u00eas viaturas.<\/p>\n<p>As autoridades ainda n\u00e3o divulgaram detalhes sobre poss\u00edveis pistas ou motiva\u00e7\u00e3o, mantendo o caso sob an\u00e1lise.<\/p>\n","protected":false},"excerpt":{"rendered":"<ul>\n<li>A Pol\u00edcia Judici\u00e1ria investiga suspeitas de crime de fogo posto em tr\u00eas viaturas, ocorridas na quinta-feira.<\/li>\n<li>Dois ve\u00edculos arderam na localidade de Peral, no Cadaval.<\/li>\n<li>O terceiro inc\u00eandio ocorreu ao final do dia, na Alta de Lisboa.<\/li>\n<li>N\u00e3o houve registo de feridos.<\/li>\n<\/ul>\n","protected":false},"author":2,"featured_media":212465,"comment_status":"closed","ping_status":"closed","sticky":false,"template":"","format":"standard","meta":{"footnotes":""},"categories":[1],"tags":[4259,4050,147,1438,215,1802],"class_list":["post-212462","post","type-post","status-publish","format-standard","has-post-thumbnail","hentry","category-noticias","tag-alta-de-lisboa","tag-cadaval","tag-crime","tag-incendio","tag-investigacao","tag-policia-judiciaria"],"yoast_head":"<!-- This site is optimized with the Yoast SEO plugin v27.2 - https:\/\/yoast.com\/product\/yoast-seo-wordpress\/ -->\n<title>Pol\u00edcia Judici\u00e1ria investiga inc\u00eandio em tr\u00eas carros - Portal Tela Portugal<\/title>\n<meta name=\"robots\" content=\"index, follow, max-snippet:-1, max-image-preview:large, max-video-preview:-1\" \/>\n<meta property=\"og:locale\" content=\"pt_PT\" \/>\n<meta property=\"og:type\" content=\"article\" \/>\n<meta property=\"og:title\" content=\"Pol\u00edcia Judici\u00e1ria investiga inc\u00eandio em tr\u00eas carros - Portal Tela Portugal\" \/>\n<meta property=\"og:description\" content=\"A Pol\u00edcia Judici\u00e1ria investiga suspeitas de crime de fogo posto em tr\u00eas viaturas, ocorridas na quinta-feira. Dois ve\u00edculos arderam na localidade de Peral, no Cadaval. O terceiro inc\u00eandio ocorreu ao final do dia, na Alta de Lisboa. N\u00e3o houve registo de feridos.\" \/>\n<meta property=\"og:url\" content=\"https:\/\/portaltela.pt\/noticias\/2026\/02\/14\/policia-judiciaria-investiga-incendio-em-tres-carros\/\" \/>\n<meta property=\"og:site_name\" content=\"Portal Tela Portugal\" \/>\n<meta property=\"article:published_time\" content=\"2026-02-14T15:46:30+00:00\" \/>\n<meta name=\"author\" content=\"Telinha\" \/>\n<meta name=\"twitter:card\" content=\"summary_large_image\" \/>\n<meta name=\"twitter:label1\" content=\"Escrito por\" \/>\n\t<meta name=\"twitter:data1\" content=\"Telinha\" \/>\n<script type=\"application\/ld+json\" class=\"yoast-schema-graph\">{\"@context\":\"https:\/\/schema.org\",\"@graph\":[{\"@type\":\"Article\",\"@id\":\"https:\/\/portaltela.pt\/noticias\/2026\/02\/14\/policia-judiciaria-investiga-incendio-em-tres-carros\/#article\",\"isPartOf\":{\"@id\":\"https:\/\/portaltela.pt\/noticias\/2026\/02\/14\/policia-judiciaria-investiga-incendio-em-tres-carros\/\"},\"author\":{\"name\":\"Telinha\",\"@id\":\"https:\/\/portaltela.pt\/#\/schema\/person\/c4278d4a6028830caff9ee44b42d32ed\"},\"headline\":\"Pol\u00edcia Judici\u00e1ria investiga inc\u00eandio em tr\u00eas carros\",\"datePublished\":\"2026-02-14T15:46:30+00:00\",\"mainEntityOfPage\":{\"@id\":\"https:\/\/portaltela.pt\/noticias\/2026\/02\/14\/policia-judiciaria-investiga-incendio-em-tres-carros\/\"},\"wordCount\":100,\"image\":{\"@id\":\"https:\/\/portaltela.pt\/noticias\/2026\/02\/14\/policia-judiciaria-investiga-incendio-em-tres-carros\/#primaryimage\"},\"thumbnailUrl\":\"https:\/\/portaltela.pt\/s.01k8rhncp4jt1\/2026\/02\/img_1500x1000uu2017-06-27-11-49-00-642240.jpg\",\"keywords\":[\"Alta de Lisboa\",\"Cadaval\",\"crime\",\"inc\u00eandio\",\"investiga\u00e7\u00e3o\",\"Pol\u00edcia Judici\u00e1ria\"],\"articleSection\":[\"Not\u00edcias\"],\"inLanguage\":\"pt-PT\"},{\"@type\":\"WebPage\",\"@id\":\"https:\/\/portaltela.pt\/noticias\/2026\/02\/14\/policia-judiciaria-investiga-incendio-em-tres-carros\/\",\"url\":\"https:\/\/portaltela.pt\/noticias\/2026\/02\/14\/policia-judiciaria-investiga-incendio-em-tres-carros\/\",\"name\":\"Pol\u00edcia Judici\u00e1ria investiga inc\u00eandio em tr\u00eas carros - Portal Tela Portugal\",\"isPartOf\":{\"@id\":\"https:\/\/portaltela.pt\/#website\"},\"primaryImageOfPage\":{\"@id\":\"https:\/\/portaltela.pt\/noticias\/2026\/02\/14\/policia-judiciaria-investiga-incendio-em-tres-carros\/#primaryimage\"},\"image\":{\"@id\":\"https:\/\/portaltela.pt\/noticias\/2026\/02\/14\/policia-judiciaria-investiga-incendio-em-tres-carros\/#primaryimage\"},\"thumbnailUrl\":\"https:\/\/portaltela.pt\/s.01k8rhncp4jt1\/2026\/02\/img_1500x1000uu2017-06-27-11-49-00-642240.jpg\",\"datePublished\":\"2026-02-14T15:46:30+00:00\",\"author\":{\"@id\":\"https:\/\/portaltela.pt\/#\/schema\/person\/c4278d4a6028830caff9ee44b42d32ed\"},\"breadcrumb\":{\"@id\":\"https:\/\/portaltela.pt\/noticias\/2026\/02\/14\/policia-judiciaria-investiga-incendio-em-tres-carros\/#breadcrumb\"},\"inLanguage\":\"pt-PT\",\"potentialAction\":[{\"@type\":\"ReadAction\",\"target\":[\"https:\/\/portaltela.pt\/noticias\/2026\/02\/14\/policia-judiciaria-investiga-incendio-em-tres-carros\/\"]}]},{\"@type\":\"ImageObject\",\"inLanguage\":\"pt-PT\",\"@id\":\"https:\/\/portaltela.pt\/noticias\/2026\/02\/14\/policia-judiciaria-investiga-incendio-em-tres-carros\/#primaryimage\",\"url\":\"https:\/\/portaltela.pt\/s.01k8rhncp4jt1\/2026\/02\/img_1500x1000uu2017-06-27-11-49-00-642240.jpg\",\"contentUrl\":\"https:\/\/portaltela.pt\/s.01k8rhncp4jt1\/2026\/02\/img_1500x1000uu2017-06-27-11-49-00-642240.jpg\",\"width\":796,\"height\":448,\"caption\":\"Sede da Pol\u00edcia Judici\u00e1ria, em Lisboa\"},{\"@type\":\"BreadcrumbList\",\"@id\":\"https:\/\/portaltela.pt\/noticias\/2026\/02\/14\/policia-judiciaria-investiga-incendio-em-tres-carros\/#breadcrumb\",\"itemListElement\":[{\"@type\":\"ListItem\",\"position\":1,\"name\":\"In\u00edcio\",\"item\":\"https:\/\/portaltela.pt\/\"},{\"@type\":\"ListItem\",\"position\":2,\"name\":\"Pol\u00edcia Judici\u00e1ria investiga inc\u00eandio em tr\u00eas carros\"}]},{\"@type\":\"WebSite\",\"@id\":\"https:\/\/portaltela.pt\/#website\",\"url\":\"https:\/\/portaltela.pt\/\",\"name\":\"Portal Tela Portugal\",\"description\":\"\",\"potentialAction\":[{\"@type\":\"SearchAction\",\"target\":{\"@type\":\"EntryPoint\",\"urlTemplate\":\"https:\/\/portaltela.pt\/?s={search_term_string}\"},\"query-input\":{\"@type\":\"PropertyValueSpecification\",\"valueRequired\":true,\"valueName\":\"search_term_string\"}}],\"inLanguage\":\"pt-PT\"},{\"@type\":\"Person\",\"@id\":\"https:\/\/portaltela.pt\/#\/schema\/person\/c4278d4a6028830caff9ee44b42d32ed\",\"name\":\"Telinha\",\"image\":{\"@type\":\"ImageObject\",\"inLanguage\":\"pt-PT\",\"@id\":\"https:\/\/portaltela.pt\/s.01k8rhncp4jt1\/2025\/11\/talking-bot-125x125.png\",\"url\":\"https:\/\/portaltela.pt\/s.01k8rhncp4jt1\/2025\/11\/talking-bot-125x125.png\",\"contentUrl\":\"https:\/\/portaltela.pt\/s.01k8rhncp4jt1\/2025\/11\/talking-bot-125x125.png\",\"caption\":\"Telinha\"},\"sameAs\":[\"https:\/\/portaltela.pt\/\"],\"url\":\"https:\/\/portaltela.pt\/por\/367410592786\/\"}]}<\/script>\n<!-- \/ Yoast SEO plugin. -->","yoast_head_json":{"title":"Pol\u00edcia Judici\u00e1ria investiga inc\u00eandio em tr\u00eas carros - Portal Tela Portugal","robots":{"index":"index","follow":"follow","max-snippet":"max-snippet:-1","max-image-preview":"max-image-preview:large","max-video-preview":"max-video-preview:-1"},"og_locale":"pt_PT","og_type":"article","og_title":"Pol\u00edcia Judici\u00e1ria investiga inc\u00eandio em tr\u00eas carros - Portal Tela Portugal","og_description":"A Pol\u00edcia Judici\u00e1ria investiga suspeitas de crime de fogo posto em tr\u00eas viaturas, ocorridas na quinta-feira. Dois ve\u00edculos arderam na localidade de Peral, no Cadaval. O terceiro inc\u00eandio ocorreu ao final do dia, na Alta de Lisboa. N\u00e3o houve registo de feridos.","og_url":"https:\/\/portaltela.pt\/noticias\/2026\/02\/14\/policia-judiciaria-investiga-incendio-em-tres-carros\/","og_site_name":"Portal Tela Portugal","article_published_time":"2026-02-14T15:46:30+00:00","author":"Telinha","twitter_card":"summary_large_image","twitter_misc":{"Escrito por":"Telinha"},"schema":{"@context":"https:\/\/schema.org","@graph":[{"@type":"Article","@id":"https:\/\/portaltela.pt\/noticias\/2026\/02\/14\/policia-judiciaria-investiga-incendio-em-tres-carros\/#article","isPartOf":{"@id":"https:\/\/portaltela.pt\/noticias\/2026\/02\/14\/policia-judiciaria-investiga-incendio-em-tres-carros\/"},"author":{"name":"Telinha","@id":"https:\/\/portaltela.pt\/#\/schema\/person\/c4278d4a6028830caff9ee44b42d32ed"},"headline":"Pol\u00edcia Judici\u00e1ria investiga inc\u00eandio em tr\u00eas carros","datePublished":"2026-02-14T15:46:30+00:00","mainEntityOfPage":{"@id":"https:\/\/portaltela.pt\/noticias\/2026\/02\/14\/policia-judiciaria-investiga-incendio-em-tres-carros\/"},"wordCount":100,"image":{"@id":"https:\/\/portaltela.pt\/noticias\/2026\/02\/14\/policia-judiciaria-investiga-incendio-em-tres-carros\/#primaryimage"},"thumbnailUrl":"https:\/\/portaltela.pt\/s.01k8rhncp4jt1\/2026\/02\/img_1500x1000uu2017-06-27-11-49-00-642240.jpg","keywords":["Alta de Lisboa","Cadaval","crime","inc\u00eandio","investiga\u00e7\u00e3o","Pol\u00edcia Judici\u00e1ria"],"articleSection":["Not\u00edcias"],"inLanguage":"pt-PT"},{"@type":"WebPage","@id":"https:\/\/portaltela.pt\/noticias\/2026\/02\/14\/policia-judiciaria-investiga-incendio-em-tres-carros\/","url":"https:\/\/portaltela.pt\/noticias\/2026\/02\/14\/policia-judiciaria-investiga-incendio-em-tres-carros\/","name":"Pol\u00edcia Judici\u00e1ria investiga inc\u00eandio em tr\u00eas carros - Portal Tela Portugal","isPartOf":{"@id":"https:\/\/portaltela.pt\/#website"},"primaryImageOfPage":{"@id":"https:\/\/portaltela.pt\/noticias\/2026\/02\/14\/policia-judiciaria-investiga-incendio-em-tres-carros\/#primaryimage"},"image":{"@id":"https:\/\/portaltela.pt\/noticias\/2026\/02\/14\/policia-judiciaria-investiga-incendio-em-tres-carros\/#primaryimage"},"thumbnailUrl":"https:\/\/portaltela.pt\/s.01k8rhncp4jt1\/2026\/02\/img_1500x1000uu2017-06-27-11-49-00-642240.jpg","datePublished":"2026-02-14T15:46:30+00:00","author":{"@id":"https:\/\/portaltela.pt\/#\/schema\/person\/c4278d4a6028830caff9ee44b42d32ed"},"breadcrumb":{"@id":"https:\/\/portaltela.pt\/noticias\/2026\/02\/14\/policia-judiciaria-investiga-incendio-em-tres-carros\/#breadcrumb"},"inLanguage":"pt-PT","potentialAction":[{"@type":"ReadAction","target":["https:\/\/portaltela.pt\/noticias\/2026\/02\/14\/policia-judiciaria-investiga-incendio-em-tres-carros\/"]}]},{"@type":"ImageObject","inLanguage":"pt-PT","@id":"https:\/\/portaltela.pt\/noticias\/2026\/02\/14\/policia-judiciaria-investiga-incendio-em-tres-carros\/#primaryimage","url":"https:\/\/portaltela.pt\/s.01k8rhncp4jt1\/2026\/02\/img_1500x1000uu2017-06-27-11-49-00-642240.jpg","contentUrl":"https:\/\/portaltela.pt\/s.01k8rhncp4jt1\/2026\/02\/img_1500x1000uu2017-06-27-11-49-00-642240.jpg","width":796,"height":448,"caption":"Sede da Pol\u00edcia Judici\u00e1ria, em Lisboa"},{"@type":"BreadcrumbList","@id":"https:\/\/portaltela.pt\/noticias\/2026\/02\/14\/policia-judiciaria-investiga-incendio-em-tres-carros\/#breadcrumb","itemListElement":[{"@type":"ListItem","position":1,"name":"In\u00edcio","item":"https:\/\/portaltela.pt\/"},{"@type":"ListItem","position":2,"name":"Pol\u00edcia Judici\u00e1ria investiga inc\u00eandio em tr\u00eas carros"}]},{"@type":"WebSite","@id":"https:\/\/portaltela.pt\/#website","url":"https:\/\/portaltela.pt\/","name":"Portal Tela Portugal","description":"","potentialAction":[{"@type":"SearchAction","target":{"@type":"EntryPoint","urlTemplate":"https:\/\/portaltela.pt\/?s={search_term_string}"},"query-input":{"@type":"PropertyValueSpecification","valueRequired":true,"valueName":"search_term_string"}}],"inLanguage":"pt-PT"},{"@type":"Person","@id":"https:\/\/portaltela.pt\/#\/schema\/person\/c4278d4a6028830caff9ee44b42d32ed","name":"Telinha","image":{"@type":"ImageObject","inLanguage":"pt-PT","@id":"https:\/\/portaltela.pt\/s.01k8rhncp4jt1\/2025\/11\/talking-bot-125x125.png","url":"https:\/\/portaltela.pt\/s.01k8rhncp4jt1\/2025\/11\/talking-bot-125x125.png","contentUrl":"https:\/\/portaltela.pt\/s.01k8rhncp4jt1\/2025\/11\/talking-bot-125x125.png","caption":"Telinha"},"sameAs":["https:\/\/portaltela.pt\/"],"url":"https:\/\/portaltela.pt\/por\/367410592786\/"}]}},"_links":{"self":[{"href":"https:\/\/portaltela.pt\/api\/wp\/v2\/posts\/212462","targetHints":{"allow":["GET"]}}],"collection":[{"href":"https:\/\/portaltela.pt\/api\/wp\/v2\/posts"}],"about":[{"href":"https:\/\/portaltela.pt\/api\/wp\/v2\/types\/post"}],"author":[{"embeddable":true,"href":"https:\/\/portaltela.pt\/api\/wp\/v2\/users\/2"}],"replies":[{"embeddable":true,"href":"https:\/\/portaltela.pt\/api\/wp\/v2\/comments?post=212462"}],"version-history":[{"count":0,"href":"https:\/\/portaltela.pt\/api\/wp\/v2\/posts\/212462\/revisions"}],"wp:featuredmedia":[{"embeddable":true,"href":"https:\/\/portaltela.pt\/api\/wp\/v2\/media\/212465"}],"wp:attachment":[{"href":"https:\/\/portaltela.pt\/api\/wp\/v2\/media?parent=212462"}],"wp:term":[{"taxonomy":"category","embeddable":true,"href":"https:\/\/portaltela.pt\/api\/wp\/v2\/categories?post=212462"},{"taxonomy":"post_tag","embeddable":true,"href":"https:\/\/portaltela.pt\/api\/wp\/v2\/tags?post=212462"}],"curies":[{"name":"wp","href":"https:\/\/api.w.org\/{rel}","templated":true}]}}