{"id":212434,"date":"2026-02-14T12:22:50","date_gmt":"2026-02-14T15:22:50","guid":{"rendered":"https:\/\/portaltela.pt\/noticias\/2026\/02\/14\/ancelotti-marca-presenca-no-carnaval-de-salvador-da-bahia\/"},"modified":"2026-02-14T12:22:50","modified_gmt":"2026-02-14T15:22:50","slug":"ancelotti-marca-presenca-no-carnaval-de-salvador-da-bahia","status":"publish","type":"post","link":"https:\/\/portaltela.pt\/desporto\/futebol\/2026\/02\/14\/ancelotti-marca-presenca-no-carnaval-de-salvador-da-bahia\/","title":{"rendered":"Ancelotti marca presen\u00e7a no Carnaval de Salvador da Bahia"},"content":{"rendered":"<p>Carlo Ancelotti esteve presente no Carnaval de Salvador da Bahia, no Brasil, participando de momentos festivos nas ruas da cidade. O selecionador da sele\u00e7\u00e3o brasileira foi visto durante as comemora\u00e7\u00f5es, com imagens a circularem nas redes sociais. Cr\u00e9ditos: EC Bahia\/X.<\/p>\n<p>Chegou ao Brasil h\u00e1 cerca de seis meses e j\u00e1 demonstra adapta\u00e7\u00e3o ao pa\u00eds, participando de atividades culturais locais sem operacionais impedimentos. A participa\u00e7\u00e3o no Carnaval foi descrita como um momento descontra\u00eddo durante a \u00e9poca festiva.<\/p>\n<p>O evento ocorreu na regi\u00e3o de Salvador, capital da Bahia, onde os festejos tradicionais atraem milhares de pessoas. A presen\u00e7a de uma figura desportiva de renome gerou curiosidade entre f\u00e3s e imprensa.<\/p>\n<p>O objetivo do evento, segundo fontes pr\u00f3ximas, foi permitir ao treinador manter uma rela\u00e7\u00e3o pr\u00f3xima com o p\u00fablico e acompanhar tradi\u00e7\u00f5es culturais locais. O facto \u00e9 relatado com base em registos p\u00fablicos dispon\u00edveis.<\/p>\n","protected":false},"excerpt":{"rendered":"<ul>\n<li>O treinador da sele\u00e7\u00e3o brasileira, Carlo Ancelotti, chegou ao Brasil h\u00e1 cerca de meio ano.<\/li>\n<li>Ele foi acompanhar as celebra\u00e7\u00f5es do Carnaval de Salvador da Bahia.<\/li>\n<li>Imagens dele no evento viralizaram nas redes sociais.<\/li>\n<li>O momento \u00e9 descrito como indica\u00e7\u00e3o de adapta\u00e7\u00e3o do t\u00e9cnico ao pa\u00eds.<\/li>\n<li>Cr\u00e9ditos da imagem: EC Bahia\/X.<\/li>\n<\/ul>\n","protected":false},"author":2,"featured_media":212436,"comment_status":"closed","ping_status":"closed","sticky":false,"template":"","format":"standard","meta":{"footnotes":""},"categories":[21,24],"tags":[2547,3218,145,152,32,2057],"class_list":["post-212434","post","type-post","status-publish","format-standard","has-post-thumbnail","hentry","category-desporto","category-futebol","tag-brasil","tag-carlo-ancelotti","tag-cultura","tag-desporto","tag-futebol","tag-selecao-nacional"],"yoast_head":"<!-- This site is optimized with the Yoast SEO plugin v27.2 - https:\/\/yoast.com\/product\/yoast-seo-wordpress\/ -->\n<title>Ancelotti marca presen\u00e7a no Carnaval de Salvador da Bahia - Portal Tela Portugal<\/title>\n<meta name=\"robots\" content=\"index, follow, max-snippet:-1, max-image-preview:large, max-video-preview:-1\" \/>\n<meta property=\"og:locale\" content=\"pt_PT\" \/>\n<meta property=\"og:type\" content=\"article\" \/>\n<meta property=\"og:title\" content=\"Ancelotti marca presen\u00e7a no Carnaval de Salvador da Bahia - Portal Tela Portugal\" \/>\n<meta property=\"og:description\" content=\"O treinador da sele\u00e7\u00e3o brasileira, Carlo Ancelotti, chegou ao Brasil h\u00e1 cerca de meio ano. Ele foi acompanhar as celebra\u00e7\u00f5es do Carnaval de Salvador da Bahia. Imagens dele no evento viralizaram nas redes sociais. O momento \u00e9 descrito como indica\u00e7\u00e3o de adapta\u00e7\u00e3o do t\u00e9cnico ao pa\u00eds. Cr\u00e9ditos da imagem: EC Bahia\/X.\" \/>\n<meta property=\"og:url\" content=\"https:\/\/portaltela.pt\/noticias\/2026\/02\/14\/ancelotti-marca-presenca-no-carnaval-de-salvador-da-bahia\/\" \/>\n<meta property=\"og:site_name\" content=\"Portal Tela Portugal\" \/>\n<meta property=\"article:published_time\" content=\"2026-02-14T15:22:50+00:00\" \/>\n<meta name=\"author\" content=\"Telinha\" \/>\n<meta name=\"twitter:card\" content=\"summary_large_image\" \/>\n<meta name=\"twitter:label1\" content=\"Escrito por\" \/>\n\t<meta name=\"twitter:data1\" content=\"Telinha\" \/>\n\t<meta name=\"twitter:label2\" content=\"Tempo estimado de leitura\" \/>\n\t<meta name=\"twitter:data2\" content=\"1 minuto\" \/>\n<script type=\"application\/ld+json\" class=\"yoast-schema-graph\">{\"@context\":\"https:\/\/schema.org\",\"@graph\":[{\"@type\":\"Article\",\"@id\":\"https:\/\/portaltela.pt\/noticias\/2026\/02\/14\/ancelotti-marca-presenca-no-carnaval-de-salvador-da-bahia\/#article\",\"isPartOf\":{\"@id\":\"https:\/\/portaltela.pt\/noticias\/2026\/02\/14\/ancelotti-marca-presenca-no-carnaval-de-salvador-da-bahia\/\"},\"author\":{\"name\":\"Telinha\",\"@id\":\"https:\/\/portaltela.pt\/#\/schema\/person\/c4278d4a6028830caff9ee44b42d32ed\"},\"headline\":\"Ancelotti marca presen\u00e7a no Carnaval de Salvador da Bahia\",\"datePublished\":\"2026-02-14T15:22:50+00:00\",\"mainEntityOfPage\":{\"@id\":\"https:\/\/portaltela.pt\/noticias\/2026\/02\/14\/ancelotti-marca-presenca-no-carnaval-de-salvador-da-bahia\/\"},\"wordCount\":168,\"image\":{\"@id\":\"https:\/\/portaltela.pt\/noticias\/2026\/02\/14\/ancelotti-marca-presenca-no-carnaval-de-salvador-da-bahia\/#primaryimage\"},\"thumbnailUrl\":\"https:\/\/portaltela.pt\/s.01k8rhncp4jt1\/2026\/02\/img_1200x721uu2026-02-14-15-17-09-2421545.jpg\",\"keywords\":[\"Brasil\",\"Carlo Ancelotti\",\"cultura\",\"desporto\",\"futebol\",\"Sele\u00e7\u00e3o Nacional\"],\"articleSection\":[\"Desporto\",\"Futebol\"],\"inLanguage\":\"pt-PT\"},{\"@type\":\"WebPage\",\"@id\":\"https:\/\/portaltela.pt\/noticias\/2026\/02\/14\/ancelotti-marca-presenca-no-carnaval-de-salvador-da-bahia\/\",\"url\":\"https:\/\/portaltela.pt\/noticias\/2026\/02\/14\/ancelotti-marca-presenca-no-carnaval-de-salvador-da-bahia\/\",\"name\":\"Ancelotti marca presen\u00e7a no Carnaval de Salvador da Bahia - Portal Tela Portugal\",\"isPartOf\":{\"@id\":\"https:\/\/portaltela.pt\/#website\"},\"primaryImageOfPage\":{\"@id\":\"https:\/\/portaltela.pt\/noticias\/2026\/02\/14\/ancelotti-marca-presenca-no-carnaval-de-salvador-da-bahia\/#primaryimage\"},\"image\":{\"@id\":\"https:\/\/portaltela.pt\/noticias\/2026\/02\/14\/ancelotti-marca-presenca-no-carnaval-de-salvador-da-bahia\/#primaryimage\"},\"thumbnailUrl\":\"https:\/\/portaltela.pt\/s.01k8rhncp4jt1\/2026\/02\/img_1200x721uu2026-02-14-15-17-09-2421545.jpg\",\"datePublished\":\"2026-02-14T15:22:50+00:00\",\"author\":{\"@id\":\"https:\/\/portaltela.pt\/#\/schema\/person\/c4278d4a6028830caff9ee44b42d32ed\"},\"breadcrumb\":{\"@id\":\"https:\/\/portaltela.pt\/noticias\/2026\/02\/14\/ancelotti-marca-presenca-no-carnaval-de-salvador-da-bahia\/#breadcrumb\"},\"inLanguage\":\"pt-PT\",\"potentialAction\":[{\"@type\":\"ReadAction\",\"target\":[\"https:\/\/portaltela.pt\/noticias\/2026\/02\/14\/ancelotti-marca-presenca-no-carnaval-de-salvador-da-bahia\/\"]}]},{\"@type\":\"ImageObject\",\"inLanguage\":\"pt-PT\",\"@id\":\"https:\/\/portaltela.pt\/noticias\/2026\/02\/14\/ancelotti-marca-presenca-no-carnaval-de-salvador-da-bahia\/#primaryimage\",\"url\":\"https:\/\/portaltela.pt\/s.01k8rhncp4jt1\/2026\/02\/img_1200x721uu2026-02-14-15-17-09-2421545.jpg\",\"contentUrl\":\"https:\/\/portaltela.pt\/s.01k8rhncp4jt1\/2026\/02\/img_1200x721uu2026-02-14-15-17-09-2421545.jpg\",\"width\":796,\"height\":448,\"caption\":\"Selecionador do Brasil mostra-se adaptado ao novo pa\u00eds n\u00e3o faltou \u00e0 festividade\"},{\"@type\":\"BreadcrumbList\",\"@id\":\"https:\/\/portaltela.pt\/noticias\/2026\/02\/14\/ancelotti-marca-presenca-no-carnaval-de-salvador-da-bahia\/#breadcrumb\",\"itemListElement\":[{\"@type\":\"ListItem\",\"position\":1,\"name\":\"In\u00edcio\",\"item\":\"https:\/\/portaltela.pt\/\"},{\"@type\":\"ListItem\",\"position\":2,\"name\":\"Ancelotti marca presen\u00e7a no Carnaval de Salvador da Bahia\"}]},{\"@type\":\"WebSite\",\"@id\":\"https:\/\/portaltela.pt\/#website\",\"url\":\"https:\/\/portaltela.pt\/\",\"name\":\"Portal Tela Portugal\",\"description\":\"\",\"potentialAction\":[{\"@type\":\"SearchAction\",\"target\":{\"@type\":\"EntryPoint\",\"urlTemplate\":\"https:\/\/portaltela.pt\/?s={search_term_string}\"},\"query-input\":{\"@type\":\"PropertyValueSpecification\",\"valueRequired\":true,\"valueName\":\"search_term_string\"}}],\"inLanguage\":\"pt-PT\"},{\"@type\":\"Person\",\"@id\":\"https:\/\/portaltela.pt\/#\/schema\/person\/c4278d4a6028830caff9ee44b42d32ed\",\"name\":\"Telinha\",\"image\":{\"@type\":\"ImageObject\",\"inLanguage\":\"pt-PT\",\"@id\":\"https:\/\/portaltela.pt\/s.01k8rhncp4jt1\/2025\/11\/talking-bot-125x125.png\",\"url\":\"https:\/\/portaltela.pt\/s.01k8rhncp4jt1\/2025\/11\/talking-bot-125x125.png\",\"contentUrl\":\"https:\/\/portaltela.pt\/s.01k8rhncp4jt1\/2025\/11\/talking-bot-125x125.png\",\"caption\":\"Telinha\"},\"sameAs\":[\"https:\/\/portaltela.pt\/\"],\"url\":\"https:\/\/portaltela.pt\/por\/367410592786\/\"}]}<\/script>\n<!-- \/ Yoast SEO plugin. -->","yoast_head_json":{"title":"Ancelotti marca presen\u00e7a no Carnaval de Salvador da Bahia - Portal Tela Portugal","robots":{"index":"index","follow":"follow","max-snippet":"max-snippet:-1","max-image-preview":"max-image-preview:large","max-video-preview":"max-video-preview:-1"},"og_locale":"pt_PT","og_type":"article","og_title":"Ancelotti marca presen\u00e7a no Carnaval de Salvador da Bahia - Portal Tela Portugal","og_description":"O treinador da sele\u00e7\u00e3o brasileira, Carlo Ancelotti, chegou ao Brasil h\u00e1 cerca de meio ano. Ele foi acompanhar as celebra\u00e7\u00f5es do Carnaval de Salvador da Bahia. Imagens dele no evento viralizaram nas redes sociais. O momento \u00e9 descrito como indica\u00e7\u00e3o de adapta\u00e7\u00e3o do t\u00e9cnico ao pa\u00eds. Cr\u00e9ditos da imagem: EC Bahia\/X.","og_url":"https:\/\/portaltela.pt\/noticias\/2026\/02\/14\/ancelotti-marca-presenca-no-carnaval-de-salvador-da-bahia\/","og_site_name":"Portal Tela Portugal","article_published_time":"2026-02-14T15:22:50+00:00","author":"Telinha","twitter_card":"summary_large_image","twitter_misc":{"Escrito por":"Telinha","Tempo estimado de leitura":"1 minuto"},"schema":{"@context":"https:\/\/schema.org","@graph":[{"@type":"Article","@id":"https:\/\/portaltela.pt\/noticias\/2026\/02\/14\/ancelotti-marca-presenca-no-carnaval-de-salvador-da-bahia\/#article","isPartOf":{"@id":"https:\/\/portaltela.pt\/noticias\/2026\/02\/14\/ancelotti-marca-presenca-no-carnaval-de-salvador-da-bahia\/"},"author":{"name":"Telinha","@id":"https:\/\/portaltela.pt\/#\/schema\/person\/c4278d4a6028830caff9ee44b42d32ed"},"headline":"Ancelotti marca presen\u00e7a no Carnaval de Salvador da Bahia","datePublished":"2026-02-14T15:22:50+00:00","mainEntityOfPage":{"@id":"https:\/\/portaltela.pt\/noticias\/2026\/02\/14\/ancelotti-marca-presenca-no-carnaval-de-salvador-da-bahia\/"},"wordCount":168,"image":{"@id":"https:\/\/portaltela.pt\/noticias\/2026\/02\/14\/ancelotti-marca-presenca-no-carnaval-de-salvador-da-bahia\/#primaryimage"},"thumbnailUrl":"https:\/\/portaltela.pt\/s.01k8rhncp4jt1\/2026\/02\/img_1200x721uu2026-02-14-15-17-09-2421545.jpg","keywords":["Brasil","Carlo Ancelotti","cultura","desporto","futebol","Sele\u00e7\u00e3o Nacional"],"articleSection":["Desporto","Futebol"],"inLanguage":"pt-PT"},{"@type":"WebPage","@id":"https:\/\/portaltela.pt\/noticias\/2026\/02\/14\/ancelotti-marca-presenca-no-carnaval-de-salvador-da-bahia\/","url":"https:\/\/portaltela.pt\/noticias\/2026\/02\/14\/ancelotti-marca-presenca-no-carnaval-de-salvador-da-bahia\/","name":"Ancelotti marca presen\u00e7a no Carnaval de Salvador da Bahia - Portal Tela Portugal","isPartOf":{"@id":"https:\/\/portaltela.pt\/#website"},"primaryImageOfPage":{"@id":"https:\/\/portaltela.pt\/noticias\/2026\/02\/14\/ancelotti-marca-presenca-no-carnaval-de-salvador-da-bahia\/#primaryimage"},"image":{"@id":"https:\/\/portaltela.pt\/noticias\/2026\/02\/14\/ancelotti-marca-presenca-no-carnaval-de-salvador-da-bahia\/#primaryimage"},"thumbnailUrl":"https:\/\/portaltela.pt\/s.01k8rhncp4jt1\/2026\/02\/img_1200x721uu2026-02-14-15-17-09-2421545.jpg","datePublished":"2026-02-14T15:22:50+00:00","author":{"@id":"https:\/\/portaltela.pt\/#\/schema\/person\/c4278d4a6028830caff9ee44b42d32ed"},"breadcrumb":{"@id":"https:\/\/portaltela.pt\/noticias\/2026\/02\/14\/ancelotti-marca-presenca-no-carnaval-de-salvador-da-bahia\/#breadcrumb"},"inLanguage":"pt-PT","potentialAction":[{"@type":"ReadAction","target":["https:\/\/portaltela.pt\/noticias\/2026\/02\/14\/ancelotti-marca-presenca-no-carnaval-de-salvador-da-bahia\/"]}]},{"@type":"ImageObject","inLanguage":"pt-PT","@id":"https:\/\/portaltela.pt\/noticias\/2026\/02\/14\/ancelotti-marca-presenca-no-carnaval-de-salvador-da-bahia\/#primaryimage","url":"https:\/\/portaltela.pt\/s.01k8rhncp4jt1\/2026\/02\/img_1200x721uu2026-02-14-15-17-09-2421545.jpg","contentUrl":"https:\/\/portaltela.pt\/s.01k8rhncp4jt1\/2026\/02\/img_1200x721uu2026-02-14-15-17-09-2421545.jpg","width":796,"height":448,"caption":"Selecionador do Brasil mostra-se adaptado ao novo pa\u00eds n\u00e3o faltou \u00e0 festividade"},{"@type":"BreadcrumbList","@id":"https:\/\/portaltela.pt\/noticias\/2026\/02\/14\/ancelotti-marca-presenca-no-carnaval-de-salvador-da-bahia\/#breadcrumb","itemListElement":[{"@type":"ListItem","position":1,"name":"In\u00edcio","item":"https:\/\/portaltela.pt\/"},{"@type":"ListItem","position":2,"name":"Ancelotti marca presen\u00e7a no Carnaval de Salvador da Bahia"}]},{"@type":"WebSite","@id":"https:\/\/portaltela.pt\/#website","url":"https:\/\/portaltela.pt\/","name":"Portal Tela Portugal","description":"","potentialAction":[{"@type":"SearchAction","target":{"@type":"EntryPoint","urlTemplate":"https:\/\/portaltela.pt\/?s={search_term_string}"},"query-input":{"@type":"PropertyValueSpecification","valueRequired":true,"valueName":"search_term_string"}}],"inLanguage":"pt-PT"},{"@type":"Person","@id":"https:\/\/portaltela.pt\/#\/schema\/person\/c4278d4a6028830caff9ee44b42d32ed","name":"Telinha","image":{"@type":"ImageObject","inLanguage":"pt-PT","@id":"https:\/\/portaltela.pt\/s.01k8rhncp4jt1\/2025\/11\/talking-bot-125x125.png","url":"https:\/\/portaltela.pt\/s.01k8rhncp4jt1\/2025\/11\/talking-bot-125x125.png","contentUrl":"https:\/\/portaltela.pt\/s.01k8rhncp4jt1\/2025\/11\/talking-bot-125x125.png","caption":"Telinha"},"sameAs":["https:\/\/portaltela.pt\/"],"url":"https:\/\/portaltela.pt\/por\/367410592786\/"}]}},"_links":{"self":[{"href":"https:\/\/portaltela.pt\/api\/wp\/v2\/posts\/212434","targetHints":{"allow":["GET"]}}],"collection":[{"href":"https:\/\/portaltela.pt\/api\/wp\/v2\/posts"}],"about":[{"href":"https:\/\/portaltela.pt\/api\/wp\/v2\/types\/post"}],"author":[{"embeddable":true,"href":"https:\/\/portaltela.pt\/api\/wp\/v2\/users\/2"}],"replies":[{"embeddable":true,"href":"https:\/\/portaltela.pt\/api\/wp\/v2\/comments?post=212434"}],"version-history":[{"count":0,"href":"https:\/\/portaltela.pt\/api\/wp\/v2\/posts\/212434\/revisions"}],"wp:featuredmedia":[{"embeddable":true,"href":"https:\/\/portaltela.pt\/api\/wp\/v2\/media\/212436"}],"wp:attachment":[{"href":"https:\/\/portaltela.pt\/api\/wp\/v2\/media?parent=212434"}],"wp:term":[{"taxonomy":"category","embeddable":true,"href":"https:\/\/portaltela.pt\/api\/wp\/v2\/categories?post=212434"},{"taxonomy":"post_tag","embeddable":true,"href":"https:\/\/portaltela.pt\/api\/wp\/v2\/tags?post=212434"}],"curies":[{"name":"wp","href":"https:\/\/api.w.org\/{rel}","templated":true}]}}