{"id":212410,"date":"2026-02-14T11:50:48","date_gmt":"2026-02-14T14:50:48","guid":{"rendered":"https:\/\/portaltela.pt\/noticias\/2026\/02\/14\/muro-em-risco-de-derrocada-encerra-igreja-em-arco-de-baulhe\/"},"modified":"2026-02-14T11:50:48","modified_gmt":"2026-02-14T14:50:48","slug":"muro-em-risco-de-derrocada-encerra-igreja-em-arco-de-baulhe","status":"publish","type":"post","link":"https:\/\/portaltela.pt\/noticias\/2026\/02\/14\/muro-em-risco-de-derrocada-encerra-igreja-em-arco-de-baulhe\/","title":{"rendered":"Muro em risco de derrocada encerra igreja em Arco de Ba\u00falhe"},"content":{"rendered":"<p>O muro da igreja de Arco de Ba\u00falhe, em Cabeceiras de Basto, apresenta fissuras e levou as autoridades a determinar o encerramento do espa\u00e7o por risco de derrocada do adro.<\/p>\n<p>A decis\u00e3o foi tomada ap\u00f3s uma inspe\u00e7\u00e3o t\u00e9cnica realizada pela C\u00e2mara Municipal de Cabeceiras de Basto, que apontou instabilidade estrutural no muro que contorna o adro da igreja.<\/p>\n<p>O acesso ao espa\u00e7o fica proibido at\u00e9 que sejam conclu\u00eddas avalia\u00e7\u00f5es adicionais e, se necess\u00e1rio, iniciadas obras de estabiliza\u00e7\u00e3o para garantir a seguran\u00e7a de fi\u00e9is e popula\u00e7\u00e3o local.<\/p>\n<h3>Situa\u00e7\u00e3o atual<\/h3>\n<p>A medida afeta fi\u00e9is e visitantes, que n\u00e3o podem entrar no recinto religioso nem utilizar o adro enquanto decorrem os trabalhos de avalia\u00e7\u00e3o.<\/p>\n<p>As entidades municipais avan\u00e7am com per\u00edcias complementares e planeiam comunicar os resultados e as eventuais interven\u00e7\u00f5es necess\u00e1rias assim que existirem informa\u00e7\u00f5es conclusivas.<\/p>\n","protected":false},"excerpt":{"rendered":"<ul>\n<li>V\u00e1rias fissuras no muro da igreja de Arco de Ba\u00falhe, em Cabeceiras de Basto, levaram ao encerramento do espa\u00e7o.<\/li>\n<li>O risco de derrocada do adro motivou a decis\u00e3o das autoridades.<\/li>\n<li>O acesso ao local foi bloqueado para evitar perigos.<\/li>\n<li>A medida mant\u00e9m-se enquanto n\u00e3o houver seguran\u00e7a estrutural comprovada.<\/li>\n<li>A not\u00edcia inclui cr\u00e9ditos de imagem da Ag\u00eancia X.<\/li>\n<\/ul>\n","protected":false},"author":2,"featured_media":212411,"comment_status":"closed","ping_status":"closed","sticky":false,"template":"","format":"standard","meta":{"footnotes":""},"categories":[1],"tags":[5443,142,2289,102,5852,250],"class_list":["post-212410","post","type-post","status-publish","format-standard","has-post-thumbnail","hentry","category-noticias","tag-a-camara-municipal","tag-arquitetura","tag-desabamentos","tag-igreja","tag-inspecao-de-danos","tag-seguranca-publica"],"yoast_head":"<!-- This site is optimized with the Yoast SEO plugin v27.2 - https:\/\/yoast.com\/product\/yoast-seo-wordpress\/ -->\n<title>Muro em risco de derrocada encerra igreja em Arco de Ba\u00falhe - Portal Tela Portugal<\/title>\n<meta name=\"robots\" content=\"index, follow, max-snippet:-1, max-image-preview:large, max-video-preview:-1\" \/>\n<meta property=\"og:locale\" content=\"pt_PT\" \/>\n<meta property=\"og:type\" content=\"article\" \/>\n<meta property=\"og:title\" content=\"Muro em risco de derrocada encerra igreja em Arco de Ba\u00falhe - Portal Tela Portugal\" \/>\n<meta property=\"og:description\" content=\"V\u00e1rias fissuras no muro da igreja de Arco de Ba\u00falhe, em Cabeceiras de Basto, levaram ao encerramento do espa\u00e7o. O risco de derrocada do adro motivou a decis\u00e3o das autoridades. O acesso ao local foi bloqueado para evitar perigos. A medida mant\u00e9m-se enquanto n\u00e3o houver seguran\u00e7a estrutural comprovada. A not\u00edcia inclui cr\u00e9ditos de imagem da Ag\u00eancia X.\" \/>\n<meta property=\"og:url\" content=\"https:\/\/portaltela.pt\/noticias\/2026\/02\/14\/muro-em-risco-de-derrocada-encerra-igreja-em-arco-de-baulhe\/\" \/>\n<meta property=\"og:site_name\" content=\"Portal Tela Portugal\" \/>\n<meta property=\"article:published_time\" content=\"2026-02-14T14:50:48+00:00\" \/>\n<meta name=\"author\" content=\"Telinha\" \/>\n<meta name=\"twitter:card\" content=\"summary_large_image\" \/>\n<meta name=\"twitter:label1\" content=\"Escrito por\" \/>\n\t<meta name=\"twitter:data1\" content=\"Telinha\" \/>\n\t<meta name=\"twitter:label2\" content=\"Tempo estimado de leitura\" \/>\n\t<meta name=\"twitter:data2\" content=\"1 minuto\" \/>\n<script type=\"application\/ld+json\" class=\"yoast-schema-graph\">{\"@context\":\"https:\/\/schema.org\",\"@graph\":[{\"@type\":\"Article\",\"@id\":\"https:\/\/portaltela.pt\/noticias\/2026\/02\/14\/muro-em-risco-de-derrocada-encerra-igreja-em-arco-de-baulhe\/#article\",\"isPartOf\":{\"@id\":\"https:\/\/portaltela.pt\/noticias\/2026\/02\/14\/muro-em-risco-de-derrocada-encerra-igreja-em-arco-de-baulhe\/\"},\"author\":{\"name\":\"Telinha\",\"@id\":\"https:\/\/portaltela.pt\/#\/schema\/person\/c4278d4a6028830caff9ee44b42d32ed\"},\"headline\":\"Muro em risco de derrocada encerra igreja em Arco de Ba\u00falhe\",\"datePublished\":\"2026-02-14T14:50:48+00:00\",\"mainEntityOfPage\":{\"@id\":\"https:\/\/portaltela.pt\/noticias\/2026\/02\/14\/muro-em-risco-de-derrocada-encerra-igreja-em-arco-de-baulhe\/\"},\"wordCount\":169,\"image\":{\"@id\":\"https:\/\/portaltela.pt\/noticias\/2026\/02\/14\/muro-em-risco-de-derrocada-encerra-igreja-em-arco-de-baulhe\/#primaryimage\"},\"thumbnailUrl\":\"https:\/\/portaltela.pt\/s.01k8rhncp4jt1\/2026\/02\/img_1280x722uu2026-02-14-14-37-03-2266868.jpg\",\"keywords\":[\"A C\u00e2mara Municipal\",\"arquitetura\",\"desabamentos\",\"igreja\",\"inspe\u00e7\u00e3o de danos\",\"seguran\u00e7a p\u00fablica\"],\"articleSection\":[\"Not\u00edcias\"],\"inLanguage\":\"pt-PT\"},{\"@type\":\"WebPage\",\"@id\":\"https:\/\/portaltela.pt\/noticias\/2026\/02\/14\/muro-em-risco-de-derrocada-encerra-igreja-em-arco-de-baulhe\/\",\"url\":\"https:\/\/portaltela.pt\/noticias\/2026\/02\/14\/muro-em-risco-de-derrocada-encerra-igreja-em-arco-de-baulhe\/\",\"name\":\"Muro em risco de derrocada encerra igreja em Arco de Ba\u00falhe - Portal Tela Portugal\",\"isPartOf\":{\"@id\":\"https:\/\/portaltela.pt\/#website\"},\"primaryImageOfPage\":{\"@id\":\"https:\/\/portaltela.pt\/noticias\/2026\/02\/14\/muro-em-risco-de-derrocada-encerra-igreja-em-arco-de-baulhe\/#primaryimage\"},\"image\":{\"@id\":\"https:\/\/portaltela.pt\/noticias\/2026\/02\/14\/muro-em-risco-de-derrocada-encerra-igreja-em-arco-de-baulhe\/#primaryimage\"},\"thumbnailUrl\":\"https:\/\/portaltela.pt\/s.01k8rhncp4jt1\/2026\/02\/img_1280x722uu2026-02-14-14-37-03-2266868.jpg\",\"datePublished\":\"2026-02-14T14:50:48+00:00\",\"author\":{\"@id\":\"https:\/\/portaltela.pt\/#\/schema\/person\/c4278d4a6028830caff9ee44b42d32ed\"},\"breadcrumb\":{\"@id\":\"https:\/\/portaltela.pt\/noticias\/2026\/02\/14\/muro-em-risco-de-derrocada-encerra-igreja-em-arco-de-baulhe\/#breadcrumb\"},\"inLanguage\":\"pt-PT\",\"potentialAction\":[{\"@type\":\"ReadAction\",\"target\":[\"https:\/\/portaltela.pt\/noticias\/2026\/02\/14\/muro-em-risco-de-derrocada-encerra-igreja-em-arco-de-baulhe\/\"]}]},{\"@type\":\"ImageObject\",\"inLanguage\":\"pt-PT\",\"@id\":\"https:\/\/portaltela.pt\/noticias\/2026\/02\/14\/muro-em-risco-de-derrocada-encerra-igreja-em-arco-de-baulhe\/#primaryimage\",\"url\":\"https:\/\/portaltela.pt\/s.01k8rhncp4jt1\/2026\/02\/img_1280x722uu2026-02-14-14-37-03-2266868.jpg\",\"contentUrl\":\"https:\/\/portaltela.pt\/s.01k8rhncp4jt1\/2026\/02\/img_1280x722uu2026-02-14-14-37-03-2266868.jpg\",\"width\":796,\"height\":448,\"caption\":\"Muro em risco de derrocada fecha igreja de Arco de Ba\u00falhe em Cabeceiras de Basto\"},{\"@type\":\"BreadcrumbList\",\"@id\":\"https:\/\/portaltela.pt\/noticias\/2026\/02\/14\/muro-em-risco-de-derrocada-encerra-igreja-em-arco-de-baulhe\/#breadcrumb\",\"itemListElement\":[{\"@type\":\"ListItem\",\"position\":1,\"name\":\"In\u00edcio\",\"item\":\"https:\/\/portaltela.pt\/\"},{\"@type\":\"ListItem\",\"position\":2,\"name\":\"Muro em risco de derrocada encerra igreja em Arco de Ba\u00falhe\"}]},{\"@type\":\"WebSite\",\"@id\":\"https:\/\/portaltela.pt\/#website\",\"url\":\"https:\/\/portaltela.pt\/\",\"name\":\"Portal Tela Portugal\",\"description\":\"\",\"potentialAction\":[{\"@type\":\"SearchAction\",\"target\":{\"@type\":\"EntryPoint\",\"urlTemplate\":\"https:\/\/portaltela.pt\/?s={search_term_string}\"},\"query-input\":{\"@type\":\"PropertyValueSpecification\",\"valueRequired\":true,\"valueName\":\"search_term_string\"}}],\"inLanguage\":\"pt-PT\"},{\"@type\":\"Person\",\"@id\":\"https:\/\/portaltela.pt\/#\/schema\/person\/c4278d4a6028830caff9ee44b42d32ed\",\"name\":\"Telinha\",\"image\":{\"@type\":\"ImageObject\",\"inLanguage\":\"pt-PT\",\"@id\":\"https:\/\/portaltela.pt\/s.01k8rhncp4jt1\/2025\/11\/talking-bot-125x125.png\",\"url\":\"https:\/\/portaltela.pt\/s.01k8rhncp4jt1\/2025\/11\/talking-bot-125x125.png\",\"contentUrl\":\"https:\/\/portaltela.pt\/s.01k8rhncp4jt1\/2025\/11\/talking-bot-125x125.png\",\"caption\":\"Telinha\"},\"sameAs\":[\"https:\/\/portaltela.pt\/\"],\"url\":\"https:\/\/portaltela.pt\/por\/367410592786\/\"}]}<\/script>\n<!-- \/ Yoast SEO plugin. -->","yoast_head_json":{"title":"Muro em risco de derrocada encerra igreja em Arco de Ba\u00falhe - Portal Tela Portugal","robots":{"index":"index","follow":"follow","max-snippet":"max-snippet:-1","max-image-preview":"max-image-preview:large","max-video-preview":"max-video-preview:-1"},"og_locale":"pt_PT","og_type":"article","og_title":"Muro em risco de derrocada encerra igreja em Arco de Ba\u00falhe - Portal Tela Portugal","og_description":"V\u00e1rias fissuras no muro da igreja de Arco de Ba\u00falhe, em Cabeceiras de Basto, levaram ao encerramento do espa\u00e7o. O risco de derrocada do adro motivou a decis\u00e3o das autoridades. O acesso ao local foi bloqueado para evitar perigos. A medida mant\u00e9m-se enquanto n\u00e3o houver seguran\u00e7a estrutural comprovada. A not\u00edcia inclui cr\u00e9ditos de imagem da Ag\u00eancia X.","og_url":"https:\/\/portaltela.pt\/noticias\/2026\/02\/14\/muro-em-risco-de-derrocada-encerra-igreja-em-arco-de-baulhe\/","og_site_name":"Portal Tela Portugal","article_published_time":"2026-02-14T14:50:48+00:00","author":"Telinha","twitter_card":"summary_large_image","twitter_misc":{"Escrito por":"Telinha","Tempo estimado de leitura":"1 minuto"},"schema":{"@context":"https:\/\/schema.org","@graph":[{"@type":"Article","@id":"https:\/\/portaltela.pt\/noticias\/2026\/02\/14\/muro-em-risco-de-derrocada-encerra-igreja-em-arco-de-baulhe\/#article","isPartOf":{"@id":"https:\/\/portaltela.pt\/noticias\/2026\/02\/14\/muro-em-risco-de-derrocada-encerra-igreja-em-arco-de-baulhe\/"},"author":{"name":"Telinha","@id":"https:\/\/portaltela.pt\/#\/schema\/person\/c4278d4a6028830caff9ee44b42d32ed"},"headline":"Muro em risco de derrocada encerra igreja em Arco de Ba\u00falhe","datePublished":"2026-02-14T14:50:48+00:00","mainEntityOfPage":{"@id":"https:\/\/portaltela.pt\/noticias\/2026\/02\/14\/muro-em-risco-de-derrocada-encerra-igreja-em-arco-de-baulhe\/"},"wordCount":169,"image":{"@id":"https:\/\/portaltela.pt\/noticias\/2026\/02\/14\/muro-em-risco-de-derrocada-encerra-igreja-em-arco-de-baulhe\/#primaryimage"},"thumbnailUrl":"https:\/\/portaltela.pt\/s.01k8rhncp4jt1\/2026\/02\/img_1280x722uu2026-02-14-14-37-03-2266868.jpg","keywords":["A C\u00e2mara Municipal","arquitetura","desabamentos","igreja","inspe\u00e7\u00e3o de danos","seguran\u00e7a p\u00fablica"],"articleSection":["Not\u00edcias"],"inLanguage":"pt-PT"},{"@type":"WebPage","@id":"https:\/\/portaltela.pt\/noticias\/2026\/02\/14\/muro-em-risco-de-derrocada-encerra-igreja-em-arco-de-baulhe\/","url":"https:\/\/portaltela.pt\/noticias\/2026\/02\/14\/muro-em-risco-de-derrocada-encerra-igreja-em-arco-de-baulhe\/","name":"Muro em risco de derrocada encerra igreja em Arco de Ba\u00falhe - Portal Tela Portugal","isPartOf":{"@id":"https:\/\/portaltela.pt\/#website"},"primaryImageOfPage":{"@id":"https:\/\/portaltela.pt\/noticias\/2026\/02\/14\/muro-em-risco-de-derrocada-encerra-igreja-em-arco-de-baulhe\/#primaryimage"},"image":{"@id":"https:\/\/portaltela.pt\/noticias\/2026\/02\/14\/muro-em-risco-de-derrocada-encerra-igreja-em-arco-de-baulhe\/#primaryimage"},"thumbnailUrl":"https:\/\/portaltela.pt\/s.01k8rhncp4jt1\/2026\/02\/img_1280x722uu2026-02-14-14-37-03-2266868.jpg","datePublished":"2026-02-14T14:50:48+00:00","author":{"@id":"https:\/\/portaltela.pt\/#\/schema\/person\/c4278d4a6028830caff9ee44b42d32ed"},"breadcrumb":{"@id":"https:\/\/portaltela.pt\/noticias\/2026\/02\/14\/muro-em-risco-de-derrocada-encerra-igreja-em-arco-de-baulhe\/#breadcrumb"},"inLanguage":"pt-PT","potentialAction":[{"@type":"ReadAction","target":["https:\/\/portaltela.pt\/noticias\/2026\/02\/14\/muro-em-risco-de-derrocada-encerra-igreja-em-arco-de-baulhe\/"]}]},{"@type":"ImageObject","inLanguage":"pt-PT","@id":"https:\/\/portaltela.pt\/noticias\/2026\/02\/14\/muro-em-risco-de-derrocada-encerra-igreja-em-arco-de-baulhe\/#primaryimage","url":"https:\/\/portaltela.pt\/s.01k8rhncp4jt1\/2026\/02\/img_1280x722uu2026-02-14-14-37-03-2266868.jpg","contentUrl":"https:\/\/portaltela.pt\/s.01k8rhncp4jt1\/2026\/02\/img_1280x722uu2026-02-14-14-37-03-2266868.jpg","width":796,"height":448,"caption":"Muro em risco de derrocada fecha igreja de Arco de Ba\u00falhe em Cabeceiras de Basto"},{"@type":"BreadcrumbList","@id":"https:\/\/portaltela.pt\/noticias\/2026\/02\/14\/muro-em-risco-de-derrocada-encerra-igreja-em-arco-de-baulhe\/#breadcrumb","itemListElement":[{"@type":"ListItem","position":1,"name":"In\u00edcio","item":"https:\/\/portaltela.pt\/"},{"@type":"ListItem","position":2,"name":"Muro em risco de derrocada encerra igreja em Arco de Ba\u00falhe"}]},{"@type":"WebSite","@id":"https:\/\/portaltela.pt\/#website","url":"https:\/\/portaltela.pt\/","name":"Portal Tela Portugal","description":"","potentialAction":[{"@type":"SearchAction","target":{"@type":"EntryPoint","urlTemplate":"https:\/\/portaltela.pt\/?s={search_term_string}"},"query-input":{"@type":"PropertyValueSpecification","valueRequired":true,"valueName":"search_term_string"}}],"inLanguage":"pt-PT"},{"@type":"Person","@id":"https:\/\/portaltela.pt\/#\/schema\/person\/c4278d4a6028830caff9ee44b42d32ed","name":"Telinha","image":{"@type":"ImageObject","inLanguage":"pt-PT","@id":"https:\/\/portaltela.pt\/s.01k8rhncp4jt1\/2025\/11\/talking-bot-125x125.png","url":"https:\/\/portaltela.pt\/s.01k8rhncp4jt1\/2025\/11\/talking-bot-125x125.png","contentUrl":"https:\/\/portaltela.pt\/s.01k8rhncp4jt1\/2025\/11\/talking-bot-125x125.png","caption":"Telinha"},"sameAs":["https:\/\/portaltela.pt\/"],"url":"https:\/\/portaltela.pt\/por\/367410592786\/"}]}},"_links":{"self":[{"href":"https:\/\/portaltela.pt\/api\/wp\/v2\/posts\/212410","targetHints":{"allow":["GET"]}}],"collection":[{"href":"https:\/\/portaltela.pt\/api\/wp\/v2\/posts"}],"about":[{"href":"https:\/\/portaltela.pt\/api\/wp\/v2\/types\/post"}],"author":[{"embeddable":true,"href":"https:\/\/portaltela.pt\/api\/wp\/v2\/users\/2"}],"replies":[{"embeddable":true,"href":"https:\/\/portaltela.pt\/api\/wp\/v2\/comments?post=212410"}],"version-history":[{"count":0,"href":"https:\/\/portaltela.pt\/api\/wp\/v2\/posts\/212410\/revisions"}],"wp:featuredmedia":[{"embeddable":true,"href":"https:\/\/portaltela.pt\/api\/wp\/v2\/media\/212411"}],"wp:attachment":[{"href":"https:\/\/portaltela.pt\/api\/wp\/v2\/media?parent=212410"}],"wp:term":[{"taxonomy":"category","embeddable":true,"href":"https:\/\/portaltela.pt\/api\/wp\/v2\/categories?post=212410"},{"taxonomy":"post_tag","embeddable":true,"href":"https:\/\/portaltela.pt\/api\/wp\/v2\/tags?post=212410"}],"curies":[{"name":"wp","href":"https:\/\/api.w.org\/{rel}","templated":true}]}}