{"id":212376,"date":"2026-02-14T11:40:00","date_gmt":"2026-02-14T14:40:00","guid":{"rendered":"https:\/\/portaltela.pt\/noticias\/2026\/02\/14\/festival-das-papas-de-sarrabulho-anima-amares-ate-ao-carnaval\/"},"modified":"2026-02-14T11:40:00","modified_gmt":"2026-02-14T14:40:00","slug":"festival-das-papas-de-sarrabulho-anima-amares-ate-ao-carnaval","status":"publish","type":"post","link":"https:\/\/portaltela.pt\/noticias\/2026\/02\/14\/festival-das-papas-de-sarrabulho-anima-amares-ate-ao-carnaval\/","title":{"rendered":"Festival das Papas de Sarrabulho anima Amares at\u00e9 ao Carnaval"},"content":{"rendered":"<p>Foi lan\u00e7ado neste s\u00e1bado o 22.\u00ba Festival das Papas de Sarrabulho de Amares, que decorre at\u00e9 ao fim do dia de ter\u00e7a-feira de Carnaval. O evento ocorre numa tenda junto ao mercado municipal, com cinco restaurantes no cartaz e um menu completo a 15 euros.<\/p>\n<p>O certame \u00e9 uma iniciativa conjunta da C\u00e2mara de Amares e da Associa\u00e7\u00e3o Empresarial de Braga (AEB). A organiza\u00e7\u00e3o prev\u00ea a passagem de cerca de 30 mil visitantes ao longo dos quatro dias, n\u00fameros que acompanham as edi\u00e7\u00f5es anteriores.<\/p>\n<p>O objetivo \u00e9 afirmar Amares como destino gastron\u00f3mico de excel\u00eancia e gerar um efeito multiplicador ao longo do ano. O festival aposta na higiene, seguran\u00e7a alimentar e qualidade das experi\u00eancias, para incentivar o regresso dos visitantes noutras alturas.<\/p>\n<h3>Participa\u00e7\u00e3o e pre\u00e7os<\/h3>\n<p>A oferta inclui um menu completo de 15 euros, com uma por\u00e7\u00e3o de papas de sarrabulho a 6,5 euros, acompanhamentos semelhantes e uma ta\u00e7a de vinho a 2 euros, ganhando diplomas com garrafas de 8 euros. Participam cinco restaurantes: Caldelas, A Rival, Vale do Homem, Tasquinha Tomadas e Fernando.<\/p>\n<p>Al\u00e9m dos restaurantes, o certame re\u00fane expositores e produtores locais, destacando os vinhos de Amares. O recinto funciona diariamente entre as 12h00 e as 23h00, com t\u00e9rmino \u00e0s 20h00 no \u00faltimo dia.<\/p>\n<h3>Desloca\u00e7\u00e3o de Carnaval e impactos<\/h3>\n<p>\u00c0 semelhan\u00e7a de anos anteriores, na ter\u00e7a-feira de Carnaval realiza-se o desfile carnavalesco, \u00e0s 15h30, entre a Rotunda do Autarca e a C\u00e2mara Municipal, organizado pelo Clube Desportivo Recreativo e Cultural Amarense. O evento visa manter o dinamismo tur\u00edstico de Amares ao longo do ano.<\/p>\n<p>A C\u00e2mara e a AEB estimam um impacto econ\u00f3mico direto e indireto de cerca de 500 mil euros para o territ\u00f3rio, destacando a continuidade do investimento e o benef\u00edcio econ\u00f3mico gerado pelos empres\u00e1rios locais, mesmo diante de aumentos de custos de mat\u00e9rias-primas.<\/p>\n","protected":false},"excerpt":{"rendered":"<ul>\n<li>A 22\u00aa edi\u00e7\u00e3o do Festival das Papas de Sarrabulho de Amares abriu este s\u00e1bado ao almo\u00e7o e decorre at\u00e9 ter\u00e7a\u2011-feira de Carnaval; participam cinco restaurantes e o menu completo custa 15 euros.<\/li>\n<li>A festa realiza\u2011se numa tenda junto ao mercado municipal de Amares, esperando cerca de 30 mil visitantes ao longo dos quatro dias.<\/li>\n<li>O evento \u00e9 organizado pela C\u00e2mara de Amares em parceria com a Associa\u00e7\u00e3o Empresarial de Braga, com o objetivo de afirmar Amares como destino gastron\u00f3mico de excel\u00eancia e gerar um efeito multiplicador ao longo do ano.<\/li>\n<li>O presidente da C\u00e2mara, Emanuel Magalh\u00e3es, e o representante do Turismo do Porto e Norte de Portugal, Marco Sousa, destacaram a higiene, a seguran\u00e7a alimentar, a qualidade e o impacto econ\u00f3mico do festival, estimando cerca de 500 mil euros de benef\u00edcio para a regi\u00e3o.<\/li>\n<li>Pre\u00e7os: por\u00e7\u00e3o de papas de sarrabulho a 6,5 euros; cada conjunto de acompanhamentos (roj\u00f5es, tripas e farinhatos) a 6,5 euros; tigela de vinho a 2 euros; garrafa de vinho a 8 euros; hor\u00e1rio de funcionamento hoje a partir do meio\u2011dia, at\u00e9 \u00e0s 23h, e no \u00faltimo dia at\u00e9 \u00e0s 20h.<\/li>\n<\/ul>\n","protected":false},"author":2,"featured_media":212380,"comment_status":"closed","ping_status":"closed","sticky":false,"template":"","format":"standard","meta":{"footnotes":""},"categories":[1],"tags":[1977,28,3674,219,169,5586],"class_list":["post-212376","post","type-post","status-publish","format-standard","has-post-thumbnail","hentry","category-noticias","tag-amares","tag-economia","tag-festival","tag-gastronomia","tag-turismo","tag-vinho"],"yoast_head":"<!-- This site is optimized with the Yoast SEO plugin v27.2 - https:\/\/yoast.com\/product\/yoast-seo-wordpress\/ -->\n<title>Festival das Papas de Sarrabulho anima Amares at\u00e9 ao Carnaval - Portal Tela Portugal<\/title>\n<meta name=\"robots\" content=\"index, follow, max-snippet:-1, max-image-preview:large, max-video-preview:-1\" \/>\n<meta property=\"og:locale\" content=\"pt_PT\" \/>\n<meta property=\"og:type\" content=\"article\" \/>\n<meta property=\"og:title\" content=\"Festival das Papas de Sarrabulho anima Amares at\u00e9 ao Carnaval - Portal Tela Portugal\" \/>\n<meta property=\"og:description\" content=\"A 22\u00aa edi\u00e7\u00e3o do Festival das Papas de Sarrabulho de Amares abriu este s\u00e1bado ao almo\u00e7o e decorre at\u00e9 ter\u00e7a\u2011-feira de Carnaval; participam cinco restaurantes e o menu completo custa 15 euros. A festa realiza\u2011se numa tenda junto ao mercado municipal de Amares, esperando cerca de 30 mil visitantes ao longo dos quatro dias. O evento \u00e9 organizado pela C\u00e2mara de Amares em parceria com a Associa\u00e7\u00e3o Empresarial de Braga, com o objetivo de afirmar Amares como destino gastron\u00f3mico de excel\u00eancia e gerar um efeito multiplicador ao longo do ano. O presidente da C\u00e2mara, Emanuel Magalh\u00e3es, e o representante do Turismo do Porto e Norte de Portugal, Marco Sousa, destacaram a higiene, a seguran\u00e7a alimentar, a qualidade e o impacto econ\u00f3mico do festival, estimando cerca de 500 mil euros de benef\u00edcio para a regi\u00e3o. Pre\u00e7os: por\u00e7\u00e3o de papas de sarrabulho a 6,5 euros; cada conjunto de acompanhamentos (roj\u00f5es, tripas e farinhatos) a 6,5 euros; tigela de vinho a 2 euros; garrafa de vinho a 8 euros; hor\u00e1rio de funcionamento hoje a partir do meio\u2011dia, at\u00e9 \u00e0s 23h, e no \u00faltimo dia at\u00e9 \u00e0s 20h.\" \/>\n<meta property=\"og:url\" content=\"https:\/\/portaltela.pt\/noticias\/2026\/02\/14\/festival-das-papas-de-sarrabulho-anima-amares-ate-ao-carnaval\/\" \/>\n<meta property=\"og:site_name\" content=\"Portal Tela Portugal\" \/>\n<meta property=\"article:published_time\" content=\"2026-02-14T14:40:00+00:00\" \/>\n<meta name=\"author\" content=\"Telinha\" \/>\n<meta name=\"twitter:card\" content=\"summary_large_image\" \/>\n<meta name=\"twitter:label1\" content=\"Escrito por\" \/>\n\t<meta name=\"twitter:data1\" content=\"Telinha\" \/>\n\t<meta name=\"twitter:label2\" content=\"Tempo estimado de leitura\" \/>\n\t<meta name=\"twitter:data2\" content=\"2 minutos\" \/>\n<script type=\"application\/ld+json\" class=\"yoast-schema-graph\">{\"@context\":\"https:\/\/schema.org\",\"@graph\":[{\"@type\":\"Article\",\"@id\":\"https:\/\/portaltela.pt\/noticias\/2026\/02\/14\/festival-das-papas-de-sarrabulho-anima-amares-ate-ao-carnaval\/#article\",\"isPartOf\":{\"@id\":\"https:\/\/portaltela.pt\/noticias\/2026\/02\/14\/festival-das-papas-de-sarrabulho-anima-amares-ate-ao-carnaval\/\"},\"author\":{\"name\":\"Telinha\",\"@id\":\"https:\/\/portaltela.pt\/#\/schema\/person\/c4278d4a6028830caff9ee44b42d32ed\"},\"headline\":\"Festival das Papas de Sarrabulho anima Amares at\u00e9 ao Carnaval\",\"datePublished\":\"2026-02-14T14:40:00+00:00\",\"mainEntityOfPage\":{\"@id\":\"https:\/\/portaltela.pt\/noticias\/2026\/02\/14\/festival-das-papas-de-sarrabulho-anima-amares-ate-ao-carnaval\/\"},\"wordCount\":328,\"image\":{\"@id\":\"https:\/\/portaltela.pt\/noticias\/2026\/02\/14\/festival-das-papas-de-sarrabulho-anima-amares-ate-ao-carnaval\/#primaryimage\"},\"thumbnailUrl\":\"https:\/\/portaltela.pt\/s.01k8rhncp4jt1\/2026\/02\/image-1112.jpg\",\"keywords\":[\"Amares\",\"economia\",\"festival\",\"gastronomia\",\"turismo\",\"vinho\"],\"articleSection\":[\"Not\u00edcias\"],\"inLanguage\":\"pt-PT\"},{\"@type\":\"WebPage\",\"@id\":\"https:\/\/portaltela.pt\/noticias\/2026\/02\/14\/festival-das-papas-de-sarrabulho-anima-amares-ate-ao-carnaval\/\",\"url\":\"https:\/\/portaltela.pt\/noticias\/2026\/02\/14\/festival-das-papas-de-sarrabulho-anima-amares-ate-ao-carnaval\/\",\"name\":\"Festival das Papas de Sarrabulho anima Amares at\u00e9 ao Carnaval - Portal Tela Portugal\",\"isPartOf\":{\"@id\":\"https:\/\/portaltela.pt\/#website\"},\"primaryImageOfPage\":{\"@id\":\"https:\/\/portaltela.pt\/noticias\/2026\/02\/14\/festival-das-papas-de-sarrabulho-anima-amares-ate-ao-carnaval\/#primaryimage\"},\"image\":{\"@id\":\"https:\/\/portaltela.pt\/noticias\/2026\/02\/14\/festival-das-papas-de-sarrabulho-anima-amares-ate-ao-carnaval\/#primaryimage\"},\"thumbnailUrl\":\"https:\/\/portaltela.pt\/s.01k8rhncp4jt1\/2026\/02\/image-1112.jpg\",\"datePublished\":\"2026-02-14T14:40:00+00:00\",\"author\":{\"@id\":\"https:\/\/portaltela.pt\/#\/schema\/person\/c4278d4a6028830caff9ee44b42d32ed\"},\"breadcrumb\":{\"@id\":\"https:\/\/portaltela.pt\/noticias\/2026\/02\/14\/festival-das-papas-de-sarrabulho-anima-amares-ate-ao-carnaval\/#breadcrumb\"},\"inLanguage\":\"pt-PT\",\"potentialAction\":[{\"@type\":\"ReadAction\",\"target\":[\"https:\/\/portaltela.pt\/noticias\/2026\/02\/14\/festival-das-papas-de-sarrabulho-anima-amares-ate-ao-carnaval\/\"]}]},{\"@type\":\"ImageObject\",\"inLanguage\":\"pt-PT\",\"@id\":\"https:\/\/portaltela.pt\/noticias\/2026\/02\/14\/festival-das-papas-de-sarrabulho-anima-amares-ate-ao-carnaval\/#primaryimage\",\"url\":\"https:\/\/portaltela.pt\/s.01k8rhncp4jt1\/2026\/02\/image-1112.jpg\",\"contentUrl\":\"https:\/\/portaltela.pt\/s.01k8rhncp4jt1\/2026\/02\/image-1112.jpg\",\"width\":796,\"height\":448,\"caption\":\"Tal como no ano passado, o menu completo custa 15 euros\"},{\"@type\":\"BreadcrumbList\",\"@id\":\"https:\/\/portaltela.pt\/noticias\/2026\/02\/14\/festival-das-papas-de-sarrabulho-anima-amares-ate-ao-carnaval\/#breadcrumb\",\"itemListElement\":[{\"@type\":\"ListItem\",\"position\":1,\"name\":\"In\u00edcio\",\"item\":\"https:\/\/portaltela.pt\/\"},{\"@type\":\"ListItem\",\"position\":2,\"name\":\"Festival das Papas de Sarrabulho anima Amares at\u00e9 ao Carnaval\"}]},{\"@type\":\"WebSite\",\"@id\":\"https:\/\/portaltela.pt\/#website\",\"url\":\"https:\/\/portaltela.pt\/\",\"name\":\"Portal Tela Portugal\",\"description\":\"\",\"potentialAction\":[{\"@type\":\"SearchAction\",\"target\":{\"@type\":\"EntryPoint\",\"urlTemplate\":\"https:\/\/portaltela.pt\/?s={search_term_string}\"},\"query-input\":{\"@type\":\"PropertyValueSpecification\",\"valueRequired\":true,\"valueName\":\"search_term_string\"}}],\"inLanguage\":\"pt-PT\"},{\"@type\":\"Person\",\"@id\":\"https:\/\/portaltela.pt\/#\/schema\/person\/c4278d4a6028830caff9ee44b42d32ed\",\"name\":\"Telinha\",\"image\":{\"@type\":\"ImageObject\",\"inLanguage\":\"pt-PT\",\"@id\":\"https:\/\/portaltela.pt\/s.01k8rhncp4jt1\/2025\/11\/talking-bot-125x125.png\",\"url\":\"https:\/\/portaltela.pt\/s.01k8rhncp4jt1\/2025\/11\/talking-bot-125x125.png\",\"contentUrl\":\"https:\/\/portaltela.pt\/s.01k8rhncp4jt1\/2025\/11\/talking-bot-125x125.png\",\"caption\":\"Telinha\"},\"sameAs\":[\"https:\/\/portaltela.pt\/\"],\"url\":\"https:\/\/portaltela.pt\/por\/367410592786\/\"}]}<\/script>\n<!-- \/ Yoast SEO plugin. -->","yoast_head_json":{"title":"Festival das Papas de Sarrabulho anima Amares at\u00e9 ao Carnaval - Portal Tela Portugal","robots":{"index":"index","follow":"follow","max-snippet":"max-snippet:-1","max-image-preview":"max-image-preview:large","max-video-preview":"max-video-preview:-1"},"og_locale":"pt_PT","og_type":"article","og_title":"Festival das Papas de Sarrabulho anima Amares at\u00e9 ao Carnaval - Portal Tela Portugal","og_description":"A 22\u00aa edi\u00e7\u00e3o do Festival das Papas de Sarrabulho de Amares abriu este s\u00e1bado ao almo\u00e7o e decorre at\u00e9 ter\u00e7a\u2011-feira de Carnaval; participam cinco restaurantes e o menu completo custa 15 euros. A festa realiza\u2011se numa tenda junto ao mercado municipal de Amares, esperando cerca de 30 mil visitantes ao longo dos quatro dias. O evento \u00e9 organizado pela C\u00e2mara de Amares em parceria com a Associa\u00e7\u00e3o Empresarial de Braga, com o objetivo de afirmar Amares como destino gastron\u00f3mico de excel\u00eancia e gerar um efeito multiplicador ao longo do ano. O presidente da C\u00e2mara, Emanuel Magalh\u00e3es, e o representante do Turismo do Porto e Norte de Portugal, Marco Sousa, destacaram a higiene, a seguran\u00e7a alimentar, a qualidade e o impacto econ\u00f3mico do festival, estimando cerca de 500 mil euros de benef\u00edcio para a regi\u00e3o. Pre\u00e7os: por\u00e7\u00e3o de papas de sarrabulho a 6,5 euros; cada conjunto de acompanhamentos (roj\u00f5es, tripas e farinhatos) a 6,5 euros; tigela de vinho a 2 euros; garrafa de vinho a 8 euros; hor\u00e1rio de funcionamento hoje a partir do meio\u2011dia, at\u00e9 \u00e0s 23h, e no \u00faltimo dia at\u00e9 \u00e0s 20h.","og_url":"https:\/\/portaltela.pt\/noticias\/2026\/02\/14\/festival-das-papas-de-sarrabulho-anima-amares-ate-ao-carnaval\/","og_site_name":"Portal Tela Portugal","article_published_time":"2026-02-14T14:40:00+00:00","author":"Telinha","twitter_card":"summary_large_image","twitter_misc":{"Escrito por":"Telinha","Tempo estimado de leitura":"2 minutos"},"schema":{"@context":"https:\/\/schema.org","@graph":[{"@type":"Article","@id":"https:\/\/portaltela.pt\/noticias\/2026\/02\/14\/festival-das-papas-de-sarrabulho-anima-amares-ate-ao-carnaval\/#article","isPartOf":{"@id":"https:\/\/portaltela.pt\/noticias\/2026\/02\/14\/festival-das-papas-de-sarrabulho-anima-amares-ate-ao-carnaval\/"},"author":{"name":"Telinha","@id":"https:\/\/portaltela.pt\/#\/schema\/person\/c4278d4a6028830caff9ee44b42d32ed"},"headline":"Festival das Papas de Sarrabulho anima Amares at\u00e9 ao Carnaval","datePublished":"2026-02-14T14:40:00+00:00","mainEntityOfPage":{"@id":"https:\/\/portaltela.pt\/noticias\/2026\/02\/14\/festival-das-papas-de-sarrabulho-anima-amares-ate-ao-carnaval\/"},"wordCount":328,"image":{"@id":"https:\/\/portaltela.pt\/noticias\/2026\/02\/14\/festival-das-papas-de-sarrabulho-anima-amares-ate-ao-carnaval\/#primaryimage"},"thumbnailUrl":"https:\/\/portaltela.pt\/s.01k8rhncp4jt1\/2026\/02\/image-1112.jpg","keywords":["Amares","economia","festival","gastronomia","turismo","vinho"],"articleSection":["Not\u00edcias"],"inLanguage":"pt-PT"},{"@type":"WebPage","@id":"https:\/\/portaltela.pt\/noticias\/2026\/02\/14\/festival-das-papas-de-sarrabulho-anima-amares-ate-ao-carnaval\/","url":"https:\/\/portaltela.pt\/noticias\/2026\/02\/14\/festival-das-papas-de-sarrabulho-anima-amares-ate-ao-carnaval\/","name":"Festival das Papas de Sarrabulho anima Amares at\u00e9 ao Carnaval - Portal Tela Portugal","isPartOf":{"@id":"https:\/\/portaltela.pt\/#website"},"primaryImageOfPage":{"@id":"https:\/\/portaltela.pt\/noticias\/2026\/02\/14\/festival-das-papas-de-sarrabulho-anima-amares-ate-ao-carnaval\/#primaryimage"},"image":{"@id":"https:\/\/portaltela.pt\/noticias\/2026\/02\/14\/festival-das-papas-de-sarrabulho-anima-amares-ate-ao-carnaval\/#primaryimage"},"thumbnailUrl":"https:\/\/portaltela.pt\/s.01k8rhncp4jt1\/2026\/02\/image-1112.jpg","datePublished":"2026-02-14T14:40:00+00:00","author":{"@id":"https:\/\/portaltela.pt\/#\/schema\/person\/c4278d4a6028830caff9ee44b42d32ed"},"breadcrumb":{"@id":"https:\/\/portaltela.pt\/noticias\/2026\/02\/14\/festival-das-papas-de-sarrabulho-anima-amares-ate-ao-carnaval\/#breadcrumb"},"inLanguage":"pt-PT","potentialAction":[{"@type":"ReadAction","target":["https:\/\/portaltela.pt\/noticias\/2026\/02\/14\/festival-das-papas-de-sarrabulho-anima-amares-ate-ao-carnaval\/"]}]},{"@type":"ImageObject","inLanguage":"pt-PT","@id":"https:\/\/portaltela.pt\/noticias\/2026\/02\/14\/festival-das-papas-de-sarrabulho-anima-amares-ate-ao-carnaval\/#primaryimage","url":"https:\/\/portaltela.pt\/s.01k8rhncp4jt1\/2026\/02\/image-1112.jpg","contentUrl":"https:\/\/portaltela.pt\/s.01k8rhncp4jt1\/2026\/02\/image-1112.jpg","width":796,"height":448,"caption":"Tal como no ano passado, o menu completo custa 15 euros"},{"@type":"BreadcrumbList","@id":"https:\/\/portaltela.pt\/noticias\/2026\/02\/14\/festival-das-papas-de-sarrabulho-anima-amares-ate-ao-carnaval\/#breadcrumb","itemListElement":[{"@type":"ListItem","position":1,"name":"In\u00edcio","item":"https:\/\/portaltela.pt\/"},{"@type":"ListItem","position":2,"name":"Festival das Papas de Sarrabulho anima Amares at\u00e9 ao Carnaval"}]},{"@type":"WebSite","@id":"https:\/\/portaltela.pt\/#website","url":"https:\/\/portaltela.pt\/","name":"Portal Tela Portugal","description":"","potentialAction":[{"@type":"SearchAction","target":{"@type":"EntryPoint","urlTemplate":"https:\/\/portaltela.pt\/?s={search_term_string}"},"query-input":{"@type":"PropertyValueSpecification","valueRequired":true,"valueName":"search_term_string"}}],"inLanguage":"pt-PT"},{"@type":"Person","@id":"https:\/\/portaltela.pt\/#\/schema\/person\/c4278d4a6028830caff9ee44b42d32ed","name":"Telinha","image":{"@type":"ImageObject","inLanguage":"pt-PT","@id":"https:\/\/portaltela.pt\/s.01k8rhncp4jt1\/2025\/11\/talking-bot-125x125.png","url":"https:\/\/portaltela.pt\/s.01k8rhncp4jt1\/2025\/11\/talking-bot-125x125.png","contentUrl":"https:\/\/portaltela.pt\/s.01k8rhncp4jt1\/2025\/11\/talking-bot-125x125.png","caption":"Telinha"},"sameAs":["https:\/\/portaltela.pt\/"],"url":"https:\/\/portaltela.pt\/por\/367410592786\/"}]}},"_links":{"self":[{"href":"https:\/\/portaltela.pt\/api\/wp\/v2\/posts\/212376","targetHints":{"allow":["GET"]}}],"collection":[{"href":"https:\/\/portaltela.pt\/api\/wp\/v2\/posts"}],"about":[{"href":"https:\/\/portaltela.pt\/api\/wp\/v2\/types\/post"}],"author":[{"embeddable":true,"href":"https:\/\/portaltela.pt\/api\/wp\/v2\/users\/2"}],"replies":[{"embeddable":true,"href":"https:\/\/portaltela.pt\/api\/wp\/v2\/comments?post=212376"}],"version-history":[{"count":0,"href":"https:\/\/portaltela.pt\/api\/wp\/v2\/posts\/212376\/revisions"}],"wp:featuredmedia":[{"embeddable":true,"href":"https:\/\/portaltela.pt\/api\/wp\/v2\/media\/212380"}],"wp:attachment":[{"href":"https:\/\/portaltela.pt\/api\/wp\/v2\/media?parent=212376"}],"wp:term":[{"taxonomy":"category","embeddable":true,"href":"https:\/\/portaltela.pt\/api\/wp\/v2\/categories?post=212376"},{"taxonomy":"post_tag","embeddable":true,"href":"https:\/\/portaltela.pt\/api\/wp\/v2\/tags?post=212376"}],"curies":[{"name":"wp","href":"https:\/\/api.w.org\/{rel}","templated":true}]}}