{"id":212371,"date":"2026-02-14T11:38:08","date_gmt":"2026-02-14T14:38:08","guid":{"rendered":"https:\/\/portaltela.pt\/noticias\/2026\/02\/14\/buscas-continuam-por-casal-de-idosos-desaparecido-em-soure\/"},"modified":"2026-02-14T11:38:08","modified_gmt":"2026-02-14T14:38:08","slug":"buscas-continuam-por-casal-de-idosos-desaparecido-em-soure","status":"publish","type":"post","link":"https:\/\/portaltela.pt\/noticias\/2026\/02\/14\/buscas-continuam-por-casal-de-idosos-desaparecido-em-soure\/","title":{"rendered":"Buscas continuam por casal de idosos desaparecido em Soure"},"content":{"rendered":"<p>Um casal de idosos est\u00e1 desaparecido em Soure, desde o dia 10 de fevereiro, gerando buscas ativas na regi\u00e3o. A informa\u00e7\u00e3o foi confirmada pelas autoridades locais e pelas entidades envolvidas nos trabalhos de procura.<\/p>\n<p>As opera\u00e7\u00f5es de busca continuam a decorrer, com recurso a meios humanos e log\u00edsticos dispon\u00edveis na zona. N\u00e3o s\u00e3o ainda divulgadas informa\u00e7\u00f5es adicionais sobre identidades, circunst\u00e2ncias do desaparecimento ou poss\u00edveis locais de resid\u00eancia.<\/p>\n<p>Os familiares mant\u00eam-se \u00e0 espera de novidades, enquanto as equipas mobilizadas prosseguem as dilig\u00eancias para localizar os idosos o mais rapidamente poss\u00edvel.<\/p>\n","protected":false},"excerpt":{"rendered":"<ul>\n<li>Decorrem buscas por casal de idosos desaparecido em Soure.<\/li>\n<li>Os idosos est\u00e3o desaparecidos desde 10 de fevereiro.<\/li>\n<\/ul>\n","protected":false},"author":2,"featured_media":212374,"comment_status":"closed","ping_status":"closed","sticky":false,"template":"","format":"standard","meta":{"footnotes":""},"categories":[1],"tags":[4056,1935,2736,40,320,5775],"class_list":["post-212371","post","type-post","status-publish","format-standard","has-post-thumbnail","hentry","category-noticias","tag-busca-e-resgate-urbano","tag-emergencias","tag-idosos","tag-pessoas","tag-protecao-civil","tag-soure"],"yoast_head":"<!-- This site is optimized with the Yoast SEO plugin v27.2 - https:\/\/yoast.com\/product\/yoast-seo-wordpress\/ -->\n<title>Buscas continuam por casal de idosos desaparecido em Soure - Portal Tela Portugal<\/title>\n<meta name=\"robots\" content=\"index, follow, max-snippet:-1, max-image-preview:large, max-video-preview:-1\" \/>\n<meta property=\"og:locale\" content=\"pt_PT\" \/>\n<meta property=\"og:type\" content=\"article\" \/>\n<meta property=\"og:title\" content=\"Buscas continuam por casal de idosos desaparecido em Soure - Portal Tela Portugal\" \/>\n<meta property=\"og:description\" content=\"Decorrem buscas por casal de idosos desaparecido em Soure. Os idosos est\u00e3o desaparecidos desde 10 de fevereiro.\" \/>\n<meta property=\"og:url\" content=\"https:\/\/portaltela.pt\/noticias\/2026\/02\/14\/buscas-continuam-por-casal-de-idosos-desaparecido-em-soure\/\" \/>\n<meta property=\"og:site_name\" content=\"Portal Tela Portugal\" \/>\n<meta property=\"article:published_time\" content=\"2026-02-14T14:38:08+00:00\" \/>\n<meta name=\"author\" content=\"Telinha\" \/>\n<meta name=\"twitter:card\" content=\"summary_large_image\" \/>\n<meta name=\"twitter:label1\" content=\"Escrito por\" \/>\n\t<meta name=\"twitter:data1\" content=\"Telinha\" \/>\n\t<meta name=\"twitter:label2\" content=\"Tempo estimado de leitura\" \/>\n\t<meta name=\"twitter:data2\" content=\"1 minuto\" \/>\n<script type=\"application\/ld+json\" class=\"yoast-schema-graph\">{\"@context\":\"https:\/\/schema.org\",\"@graph\":[{\"@type\":\"Article\",\"@id\":\"https:\/\/portaltela.pt\/noticias\/2026\/02\/14\/buscas-continuam-por-casal-de-idosos-desaparecido-em-soure\/#article\",\"isPartOf\":{\"@id\":\"https:\/\/portaltela.pt\/noticias\/2026\/02\/14\/buscas-continuam-por-casal-de-idosos-desaparecido-em-soure\/\"},\"author\":{\"name\":\"Telinha\",\"@id\":\"https:\/\/portaltela.pt\/#\/schema\/person\/c4278d4a6028830caff9ee44b42d32ed\"},\"headline\":\"Buscas continuam por casal de idosos desaparecido em Soure\",\"datePublished\":\"2026-02-14T14:38:08+00:00\",\"mainEntityOfPage\":{\"@id\":\"https:\/\/portaltela.pt\/noticias\/2026\/02\/14\/buscas-continuam-por-casal-de-idosos-desaparecido-em-soure\/\"},\"wordCount\":110,\"image\":{\"@id\":\"https:\/\/portaltela.pt\/noticias\/2026\/02\/14\/buscas-continuam-por-casal-de-idosos-desaparecido-em-soure\/#primaryimage\"},\"thumbnailUrl\":\"https:\/\/portaltela.pt\/s.01k8rhncp4jt1\/2026\/02\/img_1280x722uu2026-02-14-14-23-16-2266865.jpg\",\"keywords\":[\"Busca e Resgate Urbano\",\"emerg\u00eancias\",\"idosos\",\"pessoas\",\"prote\u00e7\u00e3o civil\",\"Soure\"],\"articleSection\":[\"Not\u00edcias\"],\"inLanguage\":\"pt-PT\"},{\"@type\":\"WebPage\",\"@id\":\"https:\/\/portaltela.pt\/noticias\/2026\/02\/14\/buscas-continuam-por-casal-de-idosos-desaparecido-em-soure\/\",\"url\":\"https:\/\/portaltela.pt\/noticias\/2026\/02\/14\/buscas-continuam-por-casal-de-idosos-desaparecido-em-soure\/\",\"name\":\"Buscas continuam por casal de idosos desaparecido em Soure - Portal Tela Portugal\",\"isPartOf\":{\"@id\":\"https:\/\/portaltela.pt\/#website\"},\"primaryImageOfPage\":{\"@id\":\"https:\/\/portaltela.pt\/noticias\/2026\/02\/14\/buscas-continuam-por-casal-de-idosos-desaparecido-em-soure\/#primaryimage\"},\"image\":{\"@id\":\"https:\/\/portaltela.pt\/noticias\/2026\/02\/14\/buscas-continuam-por-casal-de-idosos-desaparecido-em-soure\/#primaryimage\"},\"thumbnailUrl\":\"https:\/\/portaltela.pt\/s.01k8rhncp4jt1\/2026\/02\/img_1280x722uu2026-02-14-14-23-16-2266865.jpg\",\"datePublished\":\"2026-02-14T14:38:08+00:00\",\"author\":{\"@id\":\"https:\/\/portaltela.pt\/#\/schema\/person\/c4278d4a6028830caff9ee44b42d32ed\"},\"breadcrumb\":{\"@id\":\"https:\/\/portaltela.pt\/noticias\/2026\/02\/14\/buscas-continuam-por-casal-de-idosos-desaparecido-em-soure\/#breadcrumb\"},\"inLanguage\":\"pt-PT\",\"potentialAction\":[{\"@type\":\"ReadAction\",\"target\":[\"https:\/\/portaltela.pt\/noticias\/2026\/02\/14\/buscas-continuam-por-casal-de-idosos-desaparecido-em-soure\/\"]}]},{\"@type\":\"ImageObject\",\"inLanguage\":\"pt-PT\",\"@id\":\"https:\/\/portaltela.pt\/noticias\/2026\/02\/14\/buscas-continuam-por-casal-de-idosos-desaparecido-em-soure\/#primaryimage\",\"url\":\"https:\/\/portaltela.pt\/s.01k8rhncp4jt1\/2026\/02\/img_1280x722uu2026-02-14-14-23-16-2266865.jpg\",\"contentUrl\":\"https:\/\/portaltela.pt\/s.01k8rhncp4jt1\/2026\/02\/img_1280x722uu2026-02-14-14-23-16-2266865.jpg\",\"width\":796,\"height\":448,\"caption\":\"Photo\"},{\"@type\":\"BreadcrumbList\",\"@id\":\"https:\/\/portaltela.pt\/noticias\/2026\/02\/14\/buscas-continuam-por-casal-de-idosos-desaparecido-em-soure\/#breadcrumb\",\"itemListElement\":[{\"@type\":\"ListItem\",\"position\":1,\"name\":\"In\u00edcio\",\"item\":\"https:\/\/portaltela.pt\/\"},{\"@type\":\"ListItem\",\"position\":2,\"name\":\"Buscas continuam por casal de idosos desaparecido em Soure\"}]},{\"@type\":\"WebSite\",\"@id\":\"https:\/\/portaltela.pt\/#website\",\"url\":\"https:\/\/portaltela.pt\/\",\"name\":\"Portal Tela Portugal\",\"description\":\"\",\"potentialAction\":[{\"@type\":\"SearchAction\",\"target\":{\"@type\":\"EntryPoint\",\"urlTemplate\":\"https:\/\/portaltela.pt\/?s={search_term_string}\"},\"query-input\":{\"@type\":\"PropertyValueSpecification\",\"valueRequired\":true,\"valueName\":\"search_term_string\"}}],\"inLanguage\":\"pt-PT\"},{\"@type\":\"Person\",\"@id\":\"https:\/\/portaltela.pt\/#\/schema\/person\/c4278d4a6028830caff9ee44b42d32ed\",\"name\":\"Telinha\",\"image\":{\"@type\":\"ImageObject\",\"inLanguage\":\"pt-PT\",\"@id\":\"https:\/\/portaltela.pt\/s.01k8rhncp4jt1\/2025\/11\/talking-bot-125x125.png\",\"url\":\"https:\/\/portaltela.pt\/s.01k8rhncp4jt1\/2025\/11\/talking-bot-125x125.png\",\"contentUrl\":\"https:\/\/portaltela.pt\/s.01k8rhncp4jt1\/2025\/11\/talking-bot-125x125.png\",\"caption\":\"Telinha\"},\"sameAs\":[\"https:\/\/portaltela.pt\/\"],\"url\":\"https:\/\/portaltela.pt\/por\/367410592786\/\"}]}<\/script>\n<!-- \/ Yoast SEO plugin. -->","yoast_head_json":{"title":"Buscas continuam por casal de idosos desaparecido em Soure - Portal Tela Portugal","robots":{"index":"index","follow":"follow","max-snippet":"max-snippet:-1","max-image-preview":"max-image-preview:large","max-video-preview":"max-video-preview:-1"},"og_locale":"pt_PT","og_type":"article","og_title":"Buscas continuam por casal de idosos desaparecido em Soure - Portal Tela Portugal","og_description":"Decorrem buscas por casal de idosos desaparecido em Soure. Os idosos est\u00e3o desaparecidos desde 10 de fevereiro.","og_url":"https:\/\/portaltela.pt\/noticias\/2026\/02\/14\/buscas-continuam-por-casal-de-idosos-desaparecido-em-soure\/","og_site_name":"Portal Tela Portugal","article_published_time":"2026-02-14T14:38:08+00:00","author":"Telinha","twitter_card":"summary_large_image","twitter_misc":{"Escrito por":"Telinha","Tempo estimado de leitura":"1 minuto"},"schema":{"@context":"https:\/\/schema.org","@graph":[{"@type":"Article","@id":"https:\/\/portaltela.pt\/noticias\/2026\/02\/14\/buscas-continuam-por-casal-de-idosos-desaparecido-em-soure\/#article","isPartOf":{"@id":"https:\/\/portaltela.pt\/noticias\/2026\/02\/14\/buscas-continuam-por-casal-de-idosos-desaparecido-em-soure\/"},"author":{"name":"Telinha","@id":"https:\/\/portaltela.pt\/#\/schema\/person\/c4278d4a6028830caff9ee44b42d32ed"},"headline":"Buscas continuam por casal de idosos desaparecido em Soure","datePublished":"2026-02-14T14:38:08+00:00","mainEntityOfPage":{"@id":"https:\/\/portaltela.pt\/noticias\/2026\/02\/14\/buscas-continuam-por-casal-de-idosos-desaparecido-em-soure\/"},"wordCount":110,"image":{"@id":"https:\/\/portaltela.pt\/noticias\/2026\/02\/14\/buscas-continuam-por-casal-de-idosos-desaparecido-em-soure\/#primaryimage"},"thumbnailUrl":"https:\/\/portaltela.pt\/s.01k8rhncp4jt1\/2026\/02\/img_1280x722uu2026-02-14-14-23-16-2266865.jpg","keywords":["Busca e Resgate Urbano","emerg\u00eancias","idosos","pessoas","prote\u00e7\u00e3o civil","Soure"],"articleSection":["Not\u00edcias"],"inLanguage":"pt-PT"},{"@type":"WebPage","@id":"https:\/\/portaltela.pt\/noticias\/2026\/02\/14\/buscas-continuam-por-casal-de-idosos-desaparecido-em-soure\/","url":"https:\/\/portaltela.pt\/noticias\/2026\/02\/14\/buscas-continuam-por-casal-de-idosos-desaparecido-em-soure\/","name":"Buscas continuam por casal de idosos desaparecido em Soure - Portal Tela Portugal","isPartOf":{"@id":"https:\/\/portaltela.pt\/#website"},"primaryImageOfPage":{"@id":"https:\/\/portaltela.pt\/noticias\/2026\/02\/14\/buscas-continuam-por-casal-de-idosos-desaparecido-em-soure\/#primaryimage"},"image":{"@id":"https:\/\/portaltela.pt\/noticias\/2026\/02\/14\/buscas-continuam-por-casal-de-idosos-desaparecido-em-soure\/#primaryimage"},"thumbnailUrl":"https:\/\/portaltela.pt\/s.01k8rhncp4jt1\/2026\/02\/img_1280x722uu2026-02-14-14-23-16-2266865.jpg","datePublished":"2026-02-14T14:38:08+00:00","author":{"@id":"https:\/\/portaltela.pt\/#\/schema\/person\/c4278d4a6028830caff9ee44b42d32ed"},"breadcrumb":{"@id":"https:\/\/portaltela.pt\/noticias\/2026\/02\/14\/buscas-continuam-por-casal-de-idosos-desaparecido-em-soure\/#breadcrumb"},"inLanguage":"pt-PT","potentialAction":[{"@type":"ReadAction","target":["https:\/\/portaltela.pt\/noticias\/2026\/02\/14\/buscas-continuam-por-casal-de-idosos-desaparecido-em-soure\/"]}]},{"@type":"ImageObject","inLanguage":"pt-PT","@id":"https:\/\/portaltela.pt\/noticias\/2026\/02\/14\/buscas-continuam-por-casal-de-idosos-desaparecido-em-soure\/#primaryimage","url":"https:\/\/portaltela.pt\/s.01k8rhncp4jt1\/2026\/02\/img_1280x722uu2026-02-14-14-23-16-2266865.jpg","contentUrl":"https:\/\/portaltela.pt\/s.01k8rhncp4jt1\/2026\/02\/img_1280x722uu2026-02-14-14-23-16-2266865.jpg","width":796,"height":448,"caption":"Photo"},{"@type":"BreadcrumbList","@id":"https:\/\/portaltela.pt\/noticias\/2026\/02\/14\/buscas-continuam-por-casal-de-idosos-desaparecido-em-soure\/#breadcrumb","itemListElement":[{"@type":"ListItem","position":1,"name":"In\u00edcio","item":"https:\/\/portaltela.pt\/"},{"@type":"ListItem","position":2,"name":"Buscas continuam por casal de idosos desaparecido em Soure"}]},{"@type":"WebSite","@id":"https:\/\/portaltela.pt\/#website","url":"https:\/\/portaltela.pt\/","name":"Portal Tela Portugal","description":"","potentialAction":[{"@type":"SearchAction","target":{"@type":"EntryPoint","urlTemplate":"https:\/\/portaltela.pt\/?s={search_term_string}"},"query-input":{"@type":"PropertyValueSpecification","valueRequired":true,"valueName":"search_term_string"}}],"inLanguage":"pt-PT"},{"@type":"Person","@id":"https:\/\/portaltela.pt\/#\/schema\/person\/c4278d4a6028830caff9ee44b42d32ed","name":"Telinha","image":{"@type":"ImageObject","inLanguage":"pt-PT","@id":"https:\/\/portaltela.pt\/s.01k8rhncp4jt1\/2025\/11\/talking-bot-125x125.png","url":"https:\/\/portaltela.pt\/s.01k8rhncp4jt1\/2025\/11\/talking-bot-125x125.png","contentUrl":"https:\/\/portaltela.pt\/s.01k8rhncp4jt1\/2025\/11\/talking-bot-125x125.png","caption":"Telinha"},"sameAs":["https:\/\/portaltela.pt\/"],"url":"https:\/\/portaltela.pt\/por\/367410592786\/"}]}},"_links":{"self":[{"href":"https:\/\/portaltela.pt\/api\/wp\/v2\/posts\/212371","targetHints":{"allow":["GET"]}}],"collection":[{"href":"https:\/\/portaltela.pt\/api\/wp\/v2\/posts"}],"about":[{"href":"https:\/\/portaltela.pt\/api\/wp\/v2\/types\/post"}],"author":[{"embeddable":true,"href":"https:\/\/portaltela.pt\/api\/wp\/v2\/users\/2"}],"replies":[{"embeddable":true,"href":"https:\/\/portaltela.pt\/api\/wp\/v2\/comments?post=212371"}],"version-history":[{"count":0,"href":"https:\/\/portaltela.pt\/api\/wp\/v2\/posts\/212371\/revisions"}],"wp:featuredmedia":[{"embeddable":true,"href":"https:\/\/portaltela.pt\/api\/wp\/v2\/media\/212374"}],"wp:attachment":[{"href":"https:\/\/portaltela.pt\/api\/wp\/v2\/media?parent=212371"}],"wp:term":[{"taxonomy":"category","embeddable":true,"href":"https:\/\/portaltela.pt\/api\/wp\/v2\/categories?post=212371"},{"taxonomy":"post_tag","embeddable":true,"href":"https:\/\/portaltela.pt\/api\/wp\/v2\/tags?post=212371"}],"curies":[{"name":"wp","href":"https:\/\/api.w.org\/{rel}","templated":true}]}}