{"id":212265,"date":"2026-02-14T09:20:41","date_gmt":"2026-02-14T12:20:41","guid":{"rendered":"https:\/\/portaltela.pt\/noticias\/2026\/02\/14\/guterres-pede-fim-a-pilhagem-dos-recursos-naturais-africanos\/"},"modified":"2026-02-14T09:20:41","modified_gmt":"2026-02-14T12:20:41","slug":"guterres-pede-fim-a-pilhagem-dos-recursos-naturais-africanos","status":"publish","type":"post","link":"https:\/\/portaltela.pt\/noticias\/2026\/02\/14\/guterres-pede-fim-a-pilhagem-dos-recursos-naturais-africanos\/","title":{"rendered":"Guterres pede fim \u00e0 pilhagem dos recursos naturais africanos"},"content":{"rendered":"<p>No s\u00e1bado, o secret\u00e1rio-geral das Na\u00e7\u00f5es Unidas apelou ao fim da explora\u00e7\u00e3o dos recursos naturais africanos, afirmando que j\u00e1 chega de pilhagem. Guterres garantiu que a \u00c1frica continuar\u00e1 a ser prioridade at\u00e9 ao fim do seu mandato.<\/p>\n<p>Defendeu que os pa\u00edses africanos beneficiem primeiro dos seus minerais cr\u00edticos, por via de cadeias de valor e de manufatura justas e sustent\u00e1veis, em linha com as recomenda\u00e7\u00f5es do painel da ONU sobre Minerais Cr\u00edticos para a Transi\u00e7\u00e3o Energ\u00e9tica.<\/p>\n<p>As propostas visam assegurar que o continente obtenha vantagens proporcionais \u00e0 sua participa\u00e7\u00e3o na explora\u00e7\u00e3o de recursos, refor\u00e7ando a necessidade de estrat\u00e9gias que promovam desenvolvimento econ\u00f3mico local e sustentabilidade ambiental.<\/p>\n","protected":false},"excerpt":{"rendered":"<ul>\n<li>O secret\u00e1rio-geral das Na\u00e7\u00f5es Unidas, Ant\u00f3nio Guterres, pediu o fim da explora\u00e7\u00e3o dos recursos naturais africanos, afirmando que j\u00e1 basta de pilhagem.<\/li>\n<li>Garantiu que, at\u00e9 ao \u00faltimo minuto do mandato, a \u00c1frica continua a ser uma prioridade.<\/li>\n<li>Defendeu que os pa\u00edses africanos se beneficiem primeiro e plenamente dos seus minerais cr\u00edticos.<\/li>\n<li>Prop\u00f4s que esses benef\u00edcios ocorram atrav\u00e9s de cadeias de valor e manufatura justas e sustent\u00e1veis.<\/li>\n<li>Referiu as recomenda\u00e7\u00f5es do painel da Organiza\u00e7\u00e3o das Na\u00e7\u00f5es Unidas (ONU) sobre minerais cr\u00edticos para a transi\u00e7\u00e3o energ\u00e9tica.<\/li>\n<\/ul>\n","protected":false},"author":2,"featured_media":212271,"comment_status":"closed","ping_status":"closed","sticky":false,"template":"","format":"standard","meta":{"footnotes":""},"categories":[1],"tags":[5227,4880,190,3760,811,5156],"class_list":["post-212265","post","type-post","status-publish","format-standard","has-post-thumbnail","hentry","category-noticias","tag-africa","tag-conservacao-ambiental","tag-desenvolvimento-economico","tag-minerais-criticos","tag-protecao-ambiental","tag-transicao-climatica"],"yoast_head":"<!-- This site is optimized with the Yoast SEO plugin v27.2 - https:\/\/yoast.com\/product\/yoast-seo-wordpress\/ -->\n<title>Guterres pede fim \u00e0 pilhagem dos recursos naturais africanos - Portal Tela Portugal<\/title>\n<meta name=\"robots\" content=\"index, follow, max-snippet:-1, max-image-preview:large, max-video-preview:-1\" \/>\n<meta property=\"og:locale\" content=\"pt_PT\" \/>\n<meta property=\"og:type\" content=\"article\" \/>\n<meta property=\"og:title\" content=\"Guterres pede fim \u00e0 pilhagem dos recursos naturais africanos - Portal Tela Portugal\" \/>\n<meta property=\"og:description\" content=\"O secret\u00e1rio-geral das Na\u00e7\u00f5es Unidas, Ant\u00f3nio Guterres, pediu o fim da explora\u00e7\u00e3o dos recursos naturais africanos, afirmando que j\u00e1 basta de pilhagem. Garantiu que, at\u00e9 ao \u00faltimo minuto do mandato, a \u00c1frica continua a ser uma prioridade. Defendeu que os pa\u00edses africanos se beneficiem primeiro e plenamente dos seus minerais cr\u00edticos. Prop\u00f4s que esses benef\u00edcios ocorram atrav\u00e9s de cadeias de valor e manufatura justas e sustent\u00e1veis. Referiu as recomenda\u00e7\u00f5es do painel da Organiza\u00e7\u00e3o das Na\u00e7\u00f5es Unidas (ONU) sobre minerais cr\u00edticos para a transi\u00e7\u00e3o energ\u00e9tica.\" \/>\n<meta property=\"og:url\" content=\"https:\/\/portaltela.pt\/noticias\/2026\/02\/14\/guterres-pede-fim-a-pilhagem-dos-recursos-naturais-africanos\/\" \/>\n<meta property=\"og:site_name\" content=\"Portal Tela Portugal\" \/>\n<meta property=\"article:published_time\" content=\"2026-02-14T12:20:41+00:00\" \/>\n<meta name=\"author\" content=\"Telinha\" \/>\n<meta name=\"twitter:card\" content=\"summary_large_image\" \/>\n<meta name=\"twitter:label1\" content=\"Escrito por\" \/>\n\t<meta name=\"twitter:data1\" content=\"Telinha\" \/>\n\t<meta name=\"twitter:label2\" content=\"Tempo estimado de leitura\" \/>\n\t<meta name=\"twitter:data2\" content=\"1 minuto\" \/>\n<script type=\"application\/ld+json\" class=\"yoast-schema-graph\">{\"@context\":\"https:\/\/schema.org\",\"@graph\":[{\"@type\":\"Article\",\"@id\":\"https:\/\/portaltela.pt\/noticias\/2026\/02\/14\/guterres-pede-fim-a-pilhagem-dos-recursos-naturais-africanos\/#article\",\"isPartOf\":{\"@id\":\"https:\/\/portaltela.pt\/noticias\/2026\/02\/14\/guterres-pede-fim-a-pilhagem-dos-recursos-naturais-africanos\/\"},\"author\":{\"name\":\"Telinha\",\"@id\":\"https:\/\/portaltela.pt\/#\/schema\/person\/c4278d4a6028830caff9ee44b42d32ed\"},\"headline\":\"Guterres pede fim \u00e0 pilhagem dos recursos naturais africanos\",\"datePublished\":\"2026-02-14T12:20:41+00:00\",\"mainEntityOfPage\":{\"@id\":\"https:\/\/portaltela.pt\/noticias\/2026\/02\/14\/guterres-pede-fim-a-pilhagem-dos-recursos-naturais-africanos\/\"},\"wordCount\":129,\"image\":{\"@id\":\"https:\/\/portaltela.pt\/noticias\/2026\/02\/14\/guterres-pede-fim-a-pilhagem-dos-recursos-naturais-africanos\/#primaryimage\"},\"thumbnailUrl\":\"https:\/\/portaltela.pt\/s.01k8rhncp4jt1\/2026\/02\/img_1500x1000uu2026-01-27-21-57-19-2262952.jpg\",\"keywords\":[\"\u00c1frica\",\"conserva\u00e7\u00e3o ambiental\",\"Desenvolvimento econ\u00f3mico\",\"minerais cr\u00edticos\",\"prote\u00e7\u00e3o ambiental\",\"Transi\u00e7\u00e3o Clim\u00e1tica\"],\"articleSection\":[\"Not\u00edcias\"],\"inLanguage\":\"pt-PT\"},{\"@type\":\"WebPage\",\"@id\":\"https:\/\/portaltela.pt\/noticias\/2026\/02\/14\/guterres-pede-fim-a-pilhagem-dos-recursos-naturais-africanos\/\",\"url\":\"https:\/\/portaltela.pt\/noticias\/2026\/02\/14\/guterres-pede-fim-a-pilhagem-dos-recursos-naturais-africanos\/\",\"name\":\"Guterres pede fim \u00e0 pilhagem dos recursos naturais africanos - Portal Tela Portugal\",\"isPartOf\":{\"@id\":\"https:\/\/portaltela.pt\/#website\"},\"primaryImageOfPage\":{\"@id\":\"https:\/\/portaltela.pt\/noticias\/2026\/02\/14\/guterres-pede-fim-a-pilhagem-dos-recursos-naturais-africanos\/#primaryimage\"},\"image\":{\"@id\":\"https:\/\/portaltela.pt\/noticias\/2026\/02\/14\/guterres-pede-fim-a-pilhagem-dos-recursos-naturais-africanos\/#primaryimage\"},\"thumbnailUrl\":\"https:\/\/portaltela.pt\/s.01k8rhncp4jt1\/2026\/02\/img_1500x1000uu2026-01-27-21-57-19-2262952.jpg\",\"datePublished\":\"2026-02-14T12:20:41+00:00\",\"author\":{\"@id\":\"https:\/\/portaltela.pt\/#\/schema\/person\/c4278d4a6028830caff9ee44b42d32ed\"},\"breadcrumb\":{\"@id\":\"https:\/\/portaltela.pt\/noticias\/2026\/02\/14\/guterres-pede-fim-a-pilhagem-dos-recursos-naturais-africanos\/#breadcrumb\"},\"inLanguage\":\"pt-PT\",\"potentialAction\":[{\"@type\":\"ReadAction\",\"target\":[\"https:\/\/portaltela.pt\/noticias\/2026\/02\/14\/guterres-pede-fim-a-pilhagem-dos-recursos-naturais-africanos\/\"]}]},{\"@type\":\"ImageObject\",\"inLanguage\":\"pt-PT\",\"@id\":\"https:\/\/portaltela.pt\/noticias\/2026\/02\/14\/guterres-pede-fim-a-pilhagem-dos-recursos-naturais-africanos\/#primaryimage\",\"url\":\"https:\/\/portaltela.pt\/s.01k8rhncp4jt1\/2026\/02\/img_1500x1000uu2026-01-27-21-57-19-2262952.jpg\",\"contentUrl\":\"https:\/\/portaltela.pt\/s.01k8rhncp4jt1\/2026\/02\/img_1500x1000uu2026-01-27-21-57-19-2262952.jpg\",\"width\":796,\"height\":448,\"caption\":\"Guterres diz \\\"basta de pilhagem e explora\u00e7\u00e3o\\\" de recursos naturais africanos\"},{\"@type\":\"BreadcrumbList\",\"@id\":\"https:\/\/portaltela.pt\/noticias\/2026\/02\/14\/guterres-pede-fim-a-pilhagem-dos-recursos-naturais-africanos\/#breadcrumb\",\"itemListElement\":[{\"@type\":\"ListItem\",\"position\":1,\"name\":\"In\u00edcio\",\"item\":\"https:\/\/portaltela.pt\/\"},{\"@type\":\"ListItem\",\"position\":2,\"name\":\"Guterres pede fim \u00e0 pilhagem dos recursos naturais africanos\"}]},{\"@type\":\"WebSite\",\"@id\":\"https:\/\/portaltela.pt\/#website\",\"url\":\"https:\/\/portaltela.pt\/\",\"name\":\"Portal Tela Portugal\",\"description\":\"\",\"potentialAction\":[{\"@type\":\"SearchAction\",\"target\":{\"@type\":\"EntryPoint\",\"urlTemplate\":\"https:\/\/portaltela.pt\/?s={search_term_string}\"},\"query-input\":{\"@type\":\"PropertyValueSpecification\",\"valueRequired\":true,\"valueName\":\"search_term_string\"}}],\"inLanguage\":\"pt-PT\"},{\"@type\":\"Person\",\"@id\":\"https:\/\/portaltela.pt\/#\/schema\/person\/c4278d4a6028830caff9ee44b42d32ed\",\"name\":\"Telinha\",\"image\":{\"@type\":\"ImageObject\",\"inLanguage\":\"pt-PT\",\"@id\":\"https:\/\/portaltela.pt\/s.01k8rhncp4jt1\/2025\/11\/talking-bot-125x125.png\",\"url\":\"https:\/\/portaltela.pt\/s.01k8rhncp4jt1\/2025\/11\/talking-bot-125x125.png\",\"contentUrl\":\"https:\/\/portaltela.pt\/s.01k8rhncp4jt1\/2025\/11\/talking-bot-125x125.png\",\"caption\":\"Telinha\"},\"sameAs\":[\"https:\/\/portaltela.pt\/\"],\"url\":\"https:\/\/portaltela.pt\/por\/367410592786\/\"}]}<\/script>\n<!-- \/ Yoast SEO plugin. -->","yoast_head_json":{"title":"Guterres pede fim \u00e0 pilhagem dos recursos naturais africanos - Portal Tela Portugal","robots":{"index":"index","follow":"follow","max-snippet":"max-snippet:-1","max-image-preview":"max-image-preview:large","max-video-preview":"max-video-preview:-1"},"og_locale":"pt_PT","og_type":"article","og_title":"Guterres pede fim \u00e0 pilhagem dos recursos naturais africanos - Portal Tela Portugal","og_description":"O secret\u00e1rio-geral das Na\u00e7\u00f5es Unidas, Ant\u00f3nio Guterres, pediu o fim da explora\u00e7\u00e3o dos recursos naturais africanos, afirmando que j\u00e1 basta de pilhagem. Garantiu que, at\u00e9 ao \u00faltimo minuto do mandato, a \u00c1frica continua a ser uma prioridade. Defendeu que os pa\u00edses africanos se beneficiem primeiro e plenamente dos seus minerais cr\u00edticos. Prop\u00f4s que esses benef\u00edcios ocorram atrav\u00e9s de cadeias de valor e manufatura justas e sustent\u00e1veis. Referiu as recomenda\u00e7\u00f5es do painel da Organiza\u00e7\u00e3o das Na\u00e7\u00f5es Unidas (ONU) sobre minerais cr\u00edticos para a transi\u00e7\u00e3o energ\u00e9tica.","og_url":"https:\/\/portaltela.pt\/noticias\/2026\/02\/14\/guterres-pede-fim-a-pilhagem-dos-recursos-naturais-africanos\/","og_site_name":"Portal Tela Portugal","article_published_time":"2026-02-14T12:20:41+00:00","author":"Telinha","twitter_card":"summary_large_image","twitter_misc":{"Escrito por":"Telinha","Tempo estimado de leitura":"1 minuto"},"schema":{"@context":"https:\/\/schema.org","@graph":[{"@type":"Article","@id":"https:\/\/portaltela.pt\/noticias\/2026\/02\/14\/guterres-pede-fim-a-pilhagem-dos-recursos-naturais-africanos\/#article","isPartOf":{"@id":"https:\/\/portaltela.pt\/noticias\/2026\/02\/14\/guterres-pede-fim-a-pilhagem-dos-recursos-naturais-africanos\/"},"author":{"name":"Telinha","@id":"https:\/\/portaltela.pt\/#\/schema\/person\/c4278d4a6028830caff9ee44b42d32ed"},"headline":"Guterres pede fim \u00e0 pilhagem dos recursos naturais africanos","datePublished":"2026-02-14T12:20:41+00:00","mainEntityOfPage":{"@id":"https:\/\/portaltela.pt\/noticias\/2026\/02\/14\/guterres-pede-fim-a-pilhagem-dos-recursos-naturais-africanos\/"},"wordCount":129,"image":{"@id":"https:\/\/portaltela.pt\/noticias\/2026\/02\/14\/guterres-pede-fim-a-pilhagem-dos-recursos-naturais-africanos\/#primaryimage"},"thumbnailUrl":"https:\/\/portaltela.pt\/s.01k8rhncp4jt1\/2026\/02\/img_1500x1000uu2026-01-27-21-57-19-2262952.jpg","keywords":["\u00c1frica","conserva\u00e7\u00e3o ambiental","Desenvolvimento econ\u00f3mico","minerais cr\u00edticos","prote\u00e7\u00e3o ambiental","Transi\u00e7\u00e3o Clim\u00e1tica"],"articleSection":["Not\u00edcias"],"inLanguage":"pt-PT"},{"@type":"WebPage","@id":"https:\/\/portaltela.pt\/noticias\/2026\/02\/14\/guterres-pede-fim-a-pilhagem-dos-recursos-naturais-africanos\/","url":"https:\/\/portaltela.pt\/noticias\/2026\/02\/14\/guterres-pede-fim-a-pilhagem-dos-recursos-naturais-africanos\/","name":"Guterres pede fim \u00e0 pilhagem dos recursos naturais africanos - Portal Tela Portugal","isPartOf":{"@id":"https:\/\/portaltela.pt\/#website"},"primaryImageOfPage":{"@id":"https:\/\/portaltela.pt\/noticias\/2026\/02\/14\/guterres-pede-fim-a-pilhagem-dos-recursos-naturais-africanos\/#primaryimage"},"image":{"@id":"https:\/\/portaltela.pt\/noticias\/2026\/02\/14\/guterres-pede-fim-a-pilhagem-dos-recursos-naturais-africanos\/#primaryimage"},"thumbnailUrl":"https:\/\/portaltela.pt\/s.01k8rhncp4jt1\/2026\/02\/img_1500x1000uu2026-01-27-21-57-19-2262952.jpg","datePublished":"2026-02-14T12:20:41+00:00","author":{"@id":"https:\/\/portaltela.pt\/#\/schema\/person\/c4278d4a6028830caff9ee44b42d32ed"},"breadcrumb":{"@id":"https:\/\/portaltela.pt\/noticias\/2026\/02\/14\/guterres-pede-fim-a-pilhagem-dos-recursos-naturais-africanos\/#breadcrumb"},"inLanguage":"pt-PT","potentialAction":[{"@type":"ReadAction","target":["https:\/\/portaltela.pt\/noticias\/2026\/02\/14\/guterres-pede-fim-a-pilhagem-dos-recursos-naturais-africanos\/"]}]},{"@type":"ImageObject","inLanguage":"pt-PT","@id":"https:\/\/portaltela.pt\/noticias\/2026\/02\/14\/guterres-pede-fim-a-pilhagem-dos-recursos-naturais-africanos\/#primaryimage","url":"https:\/\/portaltela.pt\/s.01k8rhncp4jt1\/2026\/02\/img_1500x1000uu2026-01-27-21-57-19-2262952.jpg","contentUrl":"https:\/\/portaltela.pt\/s.01k8rhncp4jt1\/2026\/02\/img_1500x1000uu2026-01-27-21-57-19-2262952.jpg","width":796,"height":448,"caption":"Guterres diz \"basta de pilhagem e explora\u00e7\u00e3o\" de recursos naturais africanos"},{"@type":"BreadcrumbList","@id":"https:\/\/portaltela.pt\/noticias\/2026\/02\/14\/guterres-pede-fim-a-pilhagem-dos-recursos-naturais-africanos\/#breadcrumb","itemListElement":[{"@type":"ListItem","position":1,"name":"In\u00edcio","item":"https:\/\/portaltela.pt\/"},{"@type":"ListItem","position":2,"name":"Guterres pede fim \u00e0 pilhagem dos recursos naturais africanos"}]},{"@type":"WebSite","@id":"https:\/\/portaltela.pt\/#website","url":"https:\/\/portaltela.pt\/","name":"Portal Tela Portugal","description":"","potentialAction":[{"@type":"SearchAction","target":{"@type":"EntryPoint","urlTemplate":"https:\/\/portaltela.pt\/?s={search_term_string}"},"query-input":{"@type":"PropertyValueSpecification","valueRequired":true,"valueName":"search_term_string"}}],"inLanguage":"pt-PT"},{"@type":"Person","@id":"https:\/\/portaltela.pt\/#\/schema\/person\/c4278d4a6028830caff9ee44b42d32ed","name":"Telinha","image":{"@type":"ImageObject","inLanguage":"pt-PT","@id":"https:\/\/portaltela.pt\/s.01k8rhncp4jt1\/2025\/11\/talking-bot-125x125.png","url":"https:\/\/portaltela.pt\/s.01k8rhncp4jt1\/2025\/11\/talking-bot-125x125.png","contentUrl":"https:\/\/portaltela.pt\/s.01k8rhncp4jt1\/2025\/11\/talking-bot-125x125.png","caption":"Telinha"},"sameAs":["https:\/\/portaltela.pt\/"],"url":"https:\/\/portaltela.pt\/por\/367410592786\/"}]}},"_links":{"self":[{"href":"https:\/\/portaltela.pt\/api\/wp\/v2\/posts\/212265","targetHints":{"allow":["GET"]}}],"collection":[{"href":"https:\/\/portaltela.pt\/api\/wp\/v2\/posts"}],"about":[{"href":"https:\/\/portaltela.pt\/api\/wp\/v2\/types\/post"}],"author":[{"embeddable":true,"href":"https:\/\/portaltela.pt\/api\/wp\/v2\/users\/2"}],"replies":[{"embeddable":true,"href":"https:\/\/portaltela.pt\/api\/wp\/v2\/comments?post=212265"}],"version-history":[{"count":0,"href":"https:\/\/portaltela.pt\/api\/wp\/v2\/posts\/212265\/revisions"}],"wp:featuredmedia":[{"embeddable":true,"href":"https:\/\/portaltela.pt\/api\/wp\/v2\/media\/212271"}],"wp:attachment":[{"href":"https:\/\/portaltela.pt\/api\/wp\/v2\/media?parent=212265"}],"wp:term":[{"taxonomy":"category","embeddable":true,"href":"https:\/\/portaltela.pt\/api\/wp\/v2\/categories?post=212265"},{"taxonomy":"post_tag","embeddable":true,"href":"https:\/\/portaltela.pt\/api\/wp\/v2\/tags?post=212265"}],"curies":[{"name":"wp","href":"https:\/\/api.w.org\/{rel}","templated":true}]}}