{"id":212238,"date":"2026-02-14T09:11:53","date_gmt":"2026-02-14T12:11:53","guid":{"rendered":"https:\/\/portaltela.pt\/noticias\/2026\/02\/14\/seguranca-social-envia-200-tecnicos-para-apoiar-1537-desalojados-pelo-mau-tempo\/"},"modified":"2026-02-14T09:11:53","modified_gmt":"2026-02-14T12:11:53","slug":"seguranca-social-envia-200-tecnicos-para-apoiar-1537-desalojados-pelo-mau-tempo","status":"publish","type":"post","link":"https:\/\/portaltela.pt\/noticias\/2026\/02\/14\/seguranca-social-envia-200-tecnicos-para-apoiar-1537-desalojados-pelo-mau-tempo\/","title":{"rendered":"Seguran\u00e7a Social envia 200 t\u00e9cnicos para apoiar 1537 desalojados pelo mau tempo"},"content":{"rendered":"<p>A Seguran\u00e7a Social mobilizou mais de 200 t\u00e9cnicos do Instituto da Seguran\u00e7a Social (ISS) para apoiar 1.537 desalojados, em resposta \u00e0s tempestades. A opera\u00e7\u00e3o foi anunciada neste s\u00e1bado, num comunicado do gabinete da ministra do Trabalho, Solidariedade e Seguran\u00e7a Social.<\/p>\n<p>De acordo com o texto, houve ainda necessidade, at\u00e9 sexta-feira, de evacuar e realojar 22 institui\u00e7\u00f5es, na sua maioria lares, envolvendo 1.347 utentes. Entre os p\u00fablicos agora acompanhados est\u00e3o idosos, pessoas com mobilidade condicionada e crian\u00e7as em risco.<\/p>\n<p>Al\u00e9m disso, as equipas atuaram em sete Zonas de Concentra\u00e7\u00e3o e Apoio \u00e0 Popula\u00e7\u00e3o (ZCAP), oferecendo alojamento tempor\u00e1rio, alimenta\u00e7\u00e3o, higiene, apoio psicossocial e outras necessidades urgentes. Duas ZCAP ficam na Marinha Grande, uma em Our\u00e9m, duas em Alc\u00e1cer do Sal e duas em Coimbra.<\/p>\n<h3>A\u00e7\u00f5es e log\u00edsticas de terreno<\/h3>\n<p>As equipas da Seguran\u00e7a Social visitaram idosos em Servi\u00e7o de Apoio Domicili\u00e1rio para mapear necessidades locais, mantendo o territ\u00f3rio sob vigil\u00e2ncia. Diariamente s\u00e3o contactadas as Estruturas Residenciais para Idosos, com cerca de 6.000 intera\u00e7\u00f5es j\u00e1 efetuadas.<\/p>\n<p>O \u00f3rg\u00e3o informou ainda que j\u00e1 obteve respostas de 7.103 institui\u00e7\u00f5es a um inqu\u00e9rito nacional para mapear necessidades. Em parceria com o INE, foram mapeadas ERPI e Lares por risco relativo ao leito de cheia, para informar a Prote\u00e7\u00e3o Civil.<\/p>\n<p>As respostas sociais s\u00e3o ajustadas conforme o que as autarquias identificam como necessidades espec\u00edficas. H\u00e1 forma\u00e7\u00e3o em apoio psicossocial para equipas municipais que solicitarem apoio. As equipas do ISS operam 24 horas por dia, em coordena\u00e7\u00e3o com Prote\u00e7\u00e3o Civil, autarquias e institui\u00e7\u00f5es solid\u00e1rias.<\/p>\n","protected":false},"excerpt":{"rendered":"<ul>\n<li>Mais de 200 t\u00e9cnicos do Instituto da Seguran\u00e7a Social apoiaram 1.537 desalojados devido ao mau tempo, conforme anunciado no s\u00e1bado.<\/li>\n<li>Foram evacuar e realojar 22 institui\u00e7\u00f5es, na sua maioria lares, envolvendo 1.347 utentes.<\/li>\n<li>A Seguran\u00e7a Social est\u00e1 a coordenar apoio em sete Zonas de Concentra\u00e7\u00e3o e Apoio \u00e0 Popula\u00e7\u00e3o (ZCAP), com alojamento tempor\u00e1rio, alimenta\u00e7\u00e3o e apoio psicossocial.<\/li>\n<li>As ZCAP localizam-se em duas na Marinha Grande, uma em Our\u00e9m, duas em Alc\u00e1cer do Sal e duas em Coimbra; equipas acompanham idosos benefici\u00e1rios de Servi\u00e7o de Apoio Domicili\u00e1rio.<\/li>\n<li>O ISS mapping de institui\u00e7\u00f5es com o INE j\u00e1 reuniu 7.103 respostas de um inqu\u00e9rito nacional; as equipas continuam a operar 24 horas por dia em articula\u00e7\u00e3o com Prote\u00e7\u00e3o Civil, autarquias e institui\u00e7\u00f5es de solidariedade social.<\/li>\n<\/ul>\n","protected":false},"author":2,"featured_media":212240,"comment_status":"closed","ping_status":"closed","sticky":false,"template":"","format":"standard","meta":{"footnotes":""},"categories":[1],"tags":[5926,1211,3004,2736,320,243],"class_list":["post-212238","post","type-post","status-publish","format-standard","has-post-thumbnail","hentry","category-noticias","tag-apoio-psicossocial","tag-apoio-social","tag-desalojados","tag-idosos","tag-protecao-civil","tag-seguranca-social"],"yoast_head":"<!-- This site is optimized with the Yoast SEO plugin v27.2 - https:\/\/yoast.com\/product\/yoast-seo-wordpress\/ -->\n<title>Seguran\u00e7a Social envia 200 t\u00e9cnicos para apoiar 1537 desalojados pelo mau tempo - Portal Tela Portugal<\/title>\n<meta name=\"robots\" content=\"index, follow, max-snippet:-1, max-image-preview:large, max-video-preview:-1\" \/>\n<meta property=\"og:locale\" content=\"pt_PT\" \/>\n<meta property=\"og:type\" content=\"article\" \/>\n<meta property=\"og:title\" content=\"Seguran\u00e7a Social envia 200 t\u00e9cnicos para apoiar 1537 desalojados pelo mau tempo - Portal Tela Portugal\" \/>\n<meta property=\"og:description\" content=\"Mais de 200 t\u00e9cnicos do Instituto da Seguran\u00e7a Social apoiaram 1.537 desalojados devido ao mau tempo, conforme anunciado no s\u00e1bado. Foram evacuar e realojar 22 institui\u00e7\u00f5es, na sua maioria lares, envolvendo 1.347 utentes. A Seguran\u00e7a Social est\u00e1 a coordenar apoio em sete Zonas de Concentra\u00e7\u00e3o e Apoio \u00e0 Popula\u00e7\u00e3o (ZCAP), com alojamento tempor\u00e1rio, alimenta\u00e7\u00e3o e apoio psicossocial. As ZCAP localizam-se em duas na Marinha Grande, uma em Our\u00e9m, duas em Alc\u00e1cer do Sal e duas em Coimbra; equipas acompanham idosos benefici\u00e1rios de Servi\u00e7o de Apoio Domicili\u00e1rio. O ISS mapping de institui\u00e7\u00f5es com o INE j\u00e1 reuniu 7.103 respostas de um inqu\u00e9rito nacional; as equipas continuam a operar 24 horas por dia em articula\u00e7\u00e3o com Prote\u00e7\u00e3o Civil, autarquias e institui\u00e7\u00f5es de solidariedade social.\" \/>\n<meta property=\"og:url\" content=\"https:\/\/portaltela.pt\/noticias\/2026\/02\/14\/seguranca-social-envia-200-tecnicos-para-apoiar-1537-desalojados-pelo-mau-tempo\/\" \/>\n<meta property=\"og:site_name\" content=\"Portal Tela Portugal\" \/>\n<meta property=\"article:published_time\" content=\"2026-02-14T12:11:53+00:00\" \/>\n<meta name=\"author\" content=\"Telinha\" \/>\n<meta name=\"twitter:card\" content=\"summary_large_image\" \/>\n<meta name=\"twitter:label1\" content=\"Escrito por\" \/>\n\t<meta name=\"twitter:data1\" content=\"Telinha\" \/>\n\t<meta name=\"twitter:label2\" content=\"Tempo estimado de leitura\" \/>\n\t<meta name=\"twitter:data2\" content=\"1 minuto\" \/>\n<script type=\"application\/ld+json\" class=\"yoast-schema-graph\">{\"@context\":\"https:\/\/schema.org\",\"@graph\":[{\"@type\":\"Article\",\"@id\":\"https:\/\/portaltela.pt\/noticias\/2026\/02\/14\/seguranca-social-envia-200-tecnicos-para-apoiar-1537-desalojados-pelo-mau-tempo\/#article\",\"isPartOf\":{\"@id\":\"https:\/\/portaltela.pt\/noticias\/2026\/02\/14\/seguranca-social-envia-200-tecnicos-para-apoiar-1537-desalojados-pelo-mau-tempo\/\"},\"author\":{\"name\":\"Telinha\",\"@id\":\"https:\/\/portaltela.pt\/#\/schema\/person\/c4278d4a6028830caff9ee44b42d32ed\"},\"headline\":\"Seguran\u00e7a Social envia 200 t\u00e9cnicos para apoiar 1537 desalojados pelo mau tempo\",\"datePublished\":\"2026-02-14T12:11:53+00:00\",\"mainEntityOfPage\":{\"@id\":\"https:\/\/portaltela.pt\/noticias\/2026\/02\/14\/seguranca-social-envia-200-tecnicos-para-apoiar-1537-desalojados-pelo-mau-tempo\/\"},\"wordCount\":287,\"image\":{\"@id\":\"https:\/\/portaltela.pt\/noticias\/2026\/02\/14\/seguranca-social-envia-200-tecnicos-para-apoiar-1537-desalojados-pelo-mau-tempo\/#primaryimage\"},\"thumbnailUrl\":\"https:\/\/portaltela.pt\/s.01k8rhncp4jt1\/2026\/02\/img_1500x1000uu2026-02-12-01-47-21-2266424.jpg\",\"keywords\":[\"apoio psicossocial\",\"Apoio Social\",\"desalojados\",\"idosos\",\"prote\u00e7\u00e3o civil\",\"seguran\u00e7a social\"],\"articleSection\":[\"Not\u00edcias\"],\"inLanguage\":\"pt-PT\"},{\"@type\":\"WebPage\",\"@id\":\"https:\/\/portaltela.pt\/noticias\/2026\/02\/14\/seguranca-social-envia-200-tecnicos-para-apoiar-1537-desalojados-pelo-mau-tempo\/\",\"url\":\"https:\/\/portaltela.pt\/noticias\/2026\/02\/14\/seguranca-social-envia-200-tecnicos-para-apoiar-1537-desalojados-pelo-mau-tempo\/\",\"name\":\"Seguran\u00e7a Social envia 200 t\u00e9cnicos para apoiar 1537 desalojados pelo mau tempo - Portal Tela Portugal\",\"isPartOf\":{\"@id\":\"https:\/\/portaltela.pt\/#website\"},\"primaryImageOfPage\":{\"@id\":\"https:\/\/portaltela.pt\/noticias\/2026\/02\/14\/seguranca-social-envia-200-tecnicos-para-apoiar-1537-desalojados-pelo-mau-tempo\/#primaryimage\"},\"image\":{\"@id\":\"https:\/\/portaltela.pt\/noticias\/2026\/02\/14\/seguranca-social-envia-200-tecnicos-para-apoiar-1537-desalojados-pelo-mau-tempo\/#primaryimage\"},\"thumbnailUrl\":\"https:\/\/portaltela.pt\/s.01k8rhncp4jt1\/2026\/02\/img_1500x1000uu2026-02-12-01-47-21-2266424.jpg\",\"datePublished\":\"2026-02-14T12:11:53+00:00\",\"author\":{\"@id\":\"https:\/\/portaltela.pt\/#\/schema\/person\/c4278d4a6028830caff9ee44b42d32ed\"},\"breadcrumb\":{\"@id\":\"https:\/\/portaltela.pt\/noticias\/2026\/02\/14\/seguranca-social-envia-200-tecnicos-para-apoiar-1537-desalojados-pelo-mau-tempo\/#breadcrumb\"},\"inLanguage\":\"pt-PT\",\"potentialAction\":[{\"@type\":\"ReadAction\",\"target\":[\"https:\/\/portaltela.pt\/noticias\/2026\/02\/14\/seguranca-social-envia-200-tecnicos-para-apoiar-1537-desalojados-pelo-mau-tempo\/\"]}]},{\"@type\":\"ImageObject\",\"inLanguage\":\"pt-PT\",\"@id\":\"https:\/\/portaltela.pt\/noticias\/2026\/02\/14\/seguranca-social-envia-200-tecnicos-para-apoiar-1537-desalojados-pelo-mau-tempo\/#primaryimage\",\"url\":\"https:\/\/portaltela.pt\/s.01k8rhncp4jt1\/2026\/02\/img_1500x1000uu2026-02-12-01-47-21-2266424.jpg\",\"contentUrl\":\"https:\/\/portaltela.pt\/s.01k8rhncp4jt1\/2026\/02\/img_1500x1000uu2026-02-12-01-47-21-2266424.jpg\",\"width\":796,\"height\":448,\"caption\":\"Seguran\u00e7a Social com mais de 200 t\u00e9cnicos no terreno apoia 1537 desalojados\"},{\"@type\":\"BreadcrumbList\",\"@id\":\"https:\/\/portaltela.pt\/noticias\/2026\/02\/14\/seguranca-social-envia-200-tecnicos-para-apoiar-1537-desalojados-pelo-mau-tempo\/#breadcrumb\",\"itemListElement\":[{\"@type\":\"ListItem\",\"position\":1,\"name\":\"In\u00edcio\",\"item\":\"https:\/\/portaltela.pt\/\"},{\"@type\":\"ListItem\",\"position\":2,\"name\":\"Seguran\u00e7a Social envia 200 t\u00e9cnicos para apoiar 1537 desalojados pelo mau tempo\"}]},{\"@type\":\"WebSite\",\"@id\":\"https:\/\/portaltela.pt\/#website\",\"url\":\"https:\/\/portaltela.pt\/\",\"name\":\"Portal Tela Portugal\",\"description\":\"\",\"potentialAction\":[{\"@type\":\"SearchAction\",\"target\":{\"@type\":\"EntryPoint\",\"urlTemplate\":\"https:\/\/portaltela.pt\/?s={search_term_string}\"},\"query-input\":{\"@type\":\"PropertyValueSpecification\",\"valueRequired\":true,\"valueName\":\"search_term_string\"}}],\"inLanguage\":\"pt-PT\"},{\"@type\":\"Person\",\"@id\":\"https:\/\/portaltela.pt\/#\/schema\/person\/c4278d4a6028830caff9ee44b42d32ed\",\"name\":\"Telinha\",\"image\":{\"@type\":\"ImageObject\",\"inLanguage\":\"pt-PT\",\"@id\":\"https:\/\/portaltela.pt\/s.01k8rhncp4jt1\/2025\/11\/talking-bot-125x125.png\",\"url\":\"https:\/\/portaltela.pt\/s.01k8rhncp4jt1\/2025\/11\/talking-bot-125x125.png\",\"contentUrl\":\"https:\/\/portaltela.pt\/s.01k8rhncp4jt1\/2025\/11\/talking-bot-125x125.png\",\"caption\":\"Telinha\"},\"sameAs\":[\"https:\/\/portaltela.pt\/\"],\"url\":\"https:\/\/portaltela.pt\/por\/367410592786\/\"}]}<\/script>\n<!-- \/ Yoast SEO plugin. -->","yoast_head_json":{"title":"Seguran\u00e7a Social envia 200 t\u00e9cnicos para apoiar 1537 desalojados pelo mau tempo - Portal Tela Portugal","robots":{"index":"index","follow":"follow","max-snippet":"max-snippet:-1","max-image-preview":"max-image-preview:large","max-video-preview":"max-video-preview:-1"},"og_locale":"pt_PT","og_type":"article","og_title":"Seguran\u00e7a Social envia 200 t\u00e9cnicos para apoiar 1537 desalojados pelo mau tempo - Portal Tela Portugal","og_description":"Mais de 200 t\u00e9cnicos do Instituto da Seguran\u00e7a Social apoiaram 1.537 desalojados devido ao mau tempo, conforme anunciado no s\u00e1bado. Foram evacuar e realojar 22 institui\u00e7\u00f5es, na sua maioria lares, envolvendo 1.347 utentes. A Seguran\u00e7a Social est\u00e1 a coordenar apoio em sete Zonas de Concentra\u00e7\u00e3o e Apoio \u00e0 Popula\u00e7\u00e3o (ZCAP), com alojamento tempor\u00e1rio, alimenta\u00e7\u00e3o e apoio psicossocial. As ZCAP localizam-se em duas na Marinha Grande, uma em Our\u00e9m, duas em Alc\u00e1cer do Sal e duas em Coimbra; equipas acompanham idosos benefici\u00e1rios de Servi\u00e7o de Apoio Domicili\u00e1rio. O ISS mapping de institui\u00e7\u00f5es com o INE j\u00e1 reuniu 7.103 respostas de um inqu\u00e9rito nacional; as equipas continuam a operar 24 horas por dia em articula\u00e7\u00e3o com Prote\u00e7\u00e3o Civil, autarquias e institui\u00e7\u00f5es de solidariedade social.","og_url":"https:\/\/portaltela.pt\/noticias\/2026\/02\/14\/seguranca-social-envia-200-tecnicos-para-apoiar-1537-desalojados-pelo-mau-tempo\/","og_site_name":"Portal Tela Portugal","article_published_time":"2026-02-14T12:11:53+00:00","author":"Telinha","twitter_card":"summary_large_image","twitter_misc":{"Escrito por":"Telinha","Tempo estimado de leitura":"1 minuto"},"schema":{"@context":"https:\/\/schema.org","@graph":[{"@type":"Article","@id":"https:\/\/portaltela.pt\/noticias\/2026\/02\/14\/seguranca-social-envia-200-tecnicos-para-apoiar-1537-desalojados-pelo-mau-tempo\/#article","isPartOf":{"@id":"https:\/\/portaltela.pt\/noticias\/2026\/02\/14\/seguranca-social-envia-200-tecnicos-para-apoiar-1537-desalojados-pelo-mau-tempo\/"},"author":{"name":"Telinha","@id":"https:\/\/portaltela.pt\/#\/schema\/person\/c4278d4a6028830caff9ee44b42d32ed"},"headline":"Seguran\u00e7a Social envia 200 t\u00e9cnicos para apoiar 1537 desalojados pelo mau tempo","datePublished":"2026-02-14T12:11:53+00:00","mainEntityOfPage":{"@id":"https:\/\/portaltela.pt\/noticias\/2026\/02\/14\/seguranca-social-envia-200-tecnicos-para-apoiar-1537-desalojados-pelo-mau-tempo\/"},"wordCount":287,"image":{"@id":"https:\/\/portaltela.pt\/noticias\/2026\/02\/14\/seguranca-social-envia-200-tecnicos-para-apoiar-1537-desalojados-pelo-mau-tempo\/#primaryimage"},"thumbnailUrl":"https:\/\/portaltela.pt\/s.01k8rhncp4jt1\/2026\/02\/img_1500x1000uu2026-02-12-01-47-21-2266424.jpg","keywords":["apoio psicossocial","Apoio Social","desalojados","idosos","prote\u00e7\u00e3o civil","seguran\u00e7a social"],"articleSection":["Not\u00edcias"],"inLanguage":"pt-PT"},{"@type":"WebPage","@id":"https:\/\/portaltela.pt\/noticias\/2026\/02\/14\/seguranca-social-envia-200-tecnicos-para-apoiar-1537-desalojados-pelo-mau-tempo\/","url":"https:\/\/portaltela.pt\/noticias\/2026\/02\/14\/seguranca-social-envia-200-tecnicos-para-apoiar-1537-desalojados-pelo-mau-tempo\/","name":"Seguran\u00e7a Social envia 200 t\u00e9cnicos para apoiar 1537 desalojados pelo mau tempo - Portal Tela Portugal","isPartOf":{"@id":"https:\/\/portaltela.pt\/#website"},"primaryImageOfPage":{"@id":"https:\/\/portaltela.pt\/noticias\/2026\/02\/14\/seguranca-social-envia-200-tecnicos-para-apoiar-1537-desalojados-pelo-mau-tempo\/#primaryimage"},"image":{"@id":"https:\/\/portaltela.pt\/noticias\/2026\/02\/14\/seguranca-social-envia-200-tecnicos-para-apoiar-1537-desalojados-pelo-mau-tempo\/#primaryimage"},"thumbnailUrl":"https:\/\/portaltela.pt\/s.01k8rhncp4jt1\/2026\/02\/img_1500x1000uu2026-02-12-01-47-21-2266424.jpg","datePublished":"2026-02-14T12:11:53+00:00","author":{"@id":"https:\/\/portaltela.pt\/#\/schema\/person\/c4278d4a6028830caff9ee44b42d32ed"},"breadcrumb":{"@id":"https:\/\/portaltela.pt\/noticias\/2026\/02\/14\/seguranca-social-envia-200-tecnicos-para-apoiar-1537-desalojados-pelo-mau-tempo\/#breadcrumb"},"inLanguage":"pt-PT","potentialAction":[{"@type":"ReadAction","target":["https:\/\/portaltela.pt\/noticias\/2026\/02\/14\/seguranca-social-envia-200-tecnicos-para-apoiar-1537-desalojados-pelo-mau-tempo\/"]}]},{"@type":"ImageObject","inLanguage":"pt-PT","@id":"https:\/\/portaltela.pt\/noticias\/2026\/02\/14\/seguranca-social-envia-200-tecnicos-para-apoiar-1537-desalojados-pelo-mau-tempo\/#primaryimage","url":"https:\/\/portaltela.pt\/s.01k8rhncp4jt1\/2026\/02\/img_1500x1000uu2026-02-12-01-47-21-2266424.jpg","contentUrl":"https:\/\/portaltela.pt\/s.01k8rhncp4jt1\/2026\/02\/img_1500x1000uu2026-02-12-01-47-21-2266424.jpg","width":796,"height":448,"caption":"Seguran\u00e7a Social com mais de 200 t\u00e9cnicos no terreno apoia 1537 desalojados"},{"@type":"BreadcrumbList","@id":"https:\/\/portaltela.pt\/noticias\/2026\/02\/14\/seguranca-social-envia-200-tecnicos-para-apoiar-1537-desalojados-pelo-mau-tempo\/#breadcrumb","itemListElement":[{"@type":"ListItem","position":1,"name":"In\u00edcio","item":"https:\/\/portaltela.pt\/"},{"@type":"ListItem","position":2,"name":"Seguran\u00e7a Social envia 200 t\u00e9cnicos para apoiar 1537 desalojados pelo mau tempo"}]},{"@type":"WebSite","@id":"https:\/\/portaltela.pt\/#website","url":"https:\/\/portaltela.pt\/","name":"Portal Tela Portugal","description":"","potentialAction":[{"@type":"SearchAction","target":{"@type":"EntryPoint","urlTemplate":"https:\/\/portaltela.pt\/?s={search_term_string}"},"query-input":{"@type":"PropertyValueSpecification","valueRequired":true,"valueName":"search_term_string"}}],"inLanguage":"pt-PT"},{"@type":"Person","@id":"https:\/\/portaltela.pt\/#\/schema\/person\/c4278d4a6028830caff9ee44b42d32ed","name":"Telinha","image":{"@type":"ImageObject","inLanguage":"pt-PT","@id":"https:\/\/portaltela.pt\/s.01k8rhncp4jt1\/2025\/11\/talking-bot-125x125.png","url":"https:\/\/portaltela.pt\/s.01k8rhncp4jt1\/2025\/11\/talking-bot-125x125.png","contentUrl":"https:\/\/portaltela.pt\/s.01k8rhncp4jt1\/2025\/11\/talking-bot-125x125.png","caption":"Telinha"},"sameAs":["https:\/\/portaltela.pt\/"],"url":"https:\/\/portaltela.pt\/por\/367410592786\/"}]}},"_links":{"self":[{"href":"https:\/\/portaltela.pt\/api\/wp\/v2\/posts\/212238","targetHints":{"allow":["GET"]}}],"collection":[{"href":"https:\/\/portaltela.pt\/api\/wp\/v2\/posts"}],"about":[{"href":"https:\/\/portaltela.pt\/api\/wp\/v2\/types\/post"}],"author":[{"embeddable":true,"href":"https:\/\/portaltela.pt\/api\/wp\/v2\/users\/2"}],"replies":[{"embeddable":true,"href":"https:\/\/portaltela.pt\/api\/wp\/v2\/comments?post=212238"}],"version-history":[{"count":0,"href":"https:\/\/portaltela.pt\/api\/wp\/v2\/posts\/212238\/revisions"}],"wp:featuredmedia":[{"embeddable":true,"href":"https:\/\/portaltela.pt\/api\/wp\/v2\/media\/212240"}],"wp:attachment":[{"href":"https:\/\/portaltela.pt\/api\/wp\/v2\/media?parent=212238"}],"wp:term":[{"taxonomy":"category","embeddable":true,"href":"https:\/\/portaltela.pt\/api\/wp\/v2\/categories?post=212238"},{"taxonomy":"post_tag","embeddable":true,"href":"https:\/\/portaltela.pt\/api\/wp\/v2\/tags?post=212238"}],"curies":[{"name":"wp","href":"https:\/\/api.w.org\/{rel}","templated":true}]}}