{"id":212237,"date":"2026-02-14T09:11:57","date_gmt":"2026-02-14T12:11:57","guid":{"rendered":"https:\/\/portaltela.pt\/noticias\/2026\/02\/14\/jogadores-da-academica-escolhem-contacto-telefonico-neto-de-cavaco-nao-hesita\/"},"modified":"2026-02-14T09:11:57","modified_gmt":"2026-02-14T12:11:57","slug":"jogadores-da-academica-escolhem-contacto-telefonico-neto-de-cavaco-nao-hesita","status":"publish","type":"post","link":"https:\/\/portaltela.pt\/desporto\/futebol\/2026\/02\/14\/jogadores-da-academica-escolhem-contacto-telefonico-neto-de-cavaco-nao-hesita\/","title":{"rendered":"Jogadores da Acad\u00e9mica escolhem contacto telef\u00f3nico; neto de Cavaco n\u00e3o hesita"},"content":{"rendered":"<p>Os jogadores da Acad\u00e9mica foram desafiados a revelar qual \u00e9 o contacto mais famoso que t\u00eam no telem\u00f3vel. A iniciativa ganhou destaque nas redes sociais do clube, com o destaque a recair sobre Ant\u00f3nio Montez, m\u00e9dio da Briosa.<\/p>\n<p>Montez, conhecido pelo papel no plantel da Acad\u00e9mica, viu o seu contacto ganhar notoriedade ap\u00f3s a escolha ter sido partilhada no v\u00eddeo. Aconteceu num contexto de desafio entre colegas de equipa, gravado para partilhar nas redes oficiais do clube.<\/p>\n<p>O v\u00eddeo mostra ainda que outros jogadores tamb\u00e9m revelaram contactos considerados de alta visibilidade, com v\u00e1rias respostas a apontar personalidades p\u00fablicas associadas \u00e0 equipa. A origem da tend\u00eancia \u00e9 a populariza\u00e7\u00e3o de conte\u00fados de redes sociais entre desportistas.<\/p>\n<p>A produ\u00e7\u00e3o n\u00e3o indica data espec\u00edfica de publica\u00e7\u00e3o nem detalha o conte\u00fado de cada contacto, limitando-se a descrever o momento como um desafio interno entre jogadores. A Acad\u00e9mica n\u00e3o se pronuncia sobre consequ\u00eancias ou implica\u00e7\u00f5es da partilha.<\/p>\n","protected":false},"excerpt":{"rendered":"<ul>\n<li>Os jogadores da Acad\u00e9mica foram desafiados a revelar qual o contacto mais famoso que t\u00eam no telem\u00f3vel.<\/li>\n<li>Ant\u00f3nio Montez, m\u00e9dio do clube, tornou-se destaque por ser neto de An\u00edbal Cavaco Silva, antigo Presidente da Rep\u00fablica.<\/li>\n<li>A revela\u00e7\u00e3o ficou dispon\u00edvel num v\u00eddeo publicado no TikTok da Acad\u00e9mica.<\/li>\n<li>Al\u00e9m de Montez, o an\u00fancio tamb\u00e9m mostrou que outros companheiros foram alvo de curiosidade por parte dos colegas.<\/li>\n<li>O conte\u00fado n\u00e3o detalha outros contactos nem nomes adicionais.<\/li>\n<\/ul>\n","protected":false},"author":2,"featured_media":212239,"comment_status":"closed","ping_status":"closed","sticky":false,"template":"","format":"standard","meta":{"footnotes":""},"categories":[21,24],"tags":[3133,3193,3736,123,152,32],"class_list":["post-212237","post","type-post","status-publish","format-standard","has-post-thumbnail","hentry","category-desporto","category-futebol","tag-a-briosa","tag-academica","tag-academica-de-coimbra","tag-desportivos","tag-desporto","tag-futebol"],"yoast_head":"<!-- This site is optimized with the Yoast SEO plugin v27.2 - https:\/\/yoast.com\/product\/yoast-seo-wordpress\/ -->\n<title>Jogadores da Acad\u00e9mica escolhem contacto telef\u00f3nico; neto de Cavaco n\u00e3o hesita - Portal Tela Portugal<\/title>\n<meta name=\"robots\" content=\"index, follow, max-snippet:-1, max-image-preview:large, max-video-preview:-1\" \/>\n<meta property=\"og:locale\" content=\"pt_PT\" \/>\n<meta property=\"og:type\" content=\"article\" \/>\n<meta property=\"og:title\" content=\"Jogadores da Acad\u00e9mica escolhem contacto telef\u00f3nico; neto de Cavaco n\u00e3o hesita - Portal Tela Portugal\" \/>\n<meta property=\"og:description\" content=\"Os jogadores da Acad\u00e9mica foram desafiados a revelar qual o contacto mais famoso que t\u00eam no telem\u00f3vel. Ant\u00f3nio Montez, m\u00e9dio do clube, tornou-se destaque por ser neto de An\u00edbal Cavaco Silva, antigo Presidente da Rep\u00fablica. A revela\u00e7\u00e3o ficou dispon\u00edvel num v\u00eddeo publicado no TikTok da Acad\u00e9mica. Al\u00e9m de Montez, o an\u00fancio tamb\u00e9m mostrou que outros companheiros foram alvo de curiosidade por parte dos colegas. O conte\u00fado n\u00e3o detalha outros contactos nem nomes adicionais.\" \/>\n<meta property=\"og:url\" content=\"https:\/\/portaltela.pt\/noticias\/2026\/02\/14\/jogadores-da-academica-escolhem-contacto-telefonico-neto-de-cavaco-nao-hesita\/\" \/>\n<meta property=\"og:site_name\" content=\"Portal Tela Portugal\" \/>\n<meta property=\"article:published_time\" content=\"2026-02-14T12:11:57+00:00\" \/>\n<meta name=\"author\" content=\"Telinha\" \/>\n<meta name=\"twitter:card\" content=\"summary_large_image\" \/>\n<meta name=\"twitter:label1\" content=\"Escrito por\" \/>\n\t<meta name=\"twitter:data1\" content=\"Telinha\" \/>\n\t<meta name=\"twitter:label2\" content=\"Tempo estimado de leitura\" \/>\n\t<meta name=\"twitter:data2\" content=\"1 minuto\" \/>\n<script type=\"application\/ld+json\" class=\"yoast-schema-graph\">{\"@context\":\"https:\/\/schema.org\",\"@graph\":[{\"@type\":\"Article\",\"@id\":\"https:\/\/portaltela.pt\/noticias\/2026\/02\/14\/jogadores-da-academica-escolhem-contacto-telefonico-neto-de-cavaco-nao-hesita\/#article\",\"isPartOf\":{\"@id\":\"https:\/\/portaltela.pt\/noticias\/2026\/02\/14\/jogadores-da-academica-escolhem-contacto-telefonico-neto-de-cavaco-nao-hesita\/\"},\"author\":{\"name\":\"Telinha\",\"@id\":\"https:\/\/portaltela.pt\/#\/schema\/person\/c4278d4a6028830caff9ee44b42d32ed\"},\"headline\":\"Jogadores da Acad\u00e9mica escolhem contacto telef\u00f3nico; neto de Cavaco n\u00e3o hesita\",\"datePublished\":\"2026-02-14T12:11:57+00:00\",\"mainEntityOfPage\":{\"@id\":\"https:\/\/portaltela.pt\/noticias\/2026\/02\/14\/jogadores-da-academica-escolhem-contacto-telefonico-neto-de-cavaco-nao-hesita\/\"},\"wordCount\":187,\"image\":{\"@id\":\"https:\/\/portaltela.pt\/noticias\/2026\/02\/14\/jogadores-da-academica-escolhem-contacto-telefonico-neto-de-cavaco-nao-hesita\/#primaryimage\"},\"thumbnailUrl\":\"https:\/\/portaltela.pt\/s.01k8rhncp4jt1\/2026\/02\/img_1200x721uu2026-02-14-12-10-24-2421527.jpg\",\"keywords\":[\"A Briosa\",\"Acad\u00e9mica\",\"Acad\u00e9mica de Coimbra\",\"desportivos\",\"desporto\",\"futebol\"],\"articleSection\":[\"Desporto\",\"Futebol\"],\"inLanguage\":\"pt-PT\"},{\"@type\":\"WebPage\",\"@id\":\"https:\/\/portaltela.pt\/noticias\/2026\/02\/14\/jogadores-da-academica-escolhem-contacto-telefonico-neto-de-cavaco-nao-hesita\/\",\"url\":\"https:\/\/portaltela.pt\/noticias\/2026\/02\/14\/jogadores-da-academica-escolhem-contacto-telefonico-neto-de-cavaco-nao-hesita\/\",\"name\":\"Jogadores da Acad\u00e9mica escolhem contacto telef\u00f3nico; neto de Cavaco n\u00e3o hesita - Portal Tela Portugal\",\"isPartOf\":{\"@id\":\"https:\/\/portaltela.pt\/#website\"},\"primaryImageOfPage\":{\"@id\":\"https:\/\/portaltela.pt\/noticias\/2026\/02\/14\/jogadores-da-academica-escolhem-contacto-telefonico-neto-de-cavaco-nao-hesita\/#primaryimage\"},\"image\":{\"@id\":\"https:\/\/portaltela.pt\/noticias\/2026\/02\/14\/jogadores-da-academica-escolhem-contacto-telefonico-neto-de-cavaco-nao-hesita\/#primaryimage\"},\"thumbnailUrl\":\"https:\/\/portaltela.pt\/s.01k8rhncp4jt1\/2026\/02\/img_1200x721uu2026-02-14-12-10-24-2421527.jpg\",\"datePublished\":\"2026-02-14T12:11:57+00:00\",\"author\":{\"@id\":\"https:\/\/portaltela.pt\/#\/schema\/person\/c4278d4a6028830caff9ee44b42d32ed\"},\"breadcrumb\":{\"@id\":\"https:\/\/portaltela.pt\/noticias\/2026\/02\/14\/jogadores-da-academica-escolhem-contacto-telefonico-neto-de-cavaco-nao-hesita\/#breadcrumb\"},\"inLanguage\":\"pt-PT\",\"potentialAction\":[{\"@type\":\"ReadAction\",\"target\":[\"https:\/\/portaltela.pt\/noticias\/2026\/02\/14\/jogadores-da-academica-escolhem-contacto-telefonico-neto-de-cavaco-nao-hesita\/\"]}]},{\"@type\":\"ImageObject\",\"inLanguage\":\"pt-PT\",\"@id\":\"https:\/\/portaltela.pt\/noticias\/2026\/02\/14\/jogadores-da-academica-escolhem-contacto-telefonico-neto-de-cavaco-nao-hesita\/#primaryimage\",\"url\":\"https:\/\/portaltela.pt\/s.01k8rhncp4jt1\/2026\/02\/img_1200x721uu2026-02-14-12-10-24-2421527.jpg\",\"contentUrl\":\"https:\/\/portaltela.pt\/s.01k8rhncp4jt1\/2026\/02\/img_1200x721uu2026-02-14-12-10-24-2421527.jpg\",\"width\":796,\"height\":448,\"caption\":\"Jogadores da Acad\u00e9mica escolheram contacto telef\u00f3nico mais famoso e neto de Cavaco Silva... n\u00e3o hesitou\"},{\"@type\":\"BreadcrumbList\",\"@id\":\"https:\/\/portaltela.pt\/noticias\/2026\/02\/14\/jogadores-da-academica-escolhem-contacto-telefonico-neto-de-cavaco-nao-hesita\/#breadcrumb\",\"itemListElement\":[{\"@type\":\"ListItem\",\"position\":1,\"name\":\"In\u00edcio\",\"item\":\"https:\/\/portaltela.pt\/\"},{\"@type\":\"ListItem\",\"position\":2,\"name\":\"Jogadores da Acad\u00e9mica escolhem contacto telef\u00f3nico; neto de Cavaco n\u00e3o hesita\"}]},{\"@type\":\"WebSite\",\"@id\":\"https:\/\/portaltela.pt\/#website\",\"url\":\"https:\/\/portaltela.pt\/\",\"name\":\"Portal Tela Portugal\",\"description\":\"\",\"potentialAction\":[{\"@type\":\"SearchAction\",\"target\":{\"@type\":\"EntryPoint\",\"urlTemplate\":\"https:\/\/portaltela.pt\/?s={search_term_string}\"},\"query-input\":{\"@type\":\"PropertyValueSpecification\",\"valueRequired\":true,\"valueName\":\"search_term_string\"}}],\"inLanguage\":\"pt-PT\"},{\"@type\":\"Person\",\"@id\":\"https:\/\/portaltela.pt\/#\/schema\/person\/c4278d4a6028830caff9ee44b42d32ed\",\"name\":\"Telinha\",\"image\":{\"@type\":\"ImageObject\",\"inLanguage\":\"pt-PT\",\"@id\":\"https:\/\/portaltela.pt\/s.01k8rhncp4jt1\/2025\/11\/talking-bot-125x125.png\",\"url\":\"https:\/\/portaltela.pt\/s.01k8rhncp4jt1\/2025\/11\/talking-bot-125x125.png\",\"contentUrl\":\"https:\/\/portaltela.pt\/s.01k8rhncp4jt1\/2025\/11\/talking-bot-125x125.png\",\"caption\":\"Telinha\"},\"sameAs\":[\"https:\/\/portaltela.pt\/\"],\"url\":\"https:\/\/portaltela.pt\/por\/367410592786\/\"}]}<\/script>\n<!-- \/ Yoast SEO plugin. -->","yoast_head_json":{"title":"Jogadores da Acad\u00e9mica escolhem contacto telef\u00f3nico; neto de Cavaco n\u00e3o hesita - Portal Tela Portugal","robots":{"index":"index","follow":"follow","max-snippet":"max-snippet:-1","max-image-preview":"max-image-preview:large","max-video-preview":"max-video-preview:-1"},"og_locale":"pt_PT","og_type":"article","og_title":"Jogadores da Acad\u00e9mica escolhem contacto telef\u00f3nico; neto de Cavaco n\u00e3o hesita - Portal Tela Portugal","og_description":"Os jogadores da Acad\u00e9mica foram desafiados a revelar qual o contacto mais famoso que t\u00eam no telem\u00f3vel. Ant\u00f3nio Montez, m\u00e9dio do clube, tornou-se destaque por ser neto de An\u00edbal Cavaco Silva, antigo Presidente da Rep\u00fablica. A revela\u00e7\u00e3o ficou dispon\u00edvel num v\u00eddeo publicado no TikTok da Acad\u00e9mica. Al\u00e9m de Montez, o an\u00fancio tamb\u00e9m mostrou que outros companheiros foram alvo de curiosidade por parte dos colegas. O conte\u00fado n\u00e3o detalha outros contactos nem nomes adicionais.","og_url":"https:\/\/portaltela.pt\/noticias\/2026\/02\/14\/jogadores-da-academica-escolhem-contacto-telefonico-neto-de-cavaco-nao-hesita\/","og_site_name":"Portal Tela Portugal","article_published_time":"2026-02-14T12:11:57+00:00","author":"Telinha","twitter_card":"summary_large_image","twitter_misc":{"Escrito por":"Telinha","Tempo estimado de leitura":"1 minuto"},"schema":{"@context":"https:\/\/schema.org","@graph":[{"@type":"Article","@id":"https:\/\/portaltela.pt\/noticias\/2026\/02\/14\/jogadores-da-academica-escolhem-contacto-telefonico-neto-de-cavaco-nao-hesita\/#article","isPartOf":{"@id":"https:\/\/portaltela.pt\/noticias\/2026\/02\/14\/jogadores-da-academica-escolhem-contacto-telefonico-neto-de-cavaco-nao-hesita\/"},"author":{"name":"Telinha","@id":"https:\/\/portaltela.pt\/#\/schema\/person\/c4278d4a6028830caff9ee44b42d32ed"},"headline":"Jogadores da Acad\u00e9mica escolhem contacto telef\u00f3nico; neto de Cavaco n\u00e3o hesita","datePublished":"2026-02-14T12:11:57+00:00","mainEntityOfPage":{"@id":"https:\/\/portaltela.pt\/noticias\/2026\/02\/14\/jogadores-da-academica-escolhem-contacto-telefonico-neto-de-cavaco-nao-hesita\/"},"wordCount":187,"image":{"@id":"https:\/\/portaltela.pt\/noticias\/2026\/02\/14\/jogadores-da-academica-escolhem-contacto-telefonico-neto-de-cavaco-nao-hesita\/#primaryimage"},"thumbnailUrl":"https:\/\/portaltela.pt\/s.01k8rhncp4jt1\/2026\/02\/img_1200x721uu2026-02-14-12-10-24-2421527.jpg","keywords":["A Briosa","Acad\u00e9mica","Acad\u00e9mica de Coimbra","desportivos","desporto","futebol"],"articleSection":["Desporto","Futebol"],"inLanguage":"pt-PT"},{"@type":"WebPage","@id":"https:\/\/portaltela.pt\/noticias\/2026\/02\/14\/jogadores-da-academica-escolhem-contacto-telefonico-neto-de-cavaco-nao-hesita\/","url":"https:\/\/portaltela.pt\/noticias\/2026\/02\/14\/jogadores-da-academica-escolhem-contacto-telefonico-neto-de-cavaco-nao-hesita\/","name":"Jogadores da Acad\u00e9mica escolhem contacto telef\u00f3nico; neto de Cavaco n\u00e3o hesita - Portal Tela Portugal","isPartOf":{"@id":"https:\/\/portaltela.pt\/#website"},"primaryImageOfPage":{"@id":"https:\/\/portaltela.pt\/noticias\/2026\/02\/14\/jogadores-da-academica-escolhem-contacto-telefonico-neto-de-cavaco-nao-hesita\/#primaryimage"},"image":{"@id":"https:\/\/portaltela.pt\/noticias\/2026\/02\/14\/jogadores-da-academica-escolhem-contacto-telefonico-neto-de-cavaco-nao-hesita\/#primaryimage"},"thumbnailUrl":"https:\/\/portaltela.pt\/s.01k8rhncp4jt1\/2026\/02\/img_1200x721uu2026-02-14-12-10-24-2421527.jpg","datePublished":"2026-02-14T12:11:57+00:00","author":{"@id":"https:\/\/portaltela.pt\/#\/schema\/person\/c4278d4a6028830caff9ee44b42d32ed"},"breadcrumb":{"@id":"https:\/\/portaltela.pt\/noticias\/2026\/02\/14\/jogadores-da-academica-escolhem-contacto-telefonico-neto-de-cavaco-nao-hesita\/#breadcrumb"},"inLanguage":"pt-PT","potentialAction":[{"@type":"ReadAction","target":["https:\/\/portaltela.pt\/noticias\/2026\/02\/14\/jogadores-da-academica-escolhem-contacto-telefonico-neto-de-cavaco-nao-hesita\/"]}]},{"@type":"ImageObject","inLanguage":"pt-PT","@id":"https:\/\/portaltela.pt\/noticias\/2026\/02\/14\/jogadores-da-academica-escolhem-contacto-telefonico-neto-de-cavaco-nao-hesita\/#primaryimage","url":"https:\/\/portaltela.pt\/s.01k8rhncp4jt1\/2026\/02\/img_1200x721uu2026-02-14-12-10-24-2421527.jpg","contentUrl":"https:\/\/portaltela.pt\/s.01k8rhncp4jt1\/2026\/02\/img_1200x721uu2026-02-14-12-10-24-2421527.jpg","width":796,"height":448,"caption":"Jogadores da Acad\u00e9mica escolheram contacto telef\u00f3nico mais famoso e neto de Cavaco Silva... n\u00e3o hesitou"},{"@type":"BreadcrumbList","@id":"https:\/\/portaltela.pt\/noticias\/2026\/02\/14\/jogadores-da-academica-escolhem-contacto-telefonico-neto-de-cavaco-nao-hesita\/#breadcrumb","itemListElement":[{"@type":"ListItem","position":1,"name":"In\u00edcio","item":"https:\/\/portaltela.pt\/"},{"@type":"ListItem","position":2,"name":"Jogadores da Acad\u00e9mica escolhem contacto telef\u00f3nico; neto de Cavaco n\u00e3o hesita"}]},{"@type":"WebSite","@id":"https:\/\/portaltela.pt\/#website","url":"https:\/\/portaltela.pt\/","name":"Portal Tela Portugal","description":"","potentialAction":[{"@type":"SearchAction","target":{"@type":"EntryPoint","urlTemplate":"https:\/\/portaltela.pt\/?s={search_term_string}"},"query-input":{"@type":"PropertyValueSpecification","valueRequired":true,"valueName":"search_term_string"}}],"inLanguage":"pt-PT"},{"@type":"Person","@id":"https:\/\/portaltela.pt\/#\/schema\/person\/c4278d4a6028830caff9ee44b42d32ed","name":"Telinha","image":{"@type":"ImageObject","inLanguage":"pt-PT","@id":"https:\/\/portaltela.pt\/s.01k8rhncp4jt1\/2025\/11\/talking-bot-125x125.png","url":"https:\/\/portaltela.pt\/s.01k8rhncp4jt1\/2025\/11\/talking-bot-125x125.png","contentUrl":"https:\/\/portaltela.pt\/s.01k8rhncp4jt1\/2025\/11\/talking-bot-125x125.png","caption":"Telinha"},"sameAs":["https:\/\/portaltela.pt\/"],"url":"https:\/\/portaltela.pt\/por\/367410592786\/"}]}},"_links":{"self":[{"href":"https:\/\/portaltela.pt\/api\/wp\/v2\/posts\/212237","targetHints":{"allow":["GET"]}}],"collection":[{"href":"https:\/\/portaltela.pt\/api\/wp\/v2\/posts"}],"about":[{"href":"https:\/\/portaltela.pt\/api\/wp\/v2\/types\/post"}],"author":[{"embeddable":true,"href":"https:\/\/portaltela.pt\/api\/wp\/v2\/users\/2"}],"replies":[{"embeddable":true,"href":"https:\/\/portaltela.pt\/api\/wp\/v2\/comments?post=212237"}],"version-history":[{"count":0,"href":"https:\/\/portaltela.pt\/api\/wp\/v2\/posts\/212237\/revisions"}],"wp:featuredmedia":[{"embeddable":true,"href":"https:\/\/portaltela.pt\/api\/wp\/v2\/media\/212239"}],"wp:attachment":[{"href":"https:\/\/portaltela.pt\/api\/wp\/v2\/media?parent=212237"}],"wp:term":[{"taxonomy":"category","embeddable":true,"href":"https:\/\/portaltela.pt\/api\/wp\/v2\/categories?post=212237"},{"taxonomy":"post_tag","embeddable":true,"href":"https:\/\/portaltela.pt\/api\/wp\/v2\/tags?post=212237"}],"curies":[{"name":"wp","href":"https:\/\/api.w.org\/{rel}","templated":true}]}}