{"id":212233,"date":"2026-02-14T09:12:00","date_gmt":"2026-02-14T12:12:00","guid":{"rendered":"https:\/\/portaltela.pt\/noticias\/2026\/02\/14\/agressor-agride-namorada-e-filho-de-quatro-anos-por-motivo-futil\/"},"modified":"2026-02-14T09:12:00","modified_gmt":"2026-02-14T12:12:00","slug":"agressor-agride-namorada-e-filho-de-quatro-anos-por-motivo-futil","status":"publish","type":"post","link":"https:\/\/portaltela.pt\/noticias\/2026\/02\/14\/agressor-agride-namorada-e-filho-de-quatro-anos-por-motivo-futil\/","title":{"rendered":"Agressor agride namorada e filho de quatro anos por motivo f\u00fatil"},"content":{"rendered":"<p>Um homem de 39 anos foi colocado em pris\u00e3o preventiva ap\u00f3s uma deten\u00e7\u00e3o na Parede, Cascais, por viol\u00eancia dom\u00e9stica contra a namorada de 30 anos e o filho dela, de quatro anos.<\/p>\n<p>Segundo a PSP, o crime ocorreu a 8 de fevereiro, ap\u00f3s uma discuss\u00e3o motivada por um motivo f\u00fatil. A rela\u00e7\u00e3o de namoro ter\u00e1 come\u00e7ado no in\u00edcio de 2025.<\/p>\n<p>A interven\u00e7\u00e3o aconteceu fora de flagrante, com um mandado de deten\u00e7\u00e3o, interceptando o suspeito junto a uma loja na via p\u00fablica. Ele injuriou a v\u00edtima e acusou-a de trai\u00e7\u00f5es.<\/p>\n<p>De acordo com o comunicado policial, o homem desferiu chapadas, tentou retirar o telem\u00f3vel e empurrou a v\u00edtima, provocando desequil\u00edbrio que fez o filho embater a cabe\u00e7a numa estrutura. Ambas as v\u00edtimas ficaram com ferimentos vis\u00edveis.<\/p>\n<p>O processo culminou na emiss\u00e3o de mandados de deten\u00e7\u00e3o cumpidos a 11 de fevereiro. O homem foi ouvido pela autoridade judici\u00e1ria e permanece em pris\u00e3o preventiva.<\/p>\n","protected":false},"excerpt":{"rendered":"<ul>\n<li>Um homem de 39 anos ficou em pris\u00e3o preventiva ap\u00f3s deten\u00e7\u00e3o na Parede, Cascais (Lisboa), pela pr\u00e1tica de viol\u00eancia dom\u00e9stica contra a namorada, de 30 anos, e contra o filho de quatro anos.<\/li>\n<li>O crime ocorreu a 8 de fevereiro, ap\u00f3s uma discuss\u00e3o por um \u201cmotivo f\u00fatil\u201d; o casal mant\u00e9m rela\u00e7\u00e3o desde o in\u00edcio de 2025.<\/li>\n<li>Segundo a PSP, o suspeito insultou e acusou a v\u00edtima de trai\u00e7\u00e3o, dirigindo-se a ela na via p\u00fablica junto a uma loja.<\/li>\n<li>Ele desferiu-lhe chapadas, tentou tirar o telem\u00f3vel e empurrou-a, causando que a mulher se desequilibrasse e o filho, que estava ao colo, atingisse a cabe\u00e7a numa porta; ambos ficaram com ferimentos vis\u00edveis.<\/li>\n<li>Os mandados de deten\u00e7\u00e3o fora de flagrante delito foram cumpridos a 11 de fevereiro, com o suspeito a permanecer em pris\u00e3o preventiva.<\/li>\n<\/ul>\n","protected":false},"author":2,"featured_media":212236,"comment_status":"closed","ping_status":"closed","sticky":false,"template":"","format":"standard","meta":{"footnotes":""},"categories":[1],"tags":[2754,2079,1111,3449,2901,214],"class_list":["post-212233","post","type-post","status-publish","format-standard","has-post-thumbnail","hentry","category-noticias","tag-agressao","tag-agressoes","tag-cascais","tag-feridos","tag-parede","tag-violencia-domestica"],"yoast_head":"<!-- This site is optimized with the Yoast SEO plugin v27.2 - https:\/\/yoast.com\/product\/yoast-seo-wordpress\/ -->\n<title>Agressor agride namorada e filho de quatro anos por motivo f\u00fatil - Portal Tela Portugal<\/title>\n<meta name=\"robots\" content=\"index, follow, max-snippet:-1, max-image-preview:large, max-video-preview:-1\" \/>\n<meta property=\"og:locale\" content=\"pt_PT\" \/>\n<meta property=\"og:type\" content=\"article\" \/>\n<meta property=\"og:title\" content=\"Agressor agride namorada e filho de quatro anos por motivo f\u00fatil - Portal Tela Portugal\" \/>\n<meta property=\"og:description\" content=\"Um homem de 39 anos ficou em pris\u00e3o preventiva ap\u00f3s deten\u00e7\u00e3o na Parede, Cascais (Lisboa), pela pr\u00e1tica de viol\u00eancia dom\u00e9stica contra a namorada, de 30 anos, e contra o filho de quatro anos. O crime ocorreu a 8 de fevereiro, ap\u00f3s uma discuss\u00e3o por um \u201cmotivo f\u00fatil\u201d; o casal mant\u00e9m rela\u00e7\u00e3o desde o in\u00edcio de 2025. Segundo a PSP, o suspeito insultou e acusou a v\u00edtima de trai\u00e7\u00e3o, dirigindo-se a ela na via p\u00fablica junto a uma loja. Ele desferiu-lhe chapadas, tentou tirar o telem\u00f3vel e empurrou-a, causando que a mulher se desequilibrasse e o filho, que estava ao colo, atingisse a cabe\u00e7a numa porta; ambos ficaram com ferimentos vis\u00edveis. Os mandados de deten\u00e7\u00e3o fora de flagrante delito foram cumpridos a 11 de fevereiro, com o suspeito a permanecer em pris\u00e3o preventiva.\" \/>\n<meta property=\"og:url\" content=\"https:\/\/portaltela.pt\/noticias\/2026\/02\/14\/agressor-agride-namorada-e-filho-de-quatro-anos-por-motivo-futil\/\" \/>\n<meta property=\"og:site_name\" content=\"Portal Tela Portugal\" \/>\n<meta property=\"article:published_time\" content=\"2026-02-14T12:12:00+00:00\" \/>\n<meta name=\"author\" content=\"Telinha\" \/>\n<meta name=\"twitter:card\" content=\"summary_large_image\" \/>\n<meta name=\"twitter:label1\" content=\"Escrito por\" \/>\n\t<meta name=\"twitter:data1\" content=\"Telinha\" \/>\n\t<meta name=\"twitter:label2\" content=\"Tempo estimado de leitura\" \/>\n\t<meta name=\"twitter:data2\" content=\"1 minuto\" \/>\n<script type=\"application\/ld+json\" class=\"yoast-schema-graph\">{\"@context\":\"https:\/\/schema.org\",\"@graph\":[{\"@type\":\"Article\",\"@id\":\"https:\/\/portaltela.pt\/noticias\/2026\/02\/14\/agressor-agride-namorada-e-filho-de-quatro-anos-por-motivo-futil\/#article\",\"isPartOf\":{\"@id\":\"https:\/\/portaltela.pt\/noticias\/2026\/02\/14\/agressor-agride-namorada-e-filho-de-quatro-anos-por-motivo-futil\/\"},\"author\":{\"name\":\"Telinha\",\"@id\":\"https:\/\/portaltela.pt\/#\/schema\/person\/c4278d4a6028830caff9ee44b42d32ed\"},\"headline\":\"Agressor agride namorada e filho de quatro anos por motivo f\u00fatil\",\"datePublished\":\"2026-02-14T12:12:00+00:00\",\"mainEntityOfPage\":{\"@id\":\"https:\/\/portaltela.pt\/noticias\/2026\/02\/14\/agressor-agride-namorada-e-filho-de-quatro-anos-por-motivo-futil\/\"},\"wordCount\":184,\"image\":{\"@id\":\"https:\/\/portaltela.pt\/noticias\/2026\/02\/14\/agressor-agride-namorada-e-filho-de-quatro-anos-por-motivo-futil\/#primaryimage\"},\"thumbnailUrl\":\"https:\/\/portaltela.pt\/s.01k8rhncp4jt1\/2026\/02\/image-1107.jpg\",\"keywords\":[\"agress\u00e3o\",\"agress\u00f5es\",\"Cascais\",\"feridos\",\"Parede\",\"viol\u00eancia dom\u00e9stica\"],\"articleSection\":[\"Not\u00edcias\"],\"inLanguage\":\"pt-PT\"},{\"@type\":\"WebPage\",\"@id\":\"https:\/\/portaltela.pt\/noticias\/2026\/02\/14\/agressor-agride-namorada-e-filho-de-quatro-anos-por-motivo-futil\/\",\"url\":\"https:\/\/portaltela.pt\/noticias\/2026\/02\/14\/agressor-agride-namorada-e-filho-de-quatro-anos-por-motivo-futil\/\",\"name\":\"Agressor agride namorada e filho de quatro anos por motivo f\u00fatil - Portal Tela Portugal\",\"isPartOf\":{\"@id\":\"https:\/\/portaltela.pt\/#website\"},\"primaryImageOfPage\":{\"@id\":\"https:\/\/portaltela.pt\/noticias\/2026\/02\/14\/agressor-agride-namorada-e-filho-de-quatro-anos-por-motivo-futil\/#primaryimage\"},\"image\":{\"@id\":\"https:\/\/portaltela.pt\/noticias\/2026\/02\/14\/agressor-agride-namorada-e-filho-de-quatro-anos-por-motivo-futil\/#primaryimage\"},\"thumbnailUrl\":\"https:\/\/portaltela.pt\/s.01k8rhncp4jt1\/2026\/02\/image-1107.jpg\",\"datePublished\":\"2026-02-14T12:12:00+00:00\",\"author\":{\"@id\":\"https:\/\/portaltela.pt\/#\/schema\/person\/c4278d4a6028830caff9ee44b42d32ed\"},\"breadcrumb\":{\"@id\":\"https:\/\/portaltela.pt\/noticias\/2026\/02\/14\/agressor-agride-namorada-e-filho-de-quatro-anos-por-motivo-futil\/#breadcrumb\"},\"inLanguage\":\"pt-PT\",\"potentialAction\":[{\"@type\":\"ReadAction\",\"target\":[\"https:\/\/portaltela.pt\/noticias\/2026\/02\/14\/agressor-agride-namorada-e-filho-de-quatro-anos-por-motivo-futil\/\"]}]},{\"@type\":\"ImageObject\",\"inLanguage\":\"pt-PT\",\"@id\":\"https:\/\/portaltela.pt\/noticias\/2026\/02\/14\/agressor-agride-namorada-e-filho-de-quatro-anos-por-motivo-futil\/#primaryimage\",\"url\":\"https:\/\/portaltela.pt\/s.01k8rhncp4jt1\/2026\/02\/image-1107.jpg\",\"contentUrl\":\"https:\/\/portaltela.pt\/s.01k8rhncp4jt1\/2026\/02\/image-1107.jpg\",\"width\":796,\"height\":448,\"caption\":\"Homem agrediu a namorada com chapadas na via p\u00fablica\"},{\"@type\":\"BreadcrumbList\",\"@id\":\"https:\/\/portaltela.pt\/noticias\/2026\/02\/14\/agressor-agride-namorada-e-filho-de-quatro-anos-por-motivo-futil\/#breadcrumb\",\"itemListElement\":[{\"@type\":\"ListItem\",\"position\":1,\"name\":\"In\u00edcio\",\"item\":\"https:\/\/portaltela.pt\/\"},{\"@type\":\"ListItem\",\"position\":2,\"name\":\"Agressor agride namorada e filho de quatro anos por motivo f\u00fatil\"}]},{\"@type\":\"WebSite\",\"@id\":\"https:\/\/portaltela.pt\/#website\",\"url\":\"https:\/\/portaltela.pt\/\",\"name\":\"Portal Tela Portugal\",\"description\":\"\",\"potentialAction\":[{\"@type\":\"SearchAction\",\"target\":{\"@type\":\"EntryPoint\",\"urlTemplate\":\"https:\/\/portaltela.pt\/?s={search_term_string}\"},\"query-input\":{\"@type\":\"PropertyValueSpecification\",\"valueRequired\":true,\"valueName\":\"search_term_string\"}}],\"inLanguage\":\"pt-PT\"},{\"@type\":\"Person\",\"@id\":\"https:\/\/portaltela.pt\/#\/schema\/person\/c4278d4a6028830caff9ee44b42d32ed\",\"name\":\"Telinha\",\"image\":{\"@type\":\"ImageObject\",\"inLanguage\":\"pt-PT\",\"@id\":\"https:\/\/portaltela.pt\/s.01k8rhncp4jt1\/2025\/11\/talking-bot-125x125.png\",\"url\":\"https:\/\/portaltela.pt\/s.01k8rhncp4jt1\/2025\/11\/talking-bot-125x125.png\",\"contentUrl\":\"https:\/\/portaltela.pt\/s.01k8rhncp4jt1\/2025\/11\/talking-bot-125x125.png\",\"caption\":\"Telinha\"},\"sameAs\":[\"https:\/\/portaltela.pt\/\"],\"url\":\"https:\/\/portaltela.pt\/por\/367410592786\/\"}]}<\/script>\n<!-- \/ Yoast SEO plugin. -->","yoast_head_json":{"title":"Agressor agride namorada e filho de quatro anos por motivo f\u00fatil - Portal Tela Portugal","robots":{"index":"index","follow":"follow","max-snippet":"max-snippet:-1","max-image-preview":"max-image-preview:large","max-video-preview":"max-video-preview:-1"},"og_locale":"pt_PT","og_type":"article","og_title":"Agressor agride namorada e filho de quatro anos por motivo f\u00fatil - Portal Tela Portugal","og_description":"Um homem de 39 anos ficou em pris\u00e3o preventiva ap\u00f3s deten\u00e7\u00e3o na Parede, Cascais (Lisboa), pela pr\u00e1tica de viol\u00eancia dom\u00e9stica contra a namorada, de 30 anos, e contra o filho de quatro anos. O crime ocorreu a 8 de fevereiro, ap\u00f3s uma discuss\u00e3o por um \u201cmotivo f\u00fatil\u201d; o casal mant\u00e9m rela\u00e7\u00e3o desde o in\u00edcio de 2025. Segundo a PSP, o suspeito insultou e acusou a v\u00edtima de trai\u00e7\u00e3o, dirigindo-se a ela na via p\u00fablica junto a uma loja. Ele desferiu-lhe chapadas, tentou tirar o telem\u00f3vel e empurrou-a, causando que a mulher se desequilibrasse e o filho, que estava ao colo, atingisse a cabe\u00e7a numa porta; ambos ficaram com ferimentos vis\u00edveis. Os mandados de deten\u00e7\u00e3o fora de flagrante delito foram cumpridos a 11 de fevereiro, com o suspeito a permanecer em pris\u00e3o preventiva.","og_url":"https:\/\/portaltela.pt\/noticias\/2026\/02\/14\/agressor-agride-namorada-e-filho-de-quatro-anos-por-motivo-futil\/","og_site_name":"Portal Tela Portugal","article_published_time":"2026-02-14T12:12:00+00:00","author":"Telinha","twitter_card":"summary_large_image","twitter_misc":{"Escrito por":"Telinha","Tempo estimado de leitura":"1 minuto"},"schema":{"@context":"https:\/\/schema.org","@graph":[{"@type":"Article","@id":"https:\/\/portaltela.pt\/noticias\/2026\/02\/14\/agressor-agride-namorada-e-filho-de-quatro-anos-por-motivo-futil\/#article","isPartOf":{"@id":"https:\/\/portaltela.pt\/noticias\/2026\/02\/14\/agressor-agride-namorada-e-filho-de-quatro-anos-por-motivo-futil\/"},"author":{"name":"Telinha","@id":"https:\/\/portaltela.pt\/#\/schema\/person\/c4278d4a6028830caff9ee44b42d32ed"},"headline":"Agressor agride namorada e filho de quatro anos por motivo f\u00fatil","datePublished":"2026-02-14T12:12:00+00:00","mainEntityOfPage":{"@id":"https:\/\/portaltela.pt\/noticias\/2026\/02\/14\/agressor-agride-namorada-e-filho-de-quatro-anos-por-motivo-futil\/"},"wordCount":184,"image":{"@id":"https:\/\/portaltela.pt\/noticias\/2026\/02\/14\/agressor-agride-namorada-e-filho-de-quatro-anos-por-motivo-futil\/#primaryimage"},"thumbnailUrl":"https:\/\/portaltela.pt\/s.01k8rhncp4jt1\/2026\/02\/image-1107.jpg","keywords":["agress\u00e3o","agress\u00f5es","Cascais","feridos","Parede","viol\u00eancia dom\u00e9stica"],"articleSection":["Not\u00edcias"],"inLanguage":"pt-PT"},{"@type":"WebPage","@id":"https:\/\/portaltela.pt\/noticias\/2026\/02\/14\/agressor-agride-namorada-e-filho-de-quatro-anos-por-motivo-futil\/","url":"https:\/\/portaltela.pt\/noticias\/2026\/02\/14\/agressor-agride-namorada-e-filho-de-quatro-anos-por-motivo-futil\/","name":"Agressor agride namorada e filho de quatro anos por motivo f\u00fatil - Portal Tela Portugal","isPartOf":{"@id":"https:\/\/portaltela.pt\/#website"},"primaryImageOfPage":{"@id":"https:\/\/portaltela.pt\/noticias\/2026\/02\/14\/agressor-agride-namorada-e-filho-de-quatro-anos-por-motivo-futil\/#primaryimage"},"image":{"@id":"https:\/\/portaltela.pt\/noticias\/2026\/02\/14\/agressor-agride-namorada-e-filho-de-quatro-anos-por-motivo-futil\/#primaryimage"},"thumbnailUrl":"https:\/\/portaltela.pt\/s.01k8rhncp4jt1\/2026\/02\/image-1107.jpg","datePublished":"2026-02-14T12:12:00+00:00","author":{"@id":"https:\/\/portaltela.pt\/#\/schema\/person\/c4278d4a6028830caff9ee44b42d32ed"},"breadcrumb":{"@id":"https:\/\/portaltela.pt\/noticias\/2026\/02\/14\/agressor-agride-namorada-e-filho-de-quatro-anos-por-motivo-futil\/#breadcrumb"},"inLanguage":"pt-PT","potentialAction":[{"@type":"ReadAction","target":["https:\/\/portaltela.pt\/noticias\/2026\/02\/14\/agressor-agride-namorada-e-filho-de-quatro-anos-por-motivo-futil\/"]}]},{"@type":"ImageObject","inLanguage":"pt-PT","@id":"https:\/\/portaltela.pt\/noticias\/2026\/02\/14\/agressor-agride-namorada-e-filho-de-quatro-anos-por-motivo-futil\/#primaryimage","url":"https:\/\/portaltela.pt\/s.01k8rhncp4jt1\/2026\/02\/image-1107.jpg","contentUrl":"https:\/\/portaltela.pt\/s.01k8rhncp4jt1\/2026\/02\/image-1107.jpg","width":796,"height":448,"caption":"Homem agrediu a namorada com chapadas na via p\u00fablica"},{"@type":"BreadcrumbList","@id":"https:\/\/portaltela.pt\/noticias\/2026\/02\/14\/agressor-agride-namorada-e-filho-de-quatro-anos-por-motivo-futil\/#breadcrumb","itemListElement":[{"@type":"ListItem","position":1,"name":"In\u00edcio","item":"https:\/\/portaltela.pt\/"},{"@type":"ListItem","position":2,"name":"Agressor agride namorada e filho de quatro anos por motivo f\u00fatil"}]},{"@type":"WebSite","@id":"https:\/\/portaltela.pt\/#website","url":"https:\/\/portaltela.pt\/","name":"Portal Tela Portugal","description":"","potentialAction":[{"@type":"SearchAction","target":{"@type":"EntryPoint","urlTemplate":"https:\/\/portaltela.pt\/?s={search_term_string}"},"query-input":{"@type":"PropertyValueSpecification","valueRequired":true,"valueName":"search_term_string"}}],"inLanguage":"pt-PT"},{"@type":"Person","@id":"https:\/\/portaltela.pt\/#\/schema\/person\/c4278d4a6028830caff9ee44b42d32ed","name":"Telinha","image":{"@type":"ImageObject","inLanguage":"pt-PT","@id":"https:\/\/portaltela.pt\/s.01k8rhncp4jt1\/2025\/11\/talking-bot-125x125.png","url":"https:\/\/portaltela.pt\/s.01k8rhncp4jt1\/2025\/11\/talking-bot-125x125.png","contentUrl":"https:\/\/portaltela.pt\/s.01k8rhncp4jt1\/2025\/11\/talking-bot-125x125.png","caption":"Telinha"},"sameAs":["https:\/\/portaltela.pt\/"],"url":"https:\/\/portaltela.pt\/por\/367410592786\/"}]}},"_links":{"self":[{"href":"https:\/\/portaltela.pt\/api\/wp\/v2\/posts\/212233","targetHints":{"allow":["GET"]}}],"collection":[{"href":"https:\/\/portaltela.pt\/api\/wp\/v2\/posts"}],"about":[{"href":"https:\/\/portaltela.pt\/api\/wp\/v2\/types\/post"}],"author":[{"embeddable":true,"href":"https:\/\/portaltela.pt\/api\/wp\/v2\/users\/2"}],"replies":[{"embeddable":true,"href":"https:\/\/portaltela.pt\/api\/wp\/v2\/comments?post=212233"}],"version-history":[{"count":0,"href":"https:\/\/portaltela.pt\/api\/wp\/v2\/posts\/212233\/revisions"}],"wp:featuredmedia":[{"embeddable":true,"href":"https:\/\/portaltela.pt\/api\/wp\/v2\/media\/212236"}],"wp:attachment":[{"href":"https:\/\/portaltela.pt\/api\/wp\/v2\/media?parent=212233"}],"wp:term":[{"taxonomy":"category","embeddable":true,"href":"https:\/\/portaltela.pt\/api\/wp\/v2\/categories?post=212233"},{"taxonomy":"post_tag","embeddable":true,"href":"https:\/\/portaltela.pt\/api\/wp\/v2\/tags?post=212233"}],"curies":[{"name":"wp","href":"https:\/\/api.w.org\/{rel}","templated":true}]}}