{"id":212231,"date":"2026-02-14T09:11:02","date_gmt":"2026-02-14T12:11:02","guid":{"rendered":"https:\/\/portaltela.pt\/noticias\/2026\/02\/14\/psp-detem-em-lisboa-ladrao-ilegal-no-pais\/"},"modified":"2026-02-14T09:11:02","modified_gmt":"2026-02-14T12:11:02","slug":"psp-detem-em-lisboa-ladrao-ilegal-no-pais","status":"publish","type":"post","link":"https:\/\/portaltela.pt\/noticias\/2026\/02\/14\/psp-detem-em-lisboa-ladrao-ilegal-no-pais\/","title":{"rendered":"PSP det\u00e9m em Lisboa ladr\u00e3o ilegal no pa\u00eds"},"content":{"rendered":"<p>Um homem de 22 anos, estrangeiro, foi detido em flagrante pela PSP por furto num estabelecimento comercial em S\u00e3o Domingos de Benfica, Lisboa. O assaltante foi surpreendido j\u00e1 fora do local, na posse de artigos furtados, segundo a pol\u00edcia.<\/p>\n<p>Os agentes apuraram que o suspeito se encontrava ilegal no pa\u00eds, n\u00e3o possuindo resid\u00eancia fixa nem rendimentos de subsist\u00eancia. A deten\u00e7\u00e3o ocorreu por volta das 16h00 de ter\u00e7a-feira.<\/p>\n<p>O caso foi comunicado ao tribunal, que ordenou a coloca\u00e7\u00e3o do jovem num Centro de Instala\u00e7\u00e3o Tempor\u00e1ria, por at\u00e9 60 dias, com vista \u00e0 sua expuls\u00e3o do pa\u00eds.<\/p>\n<h3>Processo e medidas<\/h3>\n<p>A PSP informou que o processo de deporta\u00e7\u00e3o j\u00e1 foi iniciado, mantendo o suspeito sob vigil\u00e2ncia at\u00e9 \u00e0 decis\u00e3o final. N\u00e3o foram avan\u00e7adas mais informa\u00e7\u00f5es sobre eventuais antecedentes ou identidade completa do suspeito.<\/p>\n","protected":false},"excerpt":{"rendered":"<ul>\n<li>A PSP deteve em flagrante, pelas 16h00 de ter\u00e7a-feira, um homem de 22 anos, estrangeiro, por furto num estabelecimento comercial em S\u00e3o Domingos de Benfica, Lisboa.<\/li>\n<li>O suspeito foi apanhado j\u00e1 fora do estabelecimento, na posse de diversos artigos furtados.<\/li>\n<li>A PSP verificou que o indiv\u00edduo est\u00e1 ilegal no pa\u00eds, sem resid\u00eancia fixa nem rendimento de subsist\u00eancia.<\/li>\n<li>O caso foi comunicado ao tribunal, que determinou a coloca\u00e7\u00e3o do jovem num Centro de Instala\u00e7\u00e3o Tempor\u00e1ria por at\u00e9 60 dias.<\/li>\n<li>O objetivo \u00e9 a posterior expuls\u00e3o do pa\u00eds.<\/li>\n<\/ul>\n","protected":false},"author":2,"featured_media":212232,"comment_status":"closed","ping_status":"closed","sticky":false,"template":"","format":"standard","meta":{"footnotes":""},"categories":[1],"tags":[2179,4081,2365,424,981,3418],"class_list":["post-212231","post","type-post","status-publish","format-standard","has-post-thumbnail","hentry","category-noticias","tag-centros-de-instalacao-temporaria","tag-deportacoes","tag-estrangeiros","tag-furto","tag-lisboa","tag-policia-de-seguranca-publica"],"yoast_head":"<!-- This site is optimized with the Yoast SEO plugin v27.2 - https:\/\/yoast.com\/product\/yoast-seo-wordpress\/ -->\n<title>PSP det\u00e9m em Lisboa ladr\u00e3o ilegal no pa\u00eds - Portal Tela Portugal<\/title>\n<meta name=\"robots\" content=\"index, follow, max-snippet:-1, max-image-preview:large, max-video-preview:-1\" \/>\n<meta property=\"og:locale\" content=\"pt_PT\" \/>\n<meta property=\"og:type\" content=\"article\" \/>\n<meta property=\"og:title\" content=\"PSP det\u00e9m em Lisboa ladr\u00e3o ilegal no pa\u00eds - Portal Tela Portugal\" \/>\n<meta property=\"og:description\" content=\"A PSP deteve em flagrante, pelas 16h00 de ter\u00e7a-feira, um homem de 22 anos, estrangeiro, por furto num estabelecimento comercial em S\u00e3o Domingos de Benfica, Lisboa. O suspeito foi apanhado j\u00e1 fora do estabelecimento, na posse de diversos artigos furtados. A PSP verificou que o indiv\u00edduo est\u00e1 ilegal no pa\u00eds, sem resid\u00eancia fixa nem rendimento de subsist\u00eancia. O caso foi comunicado ao tribunal, que determinou a coloca\u00e7\u00e3o do jovem num Centro de Instala\u00e7\u00e3o Tempor\u00e1ria por at\u00e9 60 dias. O objetivo \u00e9 a posterior expuls\u00e3o do pa\u00eds.\" \/>\n<meta property=\"og:url\" content=\"https:\/\/portaltela.pt\/noticias\/2026\/02\/14\/psp-detem-em-lisboa-ladrao-ilegal-no-pais\/\" \/>\n<meta property=\"og:site_name\" content=\"Portal Tela Portugal\" \/>\n<meta property=\"article:published_time\" content=\"2026-02-14T12:11:02+00:00\" \/>\n<meta name=\"author\" content=\"Telinha\" \/>\n<meta name=\"twitter:card\" content=\"summary_large_image\" \/>\n<meta name=\"twitter:label1\" content=\"Escrito por\" \/>\n\t<meta name=\"twitter:data1\" content=\"Telinha\" \/>\n\t<meta name=\"twitter:label2\" content=\"Tempo estimado de leitura\" \/>\n\t<meta name=\"twitter:data2\" content=\"1 minuto\" \/>\n<script type=\"application\/ld+json\" class=\"yoast-schema-graph\">{\"@context\":\"https:\/\/schema.org\",\"@graph\":[{\"@type\":\"Article\",\"@id\":\"https:\/\/portaltela.pt\/noticias\/2026\/02\/14\/psp-detem-em-lisboa-ladrao-ilegal-no-pais\/#article\",\"isPartOf\":{\"@id\":\"https:\/\/portaltela.pt\/noticias\/2026\/02\/14\/psp-detem-em-lisboa-ladrao-ilegal-no-pais\/\"},\"author\":{\"name\":\"Telinha\",\"@id\":\"https:\/\/portaltela.pt\/#\/schema\/person\/c4278d4a6028830caff9ee44b42d32ed\"},\"headline\":\"PSP det\u00e9m em Lisboa ladr\u00e3o ilegal no pa\u00eds\",\"datePublished\":\"2026-02-14T12:11:02+00:00\",\"mainEntityOfPage\":{\"@id\":\"https:\/\/portaltela.pt\/noticias\/2026\/02\/14\/psp-detem-em-lisboa-ladrao-ilegal-no-pais\/\"},\"wordCount\":157,\"image\":{\"@id\":\"https:\/\/portaltela.pt\/noticias\/2026\/02\/14\/psp-detem-em-lisboa-ladrao-ilegal-no-pais\/#primaryimage\"},\"thumbnailUrl\":\"https:\/\/portaltela.pt\/s.01k8rhncp4jt1\/2026\/02\/img_1500x1000uu2025-08-10-11-42-41-2228295.jpg\",\"keywords\":[\"Centros de Instala\u00e7\u00e3o Tempor\u00e1ria\",\"deporta\u00e7\u00f5es\",\"estrangeiros\",\"furto\",\"Lisboa\",\"Pol\u00edcia de Seguran\u00e7a P\u00fablica\"],\"articleSection\":[\"Not\u00edcias\"],\"inLanguage\":\"pt-PT\"},{\"@type\":\"WebPage\",\"@id\":\"https:\/\/portaltela.pt\/noticias\/2026\/02\/14\/psp-detem-em-lisboa-ladrao-ilegal-no-pais\/\",\"url\":\"https:\/\/portaltela.pt\/noticias\/2026\/02\/14\/psp-detem-em-lisboa-ladrao-ilegal-no-pais\/\",\"name\":\"PSP det\u00e9m em Lisboa ladr\u00e3o ilegal no pa\u00eds - Portal Tela Portugal\",\"isPartOf\":{\"@id\":\"https:\/\/portaltela.pt\/#website\"},\"primaryImageOfPage\":{\"@id\":\"https:\/\/portaltela.pt\/noticias\/2026\/02\/14\/psp-detem-em-lisboa-ladrao-ilegal-no-pais\/#primaryimage\"},\"image\":{\"@id\":\"https:\/\/portaltela.pt\/noticias\/2026\/02\/14\/psp-detem-em-lisboa-ladrao-ilegal-no-pais\/#primaryimage\"},\"thumbnailUrl\":\"https:\/\/portaltela.pt\/s.01k8rhncp4jt1\/2026\/02\/img_1500x1000uu2025-08-10-11-42-41-2228295.jpg\",\"datePublished\":\"2026-02-14T12:11:02+00:00\",\"author\":{\"@id\":\"https:\/\/portaltela.pt\/#\/schema\/person\/c4278d4a6028830caff9ee44b42d32ed\"},\"breadcrumb\":{\"@id\":\"https:\/\/portaltela.pt\/noticias\/2026\/02\/14\/psp-detem-em-lisboa-ladrao-ilegal-no-pais\/#breadcrumb\"},\"inLanguage\":\"pt-PT\",\"potentialAction\":[{\"@type\":\"ReadAction\",\"target\":[\"https:\/\/portaltela.pt\/noticias\/2026\/02\/14\/psp-detem-em-lisboa-ladrao-ilegal-no-pais\/\"]}]},{\"@type\":\"ImageObject\",\"inLanguage\":\"pt-PT\",\"@id\":\"https:\/\/portaltela.pt\/noticias\/2026\/02\/14\/psp-detem-em-lisboa-ladrao-ilegal-no-pais\/#primaryimage\",\"url\":\"https:\/\/portaltela.pt\/s.01k8rhncp4jt1\/2026\/02\/img_1500x1000uu2025-08-10-11-42-41-2228295.jpg\",\"contentUrl\":\"https:\/\/portaltela.pt\/s.01k8rhncp4jt1\/2026\/02\/img_1500x1000uu2025-08-10-11-42-41-2228295.jpg\",\"width\":796,\"height\":448,\"caption\":\"PSP apanhou o suspeito j\u00e1 no exterior do estabelecimento comercial\"},{\"@type\":\"BreadcrumbList\",\"@id\":\"https:\/\/portaltela.pt\/noticias\/2026\/02\/14\/psp-detem-em-lisboa-ladrao-ilegal-no-pais\/#breadcrumb\",\"itemListElement\":[{\"@type\":\"ListItem\",\"position\":1,\"name\":\"In\u00edcio\",\"item\":\"https:\/\/portaltela.pt\/\"},{\"@type\":\"ListItem\",\"position\":2,\"name\":\"PSP det\u00e9m em Lisboa ladr\u00e3o ilegal no pa\u00eds\"}]},{\"@type\":\"WebSite\",\"@id\":\"https:\/\/portaltela.pt\/#website\",\"url\":\"https:\/\/portaltela.pt\/\",\"name\":\"Portal Tela Portugal\",\"description\":\"\",\"potentialAction\":[{\"@type\":\"SearchAction\",\"target\":{\"@type\":\"EntryPoint\",\"urlTemplate\":\"https:\/\/portaltela.pt\/?s={search_term_string}\"},\"query-input\":{\"@type\":\"PropertyValueSpecification\",\"valueRequired\":true,\"valueName\":\"search_term_string\"}}],\"inLanguage\":\"pt-PT\"},{\"@type\":\"Person\",\"@id\":\"https:\/\/portaltela.pt\/#\/schema\/person\/c4278d4a6028830caff9ee44b42d32ed\",\"name\":\"Telinha\",\"image\":{\"@type\":\"ImageObject\",\"inLanguage\":\"pt-PT\",\"@id\":\"https:\/\/portaltela.pt\/s.01k8rhncp4jt1\/2025\/11\/talking-bot-125x125.png\",\"url\":\"https:\/\/portaltela.pt\/s.01k8rhncp4jt1\/2025\/11\/talking-bot-125x125.png\",\"contentUrl\":\"https:\/\/portaltela.pt\/s.01k8rhncp4jt1\/2025\/11\/talking-bot-125x125.png\",\"caption\":\"Telinha\"},\"sameAs\":[\"https:\/\/portaltela.pt\/\"],\"url\":\"https:\/\/portaltela.pt\/por\/367410592786\/\"}]}<\/script>\n<!-- \/ Yoast SEO plugin. -->","yoast_head_json":{"title":"PSP det\u00e9m em Lisboa ladr\u00e3o ilegal no pa\u00eds - Portal Tela Portugal","robots":{"index":"index","follow":"follow","max-snippet":"max-snippet:-1","max-image-preview":"max-image-preview:large","max-video-preview":"max-video-preview:-1"},"og_locale":"pt_PT","og_type":"article","og_title":"PSP det\u00e9m em Lisboa ladr\u00e3o ilegal no pa\u00eds - Portal Tela Portugal","og_description":"A PSP deteve em flagrante, pelas 16h00 de ter\u00e7a-feira, um homem de 22 anos, estrangeiro, por furto num estabelecimento comercial em S\u00e3o Domingos de Benfica, Lisboa. O suspeito foi apanhado j\u00e1 fora do estabelecimento, na posse de diversos artigos furtados. A PSP verificou que o indiv\u00edduo est\u00e1 ilegal no pa\u00eds, sem resid\u00eancia fixa nem rendimento de subsist\u00eancia. O caso foi comunicado ao tribunal, que determinou a coloca\u00e7\u00e3o do jovem num Centro de Instala\u00e7\u00e3o Tempor\u00e1ria por at\u00e9 60 dias. O objetivo \u00e9 a posterior expuls\u00e3o do pa\u00eds.","og_url":"https:\/\/portaltela.pt\/noticias\/2026\/02\/14\/psp-detem-em-lisboa-ladrao-ilegal-no-pais\/","og_site_name":"Portal Tela Portugal","article_published_time":"2026-02-14T12:11:02+00:00","author":"Telinha","twitter_card":"summary_large_image","twitter_misc":{"Escrito por":"Telinha","Tempo estimado de leitura":"1 minuto"},"schema":{"@context":"https:\/\/schema.org","@graph":[{"@type":"Article","@id":"https:\/\/portaltela.pt\/noticias\/2026\/02\/14\/psp-detem-em-lisboa-ladrao-ilegal-no-pais\/#article","isPartOf":{"@id":"https:\/\/portaltela.pt\/noticias\/2026\/02\/14\/psp-detem-em-lisboa-ladrao-ilegal-no-pais\/"},"author":{"name":"Telinha","@id":"https:\/\/portaltela.pt\/#\/schema\/person\/c4278d4a6028830caff9ee44b42d32ed"},"headline":"PSP det\u00e9m em Lisboa ladr\u00e3o ilegal no pa\u00eds","datePublished":"2026-02-14T12:11:02+00:00","mainEntityOfPage":{"@id":"https:\/\/portaltela.pt\/noticias\/2026\/02\/14\/psp-detem-em-lisboa-ladrao-ilegal-no-pais\/"},"wordCount":157,"image":{"@id":"https:\/\/portaltela.pt\/noticias\/2026\/02\/14\/psp-detem-em-lisboa-ladrao-ilegal-no-pais\/#primaryimage"},"thumbnailUrl":"https:\/\/portaltela.pt\/s.01k8rhncp4jt1\/2026\/02\/img_1500x1000uu2025-08-10-11-42-41-2228295.jpg","keywords":["Centros de Instala\u00e7\u00e3o Tempor\u00e1ria","deporta\u00e7\u00f5es","estrangeiros","furto","Lisboa","Pol\u00edcia de Seguran\u00e7a P\u00fablica"],"articleSection":["Not\u00edcias"],"inLanguage":"pt-PT"},{"@type":"WebPage","@id":"https:\/\/portaltela.pt\/noticias\/2026\/02\/14\/psp-detem-em-lisboa-ladrao-ilegal-no-pais\/","url":"https:\/\/portaltela.pt\/noticias\/2026\/02\/14\/psp-detem-em-lisboa-ladrao-ilegal-no-pais\/","name":"PSP det\u00e9m em Lisboa ladr\u00e3o ilegal no pa\u00eds - Portal Tela Portugal","isPartOf":{"@id":"https:\/\/portaltela.pt\/#website"},"primaryImageOfPage":{"@id":"https:\/\/portaltela.pt\/noticias\/2026\/02\/14\/psp-detem-em-lisboa-ladrao-ilegal-no-pais\/#primaryimage"},"image":{"@id":"https:\/\/portaltela.pt\/noticias\/2026\/02\/14\/psp-detem-em-lisboa-ladrao-ilegal-no-pais\/#primaryimage"},"thumbnailUrl":"https:\/\/portaltela.pt\/s.01k8rhncp4jt1\/2026\/02\/img_1500x1000uu2025-08-10-11-42-41-2228295.jpg","datePublished":"2026-02-14T12:11:02+00:00","author":{"@id":"https:\/\/portaltela.pt\/#\/schema\/person\/c4278d4a6028830caff9ee44b42d32ed"},"breadcrumb":{"@id":"https:\/\/portaltela.pt\/noticias\/2026\/02\/14\/psp-detem-em-lisboa-ladrao-ilegal-no-pais\/#breadcrumb"},"inLanguage":"pt-PT","potentialAction":[{"@type":"ReadAction","target":["https:\/\/portaltela.pt\/noticias\/2026\/02\/14\/psp-detem-em-lisboa-ladrao-ilegal-no-pais\/"]}]},{"@type":"ImageObject","inLanguage":"pt-PT","@id":"https:\/\/portaltela.pt\/noticias\/2026\/02\/14\/psp-detem-em-lisboa-ladrao-ilegal-no-pais\/#primaryimage","url":"https:\/\/portaltela.pt\/s.01k8rhncp4jt1\/2026\/02\/img_1500x1000uu2025-08-10-11-42-41-2228295.jpg","contentUrl":"https:\/\/portaltela.pt\/s.01k8rhncp4jt1\/2026\/02\/img_1500x1000uu2025-08-10-11-42-41-2228295.jpg","width":796,"height":448,"caption":"PSP apanhou o suspeito j\u00e1 no exterior do estabelecimento comercial"},{"@type":"BreadcrumbList","@id":"https:\/\/portaltela.pt\/noticias\/2026\/02\/14\/psp-detem-em-lisboa-ladrao-ilegal-no-pais\/#breadcrumb","itemListElement":[{"@type":"ListItem","position":1,"name":"In\u00edcio","item":"https:\/\/portaltela.pt\/"},{"@type":"ListItem","position":2,"name":"PSP det\u00e9m em Lisboa ladr\u00e3o ilegal no pa\u00eds"}]},{"@type":"WebSite","@id":"https:\/\/portaltela.pt\/#website","url":"https:\/\/portaltela.pt\/","name":"Portal Tela Portugal","description":"","potentialAction":[{"@type":"SearchAction","target":{"@type":"EntryPoint","urlTemplate":"https:\/\/portaltela.pt\/?s={search_term_string}"},"query-input":{"@type":"PropertyValueSpecification","valueRequired":true,"valueName":"search_term_string"}}],"inLanguage":"pt-PT"},{"@type":"Person","@id":"https:\/\/portaltela.pt\/#\/schema\/person\/c4278d4a6028830caff9ee44b42d32ed","name":"Telinha","image":{"@type":"ImageObject","inLanguage":"pt-PT","@id":"https:\/\/portaltela.pt\/s.01k8rhncp4jt1\/2025\/11\/talking-bot-125x125.png","url":"https:\/\/portaltela.pt\/s.01k8rhncp4jt1\/2025\/11\/talking-bot-125x125.png","contentUrl":"https:\/\/portaltela.pt\/s.01k8rhncp4jt1\/2025\/11\/talking-bot-125x125.png","caption":"Telinha"},"sameAs":["https:\/\/portaltela.pt\/"],"url":"https:\/\/portaltela.pt\/por\/367410592786\/"}]}},"_links":{"self":[{"href":"https:\/\/portaltela.pt\/api\/wp\/v2\/posts\/212231","targetHints":{"allow":["GET"]}}],"collection":[{"href":"https:\/\/portaltela.pt\/api\/wp\/v2\/posts"}],"about":[{"href":"https:\/\/portaltela.pt\/api\/wp\/v2\/types\/post"}],"author":[{"embeddable":true,"href":"https:\/\/portaltela.pt\/api\/wp\/v2\/users\/2"}],"replies":[{"embeddable":true,"href":"https:\/\/portaltela.pt\/api\/wp\/v2\/comments?post=212231"}],"version-history":[{"count":0,"href":"https:\/\/portaltela.pt\/api\/wp\/v2\/posts\/212231\/revisions"}],"wp:featuredmedia":[{"embeddable":true,"href":"https:\/\/portaltela.pt\/api\/wp\/v2\/media\/212232"}],"wp:attachment":[{"href":"https:\/\/portaltela.pt\/api\/wp\/v2\/media?parent=212231"}],"wp:term":[{"taxonomy":"category","embeddable":true,"href":"https:\/\/portaltela.pt\/api\/wp\/v2\/categories?post=212231"},{"taxonomy":"post_tag","embeddable":true,"href":"https:\/\/portaltela.pt\/api\/wp\/v2\/tags?post=212231"}],"curies":[{"name":"wp","href":"https:\/\/api.w.org\/{rel}","templated":true}]}}