{"id":212226,"date":"2026-02-14T08:48:00","date_gmt":"2026-02-14T11:48:00","guid":{"rendered":"https:\/\/portaltela.pt\/noticias\/2026\/02\/14\/serzedo-mantem-o-sonho-para-voltar-a-surpreender-na-taca-a-f-porto\/"},"modified":"2026-02-14T08:48:00","modified_gmt":"2026-02-14T11:48:00","slug":"serzedo-mantem-o-sonho-para-voltar-a-surpreender-na-taca-a-f-porto","status":"publish","type":"post","link":"https:\/\/portaltela.pt\/desporto\/futebol\/2026\/02\/14\/serzedo-mantem-o-sonho-para-voltar-a-surpreender-na-taca-a-f-porto\/","title":{"rendered":"Serzedo mant\u00e9m o sonho para voltar a surpreender na Ta\u00e7a A. F. Porto"},"content":{"rendered":"<p>O Serzedo, clube da Divis\u00e3o de Honra da A. F. Porto, encara hoje os oitavos de final da Ta\u00e7a A. F. Porto, frente ao Gondomar, da Pro. A equipa j\u00e1 eliminou o Gandra nos pen\u00e1ltis e mant\u00e9m vivo o sonho de chegar mais longe na competi\u00e7\u00e3o. O torneio regressa com um plantel mais reduzido e novas ambi\u00e7\u00f5es.<\/p>\n<p>Entre os principais argumentos do Serzedo est\u00e1 o facto de quase metade do plantel ter formado no pr\u00f3prio clube, uma realidade que sustenta a identidade e a coes\u00e3o do grupo nesta fase da competi\u00e7\u00e3o. A gest\u00e3o reconhece as dificuldades financeiras comuns \u00e0s equipas de escal\u00e3o menor, mas mant\u00e9m a aposta na qualidade da forma\u00e7\u00e3o.<\/p>\n<p>O encontro com o Gondomar ocorre num contexto de resist\u00eancia frente a advers\u00e1rios com maior investimento, como afirma o presidente Jos\u00e9 Lago. Lago descreve o Serzedo como outsider, destacando que, apesar das disparidades de or\u00e7amento, os sonhos continuam a impulsionar o clube e a sua ambi\u00e7\u00e3o de surpreender nesta Ta\u00e7a.<\/p>\n<h3>Desfecho e aspira\u00e7\u00f5es<\/h3>\n<p>No presente, o Serzedo procura manter o foco na competi\u00e7\u00e3o e consolidar a sua participa\u00e7\u00e3o entre equipas da Pro. A derrota ou vit\u00f3ria deste confronto ir\u00e1 definir o caminho para os quartos de final e o refor\u00e7o da posi\u00e7\u00e3o na Ta\u00e7a A. F. Porto. O clube refor\u00e7a que cada jogo \u00e9 uma oportunidade para demonstrar qualidade, organiza\u00e7\u00e3o e esp\u00edrito competitivo.<\/p>\n","protected":false},"excerpt":{"rendered":"<ul>\n<li>O Serzedo, da Divis\u00e3o de Honra da Associa\u00e7\u00e3o de Futebol do Porto, segue nos oitavos de final da Ta\u00e7a A. F. Porto.<\/li>\n<li>O advers\u00e1rio ser\u00e1 o Gondomar, da Pro, depois de eliminar o Gandra nos pen\u00e1ltis.<\/li>\n<li>Cerca de metade do plantel passou pela forma\u00e7\u00e3o do clube.<\/li>\n<li>O Serzedo \u00e9 o \u00fanico em Honra entre as equipas com esperan\u00e7a na competi\u00e7\u00e3o.<\/li>\n<li>O presidente Jos\u00e9 Lago classifica a equipa como outsider, referindo a diferen\u00e7a de gastos entre os clubes e a ambi\u00e7\u00e3o de cumprir os sonhos.<\/li>\n<\/ul>\n","protected":false},"author":2,"featured_media":212230,"comment_status":"closed","ping_status":"closed","sticky":false,"template":"","format":"standard","meta":{"footnotes":""},"categories":[21,24],"tags":[152,5925,32,1243,3509],"class_list":["post-212226","post","type-post","status-publish","format-standard","has-post-thumbnail","hentry","category-desporto","category-futebol","tag-desporto","tag-divisao-de-honra-serie-d","tag-futebol","tag-gondomar","tag-penaltis"],"yoast_head":"<!-- This site is optimized with the Yoast SEO plugin v27.2 - https:\/\/yoast.com\/product\/yoast-seo-wordpress\/ -->\n<title>Serzedo mant\u00e9m o sonho para voltar a surpreender na Ta\u00e7a A. F. Porto - Portal Tela Portugal<\/title>\n<meta name=\"robots\" content=\"index, follow, max-snippet:-1, max-image-preview:large, max-video-preview:-1\" \/>\n<meta property=\"og:locale\" content=\"pt_PT\" \/>\n<meta property=\"og:type\" content=\"article\" \/>\n<meta property=\"og:title\" content=\"Serzedo mant\u00e9m o sonho para voltar a surpreender na Ta\u00e7a A. F. Porto - Portal Tela Portugal\" \/>\n<meta property=\"og:description\" content=\"O Serzedo, da Divis\u00e3o de Honra da Associa\u00e7\u00e3o de Futebol do Porto, segue nos oitavos de final da Ta\u00e7a A. F. Porto. O advers\u00e1rio ser\u00e1 o Gondomar, da Pro, depois de eliminar o Gandra nos pen\u00e1ltis. Cerca de metade do plantel passou pela forma\u00e7\u00e3o do clube. O Serzedo \u00e9 o \u00fanico em Honra entre as equipas com esperan\u00e7a na competi\u00e7\u00e3o. O presidente Jos\u00e9 Lago classifica a equipa como outsider, referindo a diferen\u00e7a de gastos entre os clubes e a ambi\u00e7\u00e3o de cumprir os sonhos.\" \/>\n<meta property=\"og:url\" content=\"https:\/\/portaltela.pt\/noticias\/2026\/02\/14\/serzedo-mantem-o-sonho-para-voltar-a-surpreender-na-taca-a-f-porto\/\" \/>\n<meta property=\"og:site_name\" content=\"Portal Tela Portugal\" \/>\n<meta property=\"article:published_time\" content=\"2026-02-14T11:48:00+00:00\" \/>\n<meta name=\"author\" content=\"Telinha\" \/>\n<meta name=\"twitter:card\" content=\"summary_large_image\" \/>\n<meta name=\"twitter:label1\" content=\"Escrito por\" \/>\n\t<meta name=\"twitter:data1\" content=\"Telinha\" \/>\n\t<meta name=\"twitter:label2\" content=\"Tempo estimado de leitura\" \/>\n\t<meta name=\"twitter:data2\" content=\"1 minuto\" \/>\n<script type=\"application\/ld+json\" class=\"yoast-schema-graph\">{\"@context\":\"https:\/\/schema.org\",\"@graph\":[{\"@type\":\"Article\",\"@id\":\"https:\/\/portaltela.pt\/noticias\/2026\/02\/14\/serzedo-mantem-o-sonho-para-voltar-a-surpreender-na-taca-a-f-porto\/#article\",\"isPartOf\":{\"@id\":\"https:\/\/portaltela.pt\/noticias\/2026\/02\/14\/serzedo-mantem-o-sonho-para-voltar-a-surpreender-na-taca-a-f-porto\/\"},\"author\":{\"name\":\"Telinha\",\"@id\":\"https:\/\/portaltela.pt\/#\/schema\/person\/c4278d4a6028830caff9ee44b42d32ed\"},\"headline\":\"Serzedo mant\u00e9m o sonho para voltar a surpreender na Ta\u00e7a A. F. Porto\",\"datePublished\":\"2026-02-14T11:48:00+00:00\",\"mainEntityOfPage\":{\"@id\":\"https:\/\/portaltela.pt\/noticias\/2026\/02\/14\/serzedo-mantem-o-sonho-para-voltar-a-surpreender-na-taca-a-f-porto\/\"},\"wordCount\":266,\"image\":{\"@id\":\"https:\/\/portaltela.pt\/noticias\/2026\/02\/14\/serzedo-mantem-o-sonho-para-voltar-a-surpreender-na-taca-a-f-porto\/#primaryimage\"},\"thumbnailUrl\":\"https:\/\/portaltela.pt\/s.01k8rhncp4jt1\/2026\/02\/image-1106.jpg\",\"keywords\":[\"desporto\",\"Divis\u00e3o de Honra \u2014 S\u00e9rie D\",\"futebol\",\"Gondomar\",\"pen\u00e1ltis\"],\"articleSection\":[\"Desporto\",\"Futebol\"],\"inLanguage\":\"pt-PT\"},{\"@type\":\"WebPage\",\"@id\":\"https:\/\/portaltela.pt\/noticias\/2026\/02\/14\/serzedo-mantem-o-sonho-para-voltar-a-surpreender-na-taca-a-f-porto\/\",\"url\":\"https:\/\/portaltela.pt\/noticias\/2026\/02\/14\/serzedo-mantem-o-sonho-para-voltar-a-surpreender-na-taca-a-f-porto\/\",\"name\":\"Serzedo mant\u00e9m o sonho para voltar a surpreender na Ta\u00e7a A. F. Porto - Portal Tela Portugal\",\"isPartOf\":{\"@id\":\"https:\/\/portaltela.pt\/#website\"},\"primaryImageOfPage\":{\"@id\":\"https:\/\/portaltela.pt\/noticias\/2026\/02\/14\/serzedo-mantem-o-sonho-para-voltar-a-surpreender-na-taca-a-f-porto\/#primaryimage\"},\"image\":{\"@id\":\"https:\/\/portaltela.pt\/noticias\/2026\/02\/14\/serzedo-mantem-o-sonho-para-voltar-a-surpreender-na-taca-a-f-porto\/#primaryimage\"},\"thumbnailUrl\":\"https:\/\/portaltela.pt\/s.01k8rhncp4jt1\/2026\/02\/image-1106.jpg\",\"datePublished\":\"2026-02-14T11:48:00+00:00\",\"author\":{\"@id\":\"https:\/\/portaltela.pt\/#\/schema\/person\/c4278d4a6028830caff9ee44b42d32ed\"},\"breadcrumb\":{\"@id\":\"https:\/\/portaltela.pt\/noticias\/2026\/02\/14\/serzedo-mantem-o-sonho-para-voltar-a-surpreender-na-taca-a-f-porto\/#breadcrumb\"},\"inLanguage\":\"pt-PT\",\"potentialAction\":[{\"@type\":\"ReadAction\",\"target\":[\"https:\/\/portaltela.pt\/noticias\/2026\/02\/14\/serzedo-mantem-o-sonho-para-voltar-a-surpreender-na-taca-a-f-porto\/\"]}]},{\"@type\":\"ImageObject\",\"inLanguage\":\"pt-PT\",\"@id\":\"https:\/\/portaltela.pt\/noticias\/2026\/02\/14\/serzedo-mantem-o-sonho-para-voltar-a-surpreender-na-taca-a-f-porto\/#primaryimage\",\"url\":\"https:\/\/portaltela.pt\/s.01k8rhncp4jt1\/2026\/02\/image-1106.jpg\",\"contentUrl\":\"https:\/\/portaltela.pt\/s.01k8rhncp4jt1\/2026\/02\/image-1106.jpg\",\"width\":796,\"height\":448,\"caption\":\"Serzedo milita na Divis\u00e3o de Honra da A. F. Porto e j\u00e1 conquistou a Ta\u00e7a organizada pela associa\u00e7\u00e3o\"},{\"@type\":\"BreadcrumbList\",\"@id\":\"https:\/\/portaltela.pt\/noticias\/2026\/02\/14\/serzedo-mantem-o-sonho-para-voltar-a-surpreender-na-taca-a-f-porto\/#breadcrumb\",\"itemListElement\":[{\"@type\":\"ListItem\",\"position\":1,\"name\":\"In\u00edcio\",\"item\":\"https:\/\/portaltela.pt\/\"},{\"@type\":\"ListItem\",\"position\":2,\"name\":\"Serzedo mant\u00e9m o sonho para voltar a surpreender na Ta\u00e7a A. F. Porto\"}]},{\"@type\":\"WebSite\",\"@id\":\"https:\/\/portaltela.pt\/#website\",\"url\":\"https:\/\/portaltela.pt\/\",\"name\":\"Portal Tela Portugal\",\"description\":\"\",\"potentialAction\":[{\"@type\":\"SearchAction\",\"target\":{\"@type\":\"EntryPoint\",\"urlTemplate\":\"https:\/\/portaltela.pt\/?s={search_term_string}\"},\"query-input\":{\"@type\":\"PropertyValueSpecification\",\"valueRequired\":true,\"valueName\":\"search_term_string\"}}],\"inLanguage\":\"pt-PT\"},{\"@type\":\"Person\",\"@id\":\"https:\/\/portaltela.pt\/#\/schema\/person\/c4278d4a6028830caff9ee44b42d32ed\",\"name\":\"Telinha\",\"image\":{\"@type\":\"ImageObject\",\"inLanguage\":\"pt-PT\",\"@id\":\"https:\/\/portaltela.pt\/s.01k8rhncp4jt1\/2025\/11\/talking-bot-125x125.png\",\"url\":\"https:\/\/portaltela.pt\/s.01k8rhncp4jt1\/2025\/11\/talking-bot-125x125.png\",\"contentUrl\":\"https:\/\/portaltela.pt\/s.01k8rhncp4jt1\/2025\/11\/talking-bot-125x125.png\",\"caption\":\"Telinha\"},\"sameAs\":[\"https:\/\/portaltela.pt\/\"],\"url\":\"https:\/\/portaltela.pt\/por\/367410592786\/\"}]}<\/script>\n<!-- \/ Yoast SEO plugin. -->","yoast_head_json":{"title":"Serzedo mant\u00e9m o sonho para voltar a surpreender na Ta\u00e7a A. F. Porto - Portal Tela Portugal","robots":{"index":"index","follow":"follow","max-snippet":"max-snippet:-1","max-image-preview":"max-image-preview:large","max-video-preview":"max-video-preview:-1"},"og_locale":"pt_PT","og_type":"article","og_title":"Serzedo mant\u00e9m o sonho para voltar a surpreender na Ta\u00e7a A. F. Porto - Portal Tela Portugal","og_description":"O Serzedo, da Divis\u00e3o de Honra da Associa\u00e7\u00e3o de Futebol do Porto, segue nos oitavos de final da Ta\u00e7a A. F. Porto. O advers\u00e1rio ser\u00e1 o Gondomar, da Pro, depois de eliminar o Gandra nos pen\u00e1ltis. Cerca de metade do plantel passou pela forma\u00e7\u00e3o do clube. O Serzedo \u00e9 o \u00fanico em Honra entre as equipas com esperan\u00e7a na competi\u00e7\u00e3o. O presidente Jos\u00e9 Lago classifica a equipa como outsider, referindo a diferen\u00e7a de gastos entre os clubes e a ambi\u00e7\u00e3o de cumprir os sonhos.","og_url":"https:\/\/portaltela.pt\/noticias\/2026\/02\/14\/serzedo-mantem-o-sonho-para-voltar-a-surpreender-na-taca-a-f-porto\/","og_site_name":"Portal Tela Portugal","article_published_time":"2026-02-14T11:48:00+00:00","author":"Telinha","twitter_card":"summary_large_image","twitter_misc":{"Escrito por":"Telinha","Tempo estimado de leitura":"1 minuto"},"schema":{"@context":"https:\/\/schema.org","@graph":[{"@type":"Article","@id":"https:\/\/portaltela.pt\/noticias\/2026\/02\/14\/serzedo-mantem-o-sonho-para-voltar-a-surpreender-na-taca-a-f-porto\/#article","isPartOf":{"@id":"https:\/\/portaltela.pt\/noticias\/2026\/02\/14\/serzedo-mantem-o-sonho-para-voltar-a-surpreender-na-taca-a-f-porto\/"},"author":{"name":"Telinha","@id":"https:\/\/portaltela.pt\/#\/schema\/person\/c4278d4a6028830caff9ee44b42d32ed"},"headline":"Serzedo mant\u00e9m o sonho para voltar a surpreender na Ta\u00e7a A. F. Porto","datePublished":"2026-02-14T11:48:00+00:00","mainEntityOfPage":{"@id":"https:\/\/portaltela.pt\/noticias\/2026\/02\/14\/serzedo-mantem-o-sonho-para-voltar-a-surpreender-na-taca-a-f-porto\/"},"wordCount":266,"image":{"@id":"https:\/\/portaltela.pt\/noticias\/2026\/02\/14\/serzedo-mantem-o-sonho-para-voltar-a-surpreender-na-taca-a-f-porto\/#primaryimage"},"thumbnailUrl":"https:\/\/portaltela.pt\/s.01k8rhncp4jt1\/2026\/02\/image-1106.jpg","keywords":["desporto","Divis\u00e3o de Honra \u2014 S\u00e9rie D","futebol","Gondomar","pen\u00e1ltis"],"articleSection":["Desporto","Futebol"],"inLanguage":"pt-PT"},{"@type":"WebPage","@id":"https:\/\/portaltela.pt\/noticias\/2026\/02\/14\/serzedo-mantem-o-sonho-para-voltar-a-surpreender-na-taca-a-f-porto\/","url":"https:\/\/portaltela.pt\/noticias\/2026\/02\/14\/serzedo-mantem-o-sonho-para-voltar-a-surpreender-na-taca-a-f-porto\/","name":"Serzedo mant\u00e9m o sonho para voltar a surpreender na Ta\u00e7a A. F. Porto - Portal Tela Portugal","isPartOf":{"@id":"https:\/\/portaltela.pt\/#website"},"primaryImageOfPage":{"@id":"https:\/\/portaltela.pt\/noticias\/2026\/02\/14\/serzedo-mantem-o-sonho-para-voltar-a-surpreender-na-taca-a-f-porto\/#primaryimage"},"image":{"@id":"https:\/\/portaltela.pt\/noticias\/2026\/02\/14\/serzedo-mantem-o-sonho-para-voltar-a-surpreender-na-taca-a-f-porto\/#primaryimage"},"thumbnailUrl":"https:\/\/portaltela.pt\/s.01k8rhncp4jt1\/2026\/02\/image-1106.jpg","datePublished":"2026-02-14T11:48:00+00:00","author":{"@id":"https:\/\/portaltela.pt\/#\/schema\/person\/c4278d4a6028830caff9ee44b42d32ed"},"breadcrumb":{"@id":"https:\/\/portaltela.pt\/noticias\/2026\/02\/14\/serzedo-mantem-o-sonho-para-voltar-a-surpreender-na-taca-a-f-porto\/#breadcrumb"},"inLanguage":"pt-PT","potentialAction":[{"@type":"ReadAction","target":["https:\/\/portaltela.pt\/noticias\/2026\/02\/14\/serzedo-mantem-o-sonho-para-voltar-a-surpreender-na-taca-a-f-porto\/"]}]},{"@type":"ImageObject","inLanguage":"pt-PT","@id":"https:\/\/portaltela.pt\/noticias\/2026\/02\/14\/serzedo-mantem-o-sonho-para-voltar-a-surpreender-na-taca-a-f-porto\/#primaryimage","url":"https:\/\/portaltela.pt\/s.01k8rhncp4jt1\/2026\/02\/image-1106.jpg","contentUrl":"https:\/\/portaltela.pt\/s.01k8rhncp4jt1\/2026\/02\/image-1106.jpg","width":796,"height":448,"caption":"Serzedo milita na Divis\u00e3o de Honra da A. F. Porto e j\u00e1 conquistou a Ta\u00e7a organizada pela associa\u00e7\u00e3o"},{"@type":"BreadcrumbList","@id":"https:\/\/portaltela.pt\/noticias\/2026\/02\/14\/serzedo-mantem-o-sonho-para-voltar-a-surpreender-na-taca-a-f-porto\/#breadcrumb","itemListElement":[{"@type":"ListItem","position":1,"name":"In\u00edcio","item":"https:\/\/portaltela.pt\/"},{"@type":"ListItem","position":2,"name":"Serzedo mant\u00e9m o sonho para voltar a surpreender na Ta\u00e7a A. F. Porto"}]},{"@type":"WebSite","@id":"https:\/\/portaltela.pt\/#website","url":"https:\/\/portaltela.pt\/","name":"Portal Tela Portugal","description":"","potentialAction":[{"@type":"SearchAction","target":{"@type":"EntryPoint","urlTemplate":"https:\/\/portaltela.pt\/?s={search_term_string}"},"query-input":{"@type":"PropertyValueSpecification","valueRequired":true,"valueName":"search_term_string"}}],"inLanguage":"pt-PT"},{"@type":"Person","@id":"https:\/\/portaltela.pt\/#\/schema\/person\/c4278d4a6028830caff9ee44b42d32ed","name":"Telinha","image":{"@type":"ImageObject","inLanguage":"pt-PT","@id":"https:\/\/portaltela.pt\/s.01k8rhncp4jt1\/2025\/11\/talking-bot-125x125.png","url":"https:\/\/portaltela.pt\/s.01k8rhncp4jt1\/2025\/11\/talking-bot-125x125.png","contentUrl":"https:\/\/portaltela.pt\/s.01k8rhncp4jt1\/2025\/11\/talking-bot-125x125.png","caption":"Telinha"},"sameAs":["https:\/\/portaltela.pt\/"],"url":"https:\/\/portaltela.pt\/por\/367410592786\/"}]}},"_links":{"self":[{"href":"https:\/\/portaltela.pt\/api\/wp\/v2\/posts\/212226","targetHints":{"allow":["GET"]}}],"collection":[{"href":"https:\/\/portaltela.pt\/api\/wp\/v2\/posts"}],"about":[{"href":"https:\/\/portaltela.pt\/api\/wp\/v2\/types\/post"}],"author":[{"embeddable":true,"href":"https:\/\/portaltela.pt\/api\/wp\/v2\/users\/2"}],"replies":[{"embeddable":true,"href":"https:\/\/portaltela.pt\/api\/wp\/v2\/comments?post=212226"}],"version-history":[{"count":0,"href":"https:\/\/portaltela.pt\/api\/wp\/v2\/posts\/212226\/revisions"}],"wp:featuredmedia":[{"embeddable":true,"href":"https:\/\/portaltela.pt\/api\/wp\/v2\/media\/212230"}],"wp:attachment":[{"href":"https:\/\/portaltela.pt\/api\/wp\/v2\/media?parent=212226"}],"wp:term":[{"taxonomy":"category","embeddable":true,"href":"https:\/\/portaltela.pt\/api\/wp\/v2\/categories?post=212226"},{"taxonomy":"post_tag","embeddable":true,"href":"https:\/\/portaltela.pt\/api\/wp\/v2\/tags?post=212226"}],"curies":[{"name":"wp","href":"https:\/\/api.w.org\/{rel}","templated":true}]}}