{"id":212191,"date":"2026-02-14T08:32:09","date_gmt":"2026-02-14T11:32:09","guid":{"rendered":"https:\/\/portaltela.pt\/noticias\/2026\/02\/14\/ex-primeiro-ministro-israelita-arrependido-por-ter-conhecido-epstein\/"},"modified":"2026-02-14T08:32:09","modified_gmt":"2026-02-14T11:32:09","slug":"ex-primeiro-ministro-israelita-arrependido-por-ter-conhecido-epstein","status":"publish","type":"post","link":"https:\/\/portaltela.pt\/noticias\/internacional\/2026\/02\/14\/ex-primeiro-ministro-israelita-arrependido-por-ter-conhecido-epstein\/","title":{"rendered":"Ex-primeiro-ministro israelita arrependido por ter conhecido Epstein"},"content":{"rendered":"<p>O ex-primeiro-ministro israelita Ehud Barak pediu desculpa pela amizade de v\u00e1rios anos com Jeffrey Epstein, o financiador condenado por abuso sexual de menores. Barak afirma n\u00e3o ter observado nem participado em comportamentos inadequados e diz que Epstein j\u00e1 cumpriu a sua d\u00edvida com a sociedade. A entrevista foi dada ao Canal 12 de Israel.<\/p>\n<p>Barak reconhece ter mantido correspond\u00eancia regular com Epstein, visitas ao apartamento de Manhattan e uma visita \u00e0 ilha privada do financista, acompanhados pela mulher e por seguran\u00e7as. O ex-l\u00edder afirma n\u00e3o ter presenciado atos impr\u00f3prios.<\/p>\n<p>O pol\u00edtico afirma ter sido informado do caso anterior de Epstein, mas diz ter entendido que o empres\u00e1rio j\u00e1 tinha pago a sua d\u00edvida. Disse ainda ter cortado rela\u00e7\u00f5es com Epstein em 2019, quando surgiram novas investiga\u00e7\u00f5es.<\/p>\n<p>Barak n\u00e3o foi implicado em abusos sexuais de menores nem enfrenta acusa\u00e7\u00f5es. A sua reapari\u00e7\u00e3o medi\u00e1tica ocorre num contexto de divulga\u00e7\u00e3o de milh\u00f5es de p\u00e1ginas de documentos do Departamento de Justi\u00e7a dos EUA sobre Epstein.<\/p>\n<h3>Barak aparece em documentos dos EUA<\/h3>\n<p>Os documentos mostram que Barak e a mulher, Nili, teriam mantido contacto regular com Epstein ao longo de anos, mesmo ap\u00f3s o acordo de 2008 do empres\u00e1rio com a Justi\u00e7a. Esse acordo resultou numa pena de 18 meses, com regime de pris\u00e3o domicili\u00e1ria.<\/p>\n<p>Registos fiscais dos EUA indicaram subs\u00eddios de cerca de 2 milh\u00f5es de d\u00f3lares recebidos por Barak, supostamente para investiga\u00e7\u00e3o, numa institui\u00e7\u00e3o ligada a Epstein. Barak desvalorizou a rela\u00e7\u00e3o, argumentando que Epstein n\u00e3o o apoiou financeiramente.<\/p>\n<p>Documentos indicam ainda que Epstein procurou ligar Barak a figuras como Steve Bannon, pr\u00f3ximo de Donald Trump, para interesses pol\u00edticos em Israel. N\u00e3o h\u00e1 indica\u00e7\u00e3o de envolvimento direto de Bannon em atividades il\u00edcitas.<\/p>\n<p>Epstein morreu em 2019, alegadamente por suic\u00eddio na pris\u00e3o, enquanto aguardava julgamento por acusa\u00e7\u00f5es federais de abuso de menores e tr\u00e1fico de raparigas. As informa\u00e7\u00f5es emergem numa nova divulga\u00e7\u00e3o de documentos do DOJ em 2026.<\/p>\n","protected":false},"excerpt":{"rendered":"<ul>\n<li>O ex-primeiro-ministro de Israel, Ehud Barak, pediu desculpa pela amizade com Jeffrey Epstein, afirmando que nunca observou nem participou em comportamento inadequado.<\/li>\n<li>Barak admite ter conhecido Epstein e diz que o magnata j\u00e1 teria pago a sua d\u00edvida \u00e0 sociedade; o ex-l\u00edder admite visitas \u00e0 casa de Epstein nas Ilhas Virgens Americanas, incluindo uma \u00e0 ilha privada, mas garante que apenas viram Epstein e trabalhadores.<\/li>\n<li>O pol\u00edtico disse que s\u00f3 em 2019, com o in\u00edcio de uma nova investiga\u00e7\u00e3o, ficou claro a gravidade dos crimes de Epstein e que cortou rela\u00e7\u00f5es com ele desde ent\u00e3o.<\/li>\n<li>Barak assegura que n\u00e3o houve ato ilegal ou impr\u00f3prio da sua parte e n\u00e3o foi implicado em crimes; afirma ter ensinado a demonstrar que n\u00e3o houve conduta inadequada.<\/li>\n<li>Os documentos do Departamento de Justi\u00e7a dos EUA indicam liga\u00e7\u00f5es entre Barak, Epstein e outras figuras, com Barak e a esposa a surgir com frequ\u00eancia, embora Barak tenha distanciado-se do empres\u00e1rio.<\/li>\n<\/ul>\n","protected":false},"author":2,"featured_media":212192,"comment_status":"closed","ping_status":"closed","sticky":false,"template":"","format":"standard","meta":{"footnotes":""},"categories":[4,1],"tags":[208,2998,3990,3708,803,5698],"class_list":["post-212191","post","type-post","status-publish","format-standard","has-post-thumbnail","hentry","category-internacional","category-noticias","tag-abuso-de-menores-dependentes","tag-abuso-de-sexual-de-menor-dependente","tag-crimes-sexuais","tag-israel","tag-justica","tag-politica-internacional"],"yoast_head":"<!-- This site is optimized with the Yoast SEO plugin v27.2 - https:\/\/yoast.com\/product\/yoast-seo-wordpress\/ -->\n<title>Ex-primeiro-ministro israelita arrependido por ter conhecido Epstein - Portal Tela Portugal<\/title>\n<meta name=\"robots\" content=\"index, follow, max-snippet:-1, max-image-preview:large, max-video-preview:-1\" \/>\n<meta property=\"og:locale\" content=\"pt_PT\" \/>\n<meta property=\"og:type\" content=\"article\" \/>\n<meta property=\"og:title\" content=\"Ex-primeiro-ministro israelita arrependido por ter conhecido Epstein - Portal Tela Portugal\" \/>\n<meta property=\"og:description\" content=\"O ex-primeiro-ministro de Israel, Ehud Barak, pediu desculpa pela amizade com Jeffrey Epstein, afirmando que nunca observou nem participou em comportamento inadequado. Barak admite ter conhecido Epstein e diz que o magnata j\u00e1 teria pago a sua d\u00edvida \u00e0 sociedade; o ex-l\u00edder admite visitas \u00e0 casa de Epstein nas Ilhas Virgens Americanas, incluindo uma \u00e0 ilha privada, mas garante que apenas viram Epstein e trabalhadores. O pol\u00edtico disse que s\u00f3 em 2019, com o in\u00edcio de uma nova investiga\u00e7\u00e3o, ficou claro a gravidade dos crimes de Epstein e que cortou rela\u00e7\u00f5es com ele desde ent\u00e3o. Barak assegura que n\u00e3o houve ato ilegal ou impr\u00f3prio da sua parte e n\u00e3o foi implicado em crimes; afirma ter ensinado a demonstrar que n\u00e3o houve conduta inadequada. Os documentos do Departamento de Justi\u00e7a dos EUA indicam liga\u00e7\u00f5es entre Barak, Epstein e outras figuras, com Barak e a esposa a surgir com frequ\u00eancia, embora Barak tenha distanciado-se do empres\u00e1rio.\" \/>\n<meta property=\"og:url\" content=\"https:\/\/portaltela.pt\/noticias\/2026\/02\/14\/ex-primeiro-ministro-israelita-arrependido-por-ter-conhecido-epstein\/\" \/>\n<meta property=\"og:site_name\" content=\"Portal Tela Portugal\" \/>\n<meta property=\"article:published_time\" content=\"2026-02-14T11:32:09+00:00\" \/>\n<meta name=\"author\" content=\"Telinha\" \/>\n<meta name=\"twitter:card\" content=\"summary_large_image\" \/>\n<meta name=\"twitter:label1\" content=\"Escrito por\" \/>\n\t<meta name=\"twitter:data1\" content=\"Telinha\" \/>\n\t<meta name=\"twitter:label2\" content=\"Tempo estimado de leitura\" \/>\n\t<meta name=\"twitter:data2\" content=\"2 minutos\" \/>\n<script type=\"application\/ld+json\" class=\"yoast-schema-graph\">{\"@context\":\"https:\/\/schema.org\",\"@graph\":[{\"@type\":\"Article\",\"@id\":\"https:\/\/portaltela.pt\/noticias\/2026\/02\/14\/ex-primeiro-ministro-israelita-arrependido-por-ter-conhecido-epstein\/#article\",\"isPartOf\":{\"@id\":\"https:\/\/portaltela.pt\/noticias\/2026\/02\/14\/ex-primeiro-ministro-israelita-arrependido-por-ter-conhecido-epstein\/\"},\"author\":{\"name\":\"Telinha\",\"@id\":\"https:\/\/portaltela.pt\/#\/schema\/person\/c4278d4a6028830caff9ee44b42d32ed\"},\"headline\":\"Ex-primeiro-ministro israelita arrependido por ter conhecido Epstein\",\"datePublished\":\"2026-02-14T11:32:09+00:00\",\"mainEntityOfPage\":{\"@id\":\"https:\/\/portaltela.pt\/noticias\/2026\/02\/14\/ex-primeiro-ministro-israelita-arrependido-por-ter-conhecido-epstein\/\"},\"wordCount\":356,\"image\":{\"@id\":\"https:\/\/portaltela.pt\/noticias\/2026\/02\/14\/ex-primeiro-ministro-israelita-arrependido-por-ter-conhecido-epstein\/#primaryimage\"},\"thumbnailUrl\":\"https:\/\/portaltela.pt\/s.01k8rhncp4jt1\/2026\/02\/1536x864_cmsv2_d0619613-64a3-59ba-8881-ba318bc1d606-9651058.jpg\",\"keywords\":[\"abuso de menores dependentes\",\"abuso de sexual de menor dependente\",\"crimes sexuais\",\"Israel\",\"justi\u00e7a\",\"pol\u00edtica internacional\"],\"articleSection\":[\"Internacional\",\"Not\u00edcias\"],\"inLanguage\":\"pt-PT\"},{\"@type\":\"WebPage\",\"@id\":\"https:\/\/portaltela.pt\/noticias\/2026\/02\/14\/ex-primeiro-ministro-israelita-arrependido-por-ter-conhecido-epstein\/\",\"url\":\"https:\/\/portaltela.pt\/noticias\/2026\/02\/14\/ex-primeiro-ministro-israelita-arrependido-por-ter-conhecido-epstein\/\",\"name\":\"Ex-primeiro-ministro israelita arrependido por ter conhecido Epstein - Portal Tela Portugal\",\"isPartOf\":{\"@id\":\"https:\/\/portaltela.pt\/#website\"},\"primaryImageOfPage\":{\"@id\":\"https:\/\/portaltela.pt\/noticias\/2026\/02\/14\/ex-primeiro-ministro-israelita-arrependido-por-ter-conhecido-epstein\/#primaryimage\"},\"image\":{\"@id\":\"https:\/\/portaltela.pt\/noticias\/2026\/02\/14\/ex-primeiro-ministro-israelita-arrependido-por-ter-conhecido-epstein\/#primaryimage\"},\"thumbnailUrl\":\"https:\/\/portaltela.pt\/s.01k8rhncp4jt1\/2026\/02\/1536x864_cmsv2_d0619613-64a3-59ba-8881-ba318bc1d606-9651058.jpg\",\"datePublished\":\"2026-02-14T11:32:09+00:00\",\"author\":{\"@id\":\"https:\/\/portaltela.pt\/#\/schema\/person\/c4278d4a6028830caff9ee44b42d32ed\"},\"breadcrumb\":{\"@id\":\"https:\/\/portaltela.pt\/noticias\/2026\/02\/14\/ex-primeiro-ministro-israelita-arrependido-por-ter-conhecido-epstein\/#breadcrumb\"},\"inLanguage\":\"pt-PT\",\"potentialAction\":[{\"@type\":\"ReadAction\",\"target\":[\"https:\/\/portaltela.pt\/noticias\/2026\/02\/14\/ex-primeiro-ministro-israelita-arrependido-por-ter-conhecido-epstein\/\"]}]},{\"@type\":\"ImageObject\",\"inLanguage\":\"pt-PT\",\"@id\":\"https:\/\/portaltela.pt\/noticias\/2026\/02\/14\/ex-primeiro-ministro-israelita-arrependido-por-ter-conhecido-epstein\/#primaryimage\",\"url\":\"https:\/\/portaltela.pt\/s.01k8rhncp4jt1\/2026\/02\/1536x864_cmsv2_d0619613-64a3-59ba-8881-ba318bc1d606-9651058.jpg\",\"contentUrl\":\"https:\/\/portaltela.pt\/s.01k8rhncp4jt1\/2026\/02\/1536x864_cmsv2_d0619613-64a3-59ba-8881-ba318bc1d606-9651058.jpg\",\"width\":796,\"height\":448,\"caption\":\"O antigo primeiro-ministro israelita Ehud Barak discursa no F\u00f3rum Internacional de Seguran\u00e7a de Halifax, no s\u00e1bado, 22 de novembro de 2025. (Kelly Clark\/The Canadian Press via AP)\"},{\"@type\":\"BreadcrumbList\",\"@id\":\"https:\/\/portaltela.pt\/noticias\/2026\/02\/14\/ex-primeiro-ministro-israelita-arrependido-por-ter-conhecido-epstein\/#breadcrumb\",\"itemListElement\":[{\"@type\":\"ListItem\",\"position\":1,\"name\":\"In\u00edcio\",\"item\":\"https:\/\/portaltela.pt\/\"},{\"@type\":\"ListItem\",\"position\":2,\"name\":\"Ex-primeiro-ministro israelita arrependido por ter conhecido Epstein\"}]},{\"@type\":\"WebSite\",\"@id\":\"https:\/\/portaltela.pt\/#website\",\"url\":\"https:\/\/portaltela.pt\/\",\"name\":\"Portal Tela Portugal\",\"description\":\"\",\"potentialAction\":[{\"@type\":\"SearchAction\",\"target\":{\"@type\":\"EntryPoint\",\"urlTemplate\":\"https:\/\/portaltela.pt\/?s={search_term_string}\"},\"query-input\":{\"@type\":\"PropertyValueSpecification\",\"valueRequired\":true,\"valueName\":\"search_term_string\"}}],\"inLanguage\":\"pt-PT\"},{\"@type\":\"Person\",\"@id\":\"https:\/\/portaltela.pt\/#\/schema\/person\/c4278d4a6028830caff9ee44b42d32ed\",\"name\":\"Telinha\",\"image\":{\"@type\":\"ImageObject\",\"inLanguage\":\"pt-PT\",\"@id\":\"https:\/\/portaltela.pt\/s.01k8rhncp4jt1\/2025\/11\/talking-bot-125x125.png\",\"url\":\"https:\/\/portaltela.pt\/s.01k8rhncp4jt1\/2025\/11\/talking-bot-125x125.png\",\"contentUrl\":\"https:\/\/portaltela.pt\/s.01k8rhncp4jt1\/2025\/11\/talking-bot-125x125.png\",\"caption\":\"Telinha\"},\"sameAs\":[\"https:\/\/portaltela.pt\/\"],\"url\":\"https:\/\/portaltela.pt\/por\/367410592786\/\"}]}<\/script>\n<!-- \/ Yoast SEO plugin. -->","yoast_head_json":{"title":"Ex-primeiro-ministro israelita arrependido por ter conhecido Epstein - Portal Tela Portugal","robots":{"index":"index","follow":"follow","max-snippet":"max-snippet:-1","max-image-preview":"max-image-preview:large","max-video-preview":"max-video-preview:-1"},"og_locale":"pt_PT","og_type":"article","og_title":"Ex-primeiro-ministro israelita arrependido por ter conhecido Epstein - Portal Tela Portugal","og_description":"O ex-primeiro-ministro de Israel, Ehud Barak, pediu desculpa pela amizade com Jeffrey Epstein, afirmando que nunca observou nem participou em comportamento inadequado. Barak admite ter conhecido Epstein e diz que o magnata j\u00e1 teria pago a sua d\u00edvida \u00e0 sociedade; o ex-l\u00edder admite visitas \u00e0 casa de Epstein nas Ilhas Virgens Americanas, incluindo uma \u00e0 ilha privada, mas garante que apenas viram Epstein e trabalhadores. O pol\u00edtico disse que s\u00f3 em 2019, com o in\u00edcio de uma nova investiga\u00e7\u00e3o, ficou claro a gravidade dos crimes de Epstein e que cortou rela\u00e7\u00f5es com ele desde ent\u00e3o. Barak assegura que n\u00e3o houve ato ilegal ou impr\u00f3prio da sua parte e n\u00e3o foi implicado em crimes; afirma ter ensinado a demonstrar que n\u00e3o houve conduta inadequada. Os documentos do Departamento de Justi\u00e7a dos EUA indicam liga\u00e7\u00f5es entre Barak, Epstein e outras figuras, com Barak e a esposa a surgir com frequ\u00eancia, embora Barak tenha distanciado-se do empres\u00e1rio.","og_url":"https:\/\/portaltela.pt\/noticias\/2026\/02\/14\/ex-primeiro-ministro-israelita-arrependido-por-ter-conhecido-epstein\/","og_site_name":"Portal Tela Portugal","article_published_time":"2026-02-14T11:32:09+00:00","author":"Telinha","twitter_card":"summary_large_image","twitter_misc":{"Escrito por":"Telinha","Tempo estimado de leitura":"2 minutos"},"schema":{"@context":"https:\/\/schema.org","@graph":[{"@type":"Article","@id":"https:\/\/portaltela.pt\/noticias\/2026\/02\/14\/ex-primeiro-ministro-israelita-arrependido-por-ter-conhecido-epstein\/#article","isPartOf":{"@id":"https:\/\/portaltela.pt\/noticias\/2026\/02\/14\/ex-primeiro-ministro-israelita-arrependido-por-ter-conhecido-epstein\/"},"author":{"name":"Telinha","@id":"https:\/\/portaltela.pt\/#\/schema\/person\/c4278d4a6028830caff9ee44b42d32ed"},"headline":"Ex-primeiro-ministro israelita arrependido por ter conhecido Epstein","datePublished":"2026-02-14T11:32:09+00:00","mainEntityOfPage":{"@id":"https:\/\/portaltela.pt\/noticias\/2026\/02\/14\/ex-primeiro-ministro-israelita-arrependido-por-ter-conhecido-epstein\/"},"wordCount":356,"image":{"@id":"https:\/\/portaltela.pt\/noticias\/2026\/02\/14\/ex-primeiro-ministro-israelita-arrependido-por-ter-conhecido-epstein\/#primaryimage"},"thumbnailUrl":"https:\/\/portaltela.pt\/s.01k8rhncp4jt1\/2026\/02\/1536x864_cmsv2_d0619613-64a3-59ba-8881-ba318bc1d606-9651058.jpg","keywords":["abuso de menores dependentes","abuso de sexual de menor dependente","crimes sexuais","Israel","justi\u00e7a","pol\u00edtica internacional"],"articleSection":["Internacional","Not\u00edcias"],"inLanguage":"pt-PT"},{"@type":"WebPage","@id":"https:\/\/portaltela.pt\/noticias\/2026\/02\/14\/ex-primeiro-ministro-israelita-arrependido-por-ter-conhecido-epstein\/","url":"https:\/\/portaltela.pt\/noticias\/2026\/02\/14\/ex-primeiro-ministro-israelita-arrependido-por-ter-conhecido-epstein\/","name":"Ex-primeiro-ministro israelita arrependido por ter conhecido Epstein - Portal Tela Portugal","isPartOf":{"@id":"https:\/\/portaltela.pt\/#website"},"primaryImageOfPage":{"@id":"https:\/\/portaltela.pt\/noticias\/2026\/02\/14\/ex-primeiro-ministro-israelita-arrependido-por-ter-conhecido-epstein\/#primaryimage"},"image":{"@id":"https:\/\/portaltela.pt\/noticias\/2026\/02\/14\/ex-primeiro-ministro-israelita-arrependido-por-ter-conhecido-epstein\/#primaryimage"},"thumbnailUrl":"https:\/\/portaltela.pt\/s.01k8rhncp4jt1\/2026\/02\/1536x864_cmsv2_d0619613-64a3-59ba-8881-ba318bc1d606-9651058.jpg","datePublished":"2026-02-14T11:32:09+00:00","author":{"@id":"https:\/\/portaltela.pt\/#\/schema\/person\/c4278d4a6028830caff9ee44b42d32ed"},"breadcrumb":{"@id":"https:\/\/portaltela.pt\/noticias\/2026\/02\/14\/ex-primeiro-ministro-israelita-arrependido-por-ter-conhecido-epstein\/#breadcrumb"},"inLanguage":"pt-PT","potentialAction":[{"@type":"ReadAction","target":["https:\/\/portaltela.pt\/noticias\/2026\/02\/14\/ex-primeiro-ministro-israelita-arrependido-por-ter-conhecido-epstein\/"]}]},{"@type":"ImageObject","inLanguage":"pt-PT","@id":"https:\/\/portaltela.pt\/noticias\/2026\/02\/14\/ex-primeiro-ministro-israelita-arrependido-por-ter-conhecido-epstein\/#primaryimage","url":"https:\/\/portaltela.pt\/s.01k8rhncp4jt1\/2026\/02\/1536x864_cmsv2_d0619613-64a3-59ba-8881-ba318bc1d606-9651058.jpg","contentUrl":"https:\/\/portaltela.pt\/s.01k8rhncp4jt1\/2026\/02\/1536x864_cmsv2_d0619613-64a3-59ba-8881-ba318bc1d606-9651058.jpg","width":796,"height":448,"caption":"O antigo primeiro-ministro israelita Ehud Barak discursa no F\u00f3rum Internacional de Seguran\u00e7a de Halifax, no s\u00e1bado, 22 de novembro de 2025. (Kelly Clark\/The Canadian Press via AP)"},{"@type":"BreadcrumbList","@id":"https:\/\/portaltela.pt\/noticias\/2026\/02\/14\/ex-primeiro-ministro-israelita-arrependido-por-ter-conhecido-epstein\/#breadcrumb","itemListElement":[{"@type":"ListItem","position":1,"name":"In\u00edcio","item":"https:\/\/portaltela.pt\/"},{"@type":"ListItem","position":2,"name":"Ex-primeiro-ministro israelita arrependido por ter conhecido Epstein"}]},{"@type":"WebSite","@id":"https:\/\/portaltela.pt\/#website","url":"https:\/\/portaltela.pt\/","name":"Portal Tela Portugal","description":"","potentialAction":[{"@type":"SearchAction","target":{"@type":"EntryPoint","urlTemplate":"https:\/\/portaltela.pt\/?s={search_term_string}"},"query-input":{"@type":"PropertyValueSpecification","valueRequired":true,"valueName":"search_term_string"}}],"inLanguage":"pt-PT"},{"@type":"Person","@id":"https:\/\/portaltela.pt\/#\/schema\/person\/c4278d4a6028830caff9ee44b42d32ed","name":"Telinha","image":{"@type":"ImageObject","inLanguage":"pt-PT","@id":"https:\/\/portaltela.pt\/s.01k8rhncp4jt1\/2025\/11\/talking-bot-125x125.png","url":"https:\/\/portaltela.pt\/s.01k8rhncp4jt1\/2025\/11\/talking-bot-125x125.png","contentUrl":"https:\/\/portaltela.pt\/s.01k8rhncp4jt1\/2025\/11\/talking-bot-125x125.png","caption":"Telinha"},"sameAs":["https:\/\/portaltela.pt\/"],"url":"https:\/\/portaltela.pt\/por\/367410592786\/"}]}},"_links":{"self":[{"href":"https:\/\/portaltela.pt\/api\/wp\/v2\/posts\/212191","targetHints":{"allow":["GET"]}}],"collection":[{"href":"https:\/\/portaltela.pt\/api\/wp\/v2\/posts"}],"about":[{"href":"https:\/\/portaltela.pt\/api\/wp\/v2\/types\/post"}],"author":[{"embeddable":true,"href":"https:\/\/portaltela.pt\/api\/wp\/v2\/users\/2"}],"replies":[{"embeddable":true,"href":"https:\/\/portaltela.pt\/api\/wp\/v2\/comments?post=212191"}],"version-history":[{"count":0,"href":"https:\/\/portaltela.pt\/api\/wp\/v2\/posts\/212191\/revisions"}],"wp:featuredmedia":[{"embeddable":true,"href":"https:\/\/portaltela.pt\/api\/wp\/v2\/media\/212192"}],"wp:attachment":[{"href":"https:\/\/portaltela.pt\/api\/wp\/v2\/media?parent=212191"}],"wp:term":[{"taxonomy":"category","embeddable":true,"href":"https:\/\/portaltela.pt\/api\/wp\/v2\/categories?post=212191"},{"taxonomy":"post_tag","embeddable":true,"href":"https:\/\/portaltela.pt\/api\/wp\/v2\/tags?post=212191"}],"curies":[{"name":"wp","href":"https:\/\/api.w.org\/{rel}","templated":true}]}}