{"id":212142,"date":"2026-02-14T07:10:00","date_gmt":"2026-02-14T10:10:00","guid":{"rendered":"https:\/\/portaltela.pt\/noticias\/2026\/02\/14\/estudo-analisa-como-a-desarrumacao-mental-afeta-decisoes-diarias\/"},"modified":"2026-02-14T07:10:00","modified_gmt":"2026-02-14T10:10:00","slug":"estudo-analisa-como-a-desarrumacao-mental-afeta-decisoes-diarias","status":"publish","type":"post","link":"https:\/\/portaltela.pt\/noticias\/2026\/02\/14\/estudo-analisa-como-a-desarrumacao-mental-afeta-decisoes-diarias\/","title":{"rendered":"Estudo analisa como a desarruma\u00e7\u00e3o mental afeta decis\u00f5es di\u00e1rias"},"content":{"rendered":"<p>O livro- espet\u00e1culo Quebra-Cabe\u00e7as junta escrita, ilustra\u00e7\u00e3o e dan\u00e7a para explorar o mundo interior e a forma como nos organizamos no exterior. Criado por Sandro William Junqueira e Rachel Caiano, o projeto sucede Roda-Viva \u2013 A Menina e o C\u00edrculo.<\/p>\n<p>A obra nasceu de um convite de Cl\u00e1udia N\u00f3voa para criar um texto que servissem de tapete ao espet\u00e1culo. O projeto \u00e9 multidisciplinar, abrangendo livro, oficina de desenho, movimento e exposi\u00e7\u00e3o.<\/p>\n<p>O texto inicial afirma que cada cabe\u00e7a \u00e9 \u00fanica, com um mundo pr\u00f3prio e uma mente em constante movimento. A cabe\u00e7a aparece como espa\u00e7o desarrumado, mas tamb\u00e9m suscet\u00edvel de contempla\u00e7\u00e3o e sil\u00eancio. O objetivo \u00e9 traduzir essa ambival\u00eancia.<\/p>\n<h3>Linguagem e forma<\/h3>\n<p>A linguagem gr\u00e1fica do espet\u00e1culo influenciou o livro, com uma est\u00e9tica urbana e inspirada em Basquiat, graffitis e banda desenhada. As ilustra\u00e7\u00f5es combinam t\u00e9cnicas diversas, criando uma leitura que contempla o pensamento n\u00e3o linear e a confus\u00e3o criativa.<\/p>\n<p>Sandro explica que o livro n\u00e3o \u00e9 narrativa tradicional, mas um *livro-sobressalto* que tenta organizar o mundo interior para alcan\u00e7ar algo no mundo exterior. A ideia \u00e9 que o projeto se desdobre em v\u00e1rias express\u00f5es art\u00edsticas.<\/p>\n<h3>Oficina e agenda<\/h3>\n<p>J\u00e1 neste s\u00e1bado, \u00e0s 11h00, ocorre uma oficina para fam\u00edlias associada ao livro, na Casa do Jardim da Estrela, em Lisboa. A proposta \u00e9 trabalhar a partir do material da obra e do espet\u00e1culo, envolvendo p\u00fablico de v\u00e1rias idades.<\/p>\n<p>Rachel detalha que a obra mistura desenho, colagem, aquarela e \u00f3leo, refletindo a energia da busca interior. O formato do livro \u00e9 compacto, lembrando pequenos cuadrados que cabem na palma da m\u00e3o, sinal de jogo e de objetos guardados.<\/p>\n<p>O projeto, que j\u00e1 re\u00fane livro, espet\u00e1culo e oficina, mant\u00e9m a ideia de dois objetos art\u00edsticos distintos: o espet\u00e1culo e o livro. A refer\u00eancia visual aponta para uma obra contempor\u00e2nea, com influ\u00eancias de linguagem urbana e arte gr\u00e1fica.<\/p>\n","protected":false},"excerpt":{"rendered":"<ul>\n<li>O livro-sobressalto Quebra-Cabe\u00e7as junta o texto de Sandro William Junqueira e as ilustra\u00e7\u00f5es de Rachel Caiano, a apresentar-se ap\u00f3s Roda-Viva \u2013 A Menina e o C\u00edrculo.<\/li>\n<li>O projeto \u00e9 multidisciplinar: nasce do espect\u00e1culo de dan\u00e7a e estende-se a livro, oficina de desenho e movimento e exposi\u00e7\u00e3o.<\/li>\n<li>A obra aborda a desordem das cabe\u00e7as e a tentativa de organizar o mundo interior para influenciar o exterior.<\/li>\n<li>A linguagem gr\u00e1fica \u00e9 urbana, inspirada em Basquiat, graffiti e banda desenhada, e o texto abre a ideia de entrar na cabe\u00e7a de figuras como Basquiat, Einstein e na rela\u00e7\u00e3o com a pr\u00f3pria m\u00e3e.<\/li>\n<li>Neste s\u00e1bado, \u00e0s 11h, h\u00e1 uma oficina para fam\u00edlias na Casa do Jardim da Estrela, em Lisboa.<\/li>\n<\/ul>\n","protected":false},"author":2,"featured_media":212147,"comment_status":"closed","ping_status":"closed","sticky":false,"template":"","format":"standard","meta":{"footnotes":""},"categories":[1],"tags":[5642,1858,145,1397,130,119],"class_list":["post-212142","post","type-post","status-publish","format-standard","has-post-thumbnail","hentry","category-noticias","tag-arte-plastica","tag-arte-teatro","tag-cultura","tag-exposicoes","tag-livros","tag-teatro"],"yoast_head":"<!-- This site is optimized with the Yoast SEO plugin v27.2 - https:\/\/yoast.com\/product\/yoast-seo-wordpress\/ -->\n<title>Estudo analisa como a desarruma\u00e7\u00e3o mental afeta decis\u00f5es di\u00e1rias - Portal Tela Portugal<\/title>\n<meta name=\"robots\" content=\"index, follow, max-snippet:-1, max-image-preview:large, max-video-preview:-1\" \/>\n<meta property=\"og:locale\" content=\"pt_PT\" \/>\n<meta property=\"og:type\" content=\"article\" \/>\n<meta property=\"og:title\" content=\"Estudo analisa como a desarruma\u00e7\u00e3o mental afeta decis\u00f5es di\u00e1rias - Portal Tela Portugal\" \/>\n<meta property=\"og:description\" content=\"O livro-sobressalto Quebra-Cabe\u00e7as junta o texto de Sandro William Junqueira e as ilustra\u00e7\u00f5es de Rachel Caiano, a apresentar-se ap\u00f3s Roda-Viva \u2013 A Menina e o C\u00edrculo. O projeto \u00e9 multidisciplinar: nasce do espect\u00e1culo de dan\u00e7a e estende-se a livro, oficina de desenho e movimento e exposi\u00e7\u00e3o. A obra aborda a desordem das cabe\u00e7as e a tentativa de organizar o mundo interior para influenciar o exterior. A linguagem gr\u00e1fica \u00e9 urbana, inspirada em Basquiat, graffiti e banda desenhada, e o texto abre a ideia de entrar na cabe\u00e7a de figuras como Basquiat, Einstein e na rela\u00e7\u00e3o com a pr\u00f3pria m\u00e3e. Neste s\u00e1bado, \u00e0s 11h, h\u00e1 uma oficina para fam\u00edlias na Casa do Jardim da Estrela, em Lisboa.\" \/>\n<meta property=\"og:url\" content=\"https:\/\/portaltela.pt\/noticias\/2026\/02\/14\/estudo-analisa-como-a-desarrumacao-mental-afeta-decisoes-diarias\/\" \/>\n<meta property=\"og:site_name\" content=\"Portal Tela Portugal\" \/>\n<meta property=\"article:published_time\" content=\"2026-02-14T10:10:00+00:00\" \/>\n<meta name=\"author\" content=\"Telinha\" \/>\n<meta name=\"twitter:card\" content=\"summary_large_image\" \/>\n<meta name=\"twitter:label1\" content=\"Escrito por\" \/>\n\t<meta name=\"twitter:data1\" content=\"Telinha\" \/>\n\t<meta name=\"twitter:label2\" content=\"Tempo estimado de leitura\" \/>\n\t<meta name=\"twitter:data2\" content=\"2 minutos\" \/>\n<script type=\"application\/ld+json\" class=\"yoast-schema-graph\">{\"@context\":\"https:\/\/schema.org\",\"@graph\":[{\"@type\":\"Article\",\"@id\":\"https:\/\/portaltela.pt\/noticias\/2026\/02\/14\/estudo-analisa-como-a-desarrumacao-mental-afeta-decisoes-diarias\/#article\",\"isPartOf\":{\"@id\":\"https:\/\/portaltela.pt\/noticias\/2026\/02\/14\/estudo-analisa-como-a-desarrumacao-mental-afeta-decisoes-diarias\/\"},\"author\":{\"name\":\"Telinha\",\"@id\":\"https:\/\/portaltela.pt\/#\/schema\/person\/c4278d4a6028830caff9ee44b42d32ed\"},\"headline\":\"Estudo analisa como a desarruma\u00e7\u00e3o mental afeta decis\u00f5es di\u00e1rias\",\"datePublished\":\"2026-02-14T10:10:00+00:00\",\"mainEntityOfPage\":{\"@id\":\"https:\/\/portaltela.pt\/noticias\/2026\/02\/14\/estudo-analisa-como-a-desarrumacao-mental-afeta-decisoes-diarias\/\"},\"wordCount\":354,\"image\":{\"@id\":\"https:\/\/portaltela.pt\/noticias\/2026\/02\/14\/estudo-analisa-como-a-desarrumacao-mental-afeta-decisoes-diarias\/#primaryimage\"},\"thumbnailUrl\":\"https:\/\/portaltela.pt\/s.01k8rhncp4jt1\/2026\/02\/2067236.jpg\",\"keywords\":[\"Arte Pl\u00e1stica\",\"arte\/teatro\",\"cultura\",\"exposi\u00e7\u00f5es\",\"livros\",\"teatro\"],\"articleSection\":[\"Not\u00edcias\"],\"inLanguage\":\"pt-PT\"},{\"@type\":\"WebPage\",\"@id\":\"https:\/\/portaltela.pt\/noticias\/2026\/02\/14\/estudo-analisa-como-a-desarrumacao-mental-afeta-decisoes-diarias\/\",\"url\":\"https:\/\/portaltela.pt\/noticias\/2026\/02\/14\/estudo-analisa-como-a-desarrumacao-mental-afeta-decisoes-diarias\/\",\"name\":\"Estudo analisa como a desarruma\u00e7\u00e3o mental afeta decis\u00f5es di\u00e1rias - Portal Tela Portugal\",\"isPartOf\":{\"@id\":\"https:\/\/portaltela.pt\/#website\"},\"primaryImageOfPage\":{\"@id\":\"https:\/\/portaltela.pt\/noticias\/2026\/02\/14\/estudo-analisa-como-a-desarrumacao-mental-afeta-decisoes-diarias\/#primaryimage\"},\"image\":{\"@id\":\"https:\/\/portaltela.pt\/noticias\/2026\/02\/14\/estudo-analisa-como-a-desarrumacao-mental-afeta-decisoes-diarias\/#primaryimage\"},\"thumbnailUrl\":\"https:\/\/portaltela.pt\/s.01k8rhncp4jt1\/2026\/02\/2067236.jpg\",\"datePublished\":\"2026-02-14T10:10:00+00:00\",\"author\":{\"@id\":\"https:\/\/portaltela.pt\/#\/schema\/person\/c4278d4a6028830caff9ee44b42d32ed\"},\"breadcrumb\":{\"@id\":\"https:\/\/portaltela.pt\/noticias\/2026\/02\/14\/estudo-analisa-como-a-desarrumacao-mental-afeta-decisoes-diarias\/#breadcrumb\"},\"inLanguage\":\"pt-PT\",\"potentialAction\":[{\"@type\":\"ReadAction\",\"target\":[\"https:\/\/portaltela.pt\/noticias\/2026\/02\/14\/estudo-analisa-como-a-desarrumacao-mental-afeta-decisoes-diarias\/\"]}]},{\"@type\":\"ImageObject\",\"inLanguage\":\"pt-PT\",\"@id\":\"https:\/\/portaltela.pt\/noticias\/2026\/02\/14\/estudo-analisa-como-a-desarrumacao-mental-afeta-decisoes-diarias\/#primaryimage\",\"url\":\"https:\/\/portaltela.pt\/s.01k8rhncp4jt1\/2026\/02\/2067236.jpg\",\"contentUrl\":\"https:\/\/portaltela.pt\/s.01k8rhncp4jt1\/2026\/02\/2067236.jpg\",\"width\":796,\"height\":448,\"caption\":\"Ilustra\u00e7\u00e3o da capa e contracapa de Quebra-Cabe\u00e7as, editado pela Caminho\/Leya\"},{\"@type\":\"BreadcrumbList\",\"@id\":\"https:\/\/portaltela.pt\/noticias\/2026\/02\/14\/estudo-analisa-como-a-desarrumacao-mental-afeta-decisoes-diarias\/#breadcrumb\",\"itemListElement\":[{\"@type\":\"ListItem\",\"position\":1,\"name\":\"In\u00edcio\",\"item\":\"https:\/\/portaltela.pt\/\"},{\"@type\":\"ListItem\",\"position\":2,\"name\":\"Estudo analisa como a desarruma\u00e7\u00e3o mental afeta decis\u00f5es di\u00e1rias\"}]},{\"@type\":\"WebSite\",\"@id\":\"https:\/\/portaltela.pt\/#website\",\"url\":\"https:\/\/portaltela.pt\/\",\"name\":\"Portal Tela Portugal\",\"description\":\"\",\"potentialAction\":[{\"@type\":\"SearchAction\",\"target\":{\"@type\":\"EntryPoint\",\"urlTemplate\":\"https:\/\/portaltela.pt\/?s={search_term_string}\"},\"query-input\":{\"@type\":\"PropertyValueSpecification\",\"valueRequired\":true,\"valueName\":\"search_term_string\"}}],\"inLanguage\":\"pt-PT\"},{\"@type\":\"Person\",\"@id\":\"https:\/\/portaltela.pt\/#\/schema\/person\/c4278d4a6028830caff9ee44b42d32ed\",\"name\":\"Telinha\",\"image\":{\"@type\":\"ImageObject\",\"inLanguage\":\"pt-PT\",\"@id\":\"https:\/\/portaltela.pt\/s.01k8rhncp4jt1\/2025\/11\/talking-bot-125x125.png\",\"url\":\"https:\/\/portaltela.pt\/s.01k8rhncp4jt1\/2025\/11\/talking-bot-125x125.png\",\"contentUrl\":\"https:\/\/portaltela.pt\/s.01k8rhncp4jt1\/2025\/11\/talking-bot-125x125.png\",\"caption\":\"Telinha\"},\"sameAs\":[\"https:\/\/portaltela.pt\/\"],\"url\":\"https:\/\/portaltela.pt\/por\/367410592786\/\"}]}<\/script>\n<!-- \/ Yoast SEO plugin. -->","yoast_head_json":{"title":"Estudo analisa como a desarruma\u00e7\u00e3o mental afeta decis\u00f5es di\u00e1rias - Portal Tela Portugal","robots":{"index":"index","follow":"follow","max-snippet":"max-snippet:-1","max-image-preview":"max-image-preview:large","max-video-preview":"max-video-preview:-1"},"og_locale":"pt_PT","og_type":"article","og_title":"Estudo analisa como a desarruma\u00e7\u00e3o mental afeta decis\u00f5es di\u00e1rias - Portal Tela Portugal","og_description":"O livro-sobressalto Quebra-Cabe\u00e7as junta o texto de Sandro William Junqueira e as ilustra\u00e7\u00f5es de Rachel Caiano, a apresentar-se ap\u00f3s Roda-Viva \u2013 A Menina e o C\u00edrculo. O projeto \u00e9 multidisciplinar: nasce do espect\u00e1culo de dan\u00e7a e estende-se a livro, oficina de desenho e movimento e exposi\u00e7\u00e3o. A obra aborda a desordem das cabe\u00e7as e a tentativa de organizar o mundo interior para influenciar o exterior. A linguagem gr\u00e1fica \u00e9 urbana, inspirada em Basquiat, graffiti e banda desenhada, e o texto abre a ideia de entrar na cabe\u00e7a de figuras como Basquiat, Einstein e na rela\u00e7\u00e3o com a pr\u00f3pria m\u00e3e. Neste s\u00e1bado, \u00e0s 11h, h\u00e1 uma oficina para fam\u00edlias na Casa do Jardim da Estrela, em Lisboa.","og_url":"https:\/\/portaltela.pt\/noticias\/2026\/02\/14\/estudo-analisa-como-a-desarrumacao-mental-afeta-decisoes-diarias\/","og_site_name":"Portal Tela Portugal","article_published_time":"2026-02-14T10:10:00+00:00","author":"Telinha","twitter_card":"summary_large_image","twitter_misc":{"Escrito por":"Telinha","Tempo estimado de leitura":"2 minutos"},"schema":{"@context":"https:\/\/schema.org","@graph":[{"@type":"Article","@id":"https:\/\/portaltela.pt\/noticias\/2026\/02\/14\/estudo-analisa-como-a-desarrumacao-mental-afeta-decisoes-diarias\/#article","isPartOf":{"@id":"https:\/\/portaltela.pt\/noticias\/2026\/02\/14\/estudo-analisa-como-a-desarrumacao-mental-afeta-decisoes-diarias\/"},"author":{"name":"Telinha","@id":"https:\/\/portaltela.pt\/#\/schema\/person\/c4278d4a6028830caff9ee44b42d32ed"},"headline":"Estudo analisa como a desarruma\u00e7\u00e3o mental afeta decis\u00f5es di\u00e1rias","datePublished":"2026-02-14T10:10:00+00:00","mainEntityOfPage":{"@id":"https:\/\/portaltela.pt\/noticias\/2026\/02\/14\/estudo-analisa-como-a-desarrumacao-mental-afeta-decisoes-diarias\/"},"wordCount":354,"image":{"@id":"https:\/\/portaltela.pt\/noticias\/2026\/02\/14\/estudo-analisa-como-a-desarrumacao-mental-afeta-decisoes-diarias\/#primaryimage"},"thumbnailUrl":"https:\/\/portaltela.pt\/s.01k8rhncp4jt1\/2026\/02\/2067236.jpg","keywords":["Arte Pl\u00e1stica","arte\/teatro","cultura","exposi\u00e7\u00f5es","livros","teatro"],"articleSection":["Not\u00edcias"],"inLanguage":"pt-PT"},{"@type":"WebPage","@id":"https:\/\/portaltela.pt\/noticias\/2026\/02\/14\/estudo-analisa-como-a-desarrumacao-mental-afeta-decisoes-diarias\/","url":"https:\/\/portaltela.pt\/noticias\/2026\/02\/14\/estudo-analisa-como-a-desarrumacao-mental-afeta-decisoes-diarias\/","name":"Estudo analisa como a desarruma\u00e7\u00e3o mental afeta decis\u00f5es di\u00e1rias - Portal Tela Portugal","isPartOf":{"@id":"https:\/\/portaltela.pt\/#website"},"primaryImageOfPage":{"@id":"https:\/\/portaltela.pt\/noticias\/2026\/02\/14\/estudo-analisa-como-a-desarrumacao-mental-afeta-decisoes-diarias\/#primaryimage"},"image":{"@id":"https:\/\/portaltela.pt\/noticias\/2026\/02\/14\/estudo-analisa-como-a-desarrumacao-mental-afeta-decisoes-diarias\/#primaryimage"},"thumbnailUrl":"https:\/\/portaltela.pt\/s.01k8rhncp4jt1\/2026\/02\/2067236.jpg","datePublished":"2026-02-14T10:10:00+00:00","author":{"@id":"https:\/\/portaltela.pt\/#\/schema\/person\/c4278d4a6028830caff9ee44b42d32ed"},"breadcrumb":{"@id":"https:\/\/portaltela.pt\/noticias\/2026\/02\/14\/estudo-analisa-como-a-desarrumacao-mental-afeta-decisoes-diarias\/#breadcrumb"},"inLanguage":"pt-PT","potentialAction":[{"@type":"ReadAction","target":["https:\/\/portaltela.pt\/noticias\/2026\/02\/14\/estudo-analisa-como-a-desarrumacao-mental-afeta-decisoes-diarias\/"]}]},{"@type":"ImageObject","inLanguage":"pt-PT","@id":"https:\/\/portaltela.pt\/noticias\/2026\/02\/14\/estudo-analisa-como-a-desarrumacao-mental-afeta-decisoes-diarias\/#primaryimage","url":"https:\/\/portaltela.pt\/s.01k8rhncp4jt1\/2026\/02\/2067236.jpg","contentUrl":"https:\/\/portaltela.pt\/s.01k8rhncp4jt1\/2026\/02\/2067236.jpg","width":796,"height":448,"caption":"Ilustra\u00e7\u00e3o da capa e contracapa de Quebra-Cabe\u00e7as, editado pela Caminho\/Leya"},{"@type":"BreadcrumbList","@id":"https:\/\/portaltela.pt\/noticias\/2026\/02\/14\/estudo-analisa-como-a-desarrumacao-mental-afeta-decisoes-diarias\/#breadcrumb","itemListElement":[{"@type":"ListItem","position":1,"name":"In\u00edcio","item":"https:\/\/portaltela.pt\/"},{"@type":"ListItem","position":2,"name":"Estudo analisa como a desarruma\u00e7\u00e3o mental afeta decis\u00f5es di\u00e1rias"}]},{"@type":"WebSite","@id":"https:\/\/portaltela.pt\/#website","url":"https:\/\/portaltela.pt\/","name":"Portal Tela Portugal","description":"","potentialAction":[{"@type":"SearchAction","target":{"@type":"EntryPoint","urlTemplate":"https:\/\/portaltela.pt\/?s={search_term_string}"},"query-input":{"@type":"PropertyValueSpecification","valueRequired":true,"valueName":"search_term_string"}}],"inLanguage":"pt-PT"},{"@type":"Person","@id":"https:\/\/portaltela.pt\/#\/schema\/person\/c4278d4a6028830caff9ee44b42d32ed","name":"Telinha","image":{"@type":"ImageObject","inLanguage":"pt-PT","@id":"https:\/\/portaltela.pt\/s.01k8rhncp4jt1\/2025\/11\/talking-bot-125x125.png","url":"https:\/\/portaltela.pt\/s.01k8rhncp4jt1\/2025\/11\/talking-bot-125x125.png","contentUrl":"https:\/\/portaltela.pt\/s.01k8rhncp4jt1\/2025\/11\/talking-bot-125x125.png","caption":"Telinha"},"sameAs":["https:\/\/portaltela.pt\/"],"url":"https:\/\/portaltela.pt\/por\/367410592786\/"}]}},"_links":{"self":[{"href":"https:\/\/portaltela.pt\/api\/wp\/v2\/posts\/212142","targetHints":{"allow":["GET"]}}],"collection":[{"href":"https:\/\/portaltela.pt\/api\/wp\/v2\/posts"}],"about":[{"href":"https:\/\/portaltela.pt\/api\/wp\/v2\/types\/post"}],"author":[{"embeddable":true,"href":"https:\/\/portaltela.pt\/api\/wp\/v2\/users\/2"}],"replies":[{"embeddable":true,"href":"https:\/\/portaltela.pt\/api\/wp\/v2\/comments?post=212142"}],"version-history":[{"count":0,"href":"https:\/\/portaltela.pt\/api\/wp\/v2\/posts\/212142\/revisions"}],"wp:featuredmedia":[{"embeddable":true,"href":"https:\/\/portaltela.pt\/api\/wp\/v2\/media\/212147"}],"wp:attachment":[{"href":"https:\/\/portaltela.pt\/api\/wp\/v2\/media?parent=212142"}],"wp:term":[{"taxonomy":"category","embeddable":true,"href":"https:\/\/portaltela.pt\/api\/wp\/v2\/categories?post=212142"},{"taxonomy":"post_tag","embeddable":true,"href":"https:\/\/portaltela.pt\/api\/wp\/v2\/tags?post=212142"}],"curies":[{"name":"wp","href":"https:\/\/api.w.org\/{rel}","templated":true}]}}