{"id":212139,"date":"2026-02-14T07:08:00","date_gmt":"2026-02-14T10:08:00","guid":{"rendered":"https:\/\/portaltela.pt\/noticias\/2026\/02\/14\/jeffrey-epstein-tentou-durante-anos-encontros-com-putin\/"},"modified":"2026-02-14T07:08:00","modified_gmt":"2026-02-14T10:08:00","slug":"jeffrey-epstein-tentou-durante-anos-encontros-com-putin","status":"publish","type":"post","link":"https:\/\/portaltela.pt\/noticias\/internacional\/2026\/02\/14\/jeffrey-epstein-tentou-durante-anos-encontros-com-putin\/","title":{"rendered":"Jeffrey Epstein tentou durante anos encontros com Putin"},"content":{"rendered":"<p>Jeffrey Epstein tentou, durante v\u00e1rios anos, marcar encontros com o presidente russo Vladimir Putin. N\u00e3o h\u00e1 confirma\u00e7\u00e3o p\u00fablica de que alguma reuni\u00e3o tenha acontecido nem onde ocorreria.<\/p>\n<p>A informa\u00e7\u00e3o foi recolhida pelo jornalista do Correio da Manh\u00e3 Jo\u00e3o Amaral Santos, que revelou que Putin \u00e9 citado mais de mil vezes nos documentos do caso Epstein. Ainda assim, n\u00e3o fica claro se houve algum contacto efetivo.<\/p>\n<p>Segundo a an\u00e1lise dispon\u00edvel, o objetivo de Epstein era manter encontros com o dirigente russo, mas n\u00e3o existem indic\u00edos p\u00fablicos de que tais encontros tenham ocorrido. A natureza das liga\u00e7\u00f5es permanece n\u00e3o verificada.<\/p>\n<p>Os documentos analisados n\u00e3o explicam as circunst\u00e2ncias ou a viabilidade de qualquer encontro entre Epstein e Putin, limitando-se, at\u00e9 ao momento, a refer\u00eancias indiretas ao interesse do convexador.<\/p>\n","protected":false},"excerpt":{"rendered":"<ul>\n<li>Jeffrey Epstein tentou durante v\u00e1rios anos ter encontros com o presidente russo, Vladimir Putin.<\/li>\n<li>O jornalista Jo\u00e3o Amaral Santos, do Correio da Manh\u00e3, afirma que o nome de Putin \u00e9 mencionado mais de mil vezes nos documentos do caso Epstein.<\/li>\n<li>N\u00e3o est\u00e1 claro se Epstein conseguiu, de facto, contactar Putin.<\/li>\n<li>A not\u00edcia real\u00e7a o volume de refer\u00eancias a Putin presentes nos documentos do caso.<\/li>\n<li>N\u00e3o h\u00e1 confirma\u00e7\u00e3o de qualquer contacto concreto entre Epstein e Putin.<\/li>\n<\/ul>\n","protected":false},"author":2,"featured_media":212140,"comment_status":"closed","ping_status":"closed","sticky":false,"template":"","format":"standard","meta":{"footnotes":""},"categories":[4,1],"tags":[2560,147,195,2343,27,3110],"class_list":["post-212139","post","type-post","status-publish","format-standard","has-post-thumbnail","hentry","category-internacional","category-noticias","tag-conspiracao-internacional","tag-crime","tag-informacao","tag-investigacao-internacional","tag-relacoes-internacionais","tag-russia"],"yoast_head":"<!-- This site is optimized with the Yoast SEO plugin v27.2 - https:\/\/yoast.com\/product\/yoast-seo-wordpress\/ -->\n<title>Jeffrey Epstein tentou durante anos encontros com Putin - Portal Tela Portugal<\/title>\n<meta name=\"robots\" content=\"index, follow, max-snippet:-1, max-image-preview:large, max-video-preview:-1\" \/>\n<meta property=\"og:locale\" content=\"pt_PT\" \/>\n<meta property=\"og:type\" content=\"article\" \/>\n<meta property=\"og:title\" content=\"Jeffrey Epstein tentou durante anos encontros com Putin - Portal Tela Portugal\" \/>\n<meta property=\"og:description\" content=\"Jeffrey Epstein tentou durante v\u00e1rios anos ter encontros com o presidente russo, Vladimir Putin. O jornalista Jo\u00e3o Amaral Santos, do Correio da Manh\u00e3, afirma que o nome de Putin \u00e9 mencionado mais de mil vezes nos documentos do caso Epstein. N\u00e3o est\u00e1 claro se Epstein conseguiu, de facto, contactar Putin. A not\u00edcia real\u00e7a o volume de refer\u00eancias a Putin presentes nos documentos do caso. N\u00e3o h\u00e1 confirma\u00e7\u00e3o de qualquer contacto concreto entre Epstein e Putin.\" \/>\n<meta property=\"og:url\" content=\"https:\/\/portaltela.pt\/noticias\/2026\/02\/14\/jeffrey-epstein-tentou-durante-anos-encontros-com-putin\/\" \/>\n<meta property=\"og:site_name\" content=\"Portal Tela Portugal\" \/>\n<meta property=\"article:published_time\" content=\"2026-02-14T10:08:00+00:00\" \/>\n<meta name=\"author\" content=\"Telinha\" \/>\n<meta name=\"twitter:card\" content=\"summary_large_image\" \/>\n<meta name=\"twitter:label1\" content=\"Escrito por\" \/>\n\t<meta name=\"twitter:data1\" content=\"Telinha\" \/>\n\t<meta name=\"twitter:label2\" content=\"Tempo estimado de leitura\" \/>\n\t<meta name=\"twitter:data2\" content=\"1 minuto\" \/>\n<script type=\"application\/ld+json\" class=\"yoast-schema-graph\">{\"@context\":\"https:\/\/schema.org\",\"@graph\":[{\"@type\":\"Article\",\"@id\":\"https:\/\/portaltela.pt\/noticias\/2026\/02\/14\/jeffrey-epstein-tentou-durante-anos-encontros-com-putin\/#article\",\"isPartOf\":{\"@id\":\"https:\/\/portaltela.pt\/noticias\/2026\/02\/14\/jeffrey-epstein-tentou-durante-anos-encontros-com-putin\/\"},\"author\":{\"name\":\"Telinha\",\"@id\":\"https:\/\/portaltela.pt\/#\/schema\/person\/c4278d4a6028830caff9ee44b42d32ed\"},\"headline\":\"Jeffrey Epstein tentou durante anos encontros com Putin\",\"datePublished\":\"2026-02-14T10:08:00+00:00\",\"mainEntityOfPage\":{\"@id\":\"https:\/\/portaltela.pt\/noticias\/2026\/02\/14\/jeffrey-epstein-tentou-durante-anos-encontros-com-putin\/\"},\"wordCount\":151,\"image\":{\"@id\":\"https:\/\/portaltela.pt\/noticias\/2026\/02\/14\/jeffrey-epstein-tentou-durante-anos-encontros-com-putin\/#primaryimage\"},\"thumbnailUrl\":\"https:\/\/portaltela.pt\/s.01k8rhncp4jt1\/2026\/02\/img_1280x722uu2026-02-13-15-06-12-2266690-im-639066606140397364.jpg\",\"keywords\":[\"conspira\u00e7\u00e3o internacional\",\"crime\",\"informa\u00e7\u00e3o\",\"investiga\u00e7\u00e3o internacional\",\"rela\u00e7\u00f5es internacionais\",\"R\u00fassia\"],\"articleSection\":[\"Internacional\",\"Not\u00edcias\"],\"inLanguage\":\"pt-PT\"},{\"@type\":\"WebPage\",\"@id\":\"https:\/\/portaltela.pt\/noticias\/2026\/02\/14\/jeffrey-epstein-tentou-durante-anos-encontros-com-putin\/\",\"url\":\"https:\/\/portaltela.pt\/noticias\/2026\/02\/14\/jeffrey-epstein-tentou-durante-anos-encontros-com-putin\/\",\"name\":\"Jeffrey Epstein tentou durante anos encontros com Putin - Portal Tela Portugal\",\"isPartOf\":{\"@id\":\"https:\/\/portaltela.pt\/#website\"},\"primaryImageOfPage\":{\"@id\":\"https:\/\/portaltela.pt\/noticias\/2026\/02\/14\/jeffrey-epstein-tentou-durante-anos-encontros-com-putin\/#primaryimage\"},\"image\":{\"@id\":\"https:\/\/portaltela.pt\/noticias\/2026\/02\/14\/jeffrey-epstein-tentou-durante-anos-encontros-com-putin\/#primaryimage\"},\"thumbnailUrl\":\"https:\/\/portaltela.pt\/s.01k8rhncp4jt1\/2026\/02\/img_1280x722uu2026-02-13-15-06-12-2266690-im-639066606140397364.jpg\",\"datePublished\":\"2026-02-14T10:08:00+00:00\",\"author\":{\"@id\":\"https:\/\/portaltela.pt\/#\/schema\/person\/c4278d4a6028830caff9ee44b42d32ed\"},\"breadcrumb\":{\"@id\":\"https:\/\/portaltela.pt\/noticias\/2026\/02\/14\/jeffrey-epstein-tentou-durante-anos-encontros-com-putin\/#breadcrumb\"},\"inLanguage\":\"pt-PT\",\"potentialAction\":[{\"@type\":\"ReadAction\",\"target\":[\"https:\/\/portaltela.pt\/noticias\/2026\/02\/14\/jeffrey-epstein-tentou-durante-anos-encontros-com-putin\/\"]}]},{\"@type\":\"ImageObject\",\"inLanguage\":\"pt-PT\",\"@id\":\"https:\/\/portaltela.pt\/noticias\/2026\/02\/14\/jeffrey-epstein-tentou-durante-anos-encontros-com-putin\/#primaryimage\",\"url\":\"https:\/\/portaltela.pt\/s.01k8rhncp4jt1\/2026\/02\/img_1280x722uu2026-02-13-15-06-12-2266690-im-639066606140397364.jpg\",\"contentUrl\":\"https:\/\/portaltela.pt\/s.01k8rhncp4jt1\/2026\/02\/img_1280x722uu2026-02-13-15-06-12-2266690-im-639066606140397364.jpg\",\"width\":796,\"height\":448,\"caption\":\"Capa do jornal\"},{\"@type\":\"BreadcrumbList\",\"@id\":\"https:\/\/portaltela.pt\/noticias\/2026\/02\/14\/jeffrey-epstein-tentou-durante-anos-encontros-com-putin\/#breadcrumb\",\"itemListElement\":[{\"@type\":\"ListItem\",\"position\":1,\"name\":\"In\u00edcio\",\"item\":\"https:\/\/portaltela.pt\/\"},{\"@type\":\"ListItem\",\"position\":2,\"name\":\"Jeffrey Epstein tentou durante anos encontros com Putin\"}]},{\"@type\":\"WebSite\",\"@id\":\"https:\/\/portaltela.pt\/#website\",\"url\":\"https:\/\/portaltela.pt\/\",\"name\":\"Portal Tela Portugal\",\"description\":\"\",\"potentialAction\":[{\"@type\":\"SearchAction\",\"target\":{\"@type\":\"EntryPoint\",\"urlTemplate\":\"https:\/\/portaltela.pt\/?s={search_term_string}\"},\"query-input\":{\"@type\":\"PropertyValueSpecification\",\"valueRequired\":true,\"valueName\":\"search_term_string\"}}],\"inLanguage\":\"pt-PT\"},{\"@type\":\"Person\",\"@id\":\"https:\/\/portaltela.pt\/#\/schema\/person\/c4278d4a6028830caff9ee44b42d32ed\",\"name\":\"Telinha\",\"image\":{\"@type\":\"ImageObject\",\"inLanguage\":\"pt-PT\",\"@id\":\"https:\/\/portaltela.pt\/s.01k8rhncp4jt1\/2025\/11\/talking-bot-125x125.png\",\"url\":\"https:\/\/portaltela.pt\/s.01k8rhncp4jt1\/2025\/11\/talking-bot-125x125.png\",\"contentUrl\":\"https:\/\/portaltela.pt\/s.01k8rhncp4jt1\/2025\/11\/talking-bot-125x125.png\",\"caption\":\"Telinha\"},\"sameAs\":[\"https:\/\/portaltela.pt\/\"],\"url\":\"https:\/\/portaltela.pt\/por\/367410592786\/\"}]}<\/script>\n<!-- \/ Yoast SEO plugin. -->","yoast_head_json":{"title":"Jeffrey Epstein tentou durante anos encontros com Putin - Portal Tela Portugal","robots":{"index":"index","follow":"follow","max-snippet":"max-snippet:-1","max-image-preview":"max-image-preview:large","max-video-preview":"max-video-preview:-1"},"og_locale":"pt_PT","og_type":"article","og_title":"Jeffrey Epstein tentou durante anos encontros com Putin - Portal Tela Portugal","og_description":"Jeffrey Epstein tentou durante v\u00e1rios anos ter encontros com o presidente russo, Vladimir Putin. O jornalista Jo\u00e3o Amaral Santos, do Correio da Manh\u00e3, afirma que o nome de Putin \u00e9 mencionado mais de mil vezes nos documentos do caso Epstein. N\u00e3o est\u00e1 claro se Epstein conseguiu, de facto, contactar Putin. A not\u00edcia real\u00e7a o volume de refer\u00eancias a Putin presentes nos documentos do caso. N\u00e3o h\u00e1 confirma\u00e7\u00e3o de qualquer contacto concreto entre Epstein e Putin.","og_url":"https:\/\/portaltela.pt\/noticias\/2026\/02\/14\/jeffrey-epstein-tentou-durante-anos-encontros-com-putin\/","og_site_name":"Portal Tela Portugal","article_published_time":"2026-02-14T10:08:00+00:00","author":"Telinha","twitter_card":"summary_large_image","twitter_misc":{"Escrito por":"Telinha","Tempo estimado de leitura":"1 minuto"},"schema":{"@context":"https:\/\/schema.org","@graph":[{"@type":"Article","@id":"https:\/\/portaltela.pt\/noticias\/2026\/02\/14\/jeffrey-epstein-tentou-durante-anos-encontros-com-putin\/#article","isPartOf":{"@id":"https:\/\/portaltela.pt\/noticias\/2026\/02\/14\/jeffrey-epstein-tentou-durante-anos-encontros-com-putin\/"},"author":{"name":"Telinha","@id":"https:\/\/portaltela.pt\/#\/schema\/person\/c4278d4a6028830caff9ee44b42d32ed"},"headline":"Jeffrey Epstein tentou durante anos encontros com Putin","datePublished":"2026-02-14T10:08:00+00:00","mainEntityOfPage":{"@id":"https:\/\/portaltela.pt\/noticias\/2026\/02\/14\/jeffrey-epstein-tentou-durante-anos-encontros-com-putin\/"},"wordCount":151,"image":{"@id":"https:\/\/portaltela.pt\/noticias\/2026\/02\/14\/jeffrey-epstein-tentou-durante-anos-encontros-com-putin\/#primaryimage"},"thumbnailUrl":"https:\/\/portaltela.pt\/s.01k8rhncp4jt1\/2026\/02\/img_1280x722uu2026-02-13-15-06-12-2266690-im-639066606140397364.jpg","keywords":["conspira\u00e7\u00e3o internacional","crime","informa\u00e7\u00e3o","investiga\u00e7\u00e3o internacional","rela\u00e7\u00f5es internacionais","R\u00fassia"],"articleSection":["Internacional","Not\u00edcias"],"inLanguage":"pt-PT"},{"@type":"WebPage","@id":"https:\/\/portaltela.pt\/noticias\/2026\/02\/14\/jeffrey-epstein-tentou-durante-anos-encontros-com-putin\/","url":"https:\/\/portaltela.pt\/noticias\/2026\/02\/14\/jeffrey-epstein-tentou-durante-anos-encontros-com-putin\/","name":"Jeffrey Epstein tentou durante anos encontros com Putin - Portal Tela Portugal","isPartOf":{"@id":"https:\/\/portaltela.pt\/#website"},"primaryImageOfPage":{"@id":"https:\/\/portaltela.pt\/noticias\/2026\/02\/14\/jeffrey-epstein-tentou-durante-anos-encontros-com-putin\/#primaryimage"},"image":{"@id":"https:\/\/portaltela.pt\/noticias\/2026\/02\/14\/jeffrey-epstein-tentou-durante-anos-encontros-com-putin\/#primaryimage"},"thumbnailUrl":"https:\/\/portaltela.pt\/s.01k8rhncp4jt1\/2026\/02\/img_1280x722uu2026-02-13-15-06-12-2266690-im-639066606140397364.jpg","datePublished":"2026-02-14T10:08:00+00:00","author":{"@id":"https:\/\/portaltela.pt\/#\/schema\/person\/c4278d4a6028830caff9ee44b42d32ed"},"breadcrumb":{"@id":"https:\/\/portaltela.pt\/noticias\/2026\/02\/14\/jeffrey-epstein-tentou-durante-anos-encontros-com-putin\/#breadcrumb"},"inLanguage":"pt-PT","potentialAction":[{"@type":"ReadAction","target":["https:\/\/portaltela.pt\/noticias\/2026\/02\/14\/jeffrey-epstein-tentou-durante-anos-encontros-com-putin\/"]}]},{"@type":"ImageObject","inLanguage":"pt-PT","@id":"https:\/\/portaltela.pt\/noticias\/2026\/02\/14\/jeffrey-epstein-tentou-durante-anos-encontros-com-putin\/#primaryimage","url":"https:\/\/portaltela.pt\/s.01k8rhncp4jt1\/2026\/02\/img_1280x722uu2026-02-13-15-06-12-2266690-im-639066606140397364.jpg","contentUrl":"https:\/\/portaltela.pt\/s.01k8rhncp4jt1\/2026\/02\/img_1280x722uu2026-02-13-15-06-12-2266690-im-639066606140397364.jpg","width":796,"height":448,"caption":"Capa do jornal"},{"@type":"BreadcrumbList","@id":"https:\/\/portaltela.pt\/noticias\/2026\/02\/14\/jeffrey-epstein-tentou-durante-anos-encontros-com-putin\/#breadcrumb","itemListElement":[{"@type":"ListItem","position":1,"name":"In\u00edcio","item":"https:\/\/portaltela.pt\/"},{"@type":"ListItem","position":2,"name":"Jeffrey Epstein tentou durante anos encontros com Putin"}]},{"@type":"WebSite","@id":"https:\/\/portaltela.pt\/#website","url":"https:\/\/portaltela.pt\/","name":"Portal Tela Portugal","description":"","potentialAction":[{"@type":"SearchAction","target":{"@type":"EntryPoint","urlTemplate":"https:\/\/portaltela.pt\/?s={search_term_string}"},"query-input":{"@type":"PropertyValueSpecification","valueRequired":true,"valueName":"search_term_string"}}],"inLanguage":"pt-PT"},{"@type":"Person","@id":"https:\/\/portaltela.pt\/#\/schema\/person\/c4278d4a6028830caff9ee44b42d32ed","name":"Telinha","image":{"@type":"ImageObject","inLanguage":"pt-PT","@id":"https:\/\/portaltela.pt\/s.01k8rhncp4jt1\/2025\/11\/talking-bot-125x125.png","url":"https:\/\/portaltela.pt\/s.01k8rhncp4jt1\/2025\/11\/talking-bot-125x125.png","contentUrl":"https:\/\/portaltela.pt\/s.01k8rhncp4jt1\/2025\/11\/talking-bot-125x125.png","caption":"Telinha"},"sameAs":["https:\/\/portaltela.pt\/"],"url":"https:\/\/portaltela.pt\/por\/367410592786\/"}]}},"_links":{"self":[{"href":"https:\/\/portaltela.pt\/api\/wp\/v2\/posts\/212139","targetHints":{"allow":["GET"]}}],"collection":[{"href":"https:\/\/portaltela.pt\/api\/wp\/v2\/posts"}],"about":[{"href":"https:\/\/portaltela.pt\/api\/wp\/v2\/types\/post"}],"author":[{"embeddable":true,"href":"https:\/\/portaltela.pt\/api\/wp\/v2\/users\/2"}],"replies":[{"embeddable":true,"href":"https:\/\/portaltela.pt\/api\/wp\/v2\/comments?post=212139"}],"version-history":[{"count":0,"href":"https:\/\/portaltela.pt\/api\/wp\/v2\/posts\/212139\/revisions"}],"wp:featuredmedia":[{"embeddable":true,"href":"https:\/\/portaltela.pt\/api\/wp\/v2\/media\/212140"}],"wp:attachment":[{"href":"https:\/\/portaltela.pt\/api\/wp\/v2\/media?parent=212139"}],"wp:term":[{"taxonomy":"category","embeddable":true,"href":"https:\/\/portaltela.pt\/api\/wp\/v2\/categories?post=212139"},{"taxonomy":"post_tag","embeddable":true,"href":"https:\/\/portaltela.pt\/api\/wp\/v2\/tags?post=212139"}],"curies":[{"name":"wp","href":"https:\/\/api.w.org\/{rel}","templated":true}]}}