{"id":212116,"date":"2026-02-14T07:00:00","date_gmt":"2026-02-14T10:00:00","guid":{"rendered":"https:\/\/portaltela.pt\/noticias\/2026\/02\/14\/cristina-ferreira-recorda-encontro-com-joao-monteiro-amor-da-vida\/"},"modified":"2026-02-14T07:00:00","modified_gmt":"2026-02-14T10:00:00","slug":"cristina-ferreira-recorda-encontro-com-joao-monteiro-amor-da-vida","status":"publish","type":"post","link":"https:\/\/portaltela.pt\/noticias\/2026\/02\/14\/cristina-ferreira-recorda-encontro-com-joao-monteiro-amor-da-vida\/","title":{"rendered":"Cristina Ferreira recorda encontro com Jo\u00e3o Monteiro, amor da vida"},"content":{"rendered":"<p>Cristina Ferreira recordou, em direto, como conheceu Jo\u00e3o Monteiro durante o reality show que a tornou famosa. A apresentadora mencionou o envolvimento de Francisco Monteiro e Marcia Soares, ex-concorrentes do Big Brother 2023, em uma conversa no programa Dois \u00e0s 10, da TVI.<\/p>\n<p>O momento ocorreu numa emiss\u00e3o de 13 de fevereiro, com Cristina Ferreira e Cl\u00e1udio Ramos. Os dois ex-participantes do reality show reapareceram em conjunto, ap\u00f3s a separa\u00e7\u00e3o de Francisco Monteiro e B\u00e1rbara Parada, e falaram sobre a atual rela\u00e7\u00e3o.<\/p>\n<p>Durante o di\u00e1logo, Marcia Soares brincou com a possibilidade de assumir um namoro apenas se a apresentadora aceitasse ser madrinha de um eventual beb\u00e9. Cristina Ferreira aproveitou para tocar em Jo\u00e3o Monteiro, referindo que o reality trouxe tamb\u00e9m o amor da sua vida.<\/p>\n<h3>Liga\u00e7\u00f5es entre figuras p\u00fablicas<\/h3>\n<p>A conversa destacou as liga\u00e7\u00f5es entre antigos concorrentes do Big Brother e os seus desdobramentos nas redes sociais. A Kualidade do momento refor\u00e7ou o interesse p\u00fablico sobre os relacionamentos entre figuras da televis\u00e3o e da ind\u00fastria do entretenimento em Portugal.<\/p>\n","protected":false},"excerpt":{"rendered":"<ul>\n<li>Cristina Ferreira recordou em direto como encontrou Jo\u00e3o Monteiro, o namorado, durante o programa &#8216;Dois \u00e0s 10&#8217;, da TVI.<\/li>\n<li>Francisco Monteiro e Marcia Soares voltaram a surgir juntos na televis\u00e3o, numa conversa com Cristina Ferreira e Cl\u00e1udio Ramos sobre a rela\u00e7\u00e3o entre os ex-concorrentes do Big Brother 2023.<\/li>\n<li>O casal, que ficou conhecido nas redes sociais, afastou-se no passado e reaproximou-se ap\u00f3s a separa\u00e7\u00e3o de Francisco e B\u00e1rbara Parada.<\/li>\n<li>Marcia Soares brincou que s\u00f3 assumiria o namoro se Cristina Ferreira fosse madrinha de um eventual beb\u00e9.<\/li>\n<li>Cristina Ferreira comentou, sorrindo, que tamb\u00e9m foi o reality que lhe trouxe o amor da vida, ao responder \u00e0 brincadeira sobre Jo\u00e3o Monteiro.<\/li>\n<\/ul>\n","protected":false},"author":2,"featured_media":212118,"comment_status":"closed","ping_status":"closed","sticky":false,"template":"","format":"standard","meta":{"footnotes":""},"categories":[12,1],"tags":[5361,76,5613,78,5661],"class_list":["post-212116","post","type-post","status-publish","format-standard","has-post-thumbnail","hentry","category-entretenimento","category-noticias","tag-a-familia","tag-celebridades","tag-cristina-ferreira","tag-famosos","tag-pessoas-publicas"],"yoast_head":"<!-- This site is optimized with the Yoast SEO plugin v27.2 - https:\/\/yoast.com\/product\/yoast-seo-wordpress\/ -->\n<title>Cristina Ferreira recorda encontro com Jo\u00e3o Monteiro, amor da vida - Portal Tela Portugal<\/title>\n<meta name=\"robots\" content=\"index, follow, max-snippet:-1, max-image-preview:large, max-video-preview:-1\" \/>\n<meta property=\"og:locale\" content=\"pt_PT\" \/>\n<meta property=\"og:type\" content=\"article\" \/>\n<meta property=\"og:title\" content=\"Cristina Ferreira recorda encontro com Jo\u00e3o Monteiro, amor da vida - Portal Tela Portugal\" \/>\n<meta property=\"og:description\" content=\"Cristina Ferreira recordou em direto como encontrou Jo\u00e3o Monteiro, o namorado, durante o programa &#039;Dois \u00e0s 10&#039;, da TVI. Francisco Monteiro e Marcia Soares voltaram a surgir juntos na televis\u00e3o, numa conversa com Cristina Ferreira e Cl\u00e1udio Ramos sobre a rela\u00e7\u00e3o entre os ex-concorrentes do Big Brother 2023. O casal, que ficou conhecido nas redes sociais, afastou-se no passado e reaproximou-se ap\u00f3s a separa\u00e7\u00e3o de Francisco e B\u00e1rbara Parada. Marcia Soares brincou que s\u00f3 assumiria o namoro se Cristina Ferreira fosse madrinha de um eventual beb\u00e9. Cristina Ferreira comentou, sorrindo, que tamb\u00e9m foi o reality que lhe trouxe o amor da vida, ao responder \u00e0 brincadeira sobre Jo\u00e3o Monteiro.\" \/>\n<meta property=\"og:url\" content=\"https:\/\/portaltela.pt\/noticias\/2026\/02\/14\/cristina-ferreira-recorda-encontro-com-joao-monteiro-amor-da-vida\/\" \/>\n<meta property=\"og:site_name\" content=\"Portal Tela Portugal\" \/>\n<meta property=\"article:published_time\" content=\"2026-02-14T10:00:00+00:00\" \/>\n<meta name=\"author\" content=\"Telinha\" \/>\n<meta name=\"twitter:card\" content=\"summary_large_image\" \/>\n<meta name=\"twitter:label1\" content=\"Escrito por\" \/>\n\t<meta name=\"twitter:data1\" content=\"Telinha\" \/>\n\t<meta name=\"twitter:label2\" content=\"Tempo estimado de leitura\" \/>\n\t<meta name=\"twitter:data2\" content=\"1 minuto\" \/>\n<script type=\"application\/ld+json\" class=\"yoast-schema-graph\">{\"@context\":\"https:\/\/schema.org\",\"@graph\":[{\"@type\":\"Article\",\"@id\":\"https:\/\/portaltela.pt\/noticias\/2026\/02\/14\/cristina-ferreira-recorda-encontro-com-joao-monteiro-amor-da-vida\/#article\",\"isPartOf\":{\"@id\":\"https:\/\/portaltela.pt\/noticias\/2026\/02\/14\/cristina-ferreira-recorda-encontro-com-joao-monteiro-amor-da-vida\/\"},\"author\":{\"name\":\"Telinha\",\"@id\":\"https:\/\/portaltela.pt\/#\/schema\/person\/c4278d4a6028830caff9ee44b42d32ed\"},\"headline\":\"Cristina Ferreira recorda encontro com Jo\u00e3o Monteiro, amor da vida\",\"datePublished\":\"2026-02-14T10:00:00+00:00\",\"mainEntityOfPage\":{\"@id\":\"https:\/\/portaltela.pt\/noticias\/2026\/02\/14\/cristina-ferreira-recorda-encontro-com-joao-monteiro-amor-da-vida\/\"},\"wordCount\":194,\"image\":{\"@id\":\"https:\/\/portaltela.pt\/noticias\/2026\/02\/14\/cristina-ferreira-recorda-encontro-com-joao-monteiro-amor-da-vida\/#primaryimage\"},\"thumbnailUrl\":\"https:\/\/portaltela.pt\/s.01k8rhncp4jt1\/2026\/02\/img_1280x718uu2025-11-14-15-22-58-2248258-im-639035582681704966.jpg\",\"keywords\":[\"A fam\u00edlia\",\"celebridades\",\"Cristina Ferreira\",\"famosos\",\"pessoas p\u00fablicas\"],\"articleSection\":[\"Entretenimento\",\"Not\u00edcias\"],\"inLanguage\":\"pt-PT\"},{\"@type\":\"WebPage\",\"@id\":\"https:\/\/portaltela.pt\/noticias\/2026\/02\/14\/cristina-ferreira-recorda-encontro-com-joao-monteiro-amor-da-vida\/\",\"url\":\"https:\/\/portaltela.pt\/noticias\/2026\/02\/14\/cristina-ferreira-recorda-encontro-com-joao-monteiro-amor-da-vida\/\",\"name\":\"Cristina Ferreira recorda encontro com Jo\u00e3o Monteiro, amor da vida - Portal Tela Portugal\",\"isPartOf\":{\"@id\":\"https:\/\/portaltela.pt\/#website\"},\"primaryImageOfPage\":{\"@id\":\"https:\/\/portaltela.pt\/noticias\/2026\/02\/14\/cristina-ferreira-recorda-encontro-com-joao-monteiro-amor-da-vida\/#primaryimage\"},\"image\":{\"@id\":\"https:\/\/portaltela.pt\/noticias\/2026\/02\/14\/cristina-ferreira-recorda-encontro-com-joao-monteiro-amor-da-vida\/#primaryimage\"},\"thumbnailUrl\":\"https:\/\/portaltela.pt\/s.01k8rhncp4jt1\/2026\/02\/img_1280x718uu2025-11-14-15-22-58-2248258-im-639035582681704966.jpg\",\"datePublished\":\"2026-02-14T10:00:00+00:00\",\"author\":{\"@id\":\"https:\/\/portaltela.pt\/#\/schema\/person\/c4278d4a6028830caff9ee44b42d32ed\"},\"breadcrumb\":{\"@id\":\"https:\/\/portaltela.pt\/noticias\/2026\/02\/14\/cristina-ferreira-recorda-encontro-com-joao-monteiro-amor-da-vida\/#breadcrumb\"},\"inLanguage\":\"pt-PT\",\"potentialAction\":[{\"@type\":\"ReadAction\",\"target\":[\"https:\/\/portaltela.pt\/noticias\/2026\/02\/14\/cristina-ferreira-recorda-encontro-com-joao-monteiro-amor-da-vida\/\"]}]},{\"@type\":\"ImageObject\",\"inLanguage\":\"pt-PT\",\"@id\":\"https:\/\/portaltela.pt\/noticias\/2026\/02\/14\/cristina-ferreira-recorda-encontro-com-joao-monteiro-amor-da-vida\/#primaryimage\",\"url\":\"https:\/\/portaltela.pt\/s.01k8rhncp4jt1\/2026\/02\/img_1280x718uu2025-11-14-15-22-58-2248258-im-639035582681704966.jpg\",\"contentUrl\":\"https:\/\/portaltela.pt\/s.01k8rhncp4jt1\/2026\/02\/img_1280x718uu2025-11-14-15-22-58-2248258-im-639035582681704966.jpg\",\"width\":796,\"height\":448,\"caption\":\"Cristina Ferreira e Jo\u00e3o Monteiro.jpeg\"},{\"@type\":\"BreadcrumbList\",\"@id\":\"https:\/\/portaltela.pt\/noticias\/2026\/02\/14\/cristina-ferreira-recorda-encontro-com-joao-monteiro-amor-da-vida\/#breadcrumb\",\"itemListElement\":[{\"@type\":\"ListItem\",\"position\":1,\"name\":\"In\u00edcio\",\"item\":\"https:\/\/portaltela.pt\/\"},{\"@type\":\"ListItem\",\"position\":2,\"name\":\"Cristina Ferreira recorda encontro com Jo\u00e3o Monteiro, amor da vida\"}]},{\"@type\":\"WebSite\",\"@id\":\"https:\/\/portaltela.pt\/#website\",\"url\":\"https:\/\/portaltela.pt\/\",\"name\":\"Portal Tela Portugal\",\"description\":\"\",\"potentialAction\":[{\"@type\":\"SearchAction\",\"target\":{\"@type\":\"EntryPoint\",\"urlTemplate\":\"https:\/\/portaltela.pt\/?s={search_term_string}\"},\"query-input\":{\"@type\":\"PropertyValueSpecification\",\"valueRequired\":true,\"valueName\":\"search_term_string\"}}],\"inLanguage\":\"pt-PT\"},{\"@type\":\"Person\",\"@id\":\"https:\/\/portaltela.pt\/#\/schema\/person\/c4278d4a6028830caff9ee44b42d32ed\",\"name\":\"Telinha\",\"image\":{\"@type\":\"ImageObject\",\"inLanguage\":\"pt-PT\",\"@id\":\"https:\/\/portaltela.pt\/s.01k8rhncp4jt1\/2025\/11\/talking-bot-125x125.png\",\"url\":\"https:\/\/portaltela.pt\/s.01k8rhncp4jt1\/2025\/11\/talking-bot-125x125.png\",\"contentUrl\":\"https:\/\/portaltela.pt\/s.01k8rhncp4jt1\/2025\/11\/talking-bot-125x125.png\",\"caption\":\"Telinha\"},\"sameAs\":[\"https:\/\/portaltela.pt\/\"],\"url\":\"https:\/\/portaltela.pt\/por\/367410592786\/\"}]}<\/script>\n<!-- \/ Yoast SEO plugin. -->","yoast_head_json":{"title":"Cristina Ferreira recorda encontro com Jo\u00e3o Monteiro, amor da vida - Portal Tela Portugal","robots":{"index":"index","follow":"follow","max-snippet":"max-snippet:-1","max-image-preview":"max-image-preview:large","max-video-preview":"max-video-preview:-1"},"og_locale":"pt_PT","og_type":"article","og_title":"Cristina Ferreira recorda encontro com Jo\u00e3o Monteiro, amor da vida - Portal Tela Portugal","og_description":"Cristina Ferreira recordou em direto como encontrou Jo\u00e3o Monteiro, o namorado, durante o programa 'Dois \u00e0s 10', da TVI. Francisco Monteiro e Marcia Soares voltaram a surgir juntos na televis\u00e3o, numa conversa com Cristina Ferreira e Cl\u00e1udio Ramos sobre a rela\u00e7\u00e3o entre os ex-concorrentes do Big Brother 2023. O casal, que ficou conhecido nas redes sociais, afastou-se no passado e reaproximou-se ap\u00f3s a separa\u00e7\u00e3o de Francisco e B\u00e1rbara Parada. Marcia Soares brincou que s\u00f3 assumiria o namoro se Cristina Ferreira fosse madrinha de um eventual beb\u00e9. Cristina Ferreira comentou, sorrindo, que tamb\u00e9m foi o reality que lhe trouxe o amor da vida, ao responder \u00e0 brincadeira sobre Jo\u00e3o Monteiro.","og_url":"https:\/\/portaltela.pt\/noticias\/2026\/02\/14\/cristina-ferreira-recorda-encontro-com-joao-monteiro-amor-da-vida\/","og_site_name":"Portal Tela Portugal","article_published_time":"2026-02-14T10:00:00+00:00","author":"Telinha","twitter_card":"summary_large_image","twitter_misc":{"Escrito por":"Telinha","Tempo estimado de leitura":"1 minuto"},"schema":{"@context":"https:\/\/schema.org","@graph":[{"@type":"Article","@id":"https:\/\/portaltela.pt\/noticias\/2026\/02\/14\/cristina-ferreira-recorda-encontro-com-joao-monteiro-amor-da-vida\/#article","isPartOf":{"@id":"https:\/\/portaltela.pt\/noticias\/2026\/02\/14\/cristina-ferreira-recorda-encontro-com-joao-monteiro-amor-da-vida\/"},"author":{"name":"Telinha","@id":"https:\/\/portaltela.pt\/#\/schema\/person\/c4278d4a6028830caff9ee44b42d32ed"},"headline":"Cristina Ferreira recorda encontro com Jo\u00e3o Monteiro, amor da vida","datePublished":"2026-02-14T10:00:00+00:00","mainEntityOfPage":{"@id":"https:\/\/portaltela.pt\/noticias\/2026\/02\/14\/cristina-ferreira-recorda-encontro-com-joao-monteiro-amor-da-vida\/"},"wordCount":194,"image":{"@id":"https:\/\/portaltela.pt\/noticias\/2026\/02\/14\/cristina-ferreira-recorda-encontro-com-joao-monteiro-amor-da-vida\/#primaryimage"},"thumbnailUrl":"https:\/\/portaltela.pt\/s.01k8rhncp4jt1\/2026\/02\/img_1280x718uu2025-11-14-15-22-58-2248258-im-639035582681704966.jpg","keywords":["A fam\u00edlia","celebridades","Cristina Ferreira","famosos","pessoas p\u00fablicas"],"articleSection":["Entretenimento","Not\u00edcias"],"inLanguage":"pt-PT"},{"@type":"WebPage","@id":"https:\/\/portaltela.pt\/noticias\/2026\/02\/14\/cristina-ferreira-recorda-encontro-com-joao-monteiro-amor-da-vida\/","url":"https:\/\/portaltela.pt\/noticias\/2026\/02\/14\/cristina-ferreira-recorda-encontro-com-joao-monteiro-amor-da-vida\/","name":"Cristina Ferreira recorda encontro com Jo\u00e3o Monteiro, amor da vida - Portal Tela Portugal","isPartOf":{"@id":"https:\/\/portaltela.pt\/#website"},"primaryImageOfPage":{"@id":"https:\/\/portaltela.pt\/noticias\/2026\/02\/14\/cristina-ferreira-recorda-encontro-com-joao-monteiro-amor-da-vida\/#primaryimage"},"image":{"@id":"https:\/\/portaltela.pt\/noticias\/2026\/02\/14\/cristina-ferreira-recorda-encontro-com-joao-monteiro-amor-da-vida\/#primaryimage"},"thumbnailUrl":"https:\/\/portaltela.pt\/s.01k8rhncp4jt1\/2026\/02\/img_1280x718uu2025-11-14-15-22-58-2248258-im-639035582681704966.jpg","datePublished":"2026-02-14T10:00:00+00:00","author":{"@id":"https:\/\/portaltela.pt\/#\/schema\/person\/c4278d4a6028830caff9ee44b42d32ed"},"breadcrumb":{"@id":"https:\/\/portaltela.pt\/noticias\/2026\/02\/14\/cristina-ferreira-recorda-encontro-com-joao-monteiro-amor-da-vida\/#breadcrumb"},"inLanguage":"pt-PT","potentialAction":[{"@type":"ReadAction","target":["https:\/\/portaltela.pt\/noticias\/2026\/02\/14\/cristina-ferreira-recorda-encontro-com-joao-monteiro-amor-da-vida\/"]}]},{"@type":"ImageObject","inLanguage":"pt-PT","@id":"https:\/\/portaltela.pt\/noticias\/2026\/02\/14\/cristina-ferreira-recorda-encontro-com-joao-monteiro-amor-da-vida\/#primaryimage","url":"https:\/\/portaltela.pt\/s.01k8rhncp4jt1\/2026\/02\/img_1280x718uu2025-11-14-15-22-58-2248258-im-639035582681704966.jpg","contentUrl":"https:\/\/portaltela.pt\/s.01k8rhncp4jt1\/2026\/02\/img_1280x718uu2025-11-14-15-22-58-2248258-im-639035582681704966.jpg","width":796,"height":448,"caption":"Cristina Ferreira e Jo\u00e3o Monteiro.jpeg"},{"@type":"BreadcrumbList","@id":"https:\/\/portaltela.pt\/noticias\/2026\/02\/14\/cristina-ferreira-recorda-encontro-com-joao-monteiro-amor-da-vida\/#breadcrumb","itemListElement":[{"@type":"ListItem","position":1,"name":"In\u00edcio","item":"https:\/\/portaltela.pt\/"},{"@type":"ListItem","position":2,"name":"Cristina Ferreira recorda encontro com Jo\u00e3o Monteiro, amor da vida"}]},{"@type":"WebSite","@id":"https:\/\/portaltela.pt\/#website","url":"https:\/\/portaltela.pt\/","name":"Portal Tela Portugal","description":"","potentialAction":[{"@type":"SearchAction","target":{"@type":"EntryPoint","urlTemplate":"https:\/\/portaltela.pt\/?s={search_term_string}"},"query-input":{"@type":"PropertyValueSpecification","valueRequired":true,"valueName":"search_term_string"}}],"inLanguage":"pt-PT"},{"@type":"Person","@id":"https:\/\/portaltela.pt\/#\/schema\/person\/c4278d4a6028830caff9ee44b42d32ed","name":"Telinha","image":{"@type":"ImageObject","inLanguage":"pt-PT","@id":"https:\/\/portaltela.pt\/s.01k8rhncp4jt1\/2025\/11\/talking-bot-125x125.png","url":"https:\/\/portaltela.pt\/s.01k8rhncp4jt1\/2025\/11\/talking-bot-125x125.png","contentUrl":"https:\/\/portaltela.pt\/s.01k8rhncp4jt1\/2025\/11\/talking-bot-125x125.png","caption":"Telinha"},"sameAs":["https:\/\/portaltela.pt\/"],"url":"https:\/\/portaltela.pt\/por\/367410592786\/"}]}},"_links":{"self":[{"href":"https:\/\/portaltela.pt\/api\/wp\/v2\/posts\/212116","targetHints":{"allow":["GET"]}}],"collection":[{"href":"https:\/\/portaltela.pt\/api\/wp\/v2\/posts"}],"about":[{"href":"https:\/\/portaltela.pt\/api\/wp\/v2\/types\/post"}],"author":[{"embeddable":true,"href":"https:\/\/portaltela.pt\/api\/wp\/v2\/users\/2"}],"replies":[{"embeddable":true,"href":"https:\/\/portaltela.pt\/api\/wp\/v2\/comments?post=212116"}],"version-history":[{"count":0,"href":"https:\/\/portaltela.pt\/api\/wp\/v2\/posts\/212116\/revisions"}],"wp:featuredmedia":[{"embeddable":true,"href":"https:\/\/portaltela.pt\/api\/wp\/v2\/media\/212118"}],"wp:attachment":[{"href":"https:\/\/portaltela.pt\/api\/wp\/v2\/media?parent=212116"}],"wp:term":[{"taxonomy":"category","embeddable":true,"href":"https:\/\/portaltela.pt\/api\/wp\/v2\/categories?post=212116"},{"taxonomy":"post_tag","embeddable":true,"href":"https:\/\/portaltela.pt\/api\/wp\/v2\/tags?post=212116"}],"curies":[{"name":"wp","href":"https:\/\/api.w.org\/{rel}","templated":true}]}}