{"id":212092,"date":"2026-02-14T06:40:44","date_gmt":"2026-02-14T09:40:44","guid":{"rendered":"https:\/\/portaltela.pt\/noticias\/2026\/02\/14\/antonio-morgado-assinava-para-obter-tres-vitorias-por-ano-ao-longo-da-vida\/"},"modified":"2026-02-14T06:40:44","modified_gmt":"2026-02-14T09:40:44","slug":"antonio-morgado-assinava-para-obter-tres-vitorias-por-ano-ao-longo-da-vida","status":"publish","type":"post","link":"https:\/\/portaltela.pt\/desporto\/2026\/02\/14\/antonio-morgado-assinava-para-obter-tres-vitorias-por-ano-ao-longo-da-vida\/","title":{"rendered":"Ant\u00f3nio Morgado assinava para obter tr\u00eas vit\u00f3rias por ano ao longo da vida"},"content":{"rendered":"<p>Ant\u00f3nio Morgado, ciclista portugu\u00eas da UAE Emirates, projeta tr\u00eas vit\u00f3rias por ano, com o objetivo de estrear numa grande Volta ainda nesta temporada. O foco \u00e9 ajudar Jo\u00e3o Almeida a vencer a Volta a It\u00e1lia, a sua primeira corrida de tr\u00eas semanas.<\/p>\n<p>Com apenas 22 anos, Morgado soma sete vit\u00f3rias na carreira, incluindo o Trofeo Calvi\u00e1, em Espanha, nesta \u00e9poca. Em entrevista \u00e0 Lusa, o antigo objetivo di\u00e1rio \u00e9 vencer provas diversas em vez de apostar apenas em grandes voltas.<\/p>\n<p>O jovem contou que tem gerido melhor a temporada em compara\u00e7\u00e3o com anos anteriores, mesmo quando compete com alguns dos melhores do mundo. Mant\u00e9m a ambi\u00e7\u00e3o de melhorar e sonha com \u00e9pocas em que possa alcan\u00e7ar mais vit\u00f3rias.<\/p>\n<h3>Objetivo de estreia na Volta a It\u00e1lia<\/h3>\n<p>Para Morgado, a Volta \u00e0 It\u00e1lia representa o principal desafio da \u00e9poca, visto tratar-se de estreia em corrida de tr\u00eas semanas. O plano \u00e9 entrar bem na prova com o objetivo de apoiar Almeida e, futuramente, manter um rendimento est\u00e1vel para discutir outras grandes corridas.<\/p>\n<p>Naquilo que descreve como uma gest\u00e3o mais cuidadosa da carga, Morgado ressaltou que o objetivo imediato \u00e9 estar bem nas provas de fim de ano e, no Giro, evitar ficar desgastado j\u00e1 no in\u00edcio. O ciclista tamb\u00e9m manifestou confian\u00e7a de que possa contribuir para a vit\u00f3ria de Almeida.<\/p>\n<p>O in\u00edcio da temporada tem sido favor\u00e1vel, com top-10 em seis corridas e vit\u00f3rias no Trofeo Calvi\u00e0. Destacou-se ainda o segundo lugar no Trofeo Serra Tramuntana, atr\u00e1s de Remco Evenepoel, numa prova de grande relevo.<\/p>\n<p>Apesar de reconhecer a competi\u00e7\u00e3o de alto n\u00edvel, Morgado afirma que o objetivo permanece manter-se em crescendo ao longo do ano, evitando esfor\u00e7os extremos demasiado cedo. O corredor aponta que n\u00e3o far\u00e1 a Volta a Espanha este ano, considerando inadequado para a sua idade competir em duas grandes voltas consecutivas.<\/p>\n","protected":false},"excerpt":{"rendered":"<ul>\n<li>Ant\u00f3nio Morgado, 22 anos, ciclista da UAE Emirates, ambiciona cumprir tr\u00eas vit\u00f3rias por ano e estreia-se numa grande Volta com o Giro d&#8217;Italia, para ajudar Jo\u00e3o Almeida a vencer.<\/li>\n<li>O atleta j\u00e1 soma sete vit\u00f3rias na carreira, incluindo o Trofeo Calvi\u00e1 nesta temporada, e prefere ganhar provas a disputar grandes voltas.<\/li>\n<li>Nesta \u00e9poca j\u00e1 foi ao top-10 em seis corridas, destacando o triunfo em Calvi\u00e0 e o segundo lugar no Trofeo Serra Tramuntana, apenas atr\u00e1s de Remco Evenepoel.<\/li>\n<li>O plano \u00e9 evoluir ao longo da \u00e9poca, mantendo-se em bom estado para as grandes corridas e o Giro, que ser\u00e1 a primeira prova de tr\u00eas semanas.<\/li>\n<li>Se o Giro correr bem, Morgado espera manter o n\u00edvel alto no ver\u00e3o; recusou indicar participa\u00e7\u00e3o na Volta a Espanha neste momento.<\/li>\n<\/ul>\n","protected":false},"author":2,"featured_media":212108,"comment_status":"closed","ping_status":"closed","sticky":false,"template":"","format":"standard","meta":{"footnotes":""},"categories":[21],"tags":[5899,923,152,2844,1014,5415],"class_list":["post-212092","post","type-post","status-publish","format-standard","has-post-thumbnail","hentry","category-desporto","tag-a-uae-emirates","tag-ciclismo","tag-desporto","tag-jovens","tag-portugal","tag-remco-evenepoel"],"yoast_head":"<!-- This site is optimized with the Yoast SEO plugin v27.2 - https:\/\/yoast.com\/product\/yoast-seo-wordpress\/ -->\n<title>Ant\u00f3nio Morgado assinava para obter tr\u00eas vit\u00f3rias por ano ao longo da vida - Portal Tela Portugal<\/title>\n<meta name=\"robots\" content=\"index, follow, max-snippet:-1, max-image-preview:large, max-video-preview:-1\" \/>\n<meta property=\"og:locale\" content=\"pt_PT\" \/>\n<meta property=\"og:type\" content=\"article\" \/>\n<meta property=\"og:title\" content=\"Ant\u00f3nio Morgado assinava para obter tr\u00eas vit\u00f3rias por ano ao longo da vida - Portal Tela Portugal\" \/>\n<meta property=\"og:description\" content=\"Ant\u00f3nio Morgado, 22 anos, ciclista da UAE Emirates, ambiciona cumprir tr\u00eas vit\u00f3rias por ano e estreia-se numa grande Volta com o Giro d&#039;Italia, para ajudar Jo\u00e3o Almeida a vencer. O atleta j\u00e1 soma sete vit\u00f3rias na carreira, incluindo o Trofeo Calvi\u00e1 nesta temporada, e prefere ganhar provas a disputar grandes voltas. Nesta \u00e9poca j\u00e1 foi ao top-10 em seis corridas, destacando o triunfo em Calvi\u00e0 e o segundo lugar no Trofeo Serra Tramuntana, apenas atr\u00e1s de Remco Evenepoel. O plano \u00e9 evoluir ao longo da \u00e9poca, mantendo-se em bom estado para as grandes corridas e o Giro, que ser\u00e1 a primeira prova de tr\u00eas semanas. Se o Giro correr bem, Morgado espera manter o n\u00edvel alto no ver\u00e3o; recusou indicar participa\u00e7\u00e3o na Volta a Espanha neste momento.\" \/>\n<meta property=\"og:url\" content=\"https:\/\/portaltela.pt\/noticias\/2026\/02\/14\/antonio-morgado-assinava-para-obter-tres-vitorias-por-ano-ao-longo-da-vida\/\" \/>\n<meta property=\"og:site_name\" content=\"Portal Tela Portugal\" \/>\n<meta property=\"article:published_time\" content=\"2026-02-14T09:40:44+00:00\" \/>\n<meta name=\"author\" content=\"Telinha\" \/>\n<meta name=\"twitter:card\" content=\"summary_large_image\" \/>\n<meta name=\"twitter:label1\" content=\"Escrito por\" \/>\n\t<meta name=\"twitter:data1\" content=\"Telinha\" \/>\n\t<meta name=\"twitter:label2\" content=\"Tempo estimado de leitura\" \/>\n\t<meta name=\"twitter:data2\" content=\"2 minutos\" \/>\n<script type=\"application\/ld+json\" class=\"yoast-schema-graph\">{\"@context\":\"https:\/\/schema.org\",\"@graph\":[{\"@type\":\"Article\",\"@id\":\"https:\/\/portaltela.pt\/noticias\/2026\/02\/14\/antonio-morgado-assinava-para-obter-tres-vitorias-por-ano-ao-longo-da-vida\/#article\",\"isPartOf\":{\"@id\":\"https:\/\/portaltela.pt\/noticias\/2026\/02\/14\/antonio-morgado-assinava-para-obter-tres-vitorias-por-ano-ao-longo-da-vida\/\"},\"author\":{\"name\":\"Telinha\",\"@id\":\"https:\/\/portaltela.pt\/#\/schema\/person\/c4278d4a6028830caff9ee44b42d32ed\"},\"headline\":\"Ant\u00f3nio Morgado assinava para obter tr\u00eas vit\u00f3rias por ano ao longo da vida\",\"datePublished\":\"2026-02-14T09:40:44+00:00\",\"mainEntityOfPage\":{\"@id\":\"https:\/\/portaltela.pt\/noticias\/2026\/02\/14\/antonio-morgado-assinava-para-obter-tres-vitorias-por-ano-ao-longo-da-vida\/\"},\"wordCount\":343,\"image\":{\"@id\":\"https:\/\/portaltela.pt\/noticias\/2026\/02\/14\/antonio-morgado-assinava-para-obter-tres-vitorias-por-ano-ao-longo-da-vida\/#primaryimage\"},\"thumbnailUrl\":\"https:\/\/portaltela.pt\/s.01k8rhncp4jt1\/2026\/02\/img_920x518uu2026-01-28-16-19-45-2417945.jpg\",\"keywords\":[\"A UAE Emirates\",\"ciclismo\",\"desporto\",\"jovens\",\"Portugal\",\"Remco Evenepoel\"],\"articleSection\":[\"Desporto\"],\"inLanguage\":\"pt-PT\"},{\"@type\":\"WebPage\",\"@id\":\"https:\/\/portaltela.pt\/noticias\/2026\/02\/14\/antonio-morgado-assinava-para-obter-tres-vitorias-por-ano-ao-longo-da-vida\/\",\"url\":\"https:\/\/portaltela.pt\/noticias\/2026\/02\/14\/antonio-morgado-assinava-para-obter-tres-vitorias-por-ano-ao-longo-da-vida\/\",\"name\":\"Ant\u00f3nio Morgado assinava para obter tr\u00eas vit\u00f3rias por ano ao longo da vida - Portal Tela Portugal\",\"isPartOf\":{\"@id\":\"https:\/\/portaltela.pt\/#website\"},\"primaryImageOfPage\":{\"@id\":\"https:\/\/portaltela.pt\/noticias\/2026\/02\/14\/antonio-morgado-assinava-para-obter-tres-vitorias-por-ano-ao-longo-da-vida\/#primaryimage\"},\"image\":{\"@id\":\"https:\/\/portaltela.pt\/noticias\/2026\/02\/14\/antonio-morgado-assinava-para-obter-tres-vitorias-por-ano-ao-longo-da-vida\/#primaryimage\"},\"thumbnailUrl\":\"https:\/\/portaltela.pt\/s.01k8rhncp4jt1\/2026\/02\/img_920x518uu2026-01-28-16-19-45-2417945.jpg\",\"datePublished\":\"2026-02-14T09:40:44+00:00\",\"author\":{\"@id\":\"https:\/\/portaltela.pt\/#\/schema\/person\/c4278d4a6028830caff9ee44b42d32ed\"},\"breadcrumb\":{\"@id\":\"https:\/\/portaltela.pt\/noticias\/2026\/02\/14\/antonio-morgado-assinava-para-obter-tres-vitorias-por-ano-ao-longo-da-vida\/#breadcrumb\"},\"inLanguage\":\"pt-PT\",\"potentialAction\":[{\"@type\":\"ReadAction\",\"target\":[\"https:\/\/portaltela.pt\/noticias\/2026\/02\/14\/antonio-morgado-assinava-para-obter-tres-vitorias-por-ano-ao-longo-da-vida\/\"]}]},{\"@type\":\"ImageObject\",\"inLanguage\":\"pt-PT\",\"@id\":\"https:\/\/portaltela.pt\/noticias\/2026\/02\/14\/antonio-morgado-assinava-para-obter-tres-vitorias-por-ano-ao-longo-da-vida\/#primaryimage\",\"url\":\"https:\/\/portaltela.pt\/s.01k8rhncp4jt1\/2026\/02\/img_920x518uu2026-01-28-16-19-45-2417945.jpg\",\"contentUrl\":\"https:\/\/portaltela.pt\/s.01k8rhncp4jt1\/2026\/02\/img_920x518uu2026-01-28-16-19-45-2417945.jpg\",\"width\":796,\"height\":448,\"caption\":\"Ant\u00f3nio Morgado\"},{\"@type\":\"BreadcrumbList\",\"@id\":\"https:\/\/portaltela.pt\/noticias\/2026\/02\/14\/antonio-morgado-assinava-para-obter-tres-vitorias-por-ano-ao-longo-da-vida\/#breadcrumb\",\"itemListElement\":[{\"@type\":\"ListItem\",\"position\":1,\"name\":\"In\u00edcio\",\"item\":\"https:\/\/portaltela.pt\/\"},{\"@type\":\"ListItem\",\"position\":2,\"name\":\"Ant\u00f3nio Morgado assinava para obter tr\u00eas vit\u00f3rias por ano ao longo da vida\"}]},{\"@type\":\"WebSite\",\"@id\":\"https:\/\/portaltela.pt\/#website\",\"url\":\"https:\/\/portaltela.pt\/\",\"name\":\"Portal Tela Portugal\",\"description\":\"\",\"potentialAction\":[{\"@type\":\"SearchAction\",\"target\":{\"@type\":\"EntryPoint\",\"urlTemplate\":\"https:\/\/portaltela.pt\/?s={search_term_string}\"},\"query-input\":{\"@type\":\"PropertyValueSpecification\",\"valueRequired\":true,\"valueName\":\"search_term_string\"}}],\"inLanguage\":\"pt-PT\"},{\"@type\":\"Person\",\"@id\":\"https:\/\/portaltela.pt\/#\/schema\/person\/c4278d4a6028830caff9ee44b42d32ed\",\"name\":\"Telinha\",\"image\":{\"@type\":\"ImageObject\",\"inLanguage\":\"pt-PT\",\"@id\":\"https:\/\/portaltela.pt\/s.01k8rhncp4jt1\/2025\/11\/talking-bot-125x125.png\",\"url\":\"https:\/\/portaltela.pt\/s.01k8rhncp4jt1\/2025\/11\/talking-bot-125x125.png\",\"contentUrl\":\"https:\/\/portaltela.pt\/s.01k8rhncp4jt1\/2025\/11\/talking-bot-125x125.png\",\"caption\":\"Telinha\"},\"sameAs\":[\"https:\/\/portaltela.pt\/\"],\"url\":\"https:\/\/portaltela.pt\/por\/367410592786\/\"}]}<\/script>\n<!-- \/ Yoast SEO plugin. -->","yoast_head_json":{"title":"Ant\u00f3nio Morgado assinava para obter tr\u00eas vit\u00f3rias por ano ao longo da vida - Portal Tela Portugal","robots":{"index":"index","follow":"follow","max-snippet":"max-snippet:-1","max-image-preview":"max-image-preview:large","max-video-preview":"max-video-preview:-1"},"og_locale":"pt_PT","og_type":"article","og_title":"Ant\u00f3nio Morgado assinava para obter tr\u00eas vit\u00f3rias por ano ao longo da vida - Portal Tela Portugal","og_description":"Ant\u00f3nio Morgado, 22 anos, ciclista da UAE Emirates, ambiciona cumprir tr\u00eas vit\u00f3rias por ano e estreia-se numa grande Volta com o Giro d'Italia, para ajudar Jo\u00e3o Almeida a vencer. O atleta j\u00e1 soma sete vit\u00f3rias na carreira, incluindo o Trofeo Calvi\u00e1 nesta temporada, e prefere ganhar provas a disputar grandes voltas. Nesta \u00e9poca j\u00e1 foi ao top-10 em seis corridas, destacando o triunfo em Calvi\u00e0 e o segundo lugar no Trofeo Serra Tramuntana, apenas atr\u00e1s de Remco Evenepoel. O plano \u00e9 evoluir ao longo da \u00e9poca, mantendo-se em bom estado para as grandes corridas e o Giro, que ser\u00e1 a primeira prova de tr\u00eas semanas. Se o Giro correr bem, Morgado espera manter o n\u00edvel alto no ver\u00e3o; recusou indicar participa\u00e7\u00e3o na Volta a Espanha neste momento.","og_url":"https:\/\/portaltela.pt\/noticias\/2026\/02\/14\/antonio-morgado-assinava-para-obter-tres-vitorias-por-ano-ao-longo-da-vida\/","og_site_name":"Portal Tela Portugal","article_published_time":"2026-02-14T09:40:44+00:00","author":"Telinha","twitter_card":"summary_large_image","twitter_misc":{"Escrito por":"Telinha","Tempo estimado de leitura":"2 minutos"},"schema":{"@context":"https:\/\/schema.org","@graph":[{"@type":"Article","@id":"https:\/\/portaltela.pt\/noticias\/2026\/02\/14\/antonio-morgado-assinava-para-obter-tres-vitorias-por-ano-ao-longo-da-vida\/#article","isPartOf":{"@id":"https:\/\/portaltela.pt\/noticias\/2026\/02\/14\/antonio-morgado-assinava-para-obter-tres-vitorias-por-ano-ao-longo-da-vida\/"},"author":{"name":"Telinha","@id":"https:\/\/portaltela.pt\/#\/schema\/person\/c4278d4a6028830caff9ee44b42d32ed"},"headline":"Ant\u00f3nio Morgado assinava para obter tr\u00eas vit\u00f3rias por ano ao longo da vida","datePublished":"2026-02-14T09:40:44+00:00","mainEntityOfPage":{"@id":"https:\/\/portaltela.pt\/noticias\/2026\/02\/14\/antonio-morgado-assinava-para-obter-tres-vitorias-por-ano-ao-longo-da-vida\/"},"wordCount":343,"image":{"@id":"https:\/\/portaltela.pt\/noticias\/2026\/02\/14\/antonio-morgado-assinava-para-obter-tres-vitorias-por-ano-ao-longo-da-vida\/#primaryimage"},"thumbnailUrl":"https:\/\/portaltela.pt\/s.01k8rhncp4jt1\/2026\/02\/img_920x518uu2026-01-28-16-19-45-2417945.jpg","keywords":["A UAE Emirates","ciclismo","desporto","jovens","Portugal","Remco Evenepoel"],"articleSection":["Desporto"],"inLanguage":"pt-PT"},{"@type":"WebPage","@id":"https:\/\/portaltela.pt\/noticias\/2026\/02\/14\/antonio-morgado-assinava-para-obter-tres-vitorias-por-ano-ao-longo-da-vida\/","url":"https:\/\/portaltela.pt\/noticias\/2026\/02\/14\/antonio-morgado-assinava-para-obter-tres-vitorias-por-ano-ao-longo-da-vida\/","name":"Ant\u00f3nio Morgado assinava para obter tr\u00eas vit\u00f3rias por ano ao longo da vida - Portal Tela Portugal","isPartOf":{"@id":"https:\/\/portaltela.pt\/#website"},"primaryImageOfPage":{"@id":"https:\/\/portaltela.pt\/noticias\/2026\/02\/14\/antonio-morgado-assinava-para-obter-tres-vitorias-por-ano-ao-longo-da-vida\/#primaryimage"},"image":{"@id":"https:\/\/portaltela.pt\/noticias\/2026\/02\/14\/antonio-morgado-assinava-para-obter-tres-vitorias-por-ano-ao-longo-da-vida\/#primaryimage"},"thumbnailUrl":"https:\/\/portaltela.pt\/s.01k8rhncp4jt1\/2026\/02\/img_920x518uu2026-01-28-16-19-45-2417945.jpg","datePublished":"2026-02-14T09:40:44+00:00","author":{"@id":"https:\/\/portaltela.pt\/#\/schema\/person\/c4278d4a6028830caff9ee44b42d32ed"},"breadcrumb":{"@id":"https:\/\/portaltela.pt\/noticias\/2026\/02\/14\/antonio-morgado-assinava-para-obter-tres-vitorias-por-ano-ao-longo-da-vida\/#breadcrumb"},"inLanguage":"pt-PT","potentialAction":[{"@type":"ReadAction","target":["https:\/\/portaltela.pt\/noticias\/2026\/02\/14\/antonio-morgado-assinava-para-obter-tres-vitorias-por-ano-ao-longo-da-vida\/"]}]},{"@type":"ImageObject","inLanguage":"pt-PT","@id":"https:\/\/portaltela.pt\/noticias\/2026\/02\/14\/antonio-morgado-assinava-para-obter-tres-vitorias-por-ano-ao-longo-da-vida\/#primaryimage","url":"https:\/\/portaltela.pt\/s.01k8rhncp4jt1\/2026\/02\/img_920x518uu2026-01-28-16-19-45-2417945.jpg","contentUrl":"https:\/\/portaltela.pt\/s.01k8rhncp4jt1\/2026\/02\/img_920x518uu2026-01-28-16-19-45-2417945.jpg","width":796,"height":448,"caption":"Ant\u00f3nio Morgado"},{"@type":"BreadcrumbList","@id":"https:\/\/portaltela.pt\/noticias\/2026\/02\/14\/antonio-morgado-assinava-para-obter-tres-vitorias-por-ano-ao-longo-da-vida\/#breadcrumb","itemListElement":[{"@type":"ListItem","position":1,"name":"In\u00edcio","item":"https:\/\/portaltela.pt\/"},{"@type":"ListItem","position":2,"name":"Ant\u00f3nio Morgado assinava para obter tr\u00eas vit\u00f3rias por ano ao longo da vida"}]},{"@type":"WebSite","@id":"https:\/\/portaltela.pt\/#website","url":"https:\/\/portaltela.pt\/","name":"Portal Tela Portugal","description":"","potentialAction":[{"@type":"SearchAction","target":{"@type":"EntryPoint","urlTemplate":"https:\/\/portaltela.pt\/?s={search_term_string}"},"query-input":{"@type":"PropertyValueSpecification","valueRequired":true,"valueName":"search_term_string"}}],"inLanguage":"pt-PT"},{"@type":"Person","@id":"https:\/\/portaltela.pt\/#\/schema\/person\/c4278d4a6028830caff9ee44b42d32ed","name":"Telinha","image":{"@type":"ImageObject","inLanguage":"pt-PT","@id":"https:\/\/portaltela.pt\/s.01k8rhncp4jt1\/2025\/11\/talking-bot-125x125.png","url":"https:\/\/portaltela.pt\/s.01k8rhncp4jt1\/2025\/11\/talking-bot-125x125.png","contentUrl":"https:\/\/portaltela.pt\/s.01k8rhncp4jt1\/2025\/11\/talking-bot-125x125.png","caption":"Telinha"},"sameAs":["https:\/\/portaltela.pt\/"],"url":"https:\/\/portaltela.pt\/por\/367410592786\/"}]}},"_links":{"self":[{"href":"https:\/\/portaltela.pt\/api\/wp\/v2\/posts\/212092","targetHints":{"allow":["GET"]}}],"collection":[{"href":"https:\/\/portaltela.pt\/api\/wp\/v2\/posts"}],"about":[{"href":"https:\/\/portaltela.pt\/api\/wp\/v2\/types\/post"}],"author":[{"embeddable":true,"href":"https:\/\/portaltela.pt\/api\/wp\/v2\/users\/2"}],"replies":[{"embeddable":true,"href":"https:\/\/portaltela.pt\/api\/wp\/v2\/comments?post=212092"}],"version-history":[{"count":0,"href":"https:\/\/portaltela.pt\/api\/wp\/v2\/posts\/212092\/revisions"}],"wp:featuredmedia":[{"embeddable":true,"href":"https:\/\/portaltela.pt\/api\/wp\/v2\/media\/212108"}],"wp:attachment":[{"href":"https:\/\/portaltela.pt\/api\/wp\/v2\/media?parent=212092"}],"wp:term":[{"taxonomy":"category","embeddable":true,"href":"https:\/\/portaltela.pt\/api\/wp\/v2\/categories?post=212092"},{"taxonomy":"post_tag","embeddable":true,"href":"https:\/\/portaltela.pt\/api\/wp\/v2\/tags?post=212092"}],"curies":[{"name":"wp","href":"https:\/\/api.w.org\/{rel}","templated":true}]}}