{"id":212054,"date":"2026-02-14T06:00:00","date_gmt":"2026-02-14T09:00:00","guid":{"rendered":"https:\/\/portaltela.pt\/noticias\/2026\/02\/14\/sinais-de-alerta-no-amor-surgem-ja-no-dia-de-sao-valentim\/"},"modified":"2026-02-14T06:00:00","modified_gmt":"2026-02-14T09:00:00","slug":"sinais-de-alerta-no-amor-surgem-ja-no-dia-de-sao-valentim","status":"publish","type":"post","link":"https:\/\/portaltela.pt\/noticias\/2026\/02\/14\/sinais-de-alerta-no-amor-surgem-ja-no-dia-de-sao-valentim\/","title":{"rendered":"Sinais de alerta no amor surgem j\u00e1 no Dia de S\u00e3o Valentim"},"content":{"rendered":"<p>O Dia dos Namorados pode revelar sinais de rela\u00e7\u00e3o pouco saud\u00e1vel, mesmo entre beijos, jantares e presentes. Especialistas alertam para comportamentos que podem indicar toxicidade e pedem aten\u00e7\u00e3o aos primeiros sinais antes que o amor cegue.<\/p>\n<p>A sex\u00f3loga T\u00e2nia Gra\u00e7a e a terapeuta familiar Ana Marques Lito, em parceria com a Delas.pt, destacam atitudes que podem denunciar desequil\u00edbrios. O foco \u00e9 identificar pequenos gestos que, no contexto festivo, evidenciem problemas subjacentes.<\/p>\n<p>Para Gra\u00e7a, existem tr\u00eas detalhes a monitorizar numa noite festiva. Em primeiro lugar, controlar o que a pessoa leva a vestir durante o jantar pode sinalizar problemas j\u00e1 existentes. Coment\u00e1rios depreciativos ou insinua\u00e7\u00f5es sobre a attractividade da pessoa servem de alerta.<\/p>\n<p>Em segundo lugar, a humilha\u00e7\u00e3o pode manifestar-se na forma como a pessoa \u00e9 tratada, seja pela roupa, pela forma de falar com outros, ou pelas ideias que defende. A especialista alerta que humilhar pode diminuir a autoestima e facilitar abusos subsequentes.<\/p>\n<p>Em terceiro lugar, a manipula\u00e7\u00e3o para rela\u00e7\u00f5es sexuais. Frases coercitivas ou press\u00e3o para ter rela\u00e7\u00f5es podem indicar abuso, mesmo se houver surpresa ou desejo de estimular o encontro. A necessidade de consentimento \u00e9 reiterada pela especialista.<\/p>\n<h3>Interpreta\u00e7\u00e3o das tens\u00f5es conjugais<\/h3>\n<p>Marques Lito ressalva que a leitura dos sinais depende do contexto e de cada casal. A resson\u00e2ncia da intimidade pode variar, tornando-se indecifr\u00e1vel. Ainda assim, observar o tom de momentos especiais e o posicionamento do casal em rela\u00e7\u00e3o \u00e0 data pode ser significativo.<\/p>\n<p>Al\u00e9m disso, a terapeuta destaca padr\u00f5es como hipervigil\u00e2ncia durante o Dia dos Namorados, com um cuidado extremo em rela\u00e7\u00e3o ao companheiro. A marca\u00e7\u00e3o de aten\u00e7\u00e3o quase obsessiva pode sinalizar desequil\u00edbrios na rela\u00e7\u00e3o.<\/p>\n<h3>Influ\u00eancia de terceiros e do tempo seguinte<\/h3>\n<p>A participa\u00e7\u00e3o de filhos ou de outros pessoas no momento a dois pode indicar distor\u00e7\u00f5es na rela\u00e7\u00e3o. Alguns casais recorrem aos filhos para manter uma presen\u00e7a que distrai da dist\u00e2ncia entre ambos. Tal estrat\u00e9gia \u00e9 apresentada como um indicativo de fragilidade relacional.<\/p>\n<p>No dia seguinte \u00e0 efem\u00e9ride, outro sinal aparece quando um dos elementos acusa recorrentes dificuldades para manter o namoro. A vitalidade da rela\u00e7\u00e3o pode residir na lembran\u00e7a de que estar juntos tem sido uma op\u00e7\u00e3o positiva, segundo Marques Lito.<\/p>\n<h3>O que fazer diante destes sinais<\/h3>\n<p>O artigo com os especialistas enfatiza a necessidade de cautela na leitura dos sinais e de interven\u00e7\u00e3o adequada quando necess\u00e1rio. Cada caso \u00e9 \u00fanico e requer uma an\u00e1lise pr\u00f3pria, sem pressupostos. A comunica\u00e7\u00e3o clara e o respeito pelo consentimento permanecem centrais.<\/p>\n","protected":false},"excerpt":{"rendered":"<ul>\n<li>No Dia dos Namorados, a 14 de fevereiro, sex\u00f3loga T\u00e2nia Gra\u00e7a e terapeuta Ana Marques Lito alertam para sinais de toxicidade nas rela\u00e7\u00f5es, especialmente em momentos rom\u00e2nticos.<\/li>\n<li>Um dos sinais \u00e9 tentar controlar o que se veste no jantar, com coment\u00e1rios depreciativos sobre a roupa ou perguntas como \u201cest\u00e1s a chamar a aten\u00e7\u00e3o de quem?\u201d.<\/li>\n<li>A humilha\u00e7\u00e3o pode manifestar-se pela forma de falar com outras pessoas ou por desvalorizar cren\u00e7as e escolhas, visando diminuir a autoestima da outra pessoa.<\/li>\n<li>A manipula\u00e7\u00e3o para ter rela\u00e7\u00f5es sexuais \u00e9 outro indicador, com mensagens coercivas como \u201choje j\u00e1 sabes, vai acontecer\u201d ou \u201c\u00e9s a minha \u00fanica op\u00e7\u00e3o?\u201d, que podem apontar para press\u00e3o ou coerc\u00e3o.<\/li>\n<li>Outros sinais incluem desfasamento de expectativas, hiperfoco no momento, presen\u00e7a de terceiros (como filhos) no romance, e discuss\u00f5es no dia seguinte sobre o fim do relacionamento, o que pode indicar instabilidade.<\/li>\n<\/ul>\n","protected":false},"author":2,"featured_media":212058,"comment_status":"closed","ping_status":"closed","sticky":false,"template":"","format":"standard","meta":{"footnotes":""},"categories":[1],"tags":[212,5866,5918,2249,4114,214],"class_list":["post-212054","post","type-post","status-publish","format-standard","has-post-thumbnail","hentry","category-noticias","tag-abuso-de-poder","tag-abusos","tag-consentimento","tag-psicologia","tag-violencia-de-genero-desafios-na-atualidade","tag-violencia-domestica"],"yoast_head":"<!-- This site is optimized with the Yoast SEO plugin v27.2 - https:\/\/yoast.com\/product\/yoast-seo-wordpress\/ -->\n<title>Sinais de alerta no amor surgem j\u00e1 no Dia de S\u00e3o Valentim - Portal Tela Portugal<\/title>\n<meta name=\"robots\" content=\"index, follow, max-snippet:-1, max-image-preview:large, max-video-preview:-1\" \/>\n<meta property=\"og:locale\" content=\"pt_PT\" \/>\n<meta property=\"og:type\" content=\"article\" \/>\n<meta property=\"og:title\" content=\"Sinais de alerta no amor surgem j\u00e1 no Dia de S\u00e3o Valentim - Portal Tela Portugal\" \/>\n<meta property=\"og:description\" content=\"No Dia dos Namorados, a 14 de fevereiro, sex\u00f3loga T\u00e2nia Gra\u00e7a e terapeuta Ana Marques Lito alertam para sinais de toxicidade nas rela\u00e7\u00f5es, especialmente em momentos rom\u00e2nticos. Um dos sinais \u00e9 tentar controlar o que se veste no jantar, com coment\u00e1rios depreciativos sobre a roupa ou perguntas como \u201cest\u00e1s a chamar a aten\u00e7\u00e3o de quem?\u201d. A humilha\u00e7\u00e3o pode manifestar-se pela forma de falar com outras pessoas ou por desvalorizar cren\u00e7as e escolhas, visando diminuir a autoestima da outra pessoa. A manipula\u00e7\u00e3o para ter rela\u00e7\u00f5es sexuais \u00e9 outro indicador, com mensagens coercivas como \u201choje j\u00e1 sabes, vai acontecer\u201d ou \u201c\u00e9s a minha \u00fanica op\u00e7\u00e3o?\u201d, que podem apontar para press\u00e3o ou coerc\u00e3o. Outros sinais incluem desfasamento de expectativas, hiperfoco no momento, presen\u00e7a de terceiros (como filhos) no romance, e discuss\u00f5es no dia seguinte sobre o fim do relacionamento, o que pode indicar instabilidade.\" \/>\n<meta property=\"og:url\" content=\"https:\/\/portaltela.pt\/noticias\/2026\/02\/14\/sinais-de-alerta-no-amor-surgem-ja-no-dia-de-sao-valentim\/\" \/>\n<meta property=\"og:site_name\" content=\"Portal Tela Portugal\" \/>\n<meta property=\"article:published_time\" content=\"2026-02-14T09:00:00+00:00\" \/>\n<meta name=\"author\" content=\"Telinha\" \/>\n<meta name=\"twitter:card\" content=\"summary_large_image\" \/>\n<meta name=\"twitter:label1\" content=\"Escrito por\" \/>\n\t<meta name=\"twitter:data1\" content=\"Telinha\" \/>\n\t<meta name=\"twitter:label2\" content=\"Tempo estimado de leitura\" \/>\n\t<meta name=\"twitter:data2\" content=\"2 minutos\" \/>\n<script type=\"application\/ld+json\" class=\"yoast-schema-graph\">{\"@context\":\"https:\/\/schema.org\",\"@graph\":[{\"@type\":\"Article\",\"@id\":\"https:\/\/portaltela.pt\/noticias\/2026\/02\/14\/sinais-de-alerta-no-amor-surgem-ja-no-dia-de-sao-valentim\/#article\",\"isPartOf\":{\"@id\":\"https:\/\/portaltela.pt\/noticias\/2026\/02\/14\/sinais-de-alerta-no-amor-surgem-ja-no-dia-de-sao-valentim\/\"},\"author\":{\"name\":\"Telinha\",\"@id\":\"https:\/\/portaltela.pt\/#\/schema\/person\/c4278d4a6028830caff9ee44b42d32ed\"},\"headline\":\"Sinais de alerta no amor surgem j\u00e1 no Dia de S\u00e3o Valentim\",\"datePublished\":\"2026-02-14T09:00:00+00:00\",\"mainEntityOfPage\":{\"@id\":\"https:\/\/portaltela.pt\/noticias\/2026\/02\/14\/sinais-de-alerta-no-amor-surgem-ja-no-dia-de-sao-valentim\/\"},\"wordCount\":455,\"image\":{\"@id\":\"https:\/\/portaltela.pt\/noticias\/2026\/02\/14\/sinais-de-alerta-no-amor-surgem-ja-no-dia-de-sao-valentim\/#primaryimage\"},\"thumbnailUrl\":\"https:\/\/portaltela.pt\/s.01k8rhncp4jt1\/2026\/02\/image-1097.jpg\",\"keywords\":[\"abuso de poder\",\"abusos\",\"consentimento\",\"psicologia\",\"viol\u00eancia de g\u00e9nero \u2013 Desafios na Atualidade\",\"viol\u00eancia dom\u00e9stica\"],\"articleSection\":[\"Not\u00edcias\"],\"inLanguage\":\"pt-PT\"},{\"@type\":\"WebPage\",\"@id\":\"https:\/\/portaltela.pt\/noticias\/2026\/02\/14\/sinais-de-alerta-no-amor-surgem-ja-no-dia-de-sao-valentim\/\",\"url\":\"https:\/\/portaltela.pt\/noticias\/2026\/02\/14\/sinais-de-alerta-no-amor-surgem-ja-no-dia-de-sao-valentim\/\",\"name\":\"Sinais de alerta no amor surgem j\u00e1 no Dia de S\u00e3o Valentim - Portal Tela Portugal\",\"isPartOf\":{\"@id\":\"https:\/\/portaltela.pt\/#website\"},\"primaryImageOfPage\":{\"@id\":\"https:\/\/portaltela.pt\/noticias\/2026\/02\/14\/sinais-de-alerta-no-amor-surgem-ja-no-dia-de-sao-valentim\/#primaryimage\"},\"image\":{\"@id\":\"https:\/\/portaltela.pt\/noticias\/2026\/02\/14\/sinais-de-alerta-no-amor-surgem-ja-no-dia-de-sao-valentim\/#primaryimage\"},\"thumbnailUrl\":\"https:\/\/portaltela.pt\/s.01k8rhncp4jt1\/2026\/02\/image-1097.jpg\",\"datePublished\":\"2026-02-14T09:00:00+00:00\",\"author\":{\"@id\":\"https:\/\/portaltela.pt\/#\/schema\/person\/c4278d4a6028830caff9ee44b42d32ed\"},\"breadcrumb\":{\"@id\":\"https:\/\/portaltela.pt\/noticias\/2026\/02\/14\/sinais-de-alerta-no-amor-surgem-ja-no-dia-de-sao-valentim\/#breadcrumb\"},\"inLanguage\":\"pt-PT\",\"potentialAction\":[{\"@type\":\"ReadAction\",\"target\":[\"https:\/\/portaltela.pt\/noticias\/2026\/02\/14\/sinais-de-alerta-no-amor-surgem-ja-no-dia-de-sao-valentim\/\"]}]},{\"@type\":\"ImageObject\",\"inLanguage\":\"pt-PT\",\"@id\":\"https:\/\/portaltela.pt\/noticias\/2026\/02\/14\/sinais-de-alerta-no-amor-surgem-ja-no-dia-de-sao-valentim\/#primaryimage\",\"url\":\"https:\/\/portaltela.pt\/s.01k8rhncp4jt1\/2026\/02\/image-1097.jpg\",\"contentUrl\":\"https:\/\/portaltela.pt\/s.01k8rhncp4jt1\/2026\/02\/image-1097.jpg\",\"width\":796,\"height\":448,\"caption\":\"Imagem de contexto do artigo \\\"Red flags\\\" no amor que aparecem logo no dia dos Namorados\"},{\"@type\":\"BreadcrumbList\",\"@id\":\"https:\/\/portaltela.pt\/noticias\/2026\/02\/14\/sinais-de-alerta-no-amor-surgem-ja-no-dia-de-sao-valentim\/#breadcrumb\",\"itemListElement\":[{\"@type\":\"ListItem\",\"position\":1,\"name\":\"In\u00edcio\",\"item\":\"https:\/\/portaltela.pt\/\"},{\"@type\":\"ListItem\",\"position\":2,\"name\":\"Sinais de alerta no amor surgem j\u00e1 no Dia de S\u00e3o Valentim\"}]},{\"@type\":\"WebSite\",\"@id\":\"https:\/\/portaltela.pt\/#website\",\"url\":\"https:\/\/portaltela.pt\/\",\"name\":\"Portal Tela Portugal\",\"description\":\"\",\"potentialAction\":[{\"@type\":\"SearchAction\",\"target\":{\"@type\":\"EntryPoint\",\"urlTemplate\":\"https:\/\/portaltela.pt\/?s={search_term_string}\"},\"query-input\":{\"@type\":\"PropertyValueSpecification\",\"valueRequired\":true,\"valueName\":\"search_term_string\"}}],\"inLanguage\":\"pt-PT\"},{\"@type\":\"Person\",\"@id\":\"https:\/\/portaltela.pt\/#\/schema\/person\/c4278d4a6028830caff9ee44b42d32ed\",\"name\":\"Telinha\",\"image\":{\"@type\":\"ImageObject\",\"inLanguage\":\"pt-PT\",\"@id\":\"https:\/\/portaltela.pt\/s.01k8rhncp4jt1\/2025\/11\/talking-bot-125x125.png\",\"url\":\"https:\/\/portaltela.pt\/s.01k8rhncp4jt1\/2025\/11\/talking-bot-125x125.png\",\"contentUrl\":\"https:\/\/portaltela.pt\/s.01k8rhncp4jt1\/2025\/11\/talking-bot-125x125.png\",\"caption\":\"Telinha\"},\"sameAs\":[\"https:\/\/portaltela.pt\/\"],\"url\":\"https:\/\/portaltela.pt\/por\/367410592786\/\"}]}<\/script>\n<!-- \/ Yoast SEO plugin. -->","yoast_head_json":{"title":"Sinais de alerta no amor surgem j\u00e1 no Dia de S\u00e3o Valentim - Portal Tela Portugal","robots":{"index":"index","follow":"follow","max-snippet":"max-snippet:-1","max-image-preview":"max-image-preview:large","max-video-preview":"max-video-preview:-1"},"og_locale":"pt_PT","og_type":"article","og_title":"Sinais de alerta no amor surgem j\u00e1 no Dia de S\u00e3o Valentim - Portal Tela Portugal","og_description":"No Dia dos Namorados, a 14 de fevereiro, sex\u00f3loga T\u00e2nia Gra\u00e7a e terapeuta Ana Marques Lito alertam para sinais de toxicidade nas rela\u00e7\u00f5es, especialmente em momentos rom\u00e2nticos. Um dos sinais \u00e9 tentar controlar o que se veste no jantar, com coment\u00e1rios depreciativos sobre a roupa ou perguntas como \u201cest\u00e1s a chamar a aten\u00e7\u00e3o de quem?\u201d. A humilha\u00e7\u00e3o pode manifestar-se pela forma de falar com outras pessoas ou por desvalorizar cren\u00e7as e escolhas, visando diminuir a autoestima da outra pessoa. A manipula\u00e7\u00e3o para ter rela\u00e7\u00f5es sexuais \u00e9 outro indicador, com mensagens coercivas como \u201choje j\u00e1 sabes, vai acontecer\u201d ou \u201c\u00e9s a minha \u00fanica op\u00e7\u00e3o?\u201d, que podem apontar para press\u00e3o ou coerc\u00e3o. Outros sinais incluem desfasamento de expectativas, hiperfoco no momento, presen\u00e7a de terceiros (como filhos) no romance, e discuss\u00f5es no dia seguinte sobre o fim do relacionamento, o que pode indicar instabilidade.","og_url":"https:\/\/portaltela.pt\/noticias\/2026\/02\/14\/sinais-de-alerta-no-amor-surgem-ja-no-dia-de-sao-valentim\/","og_site_name":"Portal Tela Portugal","article_published_time":"2026-02-14T09:00:00+00:00","author":"Telinha","twitter_card":"summary_large_image","twitter_misc":{"Escrito por":"Telinha","Tempo estimado de leitura":"2 minutos"},"schema":{"@context":"https:\/\/schema.org","@graph":[{"@type":"Article","@id":"https:\/\/portaltela.pt\/noticias\/2026\/02\/14\/sinais-de-alerta-no-amor-surgem-ja-no-dia-de-sao-valentim\/#article","isPartOf":{"@id":"https:\/\/portaltela.pt\/noticias\/2026\/02\/14\/sinais-de-alerta-no-amor-surgem-ja-no-dia-de-sao-valentim\/"},"author":{"name":"Telinha","@id":"https:\/\/portaltela.pt\/#\/schema\/person\/c4278d4a6028830caff9ee44b42d32ed"},"headline":"Sinais de alerta no amor surgem j\u00e1 no Dia de S\u00e3o Valentim","datePublished":"2026-02-14T09:00:00+00:00","mainEntityOfPage":{"@id":"https:\/\/portaltela.pt\/noticias\/2026\/02\/14\/sinais-de-alerta-no-amor-surgem-ja-no-dia-de-sao-valentim\/"},"wordCount":455,"image":{"@id":"https:\/\/portaltela.pt\/noticias\/2026\/02\/14\/sinais-de-alerta-no-amor-surgem-ja-no-dia-de-sao-valentim\/#primaryimage"},"thumbnailUrl":"https:\/\/portaltela.pt\/s.01k8rhncp4jt1\/2026\/02\/image-1097.jpg","keywords":["abuso de poder","abusos","consentimento","psicologia","viol\u00eancia de g\u00e9nero \u2013 Desafios na Atualidade","viol\u00eancia dom\u00e9stica"],"articleSection":["Not\u00edcias"],"inLanguage":"pt-PT"},{"@type":"WebPage","@id":"https:\/\/portaltela.pt\/noticias\/2026\/02\/14\/sinais-de-alerta-no-amor-surgem-ja-no-dia-de-sao-valentim\/","url":"https:\/\/portaltela.pt\/noticias\/2026\/02\/14\/sinais-de-alerta-no-amor-surgem-ja-no-dia-de-sao-valentim\/","name":"Sinais de alerta no amor surgem j\u00e1 no Dia de S\u00e3o Valentim - Portal Tela Portugal","isPartOf":{"@id":"https:\/\/portaltela.pt\/#website"},"primaryImageOfPage":{"@id":"https:\/\/portaltela.pt\/noticias\/2026\/02\/14\/sinais-de-alerta-no-amor-surgem-ja-no-dia-de-sao-valentim\/#primaryimage"},"image":{"@id":"https:\/\/portaltela.pt\/noticias\/2026\/02\/14\/sinais-de-alerta-no-amor-surgem-ja-no-dia-de-sao-valentim\/#primaryimage"},"thumbnailUrl":"https:\/\/portaltela.pt\/s.01k8rhncp4jt1\/2026\/02\/image-1097.jpg","datePublished":"2026-02-14T09:00:00+00:00","author":{"@id":"https:\/\/portaltela.pt\/#\/schema\/person\/c4278d4a6028830caff9ee44b42d32ed"},"breadcrumb":{"@id":"https:\/\/portaltela.pt\/noticias\/2026\/02\/14\/sinais-de-alerta-no-amor-surgem-ja-no-dia-de-sao-valentim\/#breadcrumb"},"inLanguage":"pt-PT","potentialAction":[{"@type":"ReadAction","target":["https:\/\/portaltela.pt\/noticias\/2026\/02\/14\/sinais-de-alerta-no-amor-surgem-ja-no-dia-de-sao-valentim\/"]}]},{"@type":"ImageObject","inLanguage":"pt-PT","@id":"https:\/\/portaltela.pt\/noticias\/2026\/02\/14\/sinais-de-alerta-no-amor-surgem-ja-no-dia-de-sao-valentim\/#primaryimage","url":"https:\/\/portaltela.pt\/s.01k8rhncp4jt1\/2026\/02\/image-1097.jpg","contentUrl":"https:\/\/portaltela.pt\/s.01k8rhncp4jt1\/2026\/02\/image-1097.jpg","width":796,"height":448,"caption":"Imagem de contexto do artigo \"Red flags\" no amor que aparecem logo no dia dos Namorados"},{"@type":"BreadcrumbList","@id":"https:\/\/portaltela.pt\/noticias\/2026\/02\/14\/sinais-de-alerta-no-amor-surgem-ja-no-dia-de-sao-valentim\/#breadcrumb","itemListElement":[{"@type":"ListItem","position":1,"name":"In\u00edcio","item":"https:\/\/portaltela.pt\/"},{"@type":"ListItem","position":2,"name":"Sinais de alerta no amor surgem j\u00e1 no Dia de S\u00e3o Valentim"}]},{"@type":"WebSite","@id":"https:\/\/portaltela.pt\/#website","url":"https:\/\/portaltela.pt\/","name":"Portal Tela Portugal","description":"","potentialAction":[{"@type":"SearchAction","target":{"@type":"EntryPoint","urlTemplate":"https:\/\/portaltela.pt\/?s={search_term_string}"},"query-input":{"@type":"PropertyValueSpecification","valueRequired":true,"valueName":"search_term_string"}}],"inLanguage":"pt-PT"},{"@type":"Person","@id":"https:\/\/portaltela.pt\/#\/schema\/person\/c4278d4a6028830caff9ee44b42d32ed","name":"Telinha","image":{"@type":"ImageObject","inLanguage":"pt-PT","@id":"https:\/\/portaltela.pt\/s.01k8rhncp4jt1\/2025\/11\/talking-bot-125x125.png","url":"https:\/\/portaltela.pt\/s.01k8rhncp4jt1\/2025\/11\/talking-bot-125x125.png","contentUrl":"https:\/\/portaltela.pt\/s.01k8rhncp4jt1\/2025\/11\/talking-bot-125x125.png","caption":"Telinha"},"sameAs":["https:\/\/portaltela.pt\/"],"url":"https:\/\/portaltela.pt\/por\/367410592786\/"}]}},"_links":{"self":[{"href":"https:\/\/portaltela.pt\/api\/wp\/v2\/posts\/212054","targetHints":{"allow":["GET"]}}],"collection":[{"href":"https:\/\/portaltela.pt\/api\/wp\/v2\/posts"}],"about":[{"href":"https:\/\/portaltela.pt\/api\/wp\/v2\/types\/post"}],"author":[{"embeddable":true,"href":"https:\/\/portaltela.pt\/api\/wp\/v2\/users\/2"}],"replies":[{"embeddable":true,"href":"https:\/\/portaltela.pt\/api\/wp\/v2\/comments?post=212054"}],"version-history":[{"count":0,"href":"https:\/\/portaltela.pt\/api\/wp\/v2\/posts\/212054\/revisions"}],"wp:featuredmedia":[{"embeddable":true,"href":"https:\/\/portaltela.pt\/api\/wp\/v2\/media\/212058"}],"wp:attachment":[{"href":"https:\/\/portaltela.pt\/api\/wp\/v2\/media?parent=212054"}],"wp:term":[{"taxonomy":"category","embeddable":true,"href":"https:\/\/portaltela.pt\/api\/wp\/v2\/categories?post=212054"},{"taxonomy":"post_tag","embeddable":true,"href":"https:\/\/portaltela.pt\/api\/wp\/v2\/tags?post=212054"}],"curies":[{"name":"wp","href":"https:\/\/api.w.org\/{rel}","templated":true}]}}