{"id":212029,"date":"2026-02-14T05:55:00","date_gmt":"2026-02-14T08:55:00","guid":{"rendered":"https:\/\/portaltela.pt\/noticias\/2026\/02\/14\/derrocadas-em-porto-brandao-deixam-500-pessoas-em-suspenso\/"},"modified":"2026-02-14T05:55:00","modified_gmt":"2026-02-14T08:55:00","slug":"derrocadas-em-porto-brandao-deixam-500-pessoas-em-suspenso","status":"publish","type":"post","link":"https:\/\/portaltela.pt\/noticias\/2026\/02\/14\/derrocadas-em-porto-brandao-deixam-500-pessoas-em-suspenso\/","title":{"rendered":"Derrocadas em Porto Brand\u00e3o deixam 500 pessoas em suspenso"},"content":{"rendered":"<p>Movimentos do solo e o risco de queda da arriba em Porto Brand\u00e3o levaram \u00e0 retirada de moradores. O incidente ocorreu em 14 de fevereiro de 2026, com a\u00e7\u00f5es de conten\u00e7\u00e3o j\u00e1 em curso para impedir novos deslizamentos. A situa\u00e7\u00e3o exige evacua\u00e7\u00e3o preventiva para evitar danos, em especial nas zonas pr\u00f3ximas da linha de costa.<\/p>\n<p>Cerca de 500 pessoas viram-se retiradas de casa devido aos derrames de solo e aos sinais de instabilidade da arriba. As opera\u00e7\u00f5es de realojamento decorrem sob coordena\u00e7\u00e3o das autoridades locais e dos servi\u00e7os de prote\u00e7\u00e3o civil, com o objetivo de assegurar a seguran\u00e7a imediata.<\/p>\n<p>Autarquia local informou que alguns residentes podem n\u00e3o regressar \u00e0s habita\u00e7\u00f5es, conforme evoluam as avalia\u00e7\u00f5es de risco. As causas apontadas s\u00e3o os movimentos cont\u00ednuos do solo e o potencial de novo deslizamento na frente costa.<\/p>\n<h3>Impacto humano<\/h3>\n<p>As avalia\u00e7\u00f5es continuam para definir per\u00edodos de retorno e medidas de mitiga\u00e7\u00e3o a longo prazo, com monitoriza\u00e7\u00e3o permanente da \u00e1rea e planos de apoio aos afetados. A situa\u00e7\u00e3o permanece sob vigil\u00e2ncia, enquanto as autoridades estudam solu\u00e7\u00f5es de alojamento tempor\u00e1rio.<\/p>\n","protected":false},"excerpt":{"rendered":"<ul>\n<li>Derrocadas em Porto Brand\u00e3o deixam cerca de 500 pessoas em suspenso.<\/li>\n<li>Movimentos do solo e o perigo de queda da arrivinga obrigaram a evacua\u00e7\u00e3o de moradores.<\/li>\n<li>Autarquia afirmou que alguns residentes podem n\u00e3o regressar \u00e0s casas.<\/li>\n<li>A situa\u00e7\u00e3o foi reportada a 14 de fevereiro de 2026, \u00e0s 08:55.<\/li>\n<li>N\u00e3o foram dadas previs\u00f5es sobre o retorno ou o tempo de interven\u00e7\u00e3o.<\/li>\n<\/ul>\n","protected":false},"author":2,"featured_media":212031,"comment_status":"closed","ping_status":"closed","sticky":false,"template":"","format":"standard","meta":{"footnotes":""},"categories":[1],"tags":[4409,3735,4519,982,320,5413],"class_list":["post-212029","post","type-post","status-publish","format-standard","has-post-thumbnail","hentry","category-noticias","tag-derrocadas","tag-deslizamentos","tag-evacuacoes","tag-porto","tag-protecao-civil","tag-realojamentos"],"yoast_head":"<!-- This site is optimized with the Yoast SEO plugin v27.2 - https:\/\/yoast.com\/product\/yoast-seo-wordpress\/ -->\n<title>Derrocadas em Porto Brand\u00e3o deixam 500 pessoas em suspenso - Portal Tela Portugal<\/title>\n<meta name=\"robots\" content=\"index, follow, max-snippet:-1, max-image-preview:large, max-video-preview:-1\" \/>\n<meta property=\"og:locale\" content=\"pt_PT\" \/>\n<meta property=\"og:type\" content=\"article\" \/>\n<meta property=\"og:title\" content=\"Derrocadas em Porto Brand\u00e3o deixam 500 pessoas em suspenso - Portal Tela Portugal\" \/>\n<meta property=\"og:description\" content=\"Derrocadas em Porto Brand\u00e3o deixam cerca de 500 pessoas em suspenso. Movimentos do solo e o perigo de queda da arrivinga obrigaram a evacua\u00e7\u00e3o de moradores. Autarquia afirmou que alguns residentes podem n\u00e3o regressar \u00e0s casas. A situa\u00e7\u00e3o foi reportada a 14 de fevereiro de 2026, \u00e0s 08:55. N\u00e3o foram dadas previs\u00f5es sobre o retorno ou o tempo de interven\u00e7\u00e3o.\" \/>\n<meta property=\"og:url\" content=\"https:\/\/portaltela.pt\/noticias\/2026\/02\/14\/derrocadas-em-porto-brandao-deixam-500-pessoas-em-suspenso\/\" \/>\n<meta property=\"og:site_name\" content=\"Portal Tela Portugal\" \/>\n<meta property=\"article:published_time\" content=\"2026-02-14T08:55:00+00:00\" \/>\n<meta name=\"author\" content=\"Telinha\" \/>\n<meta name=\"twitter:card\" content=\"summary_large_image\" \/>\n<meta name=\"twitter:label1\" content=\"Escrito por\" \/>\n\t<meta name=\"twitter:data1\" content=\"Telinha\" \/>\n\t<meta name=\"twitter:label2\" content=\"Tempo estimado de leitura\" \/>\n\t<meta name=\"twitter:data2\" content=\"1 minuto\" \/>\n<script type=\"application\/ld+json\" class=\"yoast-schema-graph\">{\"@context\":\"https:\/\/schema.org\",\"@graph\":[{\"@type\":\"Article\",\"@id\":\"https:\/\/portaltela.pt\/noticias\/2026\/02\/14\/derrocadas-em-porto-brandao-deixam-500-pessoas-em-suspenso\/#article\",\"isPartOf\":{\"@id\":\"https:\/\/portaltela.pt\/noticias\/2026\/02\/14\/derrocadas-em-porto-brandao-deixam-500-pessoas-em-suspenso\/\"},\"author\":{\"name\":\"Telinha\",\"@id\":\"https:\/\/portaltela.pt\/#\/schema\/person\/c4278d4a6028830caff9ee44b42d32ed\"},\"headline\":\"Derrocadas em Porto Brand\u00e3o deixam 500 pessoas em suspenso\",\"datePublished\":\"2026-02-14T08:55:00+00:00\",\"mainEntityOfPage\":{\"@id\":\"https:\/\/portaltela.pt\/noticias\/2026\/02\/14\/derrocadas-em-porto-brandao-deixam-500-pessoas-em-suspenso\/\"},\"wordCount\":204,\"image\":{\"@id\":\"https:\/\/portaltela.pt\/noticias\/2026\/02\/14\/derrocadas-em-porto-brandao-deixam-500-pessoas-em-suspenso\/#primaryimage\"},\"thumbnailUrl\":\"https:\/\/portaltela.pt\/s.01k8rhncp4jt1\/2026\/02\/img_1280x722uu2026-02-14-08-51-00-2266834.jpg\",\"keywords\":[\"derrocadas\",\"deslizamentos\",\"evacua\u00e7\u00f5es\",\"Porto\",\"prote\u00e7\u00e3o civil\",\"realojamentos\"],\"articleSection\":[\"Not\u00edcias\"],\"inLanguage\":\"pt-PT\"},{\"@type\":\"WebPage\",\"@id\":\"https:\/\/portaltela.pt\/noticias\/2026\/02\/14\/derrocadas-em-porto-brandao-deixam-500-pessoas-em-suspenso\/\",\"url\":\"https:\/\/portaltela.pt\/noticias\/2026\/02\/14\/derrocadas-em-porto-brandao-deixam-500-pessoas-em-suspenso\/\",\"name\":\"Derrocadas em Porto Brand\u00e3o deixam 500 pessoas em suspenso - Portal Tela Portugal\",\"isPartOf\":{\"@id\":\"https:\/\/portaltela.pt\/#website\"},\"primaryImageOfPage\":{\"@id\":\"https:\/\/portaltela.pt\/noticias\/2026\/02\/14\/derrocadas-em-porto-brandao-deixam-500-pessoas-em-suspenso\/#primaryimage\"},\"image\":{\"@id\":\"https:\/\/portaltela.pt\/noticias\/2026\/02\/14\/derrocadas-em-porto-brandao-deixam-500-pessoas-em-suspenso\/#primaryimage\"},\"thumbnailUrl\":\"https:\/\/portaltela.pt\/s.01k8rhncp4jt1\/2026\/02\/img_1280x722uu2026-02-14-08-51-00-2266834.jpg\",\"datePublished\":\"2026-02-14T08:55:00+00:00\",\"author\":{\"@id\":\"https:\/\/portaltela.pt\/#\/schema\/person\/c4278d4a6028830caff9ee44b42d32ed\"},\"breadcrumb\":{\"@id\":\"https:\/\/portaltela.pt\/noticias\/2026\/02\/14\/derrocadas-em-porto-brandao-deixam-500-pessoas-em-suspenso\/#breadcrumb\"},\"inLanguage\":\"pt-PT\",\"potentialAction\":[{\"@type\":\"ReadAction\",\"target\":[\"https:\/\/portaltela.pt\/noticias\/2026\/02\/14\/derrocadas-em-porto-brandao-deixam-500-pessoas-em-suspenso\/\"]}]},{\"@type\":\"ImageObject\",\"inLanguage\":\"pt-PT\",\"@id\":\"https:\/\/portaltela.pt\/noticias\/2026\/02\/14\/derrocadas-em-porto-brandao-deixam-500-pessoas-em-suspenso\/#primaryimage\",\"url\":\"https:\/\/portaltela.pt\/s.01k8rhncp4jt1\/2026\/02\/img_1280x722uu2026-02-14-08-51-00-2266834.jpg\",\"contentUrl\":\"https:\/\/portaltela.pt\/s.01k8rhncp4jt1\/2026\/02\/img_1280x722uu2026-02-14-08-51-00-2266834.jpg\",\"width\":796,\"height\":448,\"caption\":\"Photo\"},{\"@type\":\"BreadcrumbList\",\"@id\":\"https:\/\/portaltela.pt\/noticias\/2026\/02\/14\/derrocadas-em-porto-brandao-deixam-500-pessoas-em-suspenso\/#breadcrumb\",\"itemListElement\":[{\"@type\":\"ListItem\",\"position\":1,\"name\":\"In\u00edcio\",\"item\":\"https:\/\/portaltela.pt\/\"},{\"@type\":\"ListItem\",\"position\":2,\"name\":\"Derrocadas em Porto Brand\u00e3o deixam 500 pessoas em suspenso\"}]},{\"@type\":\"WebSite\",\"@id\":\"https:\/\/portaltela.pt\/#website\",\"url\":\"https:\/\/portaltela.pt\/\",\"name\":\"Portal Tela Portugal\",\"description\":\"\",\"potentialAction\":[{\"@type\":\"SearchAction\",\"target\":{\"@type\":\"EntryPoint\",\"urlTemplate\":\"https:\/\/portaltela.pt\/?s={search_term_string}\"},\"query-input\":{\"@type\":\"PropertyValueSpecification\",\"valueRequired\":true,\"valueName\":\"search_term_string\"}}],\"inLanguage\":\"pt-PT\"},{\"@type\":\"Person\",\"@id\":\"https:\/\/portaltela.pt\/#\/schema\/person\/c4278d4a6028830caff9ee44b42d32ed\",\"name\":\"Telinha\",\"image\":{\"@type\":\"ImageObject\",\"inLanguage\":\"pt-PT\",\"@id\":\"https:\/\/portaltela.pt\/s.01k8rhncp4jt1\/2025\/11\/talking-bot-125x125.png\",\"url\":\"https:\/\/portaltela.pt\/s.01k8rhncp4jt1\/2025\/11\/talking-bot-125x125.png\",\"contentUrl\":\"https:\/\/portaltela.pt\/s.01k8rhncp4jt1\/2025\/11\/talking-bot-125x125.png\",\"caption\":\"Telinha\"},\"sameAs\":[\"https:\/\/portaltela.pt\/\"],\"url\":\"https:\/\/portaltela.pt\/por\/367410592786\/\"}]}<\/script>\n<!-- \/ Yoast SEO plugin. -->","yoast_head_json":{"title":"Derrocadas em Porto Brand\u00e3o deixam 500 pessoas em suspenso - Portal Tela Portugal","robots":{"index":"index","follow":"follow","max-snippet":"max-snippet:-1","max-image-preview":"max-image-preview:large","max-video-preview":"max-video-preview:-1"},"og_locale":"pt_PT","og_type":"article","og_title":"Derrocadas em Porto Brand\u00e3o deixam 500 pessoas em suspenso - Portal Tela Portugal","og_description":"Derrocadas em Porto Brand\u00e3o deixam cerca de 500 pessoas em suspenso. Movimentos do solo e o perigo de queda da arrivinga obrigaram a evacua\u00e7\u00e3o de moradores. Autarquia afirmou que alguns residentes podem n\u00e3o regressar \u00e0s casas. A situa\u00e7\u00e3o foi reportada a 14 de fevereiro de 2026, \u00e0s 08:55. N\u00e3o foram dadas previs\u00f5es sobre o retorno ou o tempo de interven\u00e7\u00e3o.","og_url":"https:\/\/portaltela.pt\/noticias\/2026\/02\/14\/derrocadas-em-porto-brandao-deixam-500-pessoas-em-suspenso\/","og_site_name":"Portal Tela Portugal","article_published_time":"2026-02-14T08:55:00+00:00","author":"Telinha","twitter_card":"summary_large_image","twitter_misc":{"Escrito por":"Telinha","Tempo estimado de leitura":"1 minuto"},"schema":{"@context":"https:\/\/schema.org","@graph":[{"@type":"Article","@id":"https:\/\/portaltela.pt\/noticias\/2026\/02\/14\/derrocadas-em-porto-brandao-deixam-500-pessoas-em-suspenso\/#article","isPartOf":{"@id":"https:\/\/portaltela.pt\/noticias\/2026\/02\/14\/derrocadas-em-porto-brandao-deixam-500-pessoas-em-suspenso\/"},"author":{"name":"Telinha","@id":"https:\/\/portaltela.pt\/#\/schema\/person\/c4278d4a6028830caff9ee44b42d32ed"},"headline":"Derrocadas em Porto Brand\u00e3o deixam 500 pessoas em suspenso","datePublished":"2026-02-14T08:55:00+00:00","mainEntityOfPage":{"@id":"https:\/\/portaltela.pt\/noticias\/2026\/02\/14\/derrocadas-em-porto-brandao-deixam-500-pessoas-em-suspenso\/"},"wordCount":204,"image":{"@id":"https:\/\/portaltela.pt\/noticias\/2026\/02\/14\/derrocadas-em-porto-brandao-deixam-500-pessoas-em-suspenso\/#primaryimage"},"thumbnailUrl":"https:\/\/portaltela.pt\/s.01k8rhncp4jt1\/2026\/02\/img_1280x722uu2026-02-14-08-51-00-2266834.jpg","keywords":["derrocadas","deslizamentos","evacua\u00e7\u00f5es","Porto","prote\u00e7\u00e3o civil","realojamentos"],"articleSection":["Not\u00edcias"],"inLanguage":"pt-PT"},{"@type":"WebPage","@id":"https:\/\/portaltela.pt\/noticias\/2026\/02\/14\/derrocadas-em-porto-brandao-deixam-500-pessoas-em-suspenso\/","url":"https:\/\/portaltela.pt\/noticias\/2026\/02\/14\/derrocadas-em-porto-brandao-deixam-500-pessoas-em-suspenso\/","name":"Derrocadas em Porto Brand\u00e3o deixam 500 pessoas em suspenso - Portal Tela Portugal","isPartOf":{"@id":"https:\/\/portaltela.pt\/#website"},"primaryImageOfPage":{"@id":"https:\/\/portaltela.pt\/noticias\/2026\/02\/14\/derrocadas-em-porto-brandao-deixam-500-pessoas-em-suspenso\/#primaryimage"},"image":{"@id":"https:\/\/portaltela.pt\/noticias\/2026\/02\/14\/derrocadas-em-porto-brandao-deixam-500-pessoas-em-suspenso\/#primaryimage"},"thumbnailUrl":"https:\/\/portaltela.pt\/s.01k8rhncp4jt1\/2026\/02\/img_1280x722uu2026-02-14-08-51-00-2266834.jpg","datePublished":"2026-02-14T08:55:00+00:00","author":{"@id":"https:\/\/portaltela.pt\/#\/schema\/person\/c4278d4a6028830caff9ee44b42d32ed"},"breadcrumb":{"@id":"https:\/\/portaltela.pt\/noticias\/2026\/02\/14\/derrocadas-em-porto-brandao-deixam-500-pessoas-em-suspenso\/#breadcrumb"},"inLanguage":"pt-PT","potentialAction":[{"@type":"ReadAction","target":["https:\/\/portaltela.pt\/noticias\/2026\/02\/14\/derrocadas-em-porto-brandao-deixam-500-pessoas-em-suspenso\/"]}]},{"@type":"ImageObject","inLanguage":"pt-PT","@id":"https:\/\/portaltela.pt\/noticias\/2026\/02\/14\/derrocadas-em-porto-brandao-deixam-500-pessoas-em-suspenso\/#primaryimage","url":"https:\/\/portaltela.pt\/s.01k8rhncp4jt1\/2026\/02\/img_1280x722uu2026-02-14-08-51-00-2266834.jpg","contentUrl":"https:\/\/portaltela.pt\/s.01k8rhncp4jt1\/2026\/02\/img_1280x722uu2026-02-14-08-51-00-2266834.jpg","width":796,"height":448,"caption":"Photo"},{"@type":"BreadcrumbList","@id":"https:\/\/portaltela.pt\/noticias\/2026\/02\/14\/derrocadas-em-porto-brandao-deixam-500-pessoas-em-suspenso\/#breadcrumb","itemListElement":[{"@type":"ListItem","position":1,"name":"In\u00edcio","item":"https:\/\/portaltela.pt\/"},{"@type":"ListItem","position":2,"name":"Derrocadas em Porto Brand\u00e3o deixam 500 pessoas em suspenso"}]},{"@type":"WebSite","@id":"https:\/\/portaltela.pt\/#website","url":"https:\/\/portaltela.pt\/","name":"Portal Tela Portugal","description":"","potentialAction":[{"@type":"SearchAction","target":{"@type":"EntryPoint","urlTemplate":"https:\/\/portaltela.pt\/?s={search_term_string}"},"query-input":{"@type":"PropertyValueSpecification","valueRequired":true,"valueName":"search_term_string"}}],"inLanguage":"pt-PT"},{"@type":"Person","@id":"https:\/\/portaltela.pt\/#\/schema\/person\/c4278d4a6028830caff9ee44b42d32ed","name":"Telinha","image":{"@type":"ImageObject","inLanguage":"pt-PT","@id":"https:\/\/portaltela.pt\/s.01k8rhncp4jt1\/2025\/11\/talking-bot-125x125.png","url":"https:\/\/portaltela.pt\/s.01k8rhncp4jt1\/2025\/11\/talking-bot-125x125.png","contentUrl":"https:\/\/portaltela.pt\/s.01k8rhncp4jt1\/2025\/11\/talking-bot-125x125.png","caption":"Telinha"},"sameAs":["https:\/\/portaltela.pt\/"],"url":"https:\/\/portaltela.pt\/por\/367410592786\/"}]}},"_links":{"self":[{"href":"https:\/\/portaltela.pt\/api\/wp\/v2\/posts\/212029","targetHints":{"allow":["GET"]}}],"collection":[{"href":"https:\/\/portaltela.pt\/api\/wp\/v2\/posts"}],"about":[{"href":"https:\/\/portaltela.pt\/api\/wp\/v2\/types\/post"}],"author":[{"embeddable":true,"href":"https:\/\/portaltela.pt\/api\/wp\/v2\/users\/2"}],"replies":[{"embeddable":true,"href":"https:\/\/portaltela.pt\/api\/wp\/v2\/comments?post=212029"}],"version-history":[{"count":0,"href":"https:\/\/portaltela.pt\/api\/wp\/v2\/posts\/212029\/revisions"}],"wp:featuredmedia":[{"embeddable":true,"href":"https:\/\/portaltela.pt\/api\/wp\/v2\/media\/212031"}],"wp:attachment":[{"href":"https:\/\/portaltela.pt\/api\/wp\/v2\/media?parent=212029"}],"wp:term":[{"taxonomy":"category","embeddable":true,"href":"https:\/\/portaltela.pt\/api\/wp\/v2\/categories?post=212029"},{"taxonomy":"post_tag","embeddable":true,"href":"https:\/\/portaltela.pt\/api\/wp\/v2\/tags?post=212029"}],"curies":[{"name":"wp","href":"https:\/\/api.w.org\/{rel}","templated":true}]}}