{"id":212019,"date":"2026-02-14T05:48:00","date_gmt":"2026-02-14T08:48:00","guid":{"rendered":"https:\/\/portaltela.pt\/noticias\/2026\/02\/14\/ambiente-tenso-marca-nacionais-de-pista-curta-em-braga\/"},"modified":"2026-02-14T05:48:00","modified_gmt":"2026-02-14T08:48:00","slug":"ambiente-tenso-marca-nacionais-de-pista-curta-em-braga","status":"publish","type":"post","link":"https:\/\/portaltela.pt\/desporto\/2026\/02\/14\/ambiente-tenso-marca-nacionais-de-pista-curta-em-braga\/","title":{"rendered":"Ambiente tenso marca Nacionais de pista curta em Braga"},"content":{"rendered":"<p>Os Nacionais de clubes de pista curta decorrem este fim de semana em Braga, ap\u00f3s a transfer\u00eancia da prova devido aos estragos da tempestade Kristin no Expocentro, em Pombal. A d\u00favida persiste sobre o arranque da competi\u00e7\u00e3o, marcada por um d\u00e9rbi entre Benfica e Sporting.<\/p>\n<p>O Benfica volta a entrar em cena ap\u00f3s uma pol\u00e9mica com a atleta Arialis Mart\u00ednez, desclassificada num teste no Jamor, que servia para assegurar o passaporte para os Mundiais de pista coberta. O clube apresentou um protesto, apoiando-se no incumprimento do regulamento da World Athletics.<\/p>\n<p>O suceder da desqualifica\u00e7\u00e3o n\u00e3o se limita ao Jamor. Em causa estar\u00e1 a forma como a prova de 60 metros  foi interrompida, o que n\u00e3o aconteceu, levando \u00e0 decis\u00e3o final de desqualifica\u00e7\u00e3o. Mart\u00ednez mant\u00e9m-se inscrita nos Nacionais, com a prova de 60 metros marcada para hoje.<\/p>\n<h3>Protesto do Benfica<\/h3>\n<p>O clube alega falhas no processo, incluindo o facto de existir falta de paragem autom\u00e1tica da eliminat\u00f3ria. A ideia \u00e9 clarificar o procedimento e salvaguardar o acesso ao Mundial para a atleta.<\/p>\n<h3>Perspetivas na competi\u00e7\u00e3o<\/h3>\n<p>Na geral, o Sporting lidera no quadro feminino com 29 vit\u00f3rias em 32 edi\u00e7\u00f5es, enquanto o Benfica domina o masculino com 19 vit\u00f3rias contra 13 dos le\u00f5es. A disputa promete ser disputada neste fim de semana em Braga.<\/p>\n","protected":false},"excerpt":{"rendered":"<ul>\n<li>Os Nacionais de clubes de pista curta realizam-se em Braga, ap\u00f3s terem sido transferidos da Expocentro, em Pombal, devido aos estragos da tempestade Kristin.<\/li>\n<li>Benfica apresentou protesto ap\u00f3s a desqualifica\u00e7\u00e3o de Arialis Mart\u00ednez no Jamor, alegando incumprimento do regulamento da World Athletics.<\/li>\n<li>A cr\u00edtica centra-se no facto de a prova de 60 metros n\u00e3o ter sido parada em caso de falta de partida, o que, segundo o Benfica, violaria o regulamento.<\/li>\n<li>Arialis Mart\u00ednez venceu a eliminat\u00f3ria com 7,18 segundos e, caso n\u00e3o fosse desqualificada, teria qualificado para os Mundiais de pista coberta.<\/li>\n<li>No hist\u00f3rico, o Sporting domina no feminino (29 vit\u00f3rias em 32 edi\u00e7\u00f5es) e lidera no masculino (19 vit\u00f3rias Sporting, 13 Benfica).<\/li>\n<\/ul>\n","protected":false},"author":2,"featured_media":212020,"comment_status":"closed","ping_status":"closed","sticky":false,"template":"","format":"standard","meta":{"footnotes":""},"categories":[21],"tags":[3608,137,1946,1207,2857,1652],"class_list":["post-212019","post","type-post","status-publish","format-standard","has-post-thumbnail","hentry","category-desporto","tag-60-m-barreiras","tag-atletismo","tag-benfica","tag-braga","tag-protestos","tag-sporting"],"yoast_head":"<!-- This site is optimized with the Yoast SEO plugin v27.2 - https:\/\/yoast.com\/product\/yoast-seo-wordpress\/ -->\n<title>Ambiente tenso marca Nacionais de pista curta em Braga - Portal Tela Portugal<\/title>\n<meta name=\"robots\" content=\"index, follow, max-snippet:-1, max-image-preview:large, max-video-preview:-1\" \/>\n<meta property=\"og:locale\" content=\"pt_PT\" \/>\n<meta property=\"og:type\" content=\"article\" \/>\n<meta property=\"og:title\" content=\"Ambiente tenso marca Nacionais de pista curta em Braga - Portal Tela Portugal\" \/>\n<meta property=\"og:description\" content=\"Os Nacionais de clubes de pista curta realizam-se em Braga, ap\u00f3s terem sido transferidos da Expocentro, em Pombal, devido aos estragos da tempestade Kristin. Benfica apresentou protesto ap\u00f3s a desqualifica\u00e7\u00e3o de Arialis Mart\u00ednez no Jamor, alegando incumprimento do regulamento da World Athletics. A cr\u00edtica centra-se no facto de a prova de 60 metros n\u00e3o ter sido parada em caso de falta de partida, o que, segundo o Benfica, violaria o regulamento. Arialis Mart\u00ednez venceu a eliminat\u00f3ria com 7,18 segundos e, caso n\u00e3o fosse desqualificada, teria qualificado para os Mundiais de pista coberta. No hist\u00f3rico, o Sporting domina no feminino (29 vit\u00f3rias em 32 edi\u00e7\u00f5es) e lidera no masculino (19 vit\u00f3rias Sporting, 13 Benfica).\" \/>\n<meta property=\"og:url\" content=\"https:\/\/portaltela.pt\/noticias\/2026\/02\/14\/ambiente-tenso-marca-nacionais-de-pista-curta-em-braga\/\" \/>\n<meta property=\"og:site_name\" content=\"Portal Tela Portugal\" \/>\n<meta property=\"article:published_time\" content=\"2026-02-14T08:48:00+00:00\" \/>\n<meta name=\"author\" content=\"Telinha\" \/>\n<meta name=\"twitter:card\" content=\"summary_large_image\" \/>\n<meta name=\"twitter:label1\" content=\"Escrito por\" \/>\n\t<meta name=\"twitter:data1\" content=\"Telinha\" \/>\n\t<meta name=\"twitter:label2\" content=\"Tempo estimado de leitura\" \/>\n\t<meta name=\"twitter:data2\" content=\"1 minuto\" \/>\n<script type=\"application\/ld+json\" class=\"yoast-schema-graph\">{\"@context\":\"https:\/\/schema.org\",\"@graph\":[{\"@type\":\"Article\",\"@id\":\"https:\/\/portaltela.pt\/noticias\/2026\/02\/14\/ambiente-tenso-marca-nacionais-de-pista-curta-em-braga\/#article\",\"isPartOf\":{\"@id\":\"https:\/\/portaltela.pt\/noticias\/2026\/02\/14\/ambiente-tenso-marca-nacionais-de-pista-curta-em-braga\/\"},\"author\":{\"name\":\"Telinha\",\"@id\":\"https:\/\/portaltela.pt\/#\/schema\/person\/c4278d4a6028830caff9ee44b42d32ed\"},\"headline\":\"Ambiente tenso marca Nacionais de pista curta em Braga\",\"datePublished\":\"2026-02-14T08:48:00+00:00\",\"mainEntityOfPage\":{\"@id\":\"https:\/\/portaltela.pt\/noticias\/2026\/02\/14\/ambiente-tenso-marca-nacionais-de-pista-curta-em-braga\/\"},\"wordCount\":235,\"image\":{\"@id\":\"https:\/\/portaltela.pt\/noticias\/2026\/02\/14\/ambiente-tenso-marca-nacionais-de-pista-curta-em-braga\/#primaryimage\"},\"thumbnailUrl\":\"https:\/\/portaltela.pt\/s.01k8rhncp4jt1\/2026\/02\/img_920x518uu2026-02-14-08-45-44-2421498.jpg\",\"keywords\":[\"60 m barreiras\",\"atletismo\",\"Benfica\",\"Braga\",\"protestos\",\"Sporting\"],\"articleSection\":[\"Desporto\"],\"inLanguage\":\"pt-PT\"},{\"@type\":\"WebPage\",\"@id\":\"https:\/\/portaltela.pt\/noticias\/2026\/02\/14\/ambiente-tenso-marca-nacionais-de-pista-curta-em-braga\/\",\"url\":\"https:\/\/portaltela.pt\/noticias\/2026\/02\/14\/ambiente-tenso-marca-nacionais-de-pista-curta-em-braga\/\",\"name\":\"Ambiente tenso marca Nacionais de pista curta em Braga - Portal Tela Portugal\",\"isPartOf\":{\"@id\":\"https:\/\/portaltela.pt\/#website\"},\"primaryImageOfPage\":{\"@id\":\"https:\/\/portaltela.pt\/noticias\/2026\/02\/14\/ambiente-tenso-marca-nacionais-de-pista-curta-em-braga\/#primaryimage\"},\"image\":{\"@id\":\"https:\/\/portaltela.pt\/noticias\/2026\/02\/14\/ambiente-tenso-marca-nacionais-de-pista-curta-em-braga\/#primaryimage\"},\"thumbnailUrl\":\"https:\/\/portaltela.pt\/s.01k8rhncp4jt1\/2026\/02\/img_920x518uu2026-02-14-08-45-44-2421498.jpg\",\"datePublished\":\"2026-02-14T08:48:00+00:00\",\"author\":{\"@id\":\"https:\/\/portaltela.pt\/#\/schema\/person\/c4278d4a6028830caff9ee44b42d32ed\"},\"breadcrumb\":{\"@id\":\"https:\/\/portaltela.pt\/noticias\/2026\/02\/14\/ambiente-tenso-marca-nacionais-de-pista-curta-em-braga\/#breadcrumb\"},\"inLanguage\":\"pt-PT\",\"potentialAction\":[{\"@type\":\"ReadAction\",\"target\":[\"https:\/\/portaltela.pt\/noticias\/2026\/02\/14\/ambiente-tenso-marca-nacionais-de-pista-curta-em-braga\/\"]}]},{\"@type\":\"ImageObject\",\"inLanguage\":\"pt-PT\",\"@id\":\"https:\/\/portaltela.pt\/noticias\/2026\/02\/14\/ambiente-tenso-marca-nacionais-de-pista-curta-em-braga\/#primaryimage\",\"url\":\"https:\/\/portaltela.pt\/s.01k8rhncp4jt1\/2026\/02\/img_920x518uu2026-02-14-08-45-44-2421498.jpg\",\"contentUrl\":\"https:\/\/portaltela.pt\/s.01k8rhncp4jt1\/2026\/02\/img_920x518uu2026-02-14-08-45-44-2421498.jpg\",\"width\":796,\"height\":448,\"caption\":\"Arialis Mart\u00ednez\"},{\"@type\":\"BreadcrumbList\",\"@id\":\"https:\/\/portaltela.pt\/noticias\/2026\/02\/14\/ambiente-tenso-marca-nacionais-de-pista-curta-em-braga\/#breadcrumb\",\"itemListElement\":[{\"@type\":\"ListItem\",\"position\":1,\"name\":\"In\u00edcio\",\"item\":\"https:\/\/portaltela.pt\/\"},{\"@type\":\"ListItem\",\"position\":2,\"name\":\"Ambiente tenso marca Nacionais de pista curta em Braga\"}]},{\"@type\":\"WebSite\",\"@id\":\"https:\/\/portaltela.pt\/#website\",\"url\":\"https:\/\/portaltela.pt\/\",\"name\":\"Portal Tela Portugal\",\"description\":\"\",\"potentialAction\":[{\"@type\":\"SearchAction\",\"target\":{\"@type\":\"EntryPoint\",\"urlTemplate\":\"https:\/\/portaltela.pt\/?s={search_term_string}\"},\"query-input\":{\"@type\":\"PropertyValueSpecification\",\"valueRequired\":true,\"valueName\":\"search_term_string\"}}],\"inLanguage\":\"pt-PT\"},{\"@type\":\"Person\",\"@id\":\"https:\/\/portaltela.pt\/#\/schema\/person\/c4278d4a6028830caff9ee44b42d32ed\",\"name\":\"Telinha\",\"image\":{\"@type\":\"ImageObject\",\"inLanguage\":\"pt-PT\",\"@id\":\"https:\/\/portaltela.pt\/s.01k8rhncp4jt1\/2025\/11\/talking-bot-125x125.png\",\"url\":\"https:\/\/portaltela.pt\/s.01k8rhncp4jt1\/2025\/11\/talking-bot-125x125.png\",\"contentUrl\":\"https:\/\/portaltela.pt\/s.01k8rhncp4jt1\/2025\/11\/talking-bot-125x125.png\",\"caption\":\"Telinha\"},\"sameAs\":[\"https:\/\/portaltela.pt\/\"],\"url\":\"https:\/\/portaltela.pt\/por\/367410592786\/\"}]}<\/script>\n<!-- \/ Yoast SEO plugin. -->","yoast_head_json":{"title":"Ambiente tenso marca Nacionais de pista curta em Braga - Portal Tela Portugal","robots":{"index":"index","follow":"follow","max-snippet":"max-snippet:-1","max-image-preview":"max-image-preview:large","max-video-preview":"max-video-preview:-1"},"og_locale":"pt_PT","og_type":"article","og_title":"Ambiente tenso marca Nacionais de pista curta em Braga - Portal Tela Portugal","og_description":"Os Nacionais de clubes de pista curta realizam-se em Braga, ap\u00f3s terem sido transferidos da Expocentro, em Pombal, devido aos estragos da tempestade Kristin. Benfica apresentou protesto ap\u00f3s a desqualifica\u00e7\u00e3o de Arialis Mart\u00ednez no Jamor, alegando incumprimento do regulamento da World Athletics. A cr\u00edtica centra-se no facto de a prova de 60 metros n\u00e3o ter sido parada em caso de falta de partida, o que, segundo o Benfica, violaria o regulamento. Arialis Mart\u00ednez venceu a eliminat\u00f3ria com 7,18 segundos e, caso n\u00e3o fosse desqualificada, teria qualificado para os Mundiais de pista coberta. No hist\u00f3rico, o Sporting domina no feminino (29 vit\u00f3rias em 32 edi\u00e7\u00f5es) e lidera no masculino (19 vit\u00f3rias Sporting, 13 Benfica).","og_url":"https:\/\/portaltela.pt\/noticias\/2026\/02\/14\/ambiente-tenso-marca-nacionais-de-pista-curta-em-braga\/","og_site_name":"Portal Tela Portugal","article_published_time":"2026-02-14T08:48:00+00:00","author":"Telinha","twitter_card":"summary_large_image","twitter_misc":{"Escrito por":"Telinha","Tempo estimado de leitura":"1 minuto"},"schema":{"@context":"https:\/\/schema.org","@graph":[{"@type":"Article","@id":"https:\/\/portaltela.pt\/noticias\/2026\/02\/14\/ambiente-tenso-marca-nacionais-de-pista-curta-em-braga\/#article","isPartOf":{"@id":"https:\/\/portaltela.pt\/noticias\/2026\/02\/14\/ambiente-tenso-marca-nacionais-de-pista-curta-em-braga\/"},"author":{"name":"Telinha","@id":"https:\/\/portaltela.pt\/#\/schema\/person\/c4278d4a6028830caff9ee44b42d32ed"},"headline":"Ambiente tenso marca Nacionais de pista curta em Braga","datePublished":"2026-02-14T08:48:00+00:00","mainEntityOfPage":{"@id":"https:\/\/portaltela.pt\/noticias\/2026\/02\/14\/ambiente-tenso-marca-nacionais-de-pista-curta-em-braga\/"},"wordCount":235,"image":{"@id":"https:\/\/portaltela.pt\/noticias\/2026\/02\/14\/ambiente-tenso-marca-nacionais-de-pista-curta-em-braga\/#primaryimage"},"thumbnailUrl":"https:\/\/portaltela.pt\/s.01k8rhncp4jt1\/2026\/02\/img_920x518uu2026-02-14-08-45-44-2421498.jpg","keywords":["60 m barreiras","atletismo","Benfica","Braga","protestos","Sporting"],"articleSection":["Desporto"],"inLanguage":"pt-PT"},{"@type":"WebPage","@id":"https:\/\/portaltela.pt\/noticias\/2026\/02\/14\/ambiente-tenso-marca-nacionais-de-pista-curta-em-braga\/","url":"https:\/\/portaltela.pt\/noticias\/2026\/02\/14\/ambiente-tenso-marca-nacionais-de-pista-curta-em-braga\/","name":"Ambiente tenso marca Nacionais de pista curta em Braga - Portal Tela Portugal","isPartOf":{"@id":"https:\/\/portaltela.pt\/#website"},"primaryImageOfPage":{"@id":"https:\/\/portaltela.pt\/noticias\/2026\/02\/14\/ambiente-tenso-marca-nacionais-de-pista-curta-em-braga\/#primaryimage"},"image":{"@id":"https:\/\/portaltela.pt\/noticias\/2026\/02\/14\/ambiente-tenso-marca-nacionais-de-pista-curta-em-braga\/#primaryimage"},"thumbnailUrl":"https:\/\/portaltela.pt\/s.01k8rhncp4jt1\/2026\/02\/img_920x518uu2026-02-14-08-45-44-2421498.jpg","datePublished":"2026-02-14T08:48:00+00:00","author":{"@id":"https:\/\/portaltela.pt\/#\/schema\/person\/c4278d4a6028830caff9ee44b42d32ed"},"breadcrumb":{"@id":"https:\/\/portaltela.pt\/noticias\/2026\/02\/14\/ambiente-tenso-marca-nacionais-de-pista-curta-em-braga\/#breadcrumb"},"inLanguage":"pt-PT","potentialAction":[{"@type":"ReadAction","target":["https:\/\/portaltela.pt\/noticias\/2026\/02\/14\/ambiente-tenso-marca-nacionais-de-pista-curta-em-braga\/"]}]},{"@type":"ImageObject","inLanguage":"pt-PT","@id":"https:\/\/portaltela.pt\/noticias\/2026\/02\/14\/ambiente-tenso-marca-nacionais-de-pista-curta-em-braga\/#primaryimage","url":"https:\/\/portaltela.pt\/s.01k8rhncp4jt1\/2026\/02\/img_920x518uu2026-02-14-08-45-44-2421498.jpg","contentUrl":"https:\/\/portaltela.pt\/s.01k8rhncp4jt1\/2026\/02\/img_920x518uu2026-02-14-08-45-44-2421498.jpg","width":796,"height":448,"caption":"Arialis Mart\u00ednez"},{"@type":"BreadcrumbList","@id":"https:\/\/portaltela.pt\/noticias\/2026\/02\/14\/ambiente-tenso-marca-nacionais-de-pista-curta-em-braga\/#breadcrumb","itemListElement":[{"@type":"ListItem","position":1,"name":"In\u00edcio","item":"https:\/\/portaltela.pt\/"},{"@type":"ListItem","position":2,"name":"Ambiente tenso marca Nacionais de pista curta em Braga"}]},{"@type":"WebSite","@id":"https:\/\/portaltela.pt\/#website","url":"https:\/\/portaltela.pt\/","name":"Portal Tela Portugal","description":"","potentialAction":[{"@type":"SearchAction","target":{"@type":"EntryPoint","urlTemplate":"https:\/\/portaltela.pt\/?s={search_term_string}"},"query-input":{"@type":"PropertyValueSpecification","valueRequired":true,"valueName":"search_term_string"}}],"inLanguage":"pt-PT"},{"@type":"Person","@id":"https:\/\/portaltela.pt\/#\/schema\/person\/c4278d4a6028830caff9ee44b42d32ed","name":"Telinha","image":{"@type":"ImageObject","inLanguage":"pt-PT","@id":"https:\/\/portaltela.pt\/s.01k8rhncp4jt1\/2025\/11\/talking-bot-125x125.png","url":"https:\/\/portaltela.pt\/s.01k8rhncp4jt1\/2025\/11\/talking-bot-125x125.png","contentUrl":"https:\/\/portaltela.pt\/s.01k8rhncp4jt1\/2025\/11\/talking-bot-125x125.png","caption":"Telinha"},"sameAs":["https:\/\/portaltela.pt\/"],"url":"https:\/\/portaltela.pt\/por\/367410592786\/"}]}},"_links":{"self":[{"href":"https:\/\/portaltela.pt\/api\/wp\/v2\/posts\/212019","targetHints":{"allow":["GET"]}}],"collection":[{"href":"https:\/\/portaltela.pt\/api\/wp\/v2\/posts"}],"about":[{"href":"https:\/\/portaltela.pt\/api\/wp\/v2\/types\/post"}],"author":[{"embeddable":true,"href":"https:\/\/portaltela.pt\/api\/wp\/v2\/users\/2"}],"replies":[{"embeddable":true,"href":"https:\/\/portaltela.pt\/api\/wp\/v2\/comments?post=212019"}],"version-history":[{"count":0,"href":"https:\/\/portaltela.pt\/api\/wp\/v2\/posts\/212019\/revisions"}],"wp:featuredmedia":[{"embeddable":true,"href":"https:\/\/portaltela.pt\/api\/wp\/v2\/media\/212020"}],"wp:attachment":[{"href":"https:\/\/portaltela.pt\/api\/wp\/v2\/media?parent=212019"}],"wp:term":[{"taxonomy":"category","embeddable":true,"href":"https:\/\/portaltela.pt\/api\/wp\/v2\/categories?post=212019"},{"taxonomy":"post_tag","embeddable":true,"href":"https:\/\/portaltela.pt\/api\/wp\/v2\/tags?post=212019"}],"curies":[{"name":"wp","href":"https:\/\/api.w.org\/{rel}","templated":true}]}}