{"id":212003,"date":"2026-02-14T05:21:00","date_gmt":"2026-02-14T08:21:00","guid":{"rendered":"https:\/\/portaltela.pt\/noticias\/2026\/02\/14\/proibicao-de-venda-de-alcool-para-consumo-exterior-entra-hoje-em-vigor-em-lisboa\/"},"modified":"2026-02-14T05:21:00","modified_gmt":"2026-02-14T08:21:00","slug":"proibicao-de-venda-de-alcool-para-consumo-exterior-entra-hoje-em-vigor-em-lisboa","status":"publish","type":"post","link":"https:\/\/portaltela.pt\/noticias\/2026\/02\/14\/proibicao-de-venda-de-alcool-para-consumo-exterior-entra-hoje-em-vigor-em-lisboa\/","title":{"rendered":"Proibi\u00e7\u00e3o de venda de \u00e1lcool para consumo exterior entra hoje em vigor em Lisboa"},"content":{"rendered":"<p>A partir deste s\u00e1bado, Lisboa passa a proibir a venda de bebidas alco\u00f3licas para consumo no exterior nos estabelecimentos da cidade, aos fins de semana e durante a semana em hor\u00e1rios espec\u00edficos. A medida visa reduzir ru\u00eddo e assegurar o descanso dos moradores.<\/p>\n<p>O regime de hor\u00e1rio foi aprovado pela C\u00e2mara Municipal de Lisboa h\u00e1 um m\u00eas e entrou em vigor 30 dias ap\u00f3s a publica\u00e7\u00e3o no Boletim Municipal, ocorrida a 15 de janeiro. A proibi\u00e7\u00e3o aplica-se a todo o territ\u00f3rio lisboeta, com exce\u00e7\u00f5es para consumo no interior, esplanadas licenciadas e entregas ao domic\u00edlio.<\/p>\n<h3>Entrada em vigor e abrang\u00eancia<\/h3>\n<p>A norma impede a venda de bebidas para consumo no exterior entre as 23h de domingo a quinta-feira e depois das 24h at\u00e9 \u00e0s 8h nos dias \u00fateis, e entre as 0h e as 8h na sexta-feira, s\u00e1bado e v\u00e9spera de feriado. Estende-se a estabelecimentos dos grupos I a VI do regulamento municipal.<\/p>\n<p>A regra cobre restaurantes, caf\u00e9s, pastelarias, bares, discotecas, casas de fado, salas de espet\u00e1culo, cinemas, casinos, hotelaria, postos de combust\u00edvel e lojas de conveni\u00eancia. As esplanadas licenciadas podem manter consumo no interior ou nas \u00e1reas sentadas, dentro do hor\u00e1rio.<\/p>\n<h3>Exce\u00e7\u00f5es, fiscaliza\u00e7\u00e3o e san\u00e7\u00f5es<\/h3>\n<p>Entre as exce\u00e7\u00f5es est\u00e1 o consumo no interior do estabelecimento, desde que com esplanada licenciada e dentro do hor\u00e1rio, bem como as vendas por entrega ao domic\u00edlio. Durante as Festas de Lisboa, a proibi\u00e7\u00e3o n\u00e3o se aplica. A viola\u00e7\u00e3o \u00e9 pun\u00edvel com coima de 150 a 1000 euros para pessoas singulares e de 350 a 3000 euros para pessoas coletivas.<\/p>\n<p>A fiscaliza\u00e7\u00e3o fica a cargo da Pol\u00edcia Municipal e das for\u00e7as de seguran\u00e7a. A C\u00e2mara de Lisboa destaca que a medida \u00e9 preventiva e vigorar\u00e1 at\u00e9 \u00e0 altera\u00e7\u00e3o do Regulamento de Hor\u00e1rios de Funcionamento, processo em curso desde o mandato anterior.<\/p>\n<h3>Contexto e pr\u00f3ximos passos<\/h3>\n<p>O presidente da C\u00e2mara, Carlos Moedas, justifica a medida pela prote\u00e7\u00e3o do descanso de moradores em zonas de maior atividade nocturna. Em seis meses, ser\u00e1 elaborado um relat\u00f3rio detalhado sobre a execu\u00e7\u00e3o do regime pelo Conselho de Acompanhamento da Vida Nocturna. O objetivo \u00e9 aferir impactos e orientar ajustes futuros.<\/p>\n","protected":false},"excerpt":{"rendered":"<ul>\n<li>A partir deste s\u00e1bado entra em vigor em Lisboa uma proibi\u00e7\u00e3o de venda de bebidas alco\u00f3licas para consumo no exterior dos estabelecimentos, com hor\u00e1rios espec\u00edficos: de domingo a quinta-feira entre as 23h e as 8h do dia seguinte; \u00e0s sextas, s\u00e1bados e v\u00e9speras de feriado entre as 24h e as 08h.<\/li>\n<li>A norma aplica-se a estabelecimentos como restaurantes, bares, discotecas, hot\u00e9is, postos de combust\u00edvel e lojas de conveni\u00eancia, conforme o Regulamento dos Hor\u00e1rios de Funcionamento.<\/li>\n<li>Exce\u00e7\u00f5es: consumo no interior do estabelecimento ou em esplanadas licenciadas, e vendas na modalidade de entrega ao domic\u00edlio; durante as Festas de Lisboa a medida n\u00e3o se aplica.<\/li>\n<li>Infra\u00e7\u00f5es s\u00e3o contra-ordena\u00e7\u00f5es com coimas entre 150 e 1.000 euros para pessoas singulares e entre 350 e 3.000 euros para pessoas coletivas; a fiscaliza\u00e7\u00e3o cabe \u00e0 Pol\u00edcia Municipal de Lisboa e a outras for\u00e7as.<\/li>\n<li>A medida, descrita pela C\u00e2mara de Lisboa como preventiva, visa reduzir ru\u00eddo e salvaguardar o descanso nas zonas residenciais; dever\u00e1 vigorar at\u00e9 altera\u00e7\u00f5es no Regulamento de Hor\u00e1rios, com relat\u00f3rio de avalia\u00e7\u00e3o a ser apresentado em at\u00e9 seis meses.<\/li>\n<\/ul>\n","protected":false},"author":2,"featured_media":212006,"comment_status":"closed","ping_status":"closed","sticky":false,"template":"","format":"standard","meta":{"footnotes":""},"categories":[1],"tags":[3312,695,981,3418,250],"class_list":["post-212003","post","type-post","status-publish","format-standard","has-post-thumbnail","hentry","category-noticias","tag-bebidas-alcoolicas","tag-fiscalizacao","tag-lisboa","tag-policia-de-seguranca-publica","tag-seguranca-publica"],"yoast_head":"<!-- This site is optimized with the Yoast SEO plugin v27.2 - https:\/\/yoast.com\/product\/yoast-seo-wordpress\/ -->\n<title>Proibi\u00e7\u00e3o de venda de \u00e1lcool para consumo exterior entra hoje em vigor em Lisboa - Portal Tela Portugal<\/title>\n<meta name=\"robots\" content=\"index, follow, max-snippet:-1, max-image-preview:large, max-video-preview:-1\" \/>\n<meta property=\"og:locale\" content=\"pt_PT\" \/>\n<meta property=\"og:type\" content=\"article\" \/>\n<meta property=\"og:title\" content=\"Proibi\u00e7\u00e3o de venda de \u00e1lcool para consumo exterior entra hoje em vigor em Lisboa - Portal Tela Portugal\" \/>\n<meta property=\"og:description\" content=\"A partir deste s\u00e1bado entra em vigor em Lisboa uma proibi\u00e7\u00e3o de venda de bebidas alco\u00f3licas para consumo no exterior dos estabelecimentos, com hor\u00e1rios espec\u00edficos: de domingo a quinta-feira entre as 23h e as 8h do dia seguinte; \u00e0s sextas, s\u00e1bados e v\u00e9speras de feriado entre as 24h e as 08h. A norma aplica-se a estabelecimentos como restaurantes, bares, discotecas, hot\u00e9is, postos de combust\u00edvel e lojas de conveni\u00eancia, conforme o Regulamento dos Hor\u00e1rios de Funcionamento. Exce\u00e7\u00f5es: consumo no interior do estabelecimento ou em esplanadas licenciadas, e vendas na modalidade de entrega ao domic\u00edlio; durante as Festas de Lisboa a medida n\u00e3o se aplica. Infra\u00e7\u00f5es s\u00e3o contra-ordena\u00e7\u00f5es com coimas entre 150 e 1.000 euros para pessoas singulares e entre 350 e 3.000 euros para pessoas coletivas; a fiscaliza\u00e7\u00e3o cabe \u00e0 Pol\u00edcia Municipal de Lisboa e a outras for\u00e7as. A medida, descrita pela C\u00e2mara de Lisboa como preventiva, visa reduzir ru\u00eddo e salvaguardar o descanso nas zonas residenciais; dever\u00e1 vigorar at\u00e9 altera\u00e7\u00f5es no Regulamento de Hor\u00e1rios, com relat\u00f3rio de avalia\u00e7\u00e3o a ser apresentado em at\u00e9 seis meses.\" \/>\n<meta property=\"og:url\" content=\"https:\/\/portaltela.pt\/noticias\/2026\/02\/14\/proibicao-de-venda-de-alcool-para-consumo-exterior-entra-hoje-em-vigor-em-lisboa\/\" \/>\n<meta property=\"og:site_name\" content=\"Portal Tela Portugal\" \/>\n<meta property=\"article:published_time\" content=\"2026-02-14T08:21:00+00:00\" \/>\n<meta name=\"author\" content=\"Telinha\" \/>\n<meta name=\"twitter:card\" content=\"summary_large_image\" \/>\n<meta name=\"twitter:label1\" content=\"Escrito por\" \/>\n\t<meta name=\"twitter:data1\" content=\"Telinha\" \/>\n\t<meta name=\"twitter:label2\" content=\"Tempo estimado de leitura\" \/>\n\t<meta name=\"twitter:data2\" content=\"2 minutos\" \/>\n<script type=\"application\/ld+json\" class=\"yoast-schema-graph\">{\"@context\":\"https:\/\/schema.org\",\"@graph\":[{\"@type\":\"Article\",\"@id\":\"https:\/\/portaltela.pt\/noticias\/2026\/02\/14\/proibicao-de-venda-de-alcool-para-consumo-exterior-entra-hoje-em-vigor-em-lisboa\/#article\",\"isPartOf\":{\"@id\":\"https:\/\/portaltela.pt\/noticias\/2026\/02\/14\/proibicao-de-venda-de-alcool-para-consumo-exterior-entra-hoje-em-vigor-em-lisboa\/\"},\"author\":{\"name\":\"Telinha\",\"@id\":\"https:\/\/portaltela.pt\/#\/schema\/person\/c4278d4a6028830caff9ee44b42d32ed\"},\"headline\":\"Proibi\u00e7\u00e3o de venda de \u00e1lcool para consumo exterior entra hoje em vigor em Lisboa\",\"datePublished\":\"2026-02-14T08:21:00+00:00\",\"mainEntityOfPage\":{\"@id\":\"https:\/\/portaltela.pt\/noticias\/2026\/02\/14\/proibicao-de-venda-de-alcool-para-consumo-exterior-entra-hoje-em-vigor-em-lisboa\/\"},\"wordCount\":399,\"image\":{\"@id\":\"https:\/\/portaltela.pt\/noticias\/2026\/02\/14\/proibicao-de-venda-de-alcool-para-consumo-exterior-entra-hoje-em-vigor-em-lisboa\/#primaryimage\"},\"thumbnailUrl\":\"https:\/\/portaltela.pt\/s.01k8rhncp4jt1\/2026\/02\/2164810.jpg\",\"keywords\":[\"bebidas alco\u00f3licas\",\"fiscaliza\u00e7\u00e3o\",\"Lisboa\",\"Pol\u00edcia de Seguran\u00e7a P\u00fablica\",\"seguran\u00e7a p\u00fablica\"],\"articleSection\":[\"Not\u00edcias\"],\"inLanguage\":\"pt-PT\"},{\"@type\":\"WebPage\",\"@id\":\"https:\/\/portaltela.pt\/noticias\/2026\/02\/14\/proibicao-de-venda-de-alcool-para-consumo-exterior-entra-hoje-em-vigor-em-lisboa\/\",\"url\":\"https:\/\/portaltela.pt\/noticias\/2026\/02\/14\/proibicao-de-venda-de-alcool-para-consumo-exterior-entra-hoje-em-vigor-em-lisboa\/\",\"name\":\"Proibi\u00e7\u00e3o de venda de \u00e1lcool para consumo exterior entra hoje em vigor em Lisboa - Portal Tela Portugal\",\"isPartOf\":{\"@id\":\"https:\/\/portaltela.pt\/#website\"},\"primaryImageOfPage\":{\"@id\":\"https:\/\/portaltela.pt\/noticias\/2026\/02\/14\/proibicao-de-venda-de-alcool-para-consumo-exterior-entra-hoje-em-vigor-em-lisboa\/#primaryimage\"},\"image\":{\"@id\":\"https:\/\/portaltela.pt\/noticias\/2026\/02\/14\/proibicao-de-venda-de-alcool-para-consumo-exterior-entra-hoje-em-vigor-em-lisboa\/#primaryimage\"},\"thumbnailUrl\":\"https:\/\/portaltela.pt\/s.01k8rhncp4jt1\/2026\/02\/2164810.jpg\",\"datePublished\":\"2026-02-14T08:21:00+00:00\",\"author\":{\"@id\":\"https:\/\/portaltela.pt\/#\/schema\/person\/c4278d4a6028830caff9ee44b42d32ed\"},\"breadcrumb\":{\"@id\":\"https:\/\/portaltela.pt\/noticias\/2026\/02\/14\/proibicao-de-venda-de-alcool-para-consumo-exterior-entra-hoje-em-vigor-em-lisboa\/#breadcrumb\"},\"inLanguage\":\"pt-PT\",\"potentialAction\":[{\"@type\":\"ReadAction\",\"target\":[\"https:\/\/portaltela.pt\/noticias\/2026\/02\/14\/proibicao-de-venda-de-alcool-para-consumo-exterior-entra-hoje-em-vigor-em-lisboa\/\"]}]},{\"@type\":\"ImageObject\",\"inLanguage\":\"pt-PT\",\"@id\":\"https:\/\/portaltela.pt\/noticias\/2026\/02\/14\/proibicao-de-venda-de-alcool-para-consumo-exterior-entra-hoje-em-vigor-em-lisboa\/#primaryimage\",\"url\":\"https:\/\/portaltela.pt\/s.01k8rhncp4jt1\/2026\/02\/2164810.jpg\",\"contentUrl\":\"https:\/\/portaltela.pt\/s.01k8rhncp4jt1\/2026\/02\/2164810.jpg\",\"width\":796,\"height\":448,\"caption\":\"Photo\"},{\"@type\":\"BreadcrumbList\",\"@id\":\"https:\/\/portaltela.pt\/noticias\/2026\/02\/14\/proibicao-de-venda-de-alcool-para-consumo-exterior-entra-hoje-em-vigor-em-lisboa\/#breadcrumb\",\"itemListElement\":[{\"@type\":\"ListItem\",\"position\":1,\"name\":\"In\u00edcio\",\"item\":\"https:\/\/portaltela.pt\/\"},{\"@type\":\"ListItem\",\"position\":2,\"name\":\"Proibi\u00e7\u00e3o de venda de \u00e1lcool para consumo exterior entra hoje em vigor em Lisboa\"}]},{\"@type\":\"WebSite\",\"@id\":\"https:\/\/portaltela.pt\/#website\",\"url\":\"https:\/\/portaltela.pt\/\",\"name\":\"Portal Tela Portugal\",\"description\":\"\",\"potentialAction\":[{\"@type\":\"SearchAction\",\"target\":{\"@type\":\"EntryPoint\",\"urlTemplate\":\"https:\/\/portaltela.pt\/?s={search_term_string}\"},\"query-input\":{\"@type\":\"PropertyValueSpecification\",\"valueRequired\":true,\"valueName\":\"search_term_string\"}}],\"inLanguage\":\"pt-PT\"},{\"@type\":\"Person\",\"@id\":\"https:\/\/portaltela.pt\/#\/schema\/person\/c4278d4a6028830caff9ee44b42d32ed\",\"name\":\"Telinha\",\"image\":{\"@type\":\"ImageObject\",\"inLanguage\":\"pt-PT\",\"@id\":\"https:\/\/portaltela.pt\/s.01k8rhncp4jt1\/2025\/11\/talking-bot-125x125.png\",\"url\":\"https:\/\/portaltela.pt\/s.01k8rhncp4jt1\/2025\/11\/talking-bot-125x125.png\",\"contentUrl\":\"https:\/\/portaltela.pt\/s.01k8rhncp4jt1\/2025\/11\/talking-bot-125x125.png\",\"caption\":\"Telinha\"},\"sameAs\":[\"https:\/\/portaltela.pt\/\"],\"url\":\"https:\/\/portaltela.pt\/por\/367410592786\/\"}]}<\/script>\n<!-- \/ Yoast SEO plugin. -->","yoast_head_json":{"title":"Proibi\u00e7\u00e3o de venda de \u00e1lcool para consumo exterior entra hoje em vigor em Lisboa - Portal Tela Portugal","robots":{"index":"index","follow":"follow","max-snippet":"max-snippet:-1","max-image-preview":"max-image-preview:large","max-video-preview":"max-video-preview:-1"},"og_locale":"pt_PT","og_type":"article","og_title":"Proibi\u00e7\u00e3o de venda de \u00e1lcool para consumo exterior entra hoje em vigor em Lisboa - Portal Tela Portugal","og_description":"A partir deste s\u00e1bado entra em vigor em Lisboa uma proibi\u00e7\u00e3o de venda de bebidas alco\u00f3licas para consumo no exterior dos estabelecimentos, com hor\u00e1rios espec\u00edficos: de domingo a quinta-feira entre as 23h e as 8h do dia seguinte; \u00e0s sextas, s\u00e1bados e v\u00e9speras de feriado entre as 24h e as 08h. A norma aplica-se a estabelecimentos como restaurantes, bares, discotecas, hot\u00e9is, postos de combust\u00edvel e lojas de conveni\u00eancia, conforme o Regulamento dos Hor\u00e1rios de Funcionamento. Exce\u00e7\u00f5es: consumo no interior do estabelecimento ou em esplanadas licenciadas, e vendas na modalidade de entrega ao domic\u00edlio; durante as Festas de Lisboa a medida n\u00e3o se aplica. Infra\u00e7\u00f5es s\u00e3o contra-ordena\u00e7\u00f5es com coimas entre 150 e 1.000 euros para pessoas singulares e entre 350 e 3.000 euros para pessoas coletivas; a fiscaliza\u00e7\u00e3o cabe \u00e0 Pol\u00edcia Municipal de Lisboa e a outras for\u00e7as. A medida, descrita pela C\u00e2mara de Lisboa como preventiva, visa reduzir ru\u00eddo e salvaguardar o descanso nas zonas residenciais; dever\u00e1 vigorar at\u00e9 altera\u00e7\u00f5es no Regulamento de Hor\u00e1rios, com relat\u00f3rio de avalia\u00e7\u00e3o a ser apresentado em at\u00e9 seis meses.","og_url":"https:\/\/portaltela.pt\/noticias\/2026\/02\/14\/proibicao-de-venda-de-alcool-para-consumo-exterior-entra-hoje-em-vigor-em-lisboa\/","og_site_name":"Portal Tela Portugal","article_published_time":"2026-02-14T08:21:00+00:00","author":"Telinha","twitter_card":"summary_large_image","twitter_misc":{"Escrito por":"Telinha","Tempo estimado de leitura":"2 minutos"},"schema":{"@context":"https:\/\/schema.org","@graph":[{"@type":"Article","@id":"https:\/\/portaltela.pt\/noticias\/2026\/02\/14\/proibicao-de-venda-de-alcool-para-consumo-exterior-entra-hoje-em-vigor-em-lisboa\/#article","isPartOf":{"@id":"https:\/\/portaltela.pt\/noticias\/2026\/02\/14\/proibicao-de-venda-de-alcool-para-consumo-exterior-entra-hoje-em-vigor-em-lisboa\/"},"author":{"name":"Telinha","@id":"https:\/\/portaltela.pt\/#\/schema\/person\/c4278d4a6028830caff9ee44b42d32ed"},"headline":"Proibi\u00e7\u00e3o de venda de \u00e1lcool para consumo exterior entra hoje em vigor em Lisboa","datePublished":"2026-02-14T08:21:00+00:00","mainEntityOfPage":{"@id":"https:\/\/portaltela.pt\/noticias\/2026\/02\/14\/proibicao-de-venda-de-alcool-para-consumo-exterior-entra-hoje-em-vigor-em-lisboa\/"},"wordCount":399,"image":{"@id":"https:\/\/portaltela.pt\/noticias\/2026\/02\/14\/proibicao-de-venda-de-alcool-para-consumo-exterior-entra-hoje-em-vigor-em-lisboa\/#primaryimage"},"thumbnailUrl":"https:\/\/portaltela.pt\/s.01k8rhncp4jt1\/2026\/02\/2164810.jpg","keywords":["bebidas alco\u00f3licas","fiscaliza\u00e7\u00e3o","Lisboa","Pol\u00edcia de Seguran\u00e7a P\u00fablica","seguran\u00e7a p\u00fablica"],"articleSection":["Not\u00edcias"],"inLanguage":"pt-PT"},{"@type":"WebPage","@id":"https:\/\/portaltela.pt\/noticias\/2026\/02\/14\/proibicao-de-venda-de-alcool-para-consumo-exterior-entra-hoje-em-vigor-em-lisboa\/","url":"https:\/\/portaltela.pt\/noticias\/2026\/02\/14\/proibicao-de-venda-de-alcool-para-consumo-exterior-entra-hoje-em-vigor-em-lisboa\/","name":"Proibi\u00e7\u00e3o de venda de \u00e1lcool para consumo exterior entra hoje em vigor em Lisboa - Portal Tela Portugal","isPartOf":{"@id":"https:\/\/portaltela.pt\/#website"},"primaryImageOfPage":{"@id":"https:\/\/portaltela.pt\/noticias\/2026\/02\/14\/proibicao-de-venda-de-alcool-para-consumo-exterior-entra-hoje-em-vigor-em-lisboa\/#primaryimage"},"image":{"@id":"https:\/\/portaltela.pt\/noticias\/2026\/02\/14\/proibicao-de-venda-de-alcool-para-consumo-exterior-entra-hoje-em-vigor-em-lisboa\/#primaryimage"},"thumbnailUrl":"https:\/\/portaltela.pt\/s.01k8rhncp4jt1\/2026\/02\/2164810.jpg","datePublished":"2026-02-14T08:21:00+00:00","author":{"@id":"https:\/\/portaltela.pt\/#\/schema\/person\/c4278d4a6028830caff9ee44b42d32ed"},"breadcrumb":{"@id":"https:\/\/portaltela.pt\/noticias\/2026\/02\/14\/proibicao-de-venda-de-alcool-para-consumo-exterior-entra-hoje-em-vigor-em-lisboa\/#breadcrumb"},"inLanguage":"pt-PT","potentialAction":[{"@type":"ReadAction","target":["https:\/\/portaltela.pt\/noticias\/2026\/02\/14\/proibicao-de-venda-de-alcool-para-consumo-exterior-entra-hoje-em-vigor-em-lisboa\/"]}]},{"@type":"ImageObject","inLanguage":"pt-PT","@id":"https:\/\/portaltela.pt\/noticias\/2026\/02\/14\/proibicao-de-venda-de-alcool-para-consumo-exterior-entra-hoje-em-vigor-em-lisboa\/#primaryimage","url":"https:\/\/portaltela.pt\/s.01k8rhncp4jt1\/2026\/02\/2164810.jpg","contentUrl":"https:\/\/portaltela.pt\/s.01k8rhncp4jt1\/2026\/02\/2164810.jpg","width":796,"height":448,"caption":"Photo"},{"@type":"BreadcrumbList","@id":"https:\/\/portaltela.pt\/noticias\/2026\/02\/14\/proibicao-de-venda-de-alcool-para-consumo-exterior-entra-hoje-em-vigor-em-lisboa\/#breadcrumb","itemListElement":[{"@type":"ListItem","position":1,"name":"In\u00edcio","item":"https:\/\/portaltela.pt\/"},{"@type":"ListItem","position":2,"name":"Proibi\u00e7\u00e3o de venda de \u00e1lcool para consumo exterior entra hoje em vigor em Lisboa"}]},{"@type":"WebSite","@id":"https:\/\/portaltela.pt\/#website","url":"https:\/\/portaltela.pt\/","name":"Portal Tela Portugal","description":"","potentialAction":[{"@type":"SearchAction","target":{"@type":"EntryPoint","urlTemplate":"https:\/\/portaltela.pt\/?s={search_term_string}"},"query-input":{"@type":"PropertyValueSpecification","valueRequired":true,"valueName":"search_term_string"}}],"inLanguage":"pt-PT"},{"@type":"Person","@id":"https:\/\/portaltela.pt\/#\/schema\/person\/c4278d4a6028830caff9ee44b42d32ed","name":"Telinha","image":{"@type":"ImageObject","inLanguage":"pt-PT","@id":"https:\/\/portaltela.pt\/s.01k8rhncp4jt1\/2025\/11\/talking-bot-125x125.png","url":"https:\/\/portaltela.pt\/s.01k8rhncp4jt1\/2025\/11\/talking-bot-125x125.png","contentUrl":"https:\/\/portaltela.pt\/s.01k8rhncp4jt1\/2025\/11\/talking-bot-125x125.png","caption":"Telinha"},"sameAs":["https:\/\/portaltela.pt\/"],"url":"https:\/\/portaltela.pt\/por\/367410592786\/"}]}},"_links":{"self":[{"href":"https:\/\/portaltela.pt\/api\/wp\/v2\/posts\/212003","targetHints":{"allow":["GET"]}}],"collection":[{"href":"https:\/\/portaltela.pt\/api\/wp\/v2\/posts"}],"about":[{"href":"https:\/\/portaltela.pt\/api\/wp\/v2\/types\/post"}],"author":[{"embeddable":true,"href":"https:\/\/portaltela.pt\/api\/wp\/v2\/users\/2"}],"replies":[{"embeddable":true,"href":"https:\/\/portaltela.pt\/api\/wp\/v2\/comments?post=212003"}],"version-history":[{"count":0,"href":"https:\/\/portaltela.pt\/api\/wp\/v2\/posts\/212003\/revisions"}],"wp:featuredmedia":[{"embeddable":true,"href":"https:\/\/portaltela.pt\/api\/wp\/v2\/media\/212006"}],"wp:attachment":[{"href":"https:\/\/portaltela.pt\/api\/wp\/v2\/media?parent=212003"}],"wp:term":[{"taxonomy":"category","embeddable":true,"href":"https:\/\/portaltela.pt\/api\/wp\/v2\/categories?post=212003"},{"taxonomy":"post_tag","embeddable":true,"href":"https:\/\/portaltela.pt\/api\/wp\/v2\/tags?post=212003"}],"curies":[{"name":"wp","href":"https:\/\/api.w.org\/{rel}","templated":true}]}}