{"id":211969,"date":"2026-02-14T05:12:00","date_gmt":"2026-02-14T08:12:00","guid":{"rendered":"https:\/\/portaltela.pt\/noticias\/2026\/02\/14\/no-zambujal-bairro-nao-e-beco-reconstruo-o-que-perdi-na-minha-vida\/"},"modified":"2026-02-14T05:12:00","modified_gmt":"2026-02-14T08:12:00","slug":"no-zambujal-bairro-nao-e-beco-reconstruo-o-que-perdi-na-minha-vida","status":"publish","type":"post","link":"https:\/\/portaltela.pt\/noticias\/2026\/02\/14\/no-zambujal-bairro-nao-e-beco-reconstruo-o-que-perdi-na-minha-vida\/","title":{"rendered":"No Zambujal, bairro n\u00e3o \u00e9 beco: reconstruo o que perdi na minha vida"},"content":{"rendered":"<p>A Academia Johnson, localizada no bairro do Zambujal, em Amadora, mant\u00e9m vivo o legado do seu fundador. O espa\u00e7o atua para que os jovens da comunidade sustentem a esperan\u00e7a de construir o seu lugar na vida, mesmo com a chuva que cai na Rua das M\u00e3es d\u2019\u00c1gua.<\/p>\n<p>O projeto \u00e9 conhecido para l\u00e1 do pr\u00f3prio bairro, reconhecido pela sua fun\u00e7\u00e3o social e pela determina\u00e7\u00e3o em abrir portas. A miss\u00e3o \u00e9 apoiar jovens a desenvolver compet\u00eancias e a encontrar oportunidades de inclus\u00e3o na sociedade.<\/p>\n<p>Cristina Tavares descreve o espa\u00e7o como a sua segunda casa, uma mistura de paz e inspira\u00e7\u00e3o que ajuda a enfrentar os dias dif\u00edceis. A institui\u00e7\u00e3o continua a promover atividades que promovem educa\u00e7\u00e3o, cultura e conviv\u00eancia entre os mi\u00fados do Zambujal.<\/p>\n","protected":false},"excerpt":{"rendered":"<ul>\n<li>A Academia do Johnson, na Amadora, \u00e9 conhecida al\u00e9m do bairro do Zambujal.<\/li>\n<li>O legado do seu fundador persiste e o desafio \u00e9 dar esperan\u00e7a aos jovens para construir o seu lugar na vida.<\/li>\n<li>O espa\u00e7o fica na Rua das M\u00e3es d\u2019\u00c1gua, no centro do bairro, onde a chuva n\u00e3o impede as crian\u00e7as de brincarem.<\/li>\n<li>Cristina Tavares descreve a academia como a sua segunda casa, um local de paz e inspira\u00e7\u00e3o.<\/li>\n<li>O texto enfatiza o objetivo de oferecer oportunidades e continuidade para os mi\u00fados da comunidade.<\/li>\n<\/ul>\n","protected":false},"author":2,"featured_media":211970,"comment_status":"closed","ping_status":"closed","sticky":false,"template":"","format":"standard","meta":{"footnotes":""},"categories":[1],"tags":[5837,1084,75,145,163,2844],"class_list":["post-211969","post","type-post","status-publish","format-standard","has-post-thumbnail","hentry","category-noticias","tag-a-amadora","tag-acao-social","tag-convivencia","tag-cultura","tag-educacao","tag-jovens"],"yoast_head":"<!-- This site is optimized with the Yoast SEO plugin v27.2 - https:\/\/yoast.com\/product\/yoast-seo-wordpress\/ -->\n<title>No Zambujal, bairro n\u00e3o \u00e9 beco: reconstruo o que perdi na minha vida - Portal Tela Portugal<\/title>\n<meta name=\"robots\" content=\"index, follow, max-snippet:-1, max-image-preview:large, max-video-preview:-1\" \/>\n<meta property=\"og:locale\" content=\"pt_PT\" \/>\n<meta property=\"og:type\" content=\"article\" \/>\n<meta property=\"og:title\" content=\"No Zambujal, bairro n\u00e3o \u00e9 beco: reconstruo o que perdi na minha vida - Portal Tela Portugal\" \/>\n<meta property=\"og:description\" content=\"A Academia do Johnson, na Amadora, \u00e9 conhecida al\u00e9m do bairro do Zambujal. O legado do seu fundador persiste e o desafio \u00e9 dar esperan\u00e7a aos jovens para construir o seu lugar na vida. O espa\u00e7o fica na Rua das M\u00e3es d\u2019\u00c1gua, no centro do bairro, onde a chuva n\u00e3o impede as crian\u00e7as de brincarem. Cristina Tavares descreve a academia como a sua segunda casa, um local de paz e inspira\u00e7\u00e3o. O texto enfatiza o objetivo de oferecer oportunidades e continuidade para os mi\u00fados da comunidade.\" \/>\n<meta property=\"og:url\" content=\"https:\/\/portaltela.pt\/noticias\/2026\/02\/14\/no-zambujal-bairro-nao-e-beco-reconstruo-o-que-perdi-na-minha-vida\/\" \/>\n<meta property=\"og:site_name\" content=\"Portal Tela Portugal\" \/>\n<meta property=\"article:published_time\" content=\"2026-02-14T08:12:00+00:00\" \/>\n<meta name=\"author\" content=\"Telinha\" \/>\n<meta name=\"twitter:card\" content=\"summary_large_image\" \/>\n<meta name=\"twitter:label1\" content=\"Escrito por\" \/>\n\t<meta name=\"twitter:data1\" content=\"Telinha\" \/>\n\t<meta name=\"twitter:label2\" content=\"Tempo estimado de leitura\" \/>\n\t<meta name=\"twitter:data2\" content=\"1 minuto\" \/>\n<script type=\"application\/ld+json\" class=\"yoast-schema-graph\">{\"@context\":\"https:\/\/schema.org\",\"@graph\":[{\"@type\":\"Article\",\"@id\":\"https:\/\/portaltela.pt\/noticias\/2026\/02\/14\/no-zambujal-bairro-nao-e-beco-reconstruo-o-que-perdi-na-minha-vida\/#article\",\"isPartOf\":{\"@id\":\"https:\/\/portaltela.pt\/noticias\/2026\/02\/14\/no-zambujal-bairro-nao-e-beco-reconstruo-o-que-perdi-na-minha-vida\/\"},\"author\":{\"name\":\"Telinha\",\"@id\":\"https:\/\/portaltela.pt\/#\/schema\/person\/c4278d4a6028830caff9ee44b42d32ed\"},\"headline\":\"No Zambujal, bairro n\u00e3o \u00e9 beco: reconstruo o que perdi na minha vida\",\"datePublished\":\"2026-02-14T08:12:00+00:00\",\"mainEntityOfPage\":{\"@id\":\"https:\/\/portaltela.pt\/noticias\/2026\/02\/14\/no-zambujal-bairro-nao-e-beco-reconstruo-o-que-perdi-na-minha-vida\/\"},\"wordCount\":152,\"image\":{\"@id\":\"https:\/\/portaltela.pt\/noticias\/2026\/02\/14\/no-zambujal-bairro-nao-e-beco-reconstruo-o-que-perdi-na-minha-vida\/#primaryimage\"},\"thumbnailUrl\":\"https:\/\/portaltela.pt\/s.01k8rhncp4jt1\/2026\/02\/2067222.jpg\",\"keywords\":[\"A Amadora\",\"A\u00e7\u00e3o Social\",\"conviv\u00eancia\",\"cultura\",\"educa\u00e7\u00e3o\",\"jovens\"],\"articleSection\":[\"Not\u00edcias\"],\"inLanguage\":\"pt-PT\"},{\"@type\":\"WebPage\",\"@id\":\"https:\/\/portaltela.pt\/noticias\/2026\/02\/14\/no-zambujal-bairro-nao-e-beco-reconstruo-o-que-perdi-na-minha-vida\/\",\"url\":\"https:\/\/portaltela.pt\/noticias\/2026\/02\/14\/no-zambujal-bairro-nao-e-beco-reconstruo-o-que-perdi-na-minha-vida\/\",\"name\":\"No Zambujal, bairro n\u00e3o \u00e9 beco: reconstruo o que perdi na minha vida - Portal Tela Portugal\",\"isPartOf\":{\"@id\":\"https:\/\/portaltela.pt\/#website\"},\"primaryImageOfPage\":{\"@id\":\"https:\/\/portaltela.pt\/noticias\/2026\/02\/14\/no-zambujal-bairro-nao-e-beco-reconstruo-o-que-perdi-na-minha-vida\/#primaryimage\"},\"image\":{\"@id\":\"https:\/\/portaltela.pt\/noticias\/2026\/02\/14\/no-zambujal-bairro-nao-e-beco-reconstruo-o-que-perdi-na-minha-vida\/#primaryimage\"},\"thumbnailUrl\":\"https:\/\/portaltela.pt\/s.01k8rhncp4jt1\/2026\/02\/2067222.jpg\",\"datePublished\":\"2026-02-14T08:12:00+00:00\",\"author\":{\"@id\":\"https:\/\/portaltela.pt\/#\/schema\/person\/c4278d4a6028830caff9ee44b42d32ed\"},\"breadcrumb\":{\"@id\":\"https:\/\/portaltela.pt\/noticias\/2026\/02\/14\/no-zambujal-bairro-nao-e-beco-reconstruo-o-que-perdi-na-minha-vida\/#breadcrumb\"},\"inLanguage\":\"pt-PT\",\"potentialAction\":[{\"@type\":\"ReadAction\",\"target\":[\"https:\/\/portaltela.pt\/noticias\/2026\/02\/14\/no-zambujal-bairro-nao-e-beco-reconstruo-o-que-perdi-na-minha-vida\/\"]}]},{\"@type\":\"ImageObject\",\"inLanguage\":\"pt-PT\",\"@id\":\"https:\/\/portaltela.pt\/noticias\/2026\/02\/14\/no-zambujal-bairro-nao-e-beco-reconstruo-o-que-perdi-na-minha-vida\/#primaryimage\",\"url\":\"https:\/\/portaltela.pt\/s.01k8rhncp4jt1\/2026\/02\/2067222.jpg\",\"contentUrl\":\"https:\/\/portaltela.pt\/s.01k8rhncp4jt1\/2026\/02\/2067222.jpg\",\"width\":796,\"height\":448,\"caption\":\"\u201cA academia \u00e9 a minha segunda casa. \u00c9 uma mistura de paz e inspira\u00e7\u00e3o\u201d, diz Cristina Tavares\"},{\"@type\":\"BreadcrumbList\",\"@id\":\"https:\/\/portaltela.pt\/noticias\/2026\/02\/14\/no-zambujal-bairro-nao-e-beco-reconstruo-o-que-perdi-na-minha-vida\/#breadcrumb\",\"itemListElement\":[{\"@type\":\"ListItem\",\"position\":1,\"name\":\"In\u00edcio\",\"item\":\"https:\/\/portaltela.pt\/\"},{\"@type\":\"ListItem\",\"position\":2,\"name\":\"No Zambujal, bairro n\u00e3o \u00e9 beco: reconstruo o que perdi na minha vida\"}]},{\"@type\":\"WebSite\",\"@id\":\"https:\/\/portaltela.pt\/#website\",\"url\":\"https:\/\/portaltela.pt\/\",\"name\":\"Portal Tela Portugal\",\"description\":\"\",\"potentialAction\":[{\"@type\":\"SearchAction\",\"target\":{\"@type\":\"EntryPoint\",\"urlTemplate\":\"https:\/\/portaltela.pt\/?s={search_term_string}\"},\"query-input\":{\"@type\":\"PropertyValueSpecification\",\"valueRequired\":true,\"valueName\":\"search_term_string\"}}],\"inLanguage\":\"pt-PT\"},{\"@type\":\"Person\",\"@id\":\"https:\/\/portaltela.pt\/#\/schema\/person\/c4278d4a6028830caff9ee44b42d32ed\",\"name\":\"Telinha\",\"image\":{\"@type\":\"ImageObject\",\"inLanguage\":\"pt-PT\",\"@id\":\"https:\/\/portaltela.pt\/s.01k8rhncp4jt1\/2025\/11\/talking-bot-125x125.png\",\"url\":\"https:\/\/portaltela.pt\/s.01k8rhncp4jt1\/2025\/11\/talking-bot-125x125.png\",\"contentUrl\":\"https:\/\/portaltela.pt\/s.01k8rhncp4jt1\/2025\/11\/talking-bot-125x125.png\",\"caption\":\"Telinha\"},\"sameAs\":[\"https:\/\/portaltela.pt\/\"],\"url\":\"https:\/\/portaltela.pt\/por\/367410592786\/\"}]}<\/script>\n<!-- \/ Yoast SEO plugin. -->","yoast_head_json":{"title":"No Zambujal, bairro n\u00e3o \u00e9 beco: reconstruo o que perdi na minha vida - Portal Tela Portugal","robots":{"index":"index","follow":"follow","max-snippet":"max-snippet:-1","max-image-preview":"max-image-preview:large","max-video-preview":"max-video-preview:-1"},"og_locale":"pt_PT","og_type":"article","og_title":"No Zambujal, bairro n\u00e3o \u00e9 beco: reconstruo o que perdi na minha vida - Portal Tela Portugal","og_description":"A Academia do Johnson, na Amadora, \u00e9 conhecida al\u00e9m do bairro do Zambujal. O legado do seu fundador persiste e o desafio \u00e9 dar esperan\u00e7a aos jovens para construir o seu lugar na vida. O espa\u00e7o fica na Rua das M\u00e3es d\u2019\u00c1gua, no centro do bairro, onde a chuva n\u00e3o impede as crian\u00e7as de brincarem. Cristina Tavares descreve a academia como a sua segunda casa, um local de paz e inspira\u00e7\u00e3o. O texto enfatiza o objetivo de oferecer oportunidades e continuidade para os mi\u00fados da comunidade.","og_url":"https:\/\/portaltela.pt\/noticias\/2026\/02\/14\/no-zambujal-bairro-nao-e-beco-reconstruo-o-que-perdi-na-minha-vida\/","og_site_name":"Portal Tela Portugal","article_published_time":"2026-02-14T08:12:00+00:00","author":"Telinha","twitter_card":"summary_large_image","twitter_misc":{"Escrito por":"Telinha","Tempo estimado de leitura":"1 minuto"},"schema":{"@context":"https:\/\/schema.org","@graph":[{"@type":"Article","@id":"https:\/\/portaltela.pt\/noticias\/2026\/02\/14\/no-zambujal-bairro-nao-e-beco-reconstruo-o-que-perdi-na-minha-vida\/#article","isPartOf":{"@id":"https:\/\/portaltela.pt\/noticias\/2026\/02\/14\/no-zambujal-bairro-nao-e-beco-reconstruo-o-que-perdi-na-minha-vida\/"},"author":{"name":"Telinha","@id":"https:\/\/portaltela.pt\/#\/schema\/person\/c4278d4a6028830caff9ee44b42d32ed"},"headline":"No Zambujal, bairro n\u00e3o \u00e9 beco: reconstruo o que perdi na minha vida","datePublished":"2026-02-14T08:12:00+00:00","mainEntityOfPage":{"@id":"https:\/\/portaltela.pt\/noticias\/2026\/02\/14\/no-zambujal-bairro-nao-e-beco-reconstruo-o-que-perdi-na-minha-vida\/"},"wordCount":152,"image":{"@id":"https:\/\/portaltela.pt\/noticias\/2026\/02\/14\/no-zambujal-bairro-nao-e-beco-reconstruo-o-que-perdi-na-minha-vida\/#primaryimage"},"thumbnailUrl":"https:\/\/portaltela.pt\/s.01k8rhncp4jt1\/2026\/02\/2067222.jpg","keywords":["A Amadora","A\u00e7\u00e3o Social","conviv\u00eancia","cultura","educa\u00e7\u00e3o","jovens"],"articleSection":["Not\u00edcias"],"inLanguage":"pt-PT"},{"@type":"WebPage","@id":"https:\/\/portaltela.pt\/noticias\/2026\/02\/14\/no-zambujal-bairro-nao-e-beco-reconstruo-o-que-perdi-na-minha-vida\/","url":"https:\/\/portaltela.pt\/noticias\/2026\/02\/14\/no-zambujal-bairro-nao-e-beco-reconstruo-o-que-perdi-na-minha-vida\/","name":"No Zambujal, bairro n\u00e3o \u00e9 beco: reconstruo o que perdi na minha vida - Portal Tela Portugal","isPartOf":{"@id":"https:\/\/portaltela.pt\/#website"},"primaryImageOfPage":{"@id":"https:\/\/portaltela.pt\/noticias\/2026\/02\/14\/no-zambujal-bairro-nao-e-beco-reconstruo-o-que-perdi-na-minha-vida\/#primaryimage"},"image":{"@id":"https:\/\/portaltela.pt\/noticias\/2026\/02\/14\/no-zambujal-bairro-nao-e-beco-reconstruo-o-que-perdi-na-minha-vida\/#primaryimage"},"thumbnailUrl":"https:\/\/portaltela.pt\/s.01k8rhncp4jt1\/2026\/02\/2067222.jpg","datePublished":"2026-02-14T08:12:00+00:00","author":{"@id":"https:\/\/portaltela.pt\/#\/schema\/person\/c4278d4a6028830caff9ee44b42d32ed"},"breadcrumb":{"@id":"https:\/\/portaltela.pt\/noticias\/2026\/02\/14\/no-zambujal-bairro-nao-e-beco-reconstruo-o-que-perdi-na-minha-vida\/#breadcrumb"},"inLanguage":"pt-PT","potentialAction":[{"@type":"ReadAction","target":["https:\/\/portaltela.pt\/noticias\/2026\/02\/14\/no-zambujal-bairro-nao-e-beco-reconstruo-o-que-perdi-na-minha-vida\/"]}]},{"@type":"ImageObject","inLanguage":"pt-PT","@id":"https:\/\/portaltela.pt\/noticias\/2026\/02\/14\/no-zambujal-bairro-nao-e-beco-reconstruo-o-que-perdi-na-minha-vida\/#primaryimage","url":"https:\/\/portaltela.pt\/s.01k8rhncp4jt1\/2026\/02\/2067222.jpg","contentUrl":"https:\/\/portaltela.pt\/s.01k8rhncp4jt1\/2026\/02\/2067222.jpg","width":796,"height":448,"caption":"\u201cA academia \u00e9 a minha segunda casa. \u00c9 uma mistura de paz e inspira\u00e7\u00e3o\u201d, diz Cristina Tavares"},{"@type":"BreadcrumbList","@id":"https:\/\/portaltela.pt\/noticias\/2026\/02\/14\/no-zambujal-bairro-nao-e-beco-reconstruo-o-que-perdi-na-minha-vida\/#breadcrumb","itemListElement":[{"@type":"ListItem","position":1,"name":"In\u00edcio","item":"https:\/\/portaltela.pt\/"},{"@type":"ListItem","position":2,"name":"No Zambujal, bairro n\u00e3o \u00e9 beco: reconstruo o que perdi na minha vida"}]},{"@type":"WebSite","@id":"https:\/\/portaltela.pt\/#website","url":"https:\/\/portaltela.pt\/","name":"Portal Tela Portugal","description":"","potentialAction":[{"@type":"SearchAction","target":{"@type":"EntryPoint","urlTemplate":"https:\/\/portaltela.pt\/?s={search_term_string}"},"query-input":{"@type":"PropertyValueSpecification","valueRequired":true,"valueName":"search_term_string"}}],"inLanguage":"pt-PT"},{"@type":"Person","@id":"https:\/\/portaltela.pt\/#\/schema\/person\/c4278d4a6028830caff9ee44b42d32ed","name":"Telinha","image":{"@type":"ImageObject","inLanguage":"pt-PT","@id":"https:\/\/portaltela.pt\/s.01k8rhncp4jt1\/2025\/11\/talking-bot-125x125.png","url":"https:\/\/portaltela.pt\/s.01k8rhncp4jt1\/2025\/11\/talking-bot-125x125.png","contentUrl":"https:\/\/portaltela.pt\/s.01k8rhncp4jt1\/2025\/11\/talking-bot-125x125.png","caption":"Telinha"},"sameAs":["https:\/\/portaltela.pt\/"],"url":"https:\/\/portaltela.pt\/por\/367410592786\/"}]}},"_links":{"self":[{"href":"https:\/\/portaltela.pt\/api\/wp\/v2\/posts\/211969","targetHints":{"allow":["GET"]}}],"collection":[{"href":"https:\/\/portaltela.pt\/api\/wp\/v2\/posts"}],"about":[{"href":"https:\/\/portaltela.pt\/api\/wp\/v2\/types\/post"}],"author":[{"embeddable":true,"href":"https:\/\/portaltela.pt\/api\/wp\/v2\/users\/2"}],"replies":[{"embeddable":true,"href":"https:\/\/portaltela.pt\/api\/wp\/v2\/comments?post=211969"}],"version-history":[{"count":0,"href":"https:\/\/portaltela.pt\/api\/wp\/v2\/posts\/211969\/revisions"}],"wp:featuredmedia":[{"embeddable":true,"href":"https:\/\/portaltela.pt\/api\/wp\/v2\/media\/211970"}],"wp:attachment":[{"href":"https:\/\/portaltela.pt\/api\/wp\/v2\/media?parent=211969"}],"wp:term":[{"taxonomy":"category","embeddable":true,"href":"https:\/\/portaltela.pt\/api\/wp\/v2\/categories?post=211969"},{"taxonomy":"post_tag","embeddable":true,"href":"https:\/\/portaltela.pt\/api\/wp\/v2\/tags?post=211969"}],"curies":[{"name":"wp","href":"https:\/\/api.w.org\/{rel}","templated":true}]}}