{"id":211967,"date":"2026-02-14T04:58:05","date_gmt":"2026-02-14T07:58:05","guid":{"rendered":"https:\/\/portaltela.pt\/noticias\/2026\/02\/14\/pedro-mourinho-esteve-sempre-no-terreno\/"},"modified":"2026-02-14T04:58:05","modified_gmt":"2026-02-14T07:58:05","slug":"pedro-mourinho-esteve-sempre-no-terreno","status":"publish","type":"post","link":"https:\/\/portaltela.pt\/noticias\/2026\/02\/14\/pedro-mourinho-esteve-sempre-no-terreno\/","title":{"rendered":"Pedro Mourinho esteve sempre no terreno"},"content":{"rendered":"<p>O jornalista Pedro Mourinho manteve-se no terreno durante a cobertura das condi\u00e7\u00f5es meteorol\u00f3gicas extremas que afetaram o pa\u00eds, segundo Liliana, comentadora da Noite das Estrelas. O relato surge no \u00e2mbito da an\u00e1lise ao trabalho jornal\u00edstico em situa\u00e7\u00f5es de mau tempo, divulgado a 14 de fevereiro de 2026.<\/p>\n<p>Liliana sublinhou que Mourinho \u201cfaz quest\u00e3o de estar no terreno\u201d, destacando o compromisso com informa\u00e7\u00f5es em tempo real e com a perce\u00e7\u00e3o direta das situa\u00e7\u00f5es junto das comunidades afetadas. A comentadora enfatiza a import\u00e2ncia da presen\u00e7a f\u00edsica do rep\u00f3rter para transmitir os impactos na primeira linha.<\/p>\n<p>Entre os fen\u00f3menos observados, destacam-se alagamentos em Montemor-o-Velho, estradas danificadas em Torres Vedras e o risco de colapso de um dique em Soure. Estes epis\u00f3dios refletem a gravidade das intemp\u00e9ries reportadas pelo grupo de jornais CM Jornal, com foco na veracidade e atualiza\u00e7\u00e3o constante das informa\u00e7\u00f5es.<\/p>\n<p>A cobertura tamb\u00e9m repercute em regi\u00f5es onde h\u00e1 risco de inunda\u00e7\u00f5es e deslizamentos, com fam\u00edlias deslocadas e vias de circula\u00e7\u00e3o comprometidas. O estilo adotado pela equipa de jornalismo encontra-se alinhado com a necessidade de relato r\u00e1pido, preciso e claro, sem especula\u00e7\u00f5es, conforme o padr\u00e3o editorial do CM Jornal.<\/p>\n<p>Em paralelo, outras pe\u00e7as associadas \u00e0 edi\u00e7\u00e3o de hoje incluem reportagens sobre entrevistas e desdobramentos de diversas personalidades, divulgadas pela mesma publica\u00e7\u00e3o. O objetivo \u00e9 manter o p\u00fablico informado sobre a evolu\u00e7\u00e3o do mau tempo e as respostas das autoridades locais.<\/p>\n","protected":false},"excerpt":{"rendered":"<ul>\n<li>Liliana, comentadora da Noite das Estrelas, afirma que o jornalista Pedro Mourinho esteve sempre no terreno a cobrir o mau tempo.<\/li>\n<li>A observa\u00e7\u00e3o destaca que Mourinho faz quest\u00e3o de ir aos locais afetados para acompanhar a atualidade.<\/li>\n<li>A not\u00edcia foi publicada a 14 de fevereiro de 2026, \u00e0s 07:58.<\/li>\n<li>Entre os acontecimentos reportados, h\u00e1 casas alagadas e risco de inunda\u00e7\u00e3o em Montemor-o\u2011Velho; uma estrada em Torres Vedras ficou reduzida a escombros.<\/li>\n<li>Registo adicional menciona ainda risco de colapso de dique em Soure e outras pe\u00e7as relacionadas na mesma edi\u00e7\u00e3o.<\/li>\n<\/ul>\n","protected":false},"author":2,"featured_media":211968,"comment_status":"closed","ping_status":"closed","sticky":false,"template":"","format":"standard","meta":{"footnotes":""},"categories":[1],"tags":[3812,3735,506,4903,5775,1835],"class_list":["post-211967","post","type-post","status-publish","format-standard","has-post-thumbnail","hentry","category-noticias","tag-alagamentos","tag-deslizamentos","tag-imprensa","tag-montemor-o-velho","tag-soure","tag-torres-vedras"],"yoast_head":"<!-- This site is optimized with the Yoast SEO plugin v27.2 - https:\/\/yoast.com\/product\/yoast-seo-wordpress\/ -->\n<title>Pedro Mourinho esteve sempre no terreno - Portal Tela Portugal<\/title>\n<meta name=\"robots\" content=\"index, follow, max-snippet:-1, max-image-preview:large, max-video-preview:-1\" \/>\n<meta property=\"og:locale\" content=\"pt_PT\" \/>\n<meta property=\"og:type\" content=\"article\" \/>\n<meta property=\"og:title\" content=\"Pedro Mourinho esteve sempre no terreno - Portal Tela Portugal\" \/>\n<meta property=\"og:description\" content=\"Liliana, comentadora da Noite das Estrelas, afirma que o jornalista Pedro Mourinho esteve sempre no terreno a cobrir o mau tempo. A observa\u00e7\u00e3o destaca que Mourinho faz quest\u00e3o de ir aos locais afetados para acompanhar a atualidade. A not\u00edcia foi publicada a 14 de fevereiro de 2026, \u00e0s 07:58. Entre os acontecimentos reportados, h\u00e1 casas alagadas e risco de inunda\u00e7\u00e3o em Montemor-o\u2011Velho; uma estrada em Torres Vedras ficou reduzida a escombros. Registo adicional menciona ainda risco de colapso de dique em Soure e outras pe\u00e7as relacionadas na mesma edi\u00e7\u00e3o.\" \/>\n<meta property=\"og:url\" content=\"https:\/\/portaltela.pt\/noticias\/2026\/02\/14\/pedro-mourinho-esteve-sempre-no-terreno\/\" \/>\n<meta property=\"og:site_name\" content=\"Portal Tela Portugal\" \/>\n<meta property=\"article:published_time\" content=\"2026-02-14T07:58:05+00:00\" \/>\n<meta name=\"author\" content=\"Telinha\" \/>\n<meta name=\"twitter:card\" content=\"summary_large_image\" \/>\n<meta name=\"twitter:label1\" content=\"Escrito por\" \/>\n\t<meta name=\"twitter:data1\" content=\"Telinha\" \/>\n\t<meta name=\"twitter:label2\" content=\"Tempo estimado de leitura\" \/>\n\t<meta name=\"twitter:data2\" content=\"1 minuto\" \/>\n<script type=\"application\/ld+json\" class=\"yoast-schema-graph\">{\"@context\":\"https:\/\/schema.org\",\"@graph\":[{\"@type\":\"Article\",\"@id\":\"https:\/\/portaltela.pt\/noticias\/2026\/02\/14\/pedro-mourinho-esteve-sempre-no-terreno\/#article\",\"isPartOf\":{\"@id\":\"https:\/\/portaltela.pt\/noticias\/2026\/02\/14\/pedro-mourinho-esteve-sempre-no-terreno\/\"},\"author\":{\"name\":\"Telinha\",\"@id\":\"https:\/\/portaltela.pt\/#\/schema\/person\/c4278d4a6028830caff9ee44b42d32ed\"},\"headline\":\"Pedro Mourinho esteve sempre no terreno\",\"datePublished\":\"2026-02-14T07:58:05+00:00\",\"mainEntityOfPage\":{\"@id\":\"https:\/\/portaltela.pt\/noticias\/2026\/02\/14\/pedro-mourinho-esteve-sempre-no-terreno\/\"},\"wordCount\":262,\"image\":{\"@id\":\"https:\/\/portaltela.pt\/noticias\/2026\/02\/14\/pedro-mourinho-esteve-sempre-no-terreno\/#primaryimage\"},\"thumbnailUrl\":\"https:\/\/portaltela.pt\/s.01k8rhncp4jt1\/2026\/02\/img_1280x722uu2026-02-14-07-52-00-2266825.jpg\",\"keywords\":[\"alagamentos\",\"deslizamentos\",\"imprensa\",\"Montemor-o-Velho\",\"Soure\",\"Torres Vedras\"],\"articleSection\":[\"Not\u00edcias\"],\"inLanguage\":\"pt-PT\"},{\"@type\":\"WebPage\",\"@id\":\"https:\/\/portaltela.pt\/noticias\/2026\/02\/14\/pedro-mourinho-esteve-sempre-no-terreno\/\",\"url\":\"https:\/\/portaltela.pt\/noticias\/2026\/02\/14\/pedro-mourinho-esteve-sempre-no-terreno\/\",\"name\":\"Pedro Mourinho esteve sempre no terreno - Portal Tela Portugal\",\"isPartOf\":{\"@id\":\"https:\/\/portaltela.pt\/#website\"},\"primaryImageOfPage\":{\"@id\":\"https:\/\/portaltela.pt\/noticias\/2026\/02\/14\/pedro-mourinho-esteve-sempre-no-terreno\/#primaryimage\"},\"image\":{\"@id\":\"https:\/\/portaltela.pt\/noticias\/2026\/02\/14\/pedro-mourinho-esteve-sempre-no-terreno\/#primaryimage\"},\"thumbnailUrl\":\"https:\/\/portaltela.pt\/s.01k8rhncp4jt1\/2026\/02\/img_1280x722uu2026-02-14-07-52-00-2266825.jpg\",\"datePublished\":\"2026-02-14T07:58:05+00:00\",\"author\":{\"@id\":\"https:\/\/portaltela.pt\/#\/schema\/person\/c4278d4a6028830caff9ee44b42d32ed\"},\"breadcrumb\":{\"@id\":\"https:\/\/portaltela.pt\/noticias\/2026\/02\/14\/pedro-mourinho-esteve-sempre-no-terreno\/#breadcrumb\"},\"inLanguage\":\"pt-PT\",\"potentialAction\":[{\"@type\":\"ReadAction\",\"target\":[\"https:\/\/portaltela.pt\/noticias\/2026\/02\/14\/pedro-mourinho-esteve-sempre-no-terreno\/\"]}]},{\"@type\":\"ImageObject\",\"inLanguage\":\"pt-PT\",\"@id\":\"https:\/\/portaltela.pt\/noticias\/2026\/02\/14\/pedro-mourinho-esteve-sempre-no-terreno\/#primaryimage\",\"url\":\"https:\/\/portaltela.pt\/s.01k8rhncp4jt1\/2026\/02\/img_1280x722uu2026-02-14-07-52-00-2266825.jpg\",\"contentUrl\":\"https:\/\/portaltela.pt\/s.01k8rhncp4jt1\/2026\/02\/img_1280x722uu2026-02-14-07-52-00-2266825.jpg\",\"width\":796,\"height\":448,\"caption\":\"Photo\"},{\"@type\":\"BreadcrumbList\",\"@id\":\"https:\/\/portaltela.pt\/noticias\/2026\/02\/14\/pedro-mourinho-esteve-sempre-no-terreno\/#breadcrumb\",\"itemListElement\":[{\"@type\":\"ListItem\",\"position\":1,\"name\":\"In\u00edcio\",\"item\":\"https:\/\/portaltela.pt\/\"},{\"@type\":\"ListItem\",\"position\":2,\"name\":\"Pedro Mourinho esteve sempre no terreno\"}]},{\"@type\":\"WebSite\",\"@id\":\"https:\/\/portaltela.pt\/#website\",\"url\":\"https:\/\/portaltela.pt\/\",\"name\":\"Portal Tela Portugal\",\"description\":\"\",\"potentialAction\":[{\"@type\":\"SearchAction\",\"target\":{\"@type\":\"EntryPoint\",\"urlTemplate\":\"https:\/\/portaltela.pt\/?s={search_term_string}\"},\"query-input\":{\"@type\":\"PropertyValueSpecification\",\"valueRequired\":true,\"valueName\":\"search_term_string\"}}],\"inLanguage\":\"pt-PT\"},{\"@type\":\"Person\",\"@id\":\"https:\/\/portaltela.pt\/#\/schema\/person\/c4278d4a6028830caff9ee44b42d32ed\",\"name\":\"Telinha\",\"image\":{\"@type\":\"ImageObject\",\"inLanguage\":\"pt-PT\",\"@id\":\"https:\/\/portaltela.pt\/s.01k8rhncp4jt1\/2025\/11\/talking-bot-125x125.png\",\"url\":\"https:\/\/portaltela.pt\/s.01k8rhncp4jt1\/2025\/11\/talking-bot-125x125.png\",\"contentUrl\":\"https:\/\/portaltela.pt\/s.01k8rhncp4jt1\/2025\/11\/talking-bot-125x125.png\",\"caption\":\"Telinha\"},\"sameAs\":[\"https:\/\/portaltela.pt\/\"],\"url\":\"https:\/\/portaltela.pt\/por\/367410592786\/\"}]}<\/script>\n<!-- \/ Yoast SEO plugin. -->","yoast_head_json":{"title":"Pedro Mourinho esteve sempre no terreno - Portal Tela Portugal","robots":{"index":"index","follow":"follow","max-snippet":"max-snippet:-1","max-image-preview":"max-image-preview:large","max-video-preview":"max-video-preview:-1"},"og_locale":"pt_PT","og_type":"article","og_title":"Pedro Mourinho esteve sempre no terreno - Portal Tela Portugal","og_description":"Liliana, comentadora da Noite das Estrelas, afirma que o jornalista Pedro Mourinho esteve sempre no terreno a cobrir o mau tempo. A observa\u00e7\u00e3o destaca que Mourinho faz quest\u00e3o de ir aos locais afetados para acompanhar a atualidade. A not\u00edcia foi publicada a 14 de fevereiro de 2026, \u00e0s 07:58. Entre os acontecimentos reportados, h\u00e1 casas alagadas e risco de inunda\u00e7\u00e3o em Montemor-o\u2011Velho; uma estrada em Torres Vedras ficou reduzida a escombros. Registo adicional menciona ainda risco de colapso de dique em Soure e outras pe\u00e7as relacionadas na mesma edi\u00e7\u00e3o.","og_url":"https:\/\/portaltela.pt\/noticias\/2026\/02\/14\/pedro-mourinho-esteve-sempre-no-terreno\/","og_site_name":"Portal Tela Portugal","article_published_time":"2026-02-14T07:58:05+00:00","author":"Telinha","twitter_card":"summary_large_image","twitter_misc":{"Escrito por":"Telinha","Tempo estimado de leitura":"1 minuto"},"schema":{"@context":"https:\/\/schema.org","@graph":[{"@type":"Article","@id":"https:\/\/portaltela.pt\/noticias\/2026\/02\/14\/pedro-mourinho-esteve-sempre-no-terreno\/#article","isPartOf":{"@id":"https:\/\/portaltela.pt\/noticias\/2026\/02\/14\/pedro-mourinho-esteve-sempre-no-terreno\/"},"author":{"name":"Telinha","@id":"https:\/\/portaltela.pt\/#\/schema\/person\/c4278d4a6028830caff9ee44b42d32ed"},"headline":"Pedro Mourinho esteve sempre no terreno","datePublished":"2026-02-14T07:58:05+00:00","mainEntityOfPage":{"@id":"https:\/\/portaltela.pt\/noticias\/2026\/02\/14\/pedro-mourinho-esteve-sempre-no-terreno\/"},"wordCount":262,"image":{"@id":"https:\/\/portaltela.pt\/noticias\/2026\/02\/14\/pedro-mourinho-esteve-sempre-no-terreno\/#primaryimage"},"thumbnailUrl":"https:\/\/portaltela.pt\/s.01k8rhncp4jt1\/2026\/02\/img_1280x722uu2026-02-14-07-52-00-2266825.jpg","keywords":["alagamentos","deslizamentos","imprensa","Montemor-o-Velho","Soure","Torres Vedras"],"articleSection":["Not\u00edcias"],"inLanguage":"pt-PT"},{"@type":"WebPage","@id":"https:\/\/portaltela.pt\/noticias\/2026\/02\/14\/pedro-mourinho-esteve-sempre-no-terreno\/","url":"https:\/\/portaltela.pt\/noticias\/2026\/02\/14\/pedro-mourinho-esteve-sempre-no-terreno\/","name":"Pedro Mourinho esteve sempre no terreno - Portal Tela Portugal","isPartOf":{"@id":"https:\/\/portaltela.pt\/#website"},"primaryImageOfPage":{"@id":"https:\/\/portaltela.pt\/noticias\/2026\/02\/14\/pedro-mourinho-esteve-sempre-no-terreno\/#primaryimage"},"image":{"@id":"https:\/\/portaltela.pt\/noticias\/2026\/02\/14\/pedro-mourinho-esteve-sempre-no-terreno\/#primaryimage"},"thumbnailUrl":"https:\/\/portaltela.pt\/s.01k8rhncp4jt1\/2026\/02\/img_1280x722uu2026-02-14-07-52-00-2266825.jpg","datePublished":"2026-02-14T07:58:05+00:00","author":{"@id":"https:\/\/portaltela.pt\/#\/schema\/person\/c4278d4a6028830caff9ee44b42d32ed"},"breadcrumb":{"@id":"https:\/\/portaltela.pt\/noticias\/2026\/02\/14\/pedro-mourinho-esteve-sempre-no-terreno\/#breadcrumb"},"inLanguage":"pt-PT","potentialAction":[{"@type":"ReadAction","target":["https:\/\/portaltela.pt\/noticias\/2026\/02\/14\/pedro-mourinho-esteve-sempre-no-terreno\/"]}]},{"@type":"ImageObject","inLanguage":"pt-PT","@id":"https:\/\/portaltela.pt\/noticias\/2026\/02\/14\/pedro-mourinho-esteve-sempre-no-terreno\/#primaryimage","url":"https:\/\/portaltela.pt\/s.01k8rhncp4jt1\/2026\/02\/img_1280x722uu2026-02-14-07-52-00-2266825.jpg","contentUrl":"https:\/\/portaltela.pt\/s.01k8rhncp4jt1\/2026\/02\/img_1280x722uu2026-02-14-07-52-00-2266825.jpg","width":796,"height":448,"caption":"Photo"},{"@type":"BreadcrumbList","@id":"https:\/\/portaltela.pt\/noticias\/2026\/02\/14\/pedro-mourinho-esteve-sempre-no-terreno\/#breadcrumb","itemListElement":[{"@type":"ListItem","position":1,"name":"In\u00edcio","item":"https:\/\/portaltela.pt\/"},{"@type":"ListItem","position":2,"name":"Pedro Mourinho esteve sempre no terreno"}]},{"@type":"WebSite","@id":"https:\/\/portaltela.pt\/#website","url":"https:\/\/portaltela.pt\/","name":"Portal Tela Portugal","description":"","potentialAction":[{"@type":"SearchAction","target":{"@type":"EntryPoint","urlTemplate":"https:\/\/portaltela.pt\/?s={search_term_string}"},"query-input":{"@type":"PropertyValueSpecification","valueRequired":true,"valueName":"search_term_string"}}],"inLanguage":"pt-PT"},{"@type":"Person","@id":"https:\/\/portaltela.pt\/#\/schema\/person\/c4278d4a6028830caff9ee44b42d32ed","name":"Telinha","image":{"@type":"ImageObject","inLanguage":"pt-PT","@id":"https:\/\/portaltela.pt\/s.01k8rhncp4jt1\/2025\/11\/talking-bot-125x125.png","url":"https:\/\/portaltela.pt\/s.01k8rhncp4jt1\/2025\/11\/talking-bot-125x125.png","contentUrl":"https:\/\/portaltela.pt\/s.01k8rhncp4jt1\/2025\/11\/talking-bot-125x125.png","caption":"Telinha"},"sameAs":["https:\/\/portaltela.pt\/"],"url":"https:\/\/portaltela.pt\/por\/367410592786\/"}]}},"_links":{"self":[{"href":"https:\/\/portaltela.pt\/api\/wp\/v2\/posts\/211967","targetHints":{"allow":["GET"]}}],"collection":[{"href":"https:\/\/portaltela.pt\/api\/wp\/v2\/posts"}],"about":[{"href":"https:\/\/portaltela.pt\/api\/wp\/v2\/types\/post"}],"author":[{"embeddable":true,"href":"https:\/\/portaltela.pt\/api\/wp\/v2\/users\/2"}],"replies":[{"embeddable":true,"href":"https:\/\/portaltela.pt\/api\/wp\/v2\/comments?post=211967"}],"version-history":[{"count":0,"href":"https:\/\/portaltela.pt\/api\/wp\/v2\/posts\/211967\/revisions"}],"wp:featuredmedia":[{"embeddable":true,"href":"https:\/\/portaltela.pt\/api\/wp\/v2\/media\/211968"}],"wp:attachment":[{"href":"https:\/\/portaltela.pt\/api\/wp\/v2\/media?parent=211967"}],"wp:term":[{"taxonomy":"category","embeddable":true,"href":"https:\/\/portaltela.pt\/api\/wp\/v2\/categories?post=211967"},{"taxonomy":"post_tag","embeddable":true,"href":"https:\/\/portaltela.pt\/api\/wp\/v2\/tags?post=211967"}],"curies":[{"name":"wp","href":"https:\/\/api.w.org\/{rel}","templated":true}]}}