{"id":211941,"date":"2026-02-14T04:06:00","date_gmt":"2026-02-14T07:06:00","guid":{"rendered":"https:\/\/portaltela.pt\/noticias\/2026\/02\/14\/decisao-inedita-obriga-caixa-geral-de-aposentacoes-a-pagar-pensao-por-acidente\/"},"modified":"2026-02-14T04:06:00","modified_gmt":"2026-02-14T07:06:00","slug":"decisao-inedita-obriga-caixa-geral-de-aposentacoes-a-pagar-pensao-por-acidente","status":"publish","type":"post","link":"https:\/\/portaltela.pt\/noticias\/2026\/02\/14\/decisao-inedita-obriga-caixa-geral-de-aposentacoes-a-pagar-pensao-por-acidente\/","title":{"rendered":"Decis\u00e3o in\u00e9dita obriga Caixa Geral de Aposenta\u00e7\u00f5es a pagar pens\u00e3o por acidente"},"content":{"rendered":"<p>O Tribunal Constitucional ter\u00e1 de se pronunciar de novo sobre uma lei contestada pela ex-provedora L\u00facia Amaral e por sindicatos, no caso que envolve a Caixa Geral de Aposenta\u00e7\u00f5es (CGA). A decis\u00e3o tem impacto direto no c\u00e1lculo de pens\u00f5es por invalidez derivadas de acidentes de trabalho.<\/p>\n<p>Um m\u00e9dico reformado de Beja conseguiu obter junto de um tribunal superior uma decis\u00e3o hist\u00f3rica. A ordem judicial determina que a CGA lhe pague uma pens\u00e3o de invalidez por acidente de trabalho. A senten\u00e7a \u00e9 considerada in\u00e9dita pela forma como o tema foi interpretado pelo tribunal.<\/p>\n<p>Quando e onde tudo ocorreu n\u00e3o podem ainda ser quantificados com precis\u00e3o, dadas as etapas processuais em curso e a necessidade de uma pron\u00fancia final do Tribunal Constitucional sobre a lei em causa. A CGA recorreu do ac\u00f3rd\u00e3o que fixa a repara\u00e7\u00e3o em invalidez inferior a 30%.<\/p>\n<h3>Contexto<\/h3>\n<p>A controv\u00e9rsia envolve a interpreta\u00e7\u00e3o do regime de pens\u00f5es da CGA, com a interven\u00e7\u00e3o institucional do Tribunal Constitucional para clarificar a aplica\u00e7\u00e3o da lei contestada. O objetivo \u00e9 definir crit\u00e9rios de avalia\u00e7\u00e3o de invalidez em situa\u00e7\u00f5es de acidente de trabalho para funcion\u00e1rios p\u00fablicos reformados.<\/p>\n<p>A causa \u00e9 acompanhada por ex-provedora L\u00facia Amaral e por sindicatos, que argumentam a favor de direitos mais amplos aos pensionistas. O caso pode influenciar decis\u00f5es semelhantes envolvendo o sistema de prote\u00e7\u00e3o social e nomes oficiais vinculados \u00e0 fun\u00e7\u00e3o p\u00fablica.<\/p>\n","protected":false},"excerpt":{"rendered":"<ul>\n<li>Um m\u00e9dico reformado de Beja obteve uma decis\u00e3o de tribunal superior que determina que a Caixa Geral de Aposenta\u00e7\u00f5es lhe pague pens\u00e3o de invalidez por acidente de trabalho.<\/li>\n<li>O caso envolve a contesta\u00e7\u00e3o de lei pela ex-provedora L\u00facia Amaral e por sindicatos, levando o Tribunal Constitucional a ter de se pronunciar novamente.<\/li>\n<li>O ac\u00f3rd\u00e3o obriga a CGA a indemnizar uma invalidez inferior a trinta por cento.<\/li>\n<li>A Caixa Geral de Aposenta\u00e7\u00f5es recorre da decis\u00e3o.<\/li>\n<li>A situa\u00e7\u00e3o mant\u00e9m o lit\u00edgio em torno da aplica\u00e7\u00e3o da lei contestada e da interven\u00e7\u00e3o do Tribunal Constitucional.<\/li>\n<\/ul>\n","protected":false},"author":2,"featured_media":211951,"comment_status":"closed","ping_status":"closed","sticky":false,"template":"","format":"standard","meta":{"footnotes":""},"categories":[1],"tags":[5487,3256,1896,4057,966,52],"class_list":["post-211941","post","type-post","status-publish","format-standard","has-post-thumbnail","hentry","category-noticias","tag-acidente","tag-acidentes","tag-caixa-geral-de-aposentacoes","tag-constituicao","tag-sindicatos","tag-tribunal"],"yoast_head":"<!-- This site is optimized with the Yoast SEO plugin v27.2 - https:\/\/yoast.com\/product\/yoast-seo-wordpress\/ -->\n<title>Decis\u00e3o in\u00e9dita obriga Caixa Geral de Aposenta\u00e7\u00f5es a pagar pens\u00e3o por acidente - Portal Tela Portugal<\/title>\n<meta name=\"robots\" content=\"index, follow, max-snippet:-1, max-image-preview:large, max-video-preview:-1\" \/>\n<meta property=\"og:locale\" content=\"pt_PT\" \/>\n<meta property=\"og:type\" content=\"article\" \/>\n<meta property=\"og:title\" content=\"Decis\u00e3o in\u00e9dita obriga Caixa Geral de Aposenta\u00e7\u00f5es a pagar pens\u00e3o por acidente - Portal Tela Portugal\" \/>\n<meta property=\"og:description\" content=\"Um m\u00e9dico reformado de Beja obteve uma decis\u00e3o de tribunal superior que determina que a Caixa Geral de Aposenta\u00e7\u00f5es lhe pague pens\u00e3o de invalidez por acidente de trabalho. O caso envolve a contesta\u00e7\u00e3o de lei pela ex-provedora L\u00facia Amaral e por sindicatos, levando o Tribunal Constitucional a ter de se pronunciar novamente. O ac\u00f3rd\u00e3o obriga a CGA a indemnizar uma invalidez inferior a trinta por cento. A Caixa Geral de Aposenta\u00e7\u00f5es recorre da decis\u00e3o. A situa\u00e7\u00e3o mant\u00e9m o lit\u00edgio em torno da aplica\u00e7\u00e3o da lei contestada e da interven\u00e7\u00e3o do Tribunal Constitucional.\" \/>\n<meta property=\"og:url\" content=\"https:\/\/portaltela.pt\/noticias\/2026\/02\/14\/decisao-inedita-obriga-caixa-geral-de-aposentacoes-a-pagar-pensao-por-acidente\/\" \/>\n<meta property=\"og:site_name\" content=\"Portal Tela Portugal\" \/>\n<meta property=\"article:published_time\" content=\"2026-02-14T07:06:00+00:00\" \/>\n<meta name=\"author\" content=\"Telinha\" \/>\n<meta name=\"twitter:card\" content=\"summary_large_image\" \/>\n<meta name=\"twitter:label1\" content=\"Escrito por\" \/>\n\t<meta name=\"twitter:data1\" content=\"Telinha\" \/>\n\t<meta name=\"twitter:label2\" content=\"Tempo estimado de leitura\" \/>\n\t<meta name=\"twitter:data2\" content=\"1 minuto\" \/>\n<script type=\"application\/ld+json\" class=\"yoast-schema-graph\">{\"@context\":\"https:\/\/schema.org\",\"@graph\":[{\"@type\":\"Article\",\"@id\":\"https:\/\/portaltela.pt\/noticias\/2026\/02\/14\/decisao-inedita-obriga-caixa-geral-de-aposentacoes-a-pagar-pensao-por-acidente\/#article\",\"isPartOf\":{\"@id\":\"https:\/\/portaltela.pt\/noticias\/2026\/02\/14\/decisao-inedita-obriga-caixa-geral-de-aposentacoes-a-pagar-pensao-por-acidente\/\"},\"author\":{\"name\":\"Telinha\",\"@id\":\"https:\/\/portaltela.pt\/#\/schema\/person\/c4278d4a6028830caff9ee44b42d32ed\"},\"headline\":\"Decis\u00e3o in\u00e9dita obriga Caixa Geral de Aposenta\u00e7\u00f5es a pagar pens\u00e3o por acidente\",\"datePublished\":\"2026-02-14T07:06:00+00:00\",\"mainEntityOfPage\":{\"@id\":\"https:\/\/portaltela.pt\/noticias\/2026\/02\/14\/decisao-inedita-obriga-caixa-geral-de-aposentacoes-a-pagar-pensao-por-acidente\/\"},\"wordCount\":267,\"image\":{\"@id\":\"https:\/\/portaltela.pt\/noticias\/2026\/02\/14\/decisao-inedita-obriga-caixa-geral-de-aposentacoes-a-pagar-pensao-por-acidente\/#primaryimage\"},\"thumbnailUrl\":\"https:\/\/portaltela.pt\/s.01k8rhncp4jt1\/2026\/02\/2067157.jpg\",\"keywords\":[\"acidente\",\"acidentes\",\"Caixa Geral de Aposenta\u00e7\u00f5es\",\"constitui\u00e7\u00e3o\",\"sindicatos\",\"tribunal\"],\"articleSection\":[\"Not\u00edcias\"],\"inLanguage\":\"pt-PT\"},{\"@type\":\"WebPage\",\"@id\":\"https:\/\/portaltela.pt\/noticias\/2026\/02\/14\/decisao-inedita-obriga-caixa-geral-de-aposentacoes-a-pagar-pensao-por-acidente\/\",\"url\":\"https:\/\/portaltela.pt\/noticias\/2026\/02\/14\/decisao-inedita-obriga-caixa-geral-de-aposentacoes-a-pagar-pensao-por-acidente\/\",\"name\":\"Decis\u00e3o in\u00e9dita obriga Caixa Geral de Aposenta\u00e7\u00f5es a pagar pens\u00e3o por acidente - Portal Tela Portugal\",\"isPartOf\":{\"@id\":\"https:\/\/portaltela.pt\/#website\"},\"primaryImageOfPage\":{\"@id\":\"https:\/\/portaltela.pt\/noticias\/2026\/02\/14\/decisao-inedita-obriga-caixa-geral-de-aposentacoes-a-pagar-pensao-por-acidente\/#primaryimage\"},\"image\":{\"@id\":\"https:\/\/portaltela.pt\/noticias\/2026\/02\/14\/decisao-inedita-obriga-caixa-geral-de-aposentacoes-a-pagar-pensao-por-acidente\/#primaryimage\"},\"thumbnailUrl\":\"https:\/\/portaltela.pt\/s.01k8rhncp4jt1\/2026\/02\/2067157.jpg\",\"datePublished\":\"2026-02-14T07:06:00+00:00\",\"author\":{\"@id\":\"https:\/\/portaltela.pt\/#\/schema\/person\/c4278d4a6028830caff9ee44b42d32ed\"},\"breadcrumb\":{\"@id\":\"https:\/\/portaltela.pt\/noticias\/2026\/02\/14\/decisao-inedita-obriga-caixa-geral-de-aposentacoes-a-pagar-pensao-por-acidente\/#breadcrumb\"},\"inLanguage\":\"pt-PT\",\"potentialAction\":[{\"@type\":\"ReadAction\",\"target\":[\"https:\/\/portaltela.pt\/noticias\/2026\/02\/14\/decisao-inedita-obriga-caixa-geral-de-aposentacoes-a-pagar-pensao-por-acidente\/\"]}]},{\"@type\":\"ImageObject\",\"inLanguage\":\"pt-PT\",\"@id\":\"https:\/\/portaltela.pt\/noticias\/2026\/02\/14\/decisao-inedita-obriga-caixa-geral-de-aposentacoes-a-pagar-pensao-por-acidente\/#primaryimage\",\"url\":\"https:\/\/portaltela.pt\/s.01k8rhncp4jt1\/2026\/02\/2067157.jpg\",\"contentUrl\":\"https:\/\/portaltela.pt\/s.01k8rhncp4jt1\/2026\/02\/2067157.jpg\",\"width\":796,\"height\":448,\"caption\":\"M\u00e9dico que ia fazer cirurgia no Hospital de Beja caiu numa escada e entrou no bloco operat\u00f3rio j\u00e1 na qualidade de paciente\"},{\"@type\":\"BreadcrumbList\",\"@id\":\"https:\/\/portaltela.pt\/noticias\/2026\/02\/14\/decisao-inedita-obriga-caixa-geral-de-aposentacoes-a-pagar-pensao-por-acidente\/#breadcrumb\",\"itemListElement\":[{\"@type\":\"ListItem\",\"position\":1,\"name\":\"In\u00edcio\",\"item\":\"https:\/\/portaltela.pt\/\"},{\"@type\":\"ListItem\",\"position\":2,\"name\":\"Decis\u00e3o in\u00e9dita obriga Caixa Geral de Aposenta\u00e7\u00f5es a pagar pens\u00e3o por acidente\"}]},{\"@type\":\"WebSite\",\"@id\":\"https:\/\/portaltela.pt\/#website\",\"url\":\"https:\/\/portaltela.pt\/\",\"name\":\"Portal Tela Portugal\",\"description\":\"\",\"potentialAction\":[{\"@type\":\"SearchAction\",\"target\":{\"@type\":\"EntryPoint\",\"urlTemplate\":\"https:\/\/portaltela.pt\/?s={search_term_string}\"},\"query-input\":{\"@type\":\"PropertyValueSpecification\",\"valueRequired\":true,\"valueName\":\"search_term_string\"}}],\"inLanguage\":\"pt-PT\"},{\"@type\":\"Person\",\"@id\":\"https:\/\/portaltela.pt\/#\/schema\/person\/c4278d4a6028830caff9ee44b42d32ed\",\"name\":\"Telinha\",\"image\":{\"@type\":\"ImageObject\",\"inLanguage\":\"pt-PT\",\"@id\":\"https:\/\/portaltela.pt\/s.01k8rhncp4jt1\/2025\/11\/talking-bot-125x125.png\",\"url\":\"https:\/\/portaltela.pt\/s.01k8rhncp4jt1\/2025\/11\/talking-bot-125x125.png\",\"contentUrl\":\"https:\/\/portaltela.pt\/s.01k8rhncp4jt1\/2025\/11\/talking-bot-125x125.png\",\"caption\":\"Telinha\"},\"sameAs\":[\"https:\/\/portaltela.pt\/\"],\"url\":\"https:\/\/portaltela.pt\/por\/367410592786\/\"}]}<\/script>\n<!-- \/ Yoast SEO plugin. -->","yoast_head_json":{"title":"Decis\u00e3o in\u00e9dita obriga Caixa Geral de Aposenta\u00e7\u00f5es a pagar pens\u00e3o por acidente - Portal Tela Portugal","robots":{"index":"index","follow":"follow","max-snippet":"max-snippet:-1","max-image-preview":"max-image-preview:large","max-video-preview":"max-video-preview:-1"},"og_locale":"pt_PT","og_type":"article","og_title":"Decis\u00e3o in\u00e9dita obriga Caixa Geral de Aposenta\u00e7\u00f5es a pagar pens\u00e3o por acidente - Portal Tela Portugal","og_description":"Um m\u00e9dico reformado de Beja obteve uma decis\u00e3o de tribunal superior que determina que a Caixa Geral de Aposenta\u00e7\u00f5es lhe pague pens\u00e3o de invalidez por acidente de trabalho. O caso envolve a contesta\u00e7\u00e3o de lei pela ex-provedora L\u00facia Amaral e por sindicatos, levando o Tribunal Constitucional a ter de se pronunciar novamente. O ac\u00f3rd\u00e3o obriga a CGA a indemnizar uma invalidez inferior a trinta por cento. A Caixa Geral de Aposenta\u00e7\u00f5es recorre da decis\u00e3o. A situa\u00e7\u00e3o mant\u00e9m o lit\u00edgio em torno da aplica\u00e7\u00e3o da lei contestada e da interven\u00e7\u00e3o do Tribunal Constitucional.","og_url":"https:\/\/portaltela.pt\/noticias\/2026\/02\/14\/decisao-inedita-obriga-caixa-geral-de-aposentacoes-a-pagar-pensao-por-acidente\/","og_site_name":"Portal Tela Portugal","article_published_time":"2026-02-14T07:06:00+00:00","author":"Telinha","twitter_card":"summary_large_image","twitter_misc":{"Escrito por":"Telinha","Tempo estimado de leitura":"1 minuto"},"schema":{"@context":"https:\/\/schema.org","@graph":[{"@type":"Article","@id":"https:\/\/portaltela.pt\/noticias\/2026\/02\/14\/decisao-inedita-obriga-caixa-geral-de-aposentacoes-a-pagar-pensao-por-acidente\/#article","isPartOf":{"@id":"https:\/\/portaltela.pt\/noticias\/2026\/02\/14\/decisao-inedita-obriga-caixa-geral-de-aposentacoes-a-pagar-pensao-por-acidente\/"},"author":{"name":"Telinha","@id":"https:\/\/portaltela.pt\/#\/schema\/person\/c4278d4a6028830caff9ee44b42d32ed"},"headline":"Decis\u00e3o in\u00e9dita obriga Caixa Geral de Aposenta\u00e7\u00f5es a pagar pens\u00e3o por acidente","datePublished":"2026-02-14T07:06:00+00:00","mainEntityOfPage":{"@id":"https:\/\/portaltela.pt\/noticias\/2026\/02\/14\/decisao-inedita-obriga-caixa-geral-de-aposentacoes-a-pagar-pensao-por-acidente\/"},"wordCount":267,"image":{"@id":"https:\/\/portaltela.pt\/noticias\/2026\/02\/14\/decisao-inedita-obriga-caixa-geral-de-aposentacoes-a-pagar-pensao-por-acidente\/#primaryimage"},"thumbnailUrl":"https:\/\/portaltela.pt\/s.01k8rhncp4jt1\/2026\/02\/2067157.jpg","keywords":["acidente","acidentes","Caixa Geral de Aposenta\u00e7\u00f5es","constitui\u00e7\u00e3o","sindicatos","tribunal"],"articleSection":["Not\u00edcias"],"inLanguage":"pt-PT"},{"@type":"WebPage","@id":"https:\/\/portaltela.pt\/noticias\/2026\/02\/14\/decisao-inedita-obriga-caixa-geral-de-aposentacoes-a-pagar-pensao-por-acidente\/","url":"https:\/\/portaltela.pt\/noticias\/2026\/02\/14\/decisao-inedita-obriga-caixa-geral-de-aposentacoes-a-pagar-pensao-por-acidente\/","name":"Decis\u00e3o in\u00e9dita obriga Caixa Geral de Aposenta\u00e7\u00f5es a pagar pens\u00e3o por acidente - Portal Tela Portugal","isPartOf":{"@id":"https:\/\/portaltela.pt\/#website"},"primaryImageOfPage":{"@id":"https:\/\/portaltela.pt\/noticias\/2026\/02\/14\/decisao-inedita-obriga-caixa-geral-de-aposentacoes-a-pagar-pensao-por-acidente\/#primaryimage"},"image":{"@id":"https:\/\/portaltela.pt\/noticias\/2026\/02\/14\/decisao-inedita-obriga-caixa-geral-de-aposentacoes-a-pagar-pensao-por-acidente\/#primaryimage"},"thumbnailUrl":"https:\/\/portaltela.pt\/s.01k8rhncp4jt1\/2026\/02\/2067157.jpg","datePublished":"2026-02-14T07:06:00+00:00","author":{"@id":"https:\/\/portaltela.pt\/#\/schema\/person\/c4278d4a6028830caff9ee44b42d32ed"},"breadcrumb":{"@id":"https:\/\/portaltela.pt\/noticias\/2026\/02\/14\/decisao-inedita-obriga-caixa-geral-de-aposentacoes-a-pagar-pensao-por-acidente\/#breadcrumb"},"inLanguage":"pt-PT","potentialAction":[{"@type":"ReadAction","target":["https:\/\/portaltela.pt\/noticias\/2026\/02\/14\/decisao-inedita-obriga-caixa-geral-de-aposentacoes-a-pagar-pensao-por-acidente\/"]}]},{"@type":"ImageObject","inLanguage":"pt-PT","@id":"https:\/\/portaltela.pt\/noticias\/2026\/02\/14\/decisao-inedita-obriga-caixa-geral-de-aposentacoes-a-pagar-pensao-por-acidente\/#primaryimage","url":"https:\/\/portaltela.pt\/s.01k8rhncp4jt1\/2026\/02\/2067157.jpg","contentUrl":"https:\/\/portaltela.pt\/s.01k8rhncp4jt1\/2026\/02\/2067157.jpg","width":796,"height":448,"caption":"M\u00e9dico que ia fazer cirurgia no Hospital de Beja caiu numa escada e entrou no bloco operat\u00f3rio j\u00e1 na qualidade de paciente"},{"@type":"BreadcrumbList","@id":"https:\/\/portaltela.pt\/noticias\/2026\/02\/14\/decisao-inedita-obriga-caixa-geral-de-aposentacoes-a-pagar-pensao-por-acidente\/#breadcrumb","itemListElement":[{"@type":"ListItem","position":1,"name":"In\u00edcio","item":"https:\/\/portaltela.pt\/"},{"@type":"ListItem","position":2,"name":"Decis\u00e3o in\u00e9dita obriga Caixa Geral de Aposenta\u00e7\u00f5es a pagar pens\u00e3o por acidente"}]},{"@type":"WebSite","@id":"https:\/\/portaltela.pt\/#website","url":"https:\/\/portaltela.pt\/","name":"Portal Tela Portugal","description":"","potentialAction":[{"@type":"SearchAction","target":{"@type":"EntryPoint","urlTemplate":"https:\/\/portaltela.pt\/?s={search_term_string}"},"query-input":{"@type":"PropertyValueSpecification","valueRequired":true,"valueName":"search_term_string"}}],"inLanguage":"pt-PT"},{"@type":"Person","@id":"https:\/\/portaltela.pt\/#\/schema\/person\/c4278d4a6028830caff9ee44b42d32ed","name":"Telinha","image":{"@type":"ImageObject","inLanguage":"pt-PT","@id":"https:\/\/portaltela.pt\/s.01k8rhncp4jt1\/2025\/11\/talking-bot-125x125.png","url":"https:\/\/portaltela.pt\/s.01k8rhncp4jt1\/2025\/11\/talking-bot-125x125.png","contentUrl":"https:\/\/portaltela.pt\/s.01k8rhncp4jt1\/2025\/11\/talking-bot-125x125.png","caption":"Telinha"},"sameAs":["https:\/\/portaltela.pt\/"],"url":"https:\/\/portaltela.pt\/por\/367410592786\/"}]}},"_links":{"self":[{"href":"https:\/\/portaltela.pt\/api\/wp\/v2\/posts\/211941","targetHints":{"allow":["GET"]}}],"collection":[{"href":"https:\/\/portaltela.pt\/api\/wp\/v2\/posts"}],"about":[{"href":"https:\/\/portaltela.pt\/api\/wp\/v2\/types\/post"}],"author":[{"embeddable":true,"href":"https:\/\/portaltela.pt\/api\/wp\/v2\/users\/2"}],"replies":[{"embeddable":true,"href":"https:\/\/portaltela.pt\/api\/wp\/v2\/comments?post=211941"}],"version-history":[{"count":0,"href":"https:\/\/portaltela.pt\/api\/wp\/v2\/posts\/211941\/revisions"}],"wp:featuredmedia":[{"embeddable":true,"href":"https:\/\/portaltela.pt\/api\/wp\/v2\/media\/211951"}],"wp:attachment":[{"href":"https:\/\/portaltela.pt\/api\/wp\/v2\/media?parent=211941"}],"wp:term":[{"taxonomy":"category","embeddable":true,"href":"https:\/\/portaltela.pt\/api\/wp\/v2\/categories?post=211941"},{"taxonomy":"post_tag","embeddable":true,"href":"https:\/\/portaltela.pt\/api\/wp\/v2\/tags?post=211941"}],"curies":[{"name":"wp","href":"https:\/\/api.w.org\/{rel}","templated":true}]}}