{"id":211922,"date":"2026-02-14T04:06:45","date_gmt":"2026-02-14T07:06:45","guid":{"rendered":"https:\/\/portaltela.pt\/noticias\/2026\/02\/14\/lisboa-entra-em-vigor-a-proibicao-de-venda-de-alcool-para-consumo-no-exterior\/"},"modified":"2026-02-14T04:06:45","modified_gmt":"2026-02-14T07:06:45","slug":"lisboa-entra-em-vigor-a-proibicao-de-venda-de-alcool-para-consumo-no-exterior","status":"publish","type":"post","link":"https:\/\/portaltela.pt\/noticias\/politica\/2026\/02\/14\/lisboa-entra-em-vigor-a-proibicao-de-venda-de-alcool-para-consumo-no-exterior\/","title":{"rendered":"Lisboa entra em vigor a proibi\u00e7\u00e3o de venda de \u00e1lcool para consumo no exterior"},"content":{"rendered":"<p>A partir deste s\u00e1bado entra em vigor, em Lisboa, a proibi\u00e7\u00e3o de venda de bebidas alco\u00f3licas para consumo no exterior dos estabelecimentos da cidade. A norma obriga a interrup\u00e7\u00e3o entre as 23:00 e as 08:00, de domingo a quinta-feira, e entre as 24:00 e as 08:00, \u00e0 sexta-feira, s\u00e1bado e v\u00e9speras de feriado. O objetivo \u00e9 reduzir ru\u00eddo e salvaguardar o descanso dos moradores.<\/p>\n<p>A C\u00e2mara de Lisboa aprovou a medida h\u00e1 cerca de um m\u00eas, indicando que entraria em vigor 30 dias ap\u00f3s a publica\u00e7\u00e3o no Boletim Municipal, o que ocorreu a 15 de janeiro. A nova regra aplica-se a todo o territ\u00f3rio municipal, abrangendo locais como restaurantes, caf\u00e9s, bares, discotecas, casas de fado, salas de espet\u00e1culos, cinemas, casinos, hot\u00e9is, postos de combust\u00edvel e lojas de conveni\u00eancia.<\/p>\n<p>A proibi\u00e7\u00e3o vincula-se aos estabelecimentos classificados nos grupos I a VI do Regulamento dos Hor\u00e1rios de Funcionamento do Concelho. A medida visa equilibrar a vida nocturna com o direito ao descanso dos residentes, especialmente nas \u00e1reas com maior concentra\u00e7\u00e3o de atividades.<\/p>\n<h3>Exce\u00e7\u00f5es e fiscaliza\u00e7\u00e3o<\/h3>\n<p>Entre as exce\u00e7\u00f5es, mant\u00e9m-se o consumo no interior dos estabelecimentos e, quando permitido, em esplanadas licenciadas, desde que respeitado o hor\u00e1rio de funcionamento. Vendas na modalidade de entrega ao domic\u00edlio tamb\u00e9m continuam permitidas. Durante as Festas de Lisboa, a norma n\u00e3o se aplica.<\/p>\n<p>A viola\u00e7\u00e3o caracteriza contraordena\u00e7\u00e3o: de 150 a 1.000 euros para pessoas singulares e de 350 a 3.000 euros para pessoas coletivas. A fiscaliza\u00e7\u00e3o cabe \u00e0 Pol\u00edcia Municipal de Lisboa e \u00e0s for\u00e7as de seguran\u00e7a, que atuam para assegurar o cumprimento.<\/p>\n<p>A C\u00e2mara descreve a medida como preventiva, v\u00e1lida at\u00e9 a altera\u00e7\u00e3o do Regulamento de Hor\u00e1rios de Funcionamento, processo que j\u00e1 decorre desde o anterior mandato. O Conselho de Acompanhamento da Vida Noturna deve apresentar um relat\u00f3rio em seis meses sobre a execu\u00e7\u00e3o da medida.<\/p>\n","protected":false},"excerpt":{"rendered":"<ul>\n<li>A proibi\u00e7\u00e3o de venda de bebidas alco\u00f3licas para consumo no exterior entra em vigor neste s\u00e1bado em Lisboa, entre as 23:00 e as 08:00 do dia seguinte, de domingo a quinta-feira, e entre as 24:00 e as 08:00 \u00e0s sextas, s\u00e1bados e v\u00e9speras de feriado.<\/li>\n<li>A medida aplica-se a estabelecimentos agrupados nos tipos I a VI do Regulamento dos Hor\u00e1rios de Funcionamento dos Estabelecimentos de Venda ao P\u00fablico e de Presta\u00e7\u00e3o de Servi\u00e7os do Concelho de Lisboa.<\/li>\n<li>Exce\u00e7\u00f5es: consumo no interior dos estabelecimentos ou em esplanadas licenciadas (no hor\u00e1rio de funcionamento) e vendas na modalidade entrega ao domic\u00edlio; n\u00e3o se aplica durante as Festas de Lisboa.<\/li>\n<li>Viola\u00e7\u00f5es podem acarrear contraordena\u00e7\u00e3o entre 150 e 1.000 euros para pessoas singulares e entre 350 e 3.000 euros para pessoas coletivas; fiscaliza\u00e7\u00e3o compete \u00e0 Pol\u00edcia Municipal de Lisboa e \u00e0s for\u00e7as de seguran\u00e7a.<\/li>\n<li>A C\u00e2mara aprovou a medida com altera\u00e7\u00f5es de v\u00e1rias for\u00e7as pol\u00edticas; prev\u00ea-se um relat\u00f3rio sobre a execu\u00e7\u00e3o no prazo de seis meses pelos \u00f3rg\u00e3os competentes.<\/li>\n<\/ul>\n","protected":false},"author":2,"featured_media":211924,"comment_status":"closed","ping_status":"closed","sticky":false,"template":"","format":"standard","meta":{"footnotes":""},"categories":[1,5],"tags":[244,144,4919,981,2874,250],"class_list":["post-211922","post","type-post","status-publish","format-standard","has-post-thumbnail","hentry","category-noticias","category-politica","tag-comercio","tag-concelho","tag-festas","tag-lisboa","tag-policia-municipal","tag-seguranca-publica"],"yoast_head":"<!-- This site is optimized with the Yoast SEO plugin v27.2 - https:\/\/yoast.com\/product\/yoast-seo-wordpress\/ -->\n<title>Lisboa entra em vigor a proibi\u00e7\u00e3o de venda de \u00e1lcool para consumo no exterior - Portal Tela Portugal<\/title>\n<meta name=\"robots\" content=\"index, follow, max-snippet:-1, max-image-preview:large, max-video-preview:-1\" \/>\n<meta property=\"og:locale\" content=\"pt_PT\" \/>\n<meta property=\"og:type\" content=\"article\" \/>\n<meta property=\"og:title\" content=\"Lisboa entra em vigor a proibi\u00e7\u00e3o de venda de \u00e1lcool para consumo no exterior - Portal Tela Portugal\" \/>\n<meta property=\"og:description\" content=\"A proibi\u00e7\u00e3o de venda de bebidas alco\u00f3licas para consumo no exterior entra em vigor neste s\u00e1bado em Lisboa, entre as 23:00 e as 08:00 do dia seguinte, de domingo a quinta-feira, e entre as 24:00 e as 08:00 \u00e0s sextas, s\u00e1bados e v\u00e9speras de feriado. A medida aplica-se a estabelecimentos agrupados nos tipos I a VI do Regulamento dos Hor\u00e1rios de Funcionamento dos Estabelecimentos de Venda ao P\u00fablico e de Presta\u00e7\u00e3o de Servi\u00e7os do Concelho de Lisboa. Exce\u00e7\u00f5es: consumo no interior dos estabelecimentos ou em esplanadas licenciadas (no hor\u00e1rio de funcionamento) e vendas na modalidade entrega ao domic\u00edlio; n\u00e3o se aplica durante as Festas de Lisboa. Viola\u00e7\u00f5es podem acarrear contraordena\u00e7\u00e3o entre 150 e 1.000 euros para pessoas singulares e entre 350 e 3.000 euros para pessoas coletivas; fiscaliza\u00e7\u00e3o compete \u00e0 Pol\u00edcia Municipal de Lisboa e \u00e0s for\u00e7as de seguran\u00e7a. A C\u00e2mara aprovou a medida com altera\u00e7\u00f5es de v\u00e1rias for\u00e7as pol\u00edticas; prev\u00ea-se um relat\u00f3rio sobre a execu\u00e7\u00e3o no prazo de seis meses pelos \u00f3rg\u00e3os competentes.\" \/>\n<meta property=\"og:url\" content=\"https:\/\/portaltela.pt\/noticias\/2026\/02\/14\/lisboa-entra-em-vigor-a-proibicao-de-venda-de-alcool-para-consumo-no-exterior\/\" \/>\n<meta property=\"og:site_name\" content=\"Portal Tela Portugal\" \/>\n<meta property=\"article:published_time\" content=\"2026-02-14T07:06:45+00:00\" \/>\n<meta name=\"author\" content=\"Telinha\" \/>\n<meta name=\"twitter:card\" content=\"summary_large_image\" \/>\n<meta name=\"twitter:label1\" content=\"Escrito por\" \/>\n\t<meta name=\"twitter:data1\" content=\"Telinha\" \/>\n\t<meta name=\"twitter:label2\" content=\"Tempo estimado de leitura\" \/>\n\t<meta name=\"twitter:data2\" content=\"2 minutos\" \/>\n<script type=\"application\/ld+json\" class=\"yoast-schema-graph\">{\"@context\":\"https:\/\/schema.org\",\"@graph\":[{\"@type\":\"Article\",\"@id\":\"https:\/\/portaltela.pt\/noticias\/2026\/02\/14\/lisboa-entra-em-vigor-a-proibicao-de-venda-de-alcool-para-consumo-no-exterior\/#article\",\"isPartOf\":{\"@id\":\"https:\/\/portaltela.pt\/noticias\/2026\/02\/14\/lisboa-entra-em-vigor-a-proibicao-de-venda-de-alcool-para-consumo-no-exterior\/\"},\"author\":{\"name\":\"Telinha\",\"@id\":\"https:\/\/portaltela.pt\/#\/schema\/person\/c4278d4a6028830caff9ee44b42d32ed\"},\"headline\":\"Lisboa entra em vigor a proibi\u00e7\u00e3o de venda de \u00e1lcool para consumo no exterior\",\"datePublished\":\"2026-02-14T07:06:45+00:00\",\"mainEntityOfPage\":{\"@id\":\"https:\/\/portaltela.pt\/noticias\/2026\/02\/14\/lisboa-entra-em-vigor-a-proibicao-de-venda-de-alcool-para-consumo-no-exterior\/\"},\"wordCount\":341,\"image\":{\"@id\":\"https:\/\/portaltela.pt\/noticias\/2026\/02\/14\/lisboa-entra-em-vigor-a-proibicao-de-venda-de-alcool-para-consumo-no-exterior\/#primaryimage\"},\"thumbnailUrl\":\"https:\/\/portaltela.pt\/s.01k8rhncp4jt1\/2026\/02\/img_1500x1000uu2020-08-21-02-35-21-969091.jpg\",\"keywords\":[\"com\u00e9rcio\",\"concelho\",\"festas\",\"Lisboa\",\"pol\u00edcia municipal\",\"seguran\u00e7a p\u00fablica\"],\"articleSection\":[\"Not\u00edcias\",\"Pol\u00edtica\"],\"inLanguage\":\"pt-PT\"},{\"@type\":\"WebPage\",\"@id\":\"https:\/\/portaltela.pt\/noticias\/2026\/02\/14\/lisboa-entra-em-vigor-a-proibicao-de-venda-de-alcool-para-consumo-no-exterior\/\",\"url\":\"https:\/\/portaltela.pt\/noticias\/2026\/02\/14\/lisboa-entra-em-vigor-a-proibicao-de-venda-de-alcool-para-consumo-no-exterior\/\",\"name\":\"Lisboa entra em vigor a proibi\u00e7\u00e3o de venda de \u00e1lcool para consumo no exterior - Portal Tela Portugal\",\"isPartOf\":{\"@id\":\"https:\/\/portaltela.pt\/#website\"},\"primaryImageOfPage\":{\"@id\":\"https:\/\/portaltela.pt\/noticias\/2026\/02\/14\/lisboa-entra-em-vigor-a-proibicao-de-venda-de-alcool-para-consumo-no-exterior\/#primaryimage\"},\"image\":{\"@id\":\"https:\/\/portaltela.pt\/noticias\/2026\/02\/14\/lisboa-entra-em-vigor-a-proibicao-de-venda-de-alcool-para-consumo-no-exterior\/#primaryimage\"},\"thumbnailUrl\":\"https:\/\/portaltela.pt\/s.01k8rhncp4jt1\/2026\/02\/img_1500x1000uu2020-08-21-02-35-21-969091.jpg\",\"datePublished\":\"2026-02-14T07:06:45+00:00\",\"author\":{\"@id\":\"https:\/\/portaltela.pt\/#\/schema\/person\/c4278d4a6028830caff9ee44b42d32ed\"},\"breadcrumb\":{\"@id\":\"https:\/\/portaltela.pt\/noticias\/2026\/02\/14\/lisboa-entra-em-vigor-a-proibicao-de-venda-de-alcool-para-consumo-no-exterior\/#breadcrumb\"},\"inLanguage\":\"pt-PT\",\"potentialAction\":[{\"@type\":\"ReadAction\",\"target\":[\"https:\/\/portaltela.pt\/noticias\/2026\/02\/14\/lisboa-entra-em-vigor-a-proibicao-de-venda-de-alcool-para-consumo-no-exterior\/\"]}]},{\"@type\":\"ImageObject\",\"inLanguage\":\"pt-PT\",\"@id\":\"https:\/\/portaltela.pt\/noticias\/2026\/02\/14\/lisboa-entra-em-vigor-a-proibicao-de-venda-de-alcool-para-consumo-no-exterior\/#primaryimage\",\"url\":\"https:\/\/portaltela.pt\/s.01k8rhncp4jt1\/2026\/02\/img_1500x1000uu2020-08-21-02-35-21-969091.jpg\",\"contentUrl\":\"https:\/\/portaltela.pt\/s.01k8rhncp4jt1\/2026\/02\/img_1500x1000uu2020-08-21-02-35-21-969091.jpg\",\"width\":796,\"height\":448,\"caption\":\"Proibi\u00e7\u00e3o de venda de bebidas alco\u00f3licas para consumo no exterior em Lisboa entra hoje em vigor\"},{\"@type\":\"BreadcrumbList\",\"@id\":\"https:\/\/portaltela.pt\/noticias\/2026\/02\/14\/lisboa-entra-em-vigor-a-proibicao-de-venda-de-alcool-para-consumo-no-exterior\/#breadcrumb\",\"itemListElement\":[{\"@type\":\"ListItem\",\"position\":1,\"name\":\"In\u00edcio\",\"item\":\"https:\/\/portaltela.pt\/\"},{\"@type\":\"ListItem\",\"position\":2,\"name\":\"Lisboa entra em vigor a proibi\u00e7\u00e3o de venda de \u00e1lcool para consumo no exterior\"}]},{\"@type\":\"WebSite\",\"@id\":\"https:\/\/portaltela.pt\/#website\",\"url\":\"https:\/\/portaltela.pt\/\",\"name\":\"Portal Tela Portugal\",\"description\":\"\",\"potentialAction\":[{\"@type\":\"SearchAction\",\"target\":{\"@type\":\"EntryPoint\",\"urlTemplate\":\"https:\/\/portaltela.pt\/?s={search_term_string}\"},\"query-input\":{\"@type\":\"PropertyValueSpecification\",\"valueRequired\":true,\"valueName\":\"search_term_string\"}}],\"inLanguage\":\"pt-PT\"},{\"@type\":\"Person\",\"@id\":\"https:\/\/portaltela.pt\/#\/schema\/person\/c4278d4a6028830caff9ee44b42d32ed\",\"name\":\"Telinha\",\"image\":{\"@type\":\"ImageObject\",\"inLanguage\":\"pt-PT\",\"@id\":\"https:\/\/portaltela.pt\/s.01k8rhncp4jt1\/2025\/11\/talking-bot-125x125.png\",\"url\":\"https:\/\/portaltela.pt\/s.01k8rhncp4jt1\/2025\/11\/talking-bot-125x125.png\",\"contentUrl\":\"https:\/\/portaltela.pt\/s.01k8rhncp4jt1\/2025\/11\/talking-bot-125x125.png\",\"caption\":\"Telinha\"},\"sameAs\":[\"https:\/\/portaltela.pt\/\"],\"url\":\"https:\/\/portaltela.pt\/por\/367410592786\/\"}]}<\/script>\n<!-- \/ Yoast SEO plugin. -->","yoast_head_json":{"title":"Lisboa entra em vigor a proibi\u00e7\u00e3o de venda de \u00e1lcool para consumo no exterior - Portal Tela Portugal","robots":{"index":"index","follow":"follow","max-snippet":"max-snippet:-1","max-image-preview":"max-image-preview:large","max-video-preview":"max-video-preview:-1"},"og_locale":"pt_PT","og_type":"article","og_title":"Lisboa entra em vigor a proibi\u00e7\u00e3o de venda de \u00e1lcool para consumo no exterior - Portal Tela Portugal","og_description":"A proibi\u00e7\u00e3o de venda de bebidas alco\u00f3licas para consumo no exterior entra em vigor neste s\u00e1bado em Lisboa, entre as 23:00 e as 08:00 do dia seguinte, de domingo a quinta-feira, e entre as 24:00 e as 08:00 \u00e0s sextas, s\u00e1bados e v\u00e9speras de feriado. A medida aplica-se a estabelecimentos agrupados nos tipos I a VI do Regulamento dos Hor\u00e1rios de Funcionamento dos Estabelecimentos de Venda ao P\u00fablico e de Presta\u00e7\u00e3o de Servi\u00e7os do Concelho de Lisboa. Exce\u00e7\u00f5es: consumo no interior dos estabelecimentos ou em esplanadas licenciadas (no hor\u00e1rio de funcionamento) e vendas na modalidade entrega ao domic\u00edlio; n\u00e3o se aplica durante as Festas de Lisboa. Viola\u00e7\u00f5es podem acarrear contraordena\u00e7\u00e3o entre 150 e 1.000 euros para pessoas singulares e entre 350 e 3.000 euros para pessoas coletivas; fiscaliza\u00e7\u00e3o compete \u00e0 Pol\u00edcia Municipal de Lisboa e \u00e0s for\u00e7as de seguran\u00e7a. A C\u00e2mara aprovou a medida com altera\u00e7\u00f5es de v\u00e1rias for\u00e7as pol\u00edticas; prev\u00ea-se um relat\u00f3rio sobre a execu\u00e7\u00e3o no prazo de seis meses pelos \u00f3rg\u00e3os competentes.","og_url":"https:\/\/portaltela.pt\/noticias\/2026\/02\/14\/lisboa-entra-em-vigor-a-proibicao-de-venda-de-alcool-para-consumo-no-exterior\/","og_site_name":"Portal Tela Portugal","article_published_time":"2026-02-14T07:06:45+00:00","author":"Telinha","twitter_card":"summary_large_image","twitter_misc":{"Escrito por":"Telinha","Tempo estimado de leitura":"2 minutos"},"schema":{"@context":"https:\/\/schema.org","@graph":[{"@type":"Article","@id":"https:\/\/portaltela.pt\/noticias\/2026\/02\/14\/lisboa-entra-em-vigor-a-proibicao-de-venda-de-alcool-para-consumo-no-exterior\/#article","isPartOf":{"@id":"https:\/\/portaltela.pt\/noticias\/2026\/02\/14\/lisboa-entra-em-vigor-a-proibicao-de-venda-de-alcool-para-consumo-no-exterior\/"},"author":{"name":"Telinha","@id":"https:\/\/portaltela.pt\/#\/schema\/person\/c4278d4a6028830caff9ee44b42d32ed"},"headline":"Lisboa entra em vigor a proibi\u00e7\u00e3o de venda de \u00e1lcool para consumo no exterior","datePublished":"2026-02-14T07:06:45+00:00","mainEntityOfPage":{"@id":"https:\/\/portaltela.pt\/noticias\/2026\/02\/14\/lisboa-entra-em-vigor-a-proibicao-de-venda-de-alcool-para-consumo-no-exterior\/"},"wordCount":341,"image":{"@id":"https:\/\/portaltela.pt\/noticias\/2026\/02\/14\/lisboa-entra-em-vigor-a-proibicao-de-venda-de-alcool-para-consumo-no-exterior\/#primaryimage"},"thumbnailUrl":"https:\/\/portaltela.pt\/s.01k8rhncp4jt1\/2026\/02\/img_1500x1000uu2020-08-21-02-35-21-969091.jpg","keywords":["com\u00e9rcio","concelho","festas","Lisboa","pol\u00edcia municipal","seguran\u00e7a p\u00fablica"],"articleSection":["Not\u00edcias","Pol\u00edtica"],"inLanguage":"pt-PT"},{"@type":"WebPage","@id":"https:\/\/portaltela.pt\/noticias\/2026\/02\/14\/lisboa-entra-em-vigor-a-proibicao-de-venda-de-alcool-para-consumo-no-exterior\/","url":"https:\/\/portaltela.pt\/noticias\/2026\/02\/14\/lisboa-entra-em-vigor-a-proibicao-de-venda-de-alcool-para-consumo-no-exterior\/","name":"Lisboa entra em vigor a proibi\u00e7\u00e3o de venda de \u00e1lcool para consumo no exterior - Portal Tela Portugal","isPartOf":{"@id":"https:\/\/portaltela.pt\/#website"},"primaryImageOfPage":{"@id":"https:\/\/portaltela.pt\/noticias\/2026\/02\/14\/lisboa-entra-em-vigor-a-proibicao-de-venda-de-alcool-para-consumo-no-exterior\/#primaryimage"},"image":{"@id":"https:\/\/portaltela.pt\/noticias\/2026\/02\/14\/lisboa-entra-em-vigor-a-proibicao-de-venda-de-alcool-para-consumo-no-exterior\/#primaryimage"},"thumbnailUrl":"https:\/\/portaltela.pt\/s.01k8rhncp4jt1\/2026\/02\/img_1500x1000uu2020-08-21-02-35-21-969091.jpg","datePublished":"2026-02-14T07:06:45+00:00","author":{"@id":"https:\/\/portaltela.pt\/#\/schema\/person\/c4278d4a6028830caff9ee44b42d32ed"},"breadcrumb":{"@id":"https:\/\/portaltela.pt\/noticias\/2026\/02\/14\/lisboa-entra-em-vigor-a-proibicao-de-venda-de-alcool-para-consumo-no-exterior\/#breadcrumb"},"inLanguage":"pt-PT","potentialAction":[{"@type":"ReadAction","target":["https:\/\/portaltela.pt\/noticias\/2026\/02\/14\/lisboa-entra-em-vigor-a-proibicao-de-venda-de-alcool-para-consumo-no-exterior\/"]}]},{"@type":"ImageObject","inLanguage":"pt-PT","@id":"https:\/\/portaltela.pt\/noticias\/2026\/02\/14\/lisboa-entra-em-vigor-a-proibicao-de-venda-de-alcool-para-consumo-no-exterior\/#primaryimage","url":"https:\/\/portaltela.pt\/s.01k8rhncp4jt1\/2026\/02\/img_1500x1000uu2020-08-21-02-35-21-969091.jpg","contentUrl":"https:\/\/portaltela.pt\/s.01k8rhncp4jt1\/2026\/02\/img_1500x1000uu2020-08-21-02-35-21-969091.jpg","width":796,"height":448,"caption":"Proibi\u00e7\u00e3o de venda de bebidas alco\u00f3licas para consumo no exterior em Lisboa entra hoje em vigor"},{"@type":"BreadcrumbList","@id":"https:\/\/portaltela.pt\/noticias\/2026\/02\/14\/lisboa-entra-em-vigor-a-proibicao-de-venda-de-alcool-para-consumo-no-exterior\/#breadcrumb","itemListElement":[{"@type":"ListItem","position":1,"name":"In\u00edcio","item":"https:\/\/portaltela.pt\/"},{"@type":"ListItem","position":2,"name":"Lisboa entra em vigor a proibi\u00e7\u00e3o de venda de \u00e1lcool para consumo no exterior"}]},{"@type":"WebSite","@id":"https:\/\/portaltela.pt\/#website","url":"https:\/\/portaltela.pt\/","name":"Portal Tela Portugal","description":"","potentialAction":[{"@type":"SearchAction","target":{"@type":"EntryPoint","urlTemplate":"https:\/\/portaltela.pt\/?s={search_term_string}"},"query-input":{"@type":"PropertyValueSpecification","valueRequired":true,"valueName":"search_term_string"}}],"inLanguage":"pt-PT"},{"@type":"Person","@id":"https:\/\/portaltela.pt\/#\/schema\/person\/c4278d4a6028830caff9ee44b42d32ed","name":"Telinha","image":{"@type":"ImageObject","inLanguage":"pt-PT","@id":"https:\/\/portaltela.pt\/s.01k8rhncp4jt1\/2025\/11\/talking-bot-125x125.png","url":"https:\/\/portaltela.pt\/s.01k8rhncp4jt1\/2025\/11\/talking-bot-125x125.png","contentUrl":"https:\/\/portaltela.pt\/s.01k8rhncp4jt1\/2025\/11\/talking-bot-125x125.png","caption":"Telinha"},"sameAs":["https:\/\/portaltela.pt\/"],"url":"https:\/\/portaltela.pt\/por\/367410592786\/"}]}},"_links":{"self":[{"href":"https:\/\/portaltela.pt\/api\/wp\/v2\/posts\/211922","targetHints":{"allow":["GET"]}}],"collection":[{"href":"https:\/\/portaltela.pt\/api\/wp\/v2\/posts"}],"about":[{"href":"https:\/\/portaltela.pt\/api\/wp\/v2\/types\/post"}],"author":[{"embeddable":true,"href":"https:\/\/portaltela.pt\/api\/wp\/v2\/users\/2"}],"replies":[{"embeddable":true,"href":"https:\/\/portaltela.pt\/api\/wp\/v2\/comments?post=211922"}],"version-history":[{"count":0,"href":"https:\/\/portaltela.pt\/api\/wp\/v2\/posts\/211922\/revisions"}],"wp:featuredmedia":[{"embeddable":true,"href":"https:\/\/portaltela.pt\/api\/wp\/v2\/media\/211924"}],"wp:attachment":[{"href":"https:\/\/portaltela.pt\/api\/wp\/v2\/media?parent=211922"}],"wp:term":[{"taxonomy":"category","embeddable":true,"href":"https:\/\/portaltela.pt\/api\/wp\/v2\/categories?post=211922"},{"taxonomy":"post_tag","embeddable":true,"href":"https:\/\/portaltela.pt\/api\/wp\/v2\/tags?post=211922"}],"curies":[{"name":"wp","href":"https:\/\/api.w.org\/{rel}","templated":true}]}}