{"id":211900,"date":"2026-02-13T16:57:00","date_gmt":"2026-02-13T19:57:00","guid":{"rendered":"https:\/\/portaltela.pt\/noticias\/2026\/02\/13\/liga-denuncia-17-quarteis-de-bombeiros-com-instalacoes-danificadas\/"},"modified":"2026-02-13T16:57:00","modified_gmt":"2026-02-13T19:57:00","slug":"liga-denuncia-17-quarteis-de-bombeiros-com-instalacoes-danificadas","status":"publish","type":"post","link":"https:\/\/portaltela.pt\/noticias\/2026\/02\/13\/liga-denuncia-17-quarteis-de-bombeiros-com-instalacoes-danificadas\/","title":{"rendered":"Liga denuncia 17 quart\u00e9is de bombeiros com instala\u00e7\u00f5es danificadas"},"content":{"rendered":"<p>17 corpora\u00e7\u00f5es de bombeiros registaram quart\u00e9is com danos, segundo a Liga dos Bombeiros. N\u00e3o foram dadas datas nem locais espec\u00edficos.<\/p>\n<p>A lista envolve v\u00e1rias corpora\u00e7\u00f5es associadas \u00e0 Liga, sem indicar quais ser\u00e3o as afetadas de forma concreta.<\/p>\n<p>N\u00e3o h\u00e1 informa\u00e7\u00f5es dispon\u00edveis sobre as causas dos danos, nem sobre o impacto direto na presta\u00e7\u00e3o de servi\u00e7os. A Liga n\u00e3o revelou detalhes adicionais.<\/p>\n<p>N\u00e3o foram anunciadas medidas de mitiga\u00e7\u00e3o, nem a extens\u00e3o das consequ\u00eancias para o comando regional. O assunto requer confirma\u00e7\u00e3o adicional pelas autoridades competentes.<\/p>\n","protected":false},"excerpt":{"rendered":"<ul>\n<li>A Liga reporta que 17 corpora\u00e7\u00f5es de bombeiros t\u00eam quart\u00e9is danificados.<\/li>\n<li>O conte\u00fado completo est\u00e1 dispon\u00edvel apenas para subscritores.<\/li>\n<li>No material fornecido n\u00e3o h\u00e1 detalhes sobre localiza\u00e7\u00e3o, data ou causas.<\/li>\n<li>N\u00e3o h\u00e1 informa\u00e7\u00f5es adicionais nem avalia\u00e7\u00f5es no texto dispon\u00edvel.<\/li>\n<li>A fonte indicada \u00e9 a Liga, sem men\u00e7\u00e3o de outras entidades.<\/li>\n<\/ul>\n","protected":false},"author":2,"featured_media":211902,"comment_status":"closed","ping_status":"closed","sticky":false,"template":"","format":"standard","meta":{"footnotes":""},"categories":[1],"tags":[971,3741,4351,1438,2081,320],"class_list":["post-211900","post","type-post","status-publish","format-standard","has-post-thumbnail","hentry","category-noticias","tag-bombeiros","tag-bombeiros-sapadores","tag-bombeiros-voluntarios","tag-incendio","tag-liga-dos-bombeiros-portugueses","tag-protecao-civil"],"yoast_head":"<!-- This site is optimized with the Yoast SEO plugin v27.2 - https:\/\/yoast.com\/product\/yoast-seo-wordpress\/ -->\n<title>Liga denuncia 17 quart\u00e9is de bombeiros com instala\u00e7\u00f5es danificadas - Portal Tela Portugal<\/title>\n<meta name=\"robots\" content=\"index, follow, max-snippet:-1, max-image-preview:large, max-video-preview:-1\" \/>\n<meta property=\"og:locale\" content=\"pt_PT\" \/>\n<meta property=\"og:type\" content=\"article\" \/>\n<meta property=\"og:title\" content=\"Liga denuncia 17 quart\u00e9is de bombeiros com instala\u00e7\u00f5es danificadas - Portal Tela Portugal\" \/>\n<meta property=\"og:description\" content=\"A Liga reporta que 17 corpora\u00e7\u00f5es de bombeiros t\u00eam quart\u00e9is danificados. O conte\u00fado completo est\u00e1 dispon\u00edvel apenas para subscritores. No material fornecido n\u00e3o h\u00e1 detalhes sobre localiza\u00e7\u00e3o, data ou causas. N\u00e3o h\u00e1 informa\u00e7\u00f5es adicionais nem avalia\u00e7\u00f5es no texto dispon\u00edvel. A fonte indicada \u00e9 a Liga, sem men\u00e7\u00e3o de outras entidades.\" \/>\n<meta property=\"og:url\" content=\"https:\/\/portaltela.pt\/noticias\/2026\/02\/13\/liga-denuncia-17-quarteis-de-bombeiros-com-instalacoes-danificadas\/\" \/>\n<meta property=\"og:site_name\" content=\"Portal Tela Portugal\" \/>\n<meta property=\"article:published_time\" content=\"2026-02-13T19:57:00+00:00\" \/>\n<meta name=\"author\" content=\"Telinha\" \/>\n<meta name=\"twitter:card\" content=\"summary_large_image\" \/>\n<meta name=\"twitter:label1\" content=\"Escrito por\" \/>\n\t<meta name=\"twitter:data1\" content=\"Telinha\" \/>\n\t<meta name=\"twitter:label2\" content=\"Tempo estimado de leitura\" \/>\n\t<meta name=\"twitter:data2\" content=\"1 minuto\" \/>\n<script type=\"application\/ld+json\" class=\"yoast-schema-graph\">{\"@context\":\"https:\/\/schema.org\",\"@graph\":[{\"@type\":\"Article\",\"@id\":\"https:\/\/portaltela.pt\/noticias\/2026\/02\/13\/liga-denuncia-17-quarteis-de-bombeiros-com-instalacoes-danificadas\/#article\",\"isPartOf\":{\"@id\":\"https:\/\/portaltela.pt\/noticias\/2026\/02\/13\/liga-denuncia-17-quarteis-de-bombeiros-com-instalacoes-danificadas\/\"},\"author\":{\"name\":\"Telinha\",\"@id\":\"https:\/\/portaltela.pt\/#\/schema\/person\/c4278d4a6028830caff9ee44b42d32ed\"},\"headline\":\"Liga denuncia 17 quart\u00e9is de bombeiros com instala\u00e7\u00f5es danificadas\",\"datePublished\":\"2026-02-13T19:57:00+00:00\",\"mainEntityOfPage\":{\"@id\":\"https:\/\/portaltela.pt\/noticias\/2026\/02\/13\/liga-denuncia-17-quarteis-de-bombeiros-com-instalacoes-danificadas\/\"},\"wordCount\":110,\"image\":{\"@id\":\"https:\/\/portaltela.pt\/noticias\/2026\/02\/13\/liga-denuncia-17-quarteis-de-bombeiros-com-instalacoes-danificadas\/#primaryimage\"},\"thumbnailUrl\":\"https:\/\/portaltela.pt\/s.01k8rhncp4jt1\/2026\/02\/CACHE_780X1200_ANALOG_WATERMARKED_46450882_5133324_29012026032322-1.jpg\",\"keywords\":[\"bombeiros\",\"Bombeiros Sapadores\",\"Bombeiros Volunt\u00e1rios\",\"inc\u00eandio\",\"Liga dos Bombeiros Portugueses\",\"prote\u00e7\u00e3o civil\"],\"articleSection\":[\"Not\u00edcias\"],\"inLanguage\":\"pt-PT\"},{\"@type\":\"WebPage\",\"@id\":\"https:\/\/portaltela.pt\/noticias\/2026\/02\/13\/liga-denuncia-17-quarteis-de-bombeiros-com-instalacoes-danificadas\/\",\"url\":\"https:\/\/portaltela.pt\/noticias\/2026\/02\/13\/liga-denuncia-17-quarteis-de-bombeiros-com-instalacoes-danificadas\/\",\"name\":\"Liga denuncia 17 quart\u00e9is de bombeiros com instala\u00e7\u00f5es danificadas - Portal Tela Portugal\",\"isPartOf\":{\"@id\":\"https:\/\/portaltela.pt\/#website\"},\"primaryImageOfPage\":{\"@id\":\"https:\/\/portaltela.pt\/noticias\/2026\/02\/13\/liga-denuncia-17-quarteis-de-bombeiros-com-instalacoes-danificadas\/#primaryimage\"},\"image\":{\"@id\":\"https:\/\/portaltela.pt\/noticias\/2026\/02\/13\/liga-denuncia-17-quarteis-de-bombeiros-com-instalacoes-danificadas\/#primaryimage\"},\"thumbnailUrl\":\"https:\/\/portaltela.pt\/s.01k8rhncp4jt1\/2026\/02\/CACHE_780X1200_ANALOG_WATERMARKED_46450882_5133324_29012026032322-1.jpg\",\"datePublished\":\"2026-02-13T19:57:00+00:00\",\"author\":{\"@id\":\"https:\/\/portaltela.pt\/#\/schema\/person\/c4278d4a6028830caff9ee44b42d32ed\"},\"breadcrumb\":{\"@id\":\"https:\/\/portaltela.pt\/noticias\/2026\/02\/13\/liga-denuncia-17-quarteis-de-bombeiros-com-instalacoes-danificadas\/#breadcrumb\"},\"inLanguage\":\"pt-PT\",\"potentialAction\":[{\"@type\":\"ReadAction\",\"target\":[\"https:\/\/portaltela.pt\/noticias\/2026\/02\/13\/liga-denuncia-17-quarteis-de-bombeiros-com-instalacoes-danificadas\/\"]}]},{\"@type\":\"ImageObject\",\"inLanguage\":\"pt-PT\",\"@id\":\"https:\/\/portaltela.pt\/noticias\/2026\/02\/13\/liga-denuncia-17-quarteis-de-bombeiros-com-instalacoes-danificadas\/#primaryimage\",\"url\":\"https:\/\/portaltela.pt\/s.01k8rhncp4jt1\/2026\/02\/CACHE_780X1200_ANALOG_WATERMARKED_46450882_5133324_29012026032322-1.jpg\",\"contentUrl\":\"https:\/\/portaltela.pt\/s.01k8rhncp4jt1\/2026\/02\/CACHE_780X1200_ANALOG_WATERMARKED_46450882_5133324_29012026032322-1.jpg\",\"width\":796,\"height\":448,\"caption\":\"17 corpora\u00e7\u00f5es de bombeiros com quart\u00e9is danificados - Liga\"},{\"@type\":\"BreadcrumbList\",\"@id\":\"https:\/\/portaltela.pt\/noticias\/2026\/02\/13\/liga-denuncia-17-quarteis-de-bombeiros-com-instalacoes-danificadas\/#breadcrumb\",\"itemListElement\":[{\"@type\":\"ListItem\",\"position\":1,\"name\":\"In\u00edcio\",\"item\":\"https:\/\/portaltela.pt\/\"},{\"@type\":\"ListItem\",\"position\":2,\"name\":\"Liga denuncia 17 quart\u00e9is de bombeiros com instala\u00e7\u00f5es danificadas\"}]},{\"@type\":\"WebSite\",\"@id\":\"https:\/\/portaltela.pt\/#website\",\"url\":\"https:\/\/portaltela.pt\/\",\"name\":\"Portal Tela Portugal\",\"description\":\"\",\"potentialAction\":[{\"@type\":\"SearchAction\",\"target\":{\"@type\":\"EntryPoint\",\"urlTemplate\":\"https:\/\/portaltela.pt\/?s={search_term_string}\"},\"query-input\":{\"@type\":\"PropertyValueSpecification\",\"valueRequired\":true,\"valueName\":\"search_term_string\"}}],\"inLanguage\":\"pt-PT\"},{\"@type\":\"Person\",\"@id\":\"https:\/\/portaltela.pt\/#\/schema\/person\/c4278d4a6028830caff9ee44b42d32ed\",\"name\":\"Telinha\",\"image\":{\"@type\":\"ImageObject\",\"inLanguage\":\"pt-PT\",\"@id\":\"https:\/\/portaltela.pt\/s.01k8rhncp4jt1\/2025\/11\/talking-bot-125x125.png\",\"url\":\"https:\/\/portaltela.pt\/s.01k8rhncp4jt1\/2025\/11\/talking-bot-125x125.png\",\"contentUrl\":\"https:\/\/portaltela.pt\/s.01k8rhncp4jt1\/2025\/11\/talking-bot-125x125.png\",\"caption\":\"Telinha\"},\"sameAs\":[\"https:\/\/portaltela.pt\/\"],\"url\":\"https:\/\/portaltela.pt\/por\/367410592786\/\"}]}<\/script>\n<!-- \/ Yoast SEO plugin. -->","yoast_head_json":{"title":"Liga denuncia 17 quart\u00e9is de bombeiros com instala\u00e7\u00f5es danificadas - Portal Tela Portugal","robots":{"index":"index","follow":"follow","max-snippet":"max-snippet:-1","max-image-preview":"max-image-preview:large","max-video-preview":"max-video-preview:-1"},"og_locale":"pt_PT","og_type":"article","og_title":"Liga denuncia 17 quart\u00e9is de bombeiros com instala\u00e7\u00f5es danificadas - Portal Tela Portugal","og_description":"A Liga reporta que 17 corpora\u00e7\u00f5es de bombeiros t\u00eam quart\u00e9is danificados. O conte\u00fado completo est\u00e1 dispon\u00edvel apenas para subscritores. No material fornecido n\u00e3o h\u00e1 detalhes sobre localiza\u00e7\u00e3o, data ou causas. N\u00e3o h\u00e1 informa\u00e7\u00f5es adicionais nem avalia\u00e7\u00f5es no texto dispon\u00edvel. A fonte indicada \u00e9 a Liga, sem men\u00e7\u00e3o de outras entidades.","og_url":"https:\/\/portaltela.pt\/noticias\/2026\/02\/13\/liga-denuncia-17-quarteis-de-bombeiros-com-instalacoes-danificadas\/","og_site_name":"Portal Tela Portugal","article_published_time":"2026-02-13T19:57:00+00:00","author":"Telinha","twitter_card":"summary_large_image","twitter_misc":{"Escrito por":"Telinha","Tempo estimado de leitura":"1 minuto"},"schema":{"@context":"https:\/\/schema.org","@graph":[{"@type":"Article","@id":"https:\/\/portaltela.pt\/noticias\/2026\/02\/13\/liga-denuncia-17-quarteis-de-bombeiros-com-instalacoes-danificadas\/#article","isPartOf":{"@id":"https:\/\/portaltela.pt\/noticias\/2026\/02\/13\/liga-denuncia-17-quarteis-de-bombeiros-com-instalacoes-danificadas\/"},"author":{"name":"Telinha","@id":"https:\/\/portaltela.pt\/#\/schema\/person\/c4278d4a6028830caff9ee44b42d32ed"},"headline":"Liga denuncia 17 quart\u00e9is de bombeiros com instala\u00e7\u00f5es danificadas","datePublished":"2026-02-13T19:57:00+00:00","mainEntityOfPage":{"@id":"https:\/\/portaltela.pt\/noticias\/2026\/02\/13\/liga-denuncia-17-quarteis-de-bombeiros-com-instalacoes-danificadas\/"},"wordCount":110,"image":{"@id":"https:\/\/portaltela.pt\/noticias\/2026\/02\/13\/liga-denuncia-17-quarteis-de-bombeiros-com-instalacoes-danificadas\/#primaryimage"},"thumbnailUrl":"https:\/\/portaltela.pt\/s.01k8rhncp4jt1\/2026\/02\/CACHE_780X1200_ANALOG_WATERMARKED_46450882_5133324_29012026032322-1.jpg","keywords":["bombeiros","Bombeiros Sapadores","Bombeiros Volunt\u00e1rios","inc\u00eandio","Liga dos Bombeiros Portugueses","prote\u00e7\u00e3o civil"],"articleSection":["Not\u00edcias"],"inLanguage":"pt-PT"},{"@type":"WebPage","@id":"https:\/\/portaltela.pt\/noticias\/2026\/02\/13\/liga-denuncia-17-quarteis-de-bombeiros-com-instalacoes-danificadas\/","url":"https:\/\/portaltela.pt\/noticias\/2026\/02\/13\/liga-denuncia-17-quarteis-de-bombeiros-com-instalacoes-danificadas\/","name":"Liga denuncia 17 quart\u00e9is de bombeiros com instala\u00e7\u00f5es danificadas - Portal Tela Portugal","isPartOf":{"@id":"https:\/\/portaltela.pt\/#website"},"primaryImageOfPage":{"@id":"https:\/\/portaltela.pt\/noticias\/2026\/02\/13\/liga-denuncia-17-quarteis-de-bombeiros-com-instalacoes-danificadas\/#primaryimage"},"image":{"@id":"https:\/\/portaltela.pt\/noticias\/2026\/02\/13\/liga-denuncia-17-quarteis-de-bombeiros-com-instalacoes-danificadas\/#primaryimage"},"thumbnailUrl":"https:\/\/portaltela.pt\/s.01k8rhncp4jt1\/2026\/02\/CACHE_780X1200_ANALOG_WATERMARKED_46450882_5133324_29012026032322-1.jpg","datePublished":"2026-02-13T19:57:00+00:00","author":{"@id":"https:\/\/portaltela.pt\/#\/schema\/person\/c4278d4a6028830caff9ee44b42d32ed"},"breadcrumb":{"@id":"https:\/\/portaltela.pt\/noticias\/2026\/02\/13\/liga-denuncia-17-quarteis-de-bombeiros-com-instalacoes-danificadas\/#breadcrumb"},"inLanguage":"pt-PT","potentialAction":[{"@type":"ReadAction","target":["https:\/\/portaltela.pt\/noticias\/2026\/02\/13\/liga-denuncia-17-quarteis-de-bombeiros-com-instalacoes-danificadas\/"]}]},{"@type":"ImageObject","inLanguage":"pt-PT","@id":"https:\/\/portaltela.pt\/noticias\/2026\/02\/13\/liga-denuncia-17-quarteis-de-bombeiros-com-instalacoes-danificadas\/#primaryimage","url":"https:\/\/portaltela.pt\/s.01k8rhncp4jt1\/2026\/02\/CACHE_780X1200_ANALOG_WATERMARKED_46450882_5133324_29012026032322-1.jpg","contentUrl":"https:\/\/portaltela.pt\/s.01k8rhncp4jt1\/2026\/02\/CACHE_780X1200_ANALOG_WATERMARKED_46450882_5133324_29012026032322-1.jpg","width":796,"height":448,"caption":"17 corpora\u00e7\u00f5es de bombeiros com quart\u00e9is danificados - Liga"},{"@type":"BreadcrumbList","@id":"https:\/\/portaltela.pt\/noticias\/2026\/02\/13\/liga-denuncia-17-quarteis-de-bombeiros-com-instalacoes-danificadas\/#breadcrumb","itemListElement":[{"@type":"ListItem","position":1,"name":"In\u00edcio","item":"https:\/\/portaltela.pt\/"},{"@type":"ListItem","position":2,"name":"Liga denuncia 17 quart\u00e9is de bombeiros com instala\u00e7\u00f5es danificadas"}]},{"@type":"WebSite","@id":"https:\/\/portaltela.pt\/#website","url":"https:\/\/portaltela.pt\/","name":"Portal Tela Portugal","description":"","potentialAction":[{"@type":"SearchAction","target":{"@type":"EntryPoint","urlTemplate":"https:\/\/portaltela.pt\/?s={search_term_string}"},"query-input":{"@type":"PropertyValueSpecification","valueRequired":true,"valueName":"search_term_string"}}],"inLanguage":"pt-PT"},{"@type":"Person","@id":"https:\/\/portaltela.pt\/#\/schema\/person\/c4278d4a6028830caff9ee44b42d32ed","name":"Telinha","image":{"@type":"ImageObject","inLanguage":"pt-PT","@id":"https:\/\/portaltela.pt\/s.01k8rhncp4jt1\/2025\/11\/talking-bot-125x125.png","url":"https:\/\/portaltela.pt\/s.01k8rhncp4jt1\/2025\/11\/talking-bot-125x125.png","contentUrl":"https:\/\/portaltela.pt\/s.01k8rhncp4jt1\/2025\/11\/talking-bot-125x125.png","caption":"Telinha"},"sameAs":["https:\/\/portaltela.pt\/"],"url":"https:\/\/portaltela.pt\/por\/367410592786\/"}]}},"_links":{"self":[{"href":"https:\/\/portaltela.pt\/api\/wp\/v2\/posts\/211900","targetHints":{"allow":["GET"]}}],"collection":[{"href":"https:\/\/portaltela.pt\/api\/wp\/v2\/posts"}],"about":[{"href":"https:\/\/portaltela.pt\/api\/wp\/v2\/types\/post"}],"author":[{"embeddable":true,"href":"https:\/\/portaltela.pt\/api\/wp\/v2\/users\/2"}],"replies":[{"embeddable":true,"href":"https:\/\/portaltela.pt\/api\/wp\/v2\/comments?post=211900"}],"version-history":[{"count":0,"href":"https:\/\/portaltela.pt\/api\/wp\/v2\/posts\/211900\/revisions"}],"wp:featuredmedia":[{"embeddable":true,"href":"https:\/\/portaltela.pt\/api\/wp\/v2\/media\/211902"}],"wp:attachment":[{"href":"https:\/\/portaltela.pt\/api\/wp\/v2\/media?parent=211900"}],"wp:term":[{"taxonomy":"category","embeddable":true,"href":"https:\/\/portaltela.pt\/api\/wp\/v2\/categories?post=211900"},{"taxonomy":"post_tag","embeddable":true,"href":"https:\/\/portaltela.pt\/api\/wp\/v2\/tags?post=211900"}],"curies":[{"name":"wp","href":"https:\/\/api.w.org\/{rel}","templated":true}]}}