{"id":211899,"date":"2026-02-13T16:56:00","date_gmt":"2026-02-13T19:56:00","guid":{"rendered":"https:\/\/portaltela.pt\/noticias\/2026\/02\/13\/marcelo-faz-apelo-as-seguradoras-para-agilizar-peritagens\/"},"modified":"2026-02-13T16:56:00","modified_gmt":"2026-02-13T19:56:00","slug":"marcelo-faz-apelo-as-seguradoras-para-agilizar-peritagens","status":"publish","type":"post","link":"https:\/\/portaltela.pt\/noticias\/economia\/2026\/02\/13\/marcelo-faz-apelo-as-seguradoras-para-agilizar-peritagens\/","title":{"rendered":"Marcelo faz apelo \u00e0s seguradoras para agilizar peritagens"},"content":{"rendered":"<p>Marcelo faz apelo \u00e0s seguradoras para agilizarem peritagens. A informa\u00e7\u00e3o p\u00fablica n\u00e3o detalha data, local ou circunst\u00e2ncias espec\u00edficas do pedido.<\/p>\n<p>Segundo o fragmento dispon\u00edvel, o objetivo \u00e9 reduzir os prazos de avalia\u00e7\u00e3o de danos nos processos de seguro, tornando o procedimento mais c\u00e9lere para os interessados.<\/p>\n<p>O conte\u00fado completo est\u00e1 acess\u00edvel apenas para subscritores, o que limita o contexto e o enquadramento da reportagem. As informa\u00e7\u00f5es apresentadas derivam do t\u00edtulo e do excerto publicado.<\/p>\n","protected":false},"excerpt":{"rendered":"<ul>\n<li>Marcelo faz um apelo \u00e0s seguradoras para agilizarem as peritagens.<\/li>\n<li>O pedido visa acelerar o processo de avalia\u00e7\u00e3o de sinistros por parte das seguradoras.<\/li>\n<li>A not\u00edcia completa est\u00e1 dispon\u00edvel apenas para assinantes.<\/li>\n<li>O conte\u00fado n\u00e3o fornece detalhes adicionais no corpo dispon\u00edvel publicamente.<\/li>\n<\/ul>\n","protected":false},"author":2,"featured_media":211901,"comment_status":"closed","ping_status":"closed","sticky":false,"template":"","format":"standard","meta":{"footnotes":""},"categories":[2,1],"tags":[5563,3813,3667,3416,2427],"class_list":["post-211899","post","type-post","status-publish","format-standard","has-post-thumbnail","hentry","category-economia","category-noticias","tag-informacao-publica","tag-pericias","tag-processos","tag-seguro","tag-seguro-obrigatorio"],"yoast_head":"<!-- This site is optimized with the Yoast SEO plugin v27.2 - https:\/\/yoast.com\/product\/yoast-seo-wordpress\/ -->\n<title>Marcelo faz apelo \u00e0s seguradoras para agilizar peritagens - Portal Tela Portugal<\/title>\n<meta name=\"robots\" content=\"index, follow, max-snippet:-1, max-image-preview:large, max-video-preview:-1\" \/>\n<meta property=\"og:locale\" content=\"pt_PT\" \/>\n<meta property=\"og:type\" content=\"article\" \/>\n<meta property=\"og:title\" content=\"Marcelo faz apelo \u00e0s seguradoras para agilizar peritagens - Portal Tela Portugal\" \/>\n<meta property=\"og:description\" content=\"Marcelo faz um apelo \u00e0s seguradoras para agilizarem as peritagens. O pedido visa acelerar o processo de avalia\u00e7\u00e3o de sinistros por parte das seguradoras. A not\u00edcia completa est\u00e1 dispon\u00edvel apenas para assinantes. O conte\u00fado n\u00e3o fornece detalhes adicionais no corpo dispon\u00edvel publicamente.\" \/>\n<meta property=\"og:url\" content=\"https:\/\/portaltela.pt\/noticias\/2026\/02\/13\/marcelo-faz-apelo-as-seguradoras-para-agilizar-peritagens\/\" \/>\n<meta property=\"og:site_name\" content=\"Portal Tela Portugal\" \/>\n<meta property=\"article:published_time\" content=\"2026-02-13T19:56:00+00:00\" \/>\n<meta name=\"author\" content=\"Telinha\" \/>\n<meta name=\"twitter:card\" content=\"summary_large_image\" \/>\n<meta name=\"twitter:label1\" content=\"Escrito por\" \/>\n\t<meta name=\"twitter:data1\" content=\"Telinha\" \/>\n<script type=\"application\/ld+json\" class=\"yoast-schema-graph\">{\"@context\":\"https:\/\/schema.org\",\"@graph\":[{\"@type\":\"Article\",\"@id\":\"https:\/\/portaltela.pt\/noticias\/2026\/02\/13\/marcelo-faz-apelo-as-seguradoras-para-agilizar-peritagens\/#article\",\"isPartOf\":{\"@id\":\"https:\/\/portaltela.pt\/noticias\/2026\/02\/13\/marcelo-faz-apelo-as-seguradoras-para-agilizar-peritagens\/\"},\"author\":{\"name\":\"Telinha\",\"@id\":\"https:\/\/portaltela.pt\/#\/schema\/person\/c4278d4a6028830caff9ee44b42d32ed\"},\"headline\":\"Marcelo faz apelo \u00e0s seguradoras para agilizar peritagens\",\"datePublished\":\"2026-02-13T19:56:00+00:00\",\"mainEntityOfPage\":{\"@id\":\"https:\/\/portaltela.pt\/noticias\/2026\/02\/13\/marcelo-faz-apelo-as-seguradoras-para-agilizar-peritagens\/\"},\"wordCount\":93,\"image\":{\"@id\":\"https:\/\/portaltela.pt\/noticias\/2026\/02\/13\/marcelo-faz-apelo-as-seguradoras-para-agilizar-peritagens\/#primaryimage\"},\"thumbnailUrl\":\"https:\/\/portaltela.pt\/s.01k8rhncp4jt1\/2026\/02\/CACHE_780X1200_ANALOG_WATERMARKED_46512885_5580135_07022026091837-1.jpg\",\"keywords\":[\"informa\u00e7\u00e3o p\u00fablica\",\"per\u00edcias\",\"processos\",\"Seguro\",\"seguro obrigat\u00f3rio\"],\"articleSection\":[\"Economia\",\"Not\u00edcias\"],\"inLanguage\":\"pt-PT\"},{\"@type\":\"WebPage\",\"@id\":\"https:\/\/portaltela.pt\/noticias\/2026\/02\/13\/marcelo-faz-apelo-as-seguradoras-para-agilizar-peritagens\/\",\"url\":\"https:\/\/portaltela.pt\/noticias\/2026\/02\/13\/marcelo-faz-apelo-as-seguradoras-para-agilizar-peritagens\/\",\"name\":\"Marcelo faz apelo \u00e0s seguradoras para agilizar peritagens - Portal Tela Portugal\",\"isPartOf\":{\"@id\":\"https:\/\/portaltela.pt\/#website\"},\"primaryImageOfPage\":{\"@id\":\"https:\/\/portaltela.pt\/noticias\/2026\/02\/13\/marcelo-faz-apelo-as-seguradoras-para-agilizar-peritagens\/#primaryimage\"},\"image\":{\"@id\":\"https:\/\/portaltela.pt\/noticias\/2026\/02\/13\/marcelo-faz-apelo-as-seguradoras-para-agilizar-peritagens\/#primaryimage\"},\"thumbnailUrl\":\"https:\/\/portaltela.pt\/s.01k8rhncp4jt1\/2026\/02\/CACHE_780X1200_ANALOG_WATERMARKED_46512885_5580135_07022026091837-1.jpg\",\"datePublished\":\"2026-02-13T19:56:00+00:00\",\"author\":{\"@id\":\"https:\/\/portaltela.pt\/#\/schema\/person\/c4278d4a6028830caff9ee44b42d32ed\"},\"breadcrumb\":{\"@id\":\"https:\/\/portaltela.pt\/noticias\/2026\/02\/13\/marcelo-faz-apelo-as-seguradoras-para-agilizar-peritagens\/#breadcrumb\"},\"inLanguage\":\"pt-PT\",\"potentialAction\":[{\"@type\":\"ReadAction\",\"target\":[\"https:\/\/portaltela.pt\/noticias\/2026\/02\/13\/marcelo-faz-apelo-as-seguradoras-para-agilizar-peritagens\/\"]}]},{\"@type\":\"ImageObject\",\"inLanguage\":\"pt-PT\",\"@id\":\"https:\/\/portaltela.pt\/noticias\/2026\/02\/13\/marcelo-faz-apelo-as-seguradoras-para-agilizar-peritagens\/#primaryimage\",\"url\":\"https:\/\/portaltela.pt\/s.01k8rhncp4jt1\/2026\/02\/CACHE_780X1200_ANALOG_WATERMARKED_46512885_5580135_07022026091837-1.jpg\",\"contentUrl\":\"https:\/\/portaltela.pt\/s.01k8rhncp4jt1\/2026\/02\/CACHE_780X1200_ANALOG_WATERMARKED_46512885_5580135_07022026091837-1.jpg\",\"width\":796,\"height\":448,\"caption\":\"Marcelo faz apelo \u00e0s seguradoras para agilizarem peritagens\"},{\"@type\":\"BreadcrumbList\",\"@id\":\"https:\/\/portaltela.pt\/noticias\/2026\/02\/13\/marcelo-faz-apelo-as-seguradoras-para-agilizar-peritagens\/#breadcrumb\",\"itemListElement\":[{\"@type\":\"ListItem\",\"position\":1,\"name\":\"In\u00edcio\",\"item\":\"https:\/\/portaltela.pt\/\"},{\"@type\":\"ListItem\",\"position\":2,\"name\":\"Marcelo faz apelo \u00e0s seguradoras para agilizar peritagens\"}]},{\"@type\":\"WebSite\",\"@id\":\"https:\/\/portaltela.pt\/#website\",\"url\":\"https:\/\/portaltela.pt\/\",\"name\":\"Portal Tela Portugal\",\"description\":\"\",\"potentialAction\":[{\"@type\":\"SearchAction\",\"target\":{\"@type\":\"EntryPoint\",\"urlTemplate\":\"https:\/\/portaltela.pt\/?s={search_term_string}\"},\"query-input\":{\"@type\":\"PropertyValueSpecification\",\"valueRequired\":true,\"valueName\":\"search_term_string\"}}],\"inLanguage\":\"pt-PT\"},{\"@type\":\"Person\",\"@id\":\"https:\/\/portaltela.pt\/#\/schema\/person\/c4278d4a6028830caff9ee44b42d32ed\",\"name\":\"Telinha\",\"image\":{\"@type\":\"ImageObject\",\"inLanguage\":\"pt-PT\",\"@id\":\"https:\/\/portaltela.pt\/s.01k8rhncp4jt1\/2025\/11\/talking-bot-125x125.png\",\"url\":\"https:\/\/portaltela.pt\/s.01k8rhncp4jt1\/2025\/11\/talking-bot-125x125.png\",\"contentUrl\":\"https:\/\/portaltela.pt\/s.01k8rhncp4jt1\/2025\/11\/talking-bot-125x125.png\",\"caption\":\"Telinha\"},\"sameAs\":[\"https:\/\/portaltela.pt\/\"],\"url\":\"https:\/\/portaltela.pt\/por\/367410592786\/\"}]}<\/script>\n<!-- \/ Yoast SEO plugin. -->","yoast_head_json":{"title":"Marcelo faz apelo \u00e0s seguradoras para agilizar peritagens - Portal Tela Portugal","robots":{"index":"index","follow":"follow","max-snippet":"max-snippet:-1","max-image-preview":"max-image-preview:large","max-video-preview":"max-video-preview:-1"},"og_locale":"pt_PT","og_type":"article","og_title":"Marcelo faz apelo \u00e0s seguradoras para agilizar peritagens - Portal Tela Portugal","og_description":"Marcelo faz um apelo \u00e0s seguradoras para agilizarem as peritagens. O pedido visa acelerar o processo de avalia\u00e7\u00e3o de sinistros por parte das seguradoras. A not\u00edcia completa est\u00e1 dispon\u00edvel apenas para assinantes. O conte\u00fado n\u00e3o fornece detalhes adicionais no corpo dispon\u00edvel publicamente.","og_url":"https:\/\/portaltela.pt\/noticias\/2026\/02\/13\/marcelo-faz-apelo-as-seguradoras-para-agilizar-peritagens\/","og_site_name":"Portal Tela Portugal","article_published_time":"2026-02-13T19:56:00+00:00","author":"Telinha","twitter_card":"summary_large_image","twitter_misc":{"Escrito por":"Telinha"},"schema":{"@context":"https:\/\/schema.org","@graph":[{"@type":"Article","@id":"https:\/\/portaltela.pt\/noticias\/2026\/02\/13\/marcelo-faz-apelo-as-seguradoras-para-agilizar-peritagens\/#article","isPartOf":{"@id":"https:\/\/portaltela.pt\/noticias\/2026\/02\/13\/marcelo-faz-apelo-as-seguradoras-para-agilizar-peritagens\/"},"author":{"name":"Telinha","@id":"https:\/\/portaltela.pt\/#\/schema\/person\/c4278d4a6028830caff9ee44b42d32ed"},"headline":"Marcelo faz apelo \u00e0s seguradoras para agilizar peritagens","datePublished":"2026-02-13T19:56:00+00:00","mainEntityOfPage":{"@id":"https:\/\/portaltela.pt\/noticias\/2026\/02\/13\/marcelo-faz-apelo-as-seguradoras-para-agilizar-peritagens\/"},"wordCount":93,"image":{"@id":"https:\/\/portaltela.pt\/noticias\/2026\/02\/13\/marcelo-faz-apelo-as-seguradoras-para-agilizar-peritagens\/#primaryimage"},"thumbnailUrl":"https:\/\/portaltela.pt\/s.01k8rhncp4jt1\/2026\/02\/CACHE_780X1200_ANALOG_WATERMARKED_46512885_5580135_07022026091837-1.jpg","keywords":["informa\u00e7\u00e3o p\u00fablica","per\u00edcias","processos","Seguro","seguro obrigat\u00f3rio"],"articleSection":["Economia","Not\u00edcias"],"inLanguage":"pt-PT"},{"@type":"WebPage","@id":"https:\/\/portaltela.pt\/noticias\/2026\/02\/13\/marcelo-faz-apelo-as-seguradoras-para-agilizar-peritagens\/","url":"https:\/\/portaltela.pt\/noticias\/2026\/02\/13\/marcelo-faz-apelo-as-seguradoras-para-agilizar-peritagens\/","name":"Marcelo faz apelo \u00e0s seguradoras para agilizar peritagens - Portal Tela Portugal","isPartOf":{"@id":"https:\/\/portaltela.pt\/#website"},"primaryImageOfPage":{"@id":"https:\/\/portaltela.pt\/noticias\/2026\/02\/13\/marcelo-faz-apelo-as-seguradoras-para-agilizar-peritagens\/#primaryimage"},"image":{"@id":"https:\/\/portaltela.pt\/noticias\/2026\/02\/13\/marcelo-faz-apelo-as-seguradoras-para-agilizar-peritagens\/#primaryimage"},"thumbnailUrl":"https:\/\/portaltela.pt\/s.01k8rhncp4jt1\/2026\/02\/CACHE_780X1200_ANALOG_WATERMARKED_46512885_5580135_07022026091837-1.jpg","datePublished":"2026-02-13T19:56:00+00:00","author":{"@id":"https:\/\/portaltela.pt\/#\/schema\/person\/c4278d4a6028830caff9ee44b42d32ed"},"breadcrumb":{"@id":"https:\/\/portaltela.pt\/noticias\/2026\/02\/13\/marcelo-faz-apelo-as-seguradoras-para-agilizar-peritagens\/#breadcrumb"},"inLanguage":"pt-PT","potentialAction":[{"@type":"ReadAction","target":["https:\/\/portaltela.pt\/noticias\/2026\/02\/13\/marcelo-faz-apelo-as-seguradoras-para-agilizar-peritagens\/"]}]},{"@type":"ImageObject","inLanguage":"pt-PT","@id":"https:\/\/portaltela.pt\/noticias\/2026\/02\/13\/marcelo-faz-apelo-as-seguradoras-para-agilizar-peritagens\/#primaryimage","url":"https:\/\/portaltela.pt\/s.01k8rhncp4jt1\/2026\/02\/CACHE_780X1200_ANALOG_WATERMARKED_46512885_5580135_07022026091837-1.jpg","contentUrl":"https:\/\/portaltela.pt\/s.01k8rhncp4jt1\/2026\/02\/CACHE_780X1200_ANALOG_WATERMARKED_46512885_5580135_07022026091837-1.jpg","width":796,"height":448,"caption":"Marcelo faz apelo \u00e0s seguradoras para agilizarem peritagens"},{"@type":"BreadcrumbList","@id":"https:\/\/portaltela.pt\/noticias\/2026\/02\/13\/marcelo-faz-apelo-as-seguradoras-para-agilizar-peritagens\/#breadcrumb","itemListElement":[{"@type":"ListItem","position":1,"name":"In\u00edcio","item":"https:\/\/portaltela.pt\/"},{"@type":"ListItem","position":2,"name":"Marcelo faz apelo \u00e0s seguradoras para agilizar peritagens"}]},{"@type":"WebSite","@id":"https:\/\/portaltela.pt\/#website","url":"https:\/\/portaltela.pt\/","name":"Portal Tela Portugal","description":"","potentialAction":[{"@type":"SearchAction","target":{"@type":"EntryPoint","urlTemplate":"https:\/\/portaltela.pt\/?s={search_term_string}"},"query-input":{"@type":"PropertyValueSpecification","valueRequired":true,"valueName":"search_term_string"}}],"inLanguage":"pt-PT"},{"@type":"Person","@id":"https:\/\/portaltela.pt\/#\/schema\/person\/c4278d4a6028830caff9ee44b42d32ed","name":"Telinha","image":{"@type":"ImageObject","inLanguage":"pt-PT","@id":"https:\/\/portaltela.pt\/s.01k8rhncp4jt1\/2025\/11\/talking-bot-125x125.png","url":"https:\/\/portaltela.pt\/s.01k8rhncp4jt1\/2025\/11\/talking-bot-125x125.png","contentUrl":"https:\/\/portaltela.pt\/s.01k8rhncp4jt1\/2025\/11\/talking-bot-125x125.png","caption":"Telinha"},"sameAs":["https:\/\/portaltela.pt\/"],"url":"https:\/\/portaltela.pt\/por\/367410592786\/"}]}},"_links":{"self":[{"href":"https:\/\/portaltela.pt\/api\/wp\/v2\/posts\/211899","targetHints":{"allow":["GET"]}}],"collection":[{"href":"https:\/\/portaltela.pt\/api\/wp\/v2\/posts"}],"about":[{"href":"https:\/\/portaltela.pt\/api\/wp\/v2\/types\/post"}],"author":[{"embeddable":true,"href":"https:\/\/portaltela.pt\/api\/wp\/v2\/users\/2"}],"replies":[{"embeddable":true,"href":"https:\/\/portaltela.pt\/api\/wp\/v2\/comments?post=211899"}],"version-history":[{"count":0,"href":"https:\/\/portaltela.pt\/api\/wp\/v2\/posts\/211899\/revisions"}],"wp:featuredmedia":[{"embeddable":true,"href":"https:\/\/portaltela.pt\/api\/wp\/v2\/media\/211901"}],"wp:attachment":[{"href":"https:\/\/portaltela.pt\/api\/wp\/v2\/media?parent=211899"}],"wp:term":[{"taxonomy":"category","embeddable":true,"href":"https:\/\/portaltela.pt\/api\/wp\/v2\/categories?post=211899"},{"taxonomy":"post_tag","embeddable":true,"href":"https:\/\/portaltela.pt\/api\/wp\/v2\/tags?post=211899"}],"curies":[{"name":"wp","href":"https:\/\/api.w.org\/{rel}","templated":true}]}}