{"id":211889,"date":"2026-02-14T00:37:00","date_gmt":"2026-02-14T03:37:00","guid":{"rendered":"https:\/\/portaltela.pt\/noticias\/2026\/02\/14\/benfica-esteve-com-mira-desafinada-durante-uma-hora\/"},"modified":"2026-02-14T00:37:00","modified_gmt":"2026-02-14T03:37:00","slug":"benfica-esteve-com-mira-desafinada-durante-uma-hora","status":"publish","type":"post","link":"https:\/\/portaltela.pt\/desporto\/futebol\/2026\/02\/14\/benfica-esteve-com-mira-desafinada-durante-uma-hora\/","title":{"rendered":"Benfica esteve com mira desafinada durante uma hora"},"content":{"rendered":"<p>O Benfica esteve mais de uma hora sem enquadrar um remate. A equipa teve apenas tr\u00eas remates \u00e0 baliza, sendo o \u00faltimo de Rafa aos 25 minutos, quando os encarnados j\u00e1 venciam 1-0.<\/p>\n<p>A partir desse momento, o Benfica aumentou a diferen\u00e7a por via de um autogolo, somando oito remates, todos desenquadrados. Os a\u00e7orianos pouco amea\u00e7aram e registaram apenas dois remates enquadrados durante o jogo.<\/p>\n<p>No global, a equipa manteve menor presen\u00e7a ofensiva, com a sua posse de bola a situar-se nos 48%, um dos registos mais baixos do encontro.<\/p>\n","protected":false},"excerpt":{"rendered":"<ul>\n<li>O Benfica esteve mais de uma hora sem enquadrar um remate, com apenas tr\u00eas remates no alvo at\u00e9 aos 25 minutos.<\/li>\n<li>O \u00faltimo remate no alvo saiu de Rafa aos 25 minutos, quando o Benfica vencia por 1-0.<\/li>\n<li>Depois disso, o Benfica aumentou a vantagem por via de um autogolo, somando oito remates, todos desenquadrados.<\/li>\n<li>Durante esse per\u00edodo, os a\u00e7orianos quase n\u00e3o assustaram, ficando apenas com dois remates enquadrados.<\/li>\n<li>A posse de bola do Benfica ficou nos 48%, o registo mais baixo do jogo.<\/li>\n<\/ul>\n","protected":false},"author":2,"featured_media":211890,"comment_status":"closed","ping_status":"closed","sticky":false,"template":"","format":"standard","meta":{"footnotes":""},"categories":[21,24],"tags":[4143,660,1946,152,32],"class_list":["post-211889","post","type-post","status-publish","format-standard","has-post-thumbnail","hentry","category-desporto","category-futebol","tag-1-liga","tag-assuntos-desportivos","tag-benfica","tag-desporto","tag-futebol"],"yoast_head":"<!-- This site is optimized with the Yoast SEO plugin v27.2 - https:\/\/yoast.com\/product\/yoast-seo-wordpress\/ -->\n<title>Benfica esteve com mira desafinada durante uma hora - Portal Tela Portugal<\/title>\n<meta name=\"robots\" content=\"index, follow, max-snippet:-1, max-image-preview:large, max-video-preview:-1\" \/>\n<meta property=\"og:locale\" content=\"pt_PT\" \/>\n<meta property=\"og:type\" content=\"article\" \/>\n<meta property=\"og:title\" content=\"Benfica esteve com mira desafinada durante uma hora - Portal Tela Portugal\" \/>\n<meta property=\"og:description\" content=\"O Benfica esteve mais de uma hora sem enquadrar um remate, com apenas tr\u00eas remates no alvo at\u00e9 aos 25 minutos. O \u00faltimo remate no alvo saiu de Rafa aos 25 minutos, quando o Benfica vencia por 1-0. Depois disso, o Benfica aumentou a vantagem por via de um autogolo, somando oito remates, todos desenquadrados. Durante esse per\u00edodo, os a\u00e7orianos quase n\u00e3o assustaram, ficando apenas com dois remates enquadrados. A posse de bola do Benfica ficou nos 48%, o registo mais baixo do jogo.\" \/>\n<meta property=\"og:url\" content=\"https:\/\/portaltela.pt\/noticias\/2026\/02\/14\/benfica-esteve-com-mira-desafinada-durante-uma-hora\/\" \/>\n<meta property=\"og:site_name\" content=\"Portal Tela Portugal\" \/>\n<meta property=\"article:published_time\" content=\"2026-02-14T03:37:00+00:00\" \/>\n<meta name=\"author\" content=\"Telinha\" \/>\n<meta name=\"twitter:card\" content=\"summary_large_image\" \/>\n<meta name=\"twitter:label1\" content=\"Escrito por\" \/>\n\t<meta name=\"twitter:data1\" content=\"Telinha\" \/>\n<script type=\"application\/ld+json\" class=\"yoast-schema-graph\">{\"@context\":\"https:\/\/schema.org\",\"@graph\":[{\"@type\":\"Article\",\"@id\":\"https:\/\/portaltela.pt\/noticias\/2026\/02\/14\/benfica-esteve-com-mira-desafinada-durante-uma-hora\/#article\",\"isPartOf\":{\"@id\":\"https:\/\/portaltela.pt\/noticias\/2026\/02\/14\/benfica-esteve-com-mira-desafinada-durante-uma-hora\/\"},\"author\":{\"name\":\"Telinha\",\"@id\":\"https:\/\/portaltela.pt\/#\/schema\/person\/c4278d4a6028830caff9ee44b42d32ed\"},\"headline\":\"Benfica esteve com mira desafinada durante uma hora\",\"datePublished\":\"2026-02-14T03:37:00+00:00\",\"mainEntityOfPage\":{\"@id\":\"https:\/\/portaltela.pt\/noticias\/2026\/02\/14\/benfica-esteve-com-mira-desafinada-durante-uma-hora\/\"},\"wordCount\":100,\"image\":{\"@id\":\"https:\/\/portaltela.pt\/noticias\/2026\/02\/14\/benfica-esteve-com-mira-desafinada-durante-uma-hora\/#primaryimage\"},\"thumbnailUrl\":\"https:\/\/portaltela.pt\/s.01k8rhncp4jt1\/2026\/02\/img_920x518uu2026-02-14-00-25-53-2421490.jpg\",\"keywords\":[\"1. Liga\",\"assuntos desportivos\",\"Benfica\",\"desporto\",\"futebol\"],\"articleSection\":[\"Desporto\",\"Futebol\"],\"inLanguage\":\"pt-PT\"},{\"@type\":\"WebPage\",\"@id\":\"https:\/\/portaltela.pt\/noticias\/2026\/02\/14\/benfica-esteve-com-mira-desafinada-durante-uma-hora\/\",\"url\":\"https:\/\/portaltela.pt\/noticias\/2026\/02\/14\/benfica-esteve-com-mira-desafinada-durante-uma-hora\/\",\"name\":\"Benfica esteve com mira desafinada durante uma hora - Portal Tela Portugal\",\"isPartOf\":{\"@id\":\"https:\/\/portaltela.pt\/#website\"},\"primaryImageOfPage\":{\"@id\":\"https:\/\/portaltela.pt\/noticias\/2026\/02\/14\/benfica-esteve-com-mira-desafinada-durante-uma-hora\/#primaryimage\"},\"image\":{\"@id\":\"https:\/\/portaltela.pt\/noticias\/2026\/02\/14\/benfica-esteve-com-mira-desafinada-durante-uma-hora\/#primaryimage\"},\"thumbnailUrl\":\"https:\/\/portaltela.pt\/s.01k8rhncp4jt1\/2026\/02\/img_920x518uu2026-02-14-00-25-53-2421490.jpg\",\"datePublished\":\"2026-02-14T03:37:00+00:00\",\"author\":{\"@id\":\"https:\/\/portaltela.pt\/#\/schema\/person\/c4278d4a6028830caff9ee44b42d32ed\"},\"breadcrumb\":{\"@id\":\"https:\/\/portaltela.pt\/noticias\/2026\/02\/14\/benfica-esteve-com-mira-desafinada-durante-uma-hora\/#breadcrumb\"},\"inLanguage\":\"pt-PT\",\"potentialAction\":[{\"@type\":\"ReadAction\",\"target\":[\"https:\/\/portaltela.pt\/noticias\/2026\/02\/14\/benfica-esteve-com-mira-desafinada-durante-uma-hora\/\"]}]},{\"@type\":\"ImageObject\",\"inLanguage\":\"pt-PT\",\"@id\":\"https:\/\/portaltela.pt\/noticias\/2026\/02\/14\/benfica-esteve-com-mira-desafinada-durante-uma-hora\/#primaryimage\",\"url\":\"https:\/\/portaltela.pt\/s.01k8rhncp4jt1\/2026\/02\/img_920x518uu2026-02-14-00-25-53-2421490.jpg\",\"contentUrl\":\"https:\/\/portaltela.pt\/s.01k8rhncp4jt1\/2026\/02\/img_920x518uu2026-02-14-00-25-53-2421490.jpg\",\"width\":796,\"height\":448,\"caption\":\"Benfica procura acertar a mira no jogo\"},{\"@type\":\"BreadcrumbList\",\"@id\":\"https:\/\/portaltela.pt\/noticias\/2026\/02\/14\/benfica-esteve-com-mira-desafinada-durante-uma-hora\/#breadcrumb\",\"itemListElement\":[{\"@type\":\"ListItem\",\"position\":1,\"name\":\"In\u00edcio\",\"item\":\"https:\/\/portaltela.pt\/\"},{\"@type\":\"ListItem\",\"position\":2,\"name\":\"Benfica esteve com mira desafinada durante uma hora\"}]},{\"@type\":\"WebSite\",\"@id\":\"https:\/\/portaltela.pt\/#website\",\"url\":\"https:\/\/portaltela.pt\/\",\"name\":\"Portal Tela Portugal\",\"description\":\"\",\"potentialAction\":[{\"@type\":\"SearchAction\",\"target\":{\"@type\":\"EntryPoint\",\"urlTemplate\":\"https:\/\/portaltela.pt\/?s={search_term_string}\"},\"query-input\":{\"@type\":\"PropertyValueSpecification\",\"valueRequired\":true,\"valueName\":\"search_term_string\"}}],\"inLanguage\":\"pt-PT\"},{\"@type\":\"Person\",\"@id\":\"https:\/\/portaltela.pt\/#\/schema\/person\/c4278d4a6028830caff9ee44b42d32ed\",\"name\":\"Telinha\",\"image\":{\"@type\":\"ImageObject\",\"inLanguage\":\"pt-PT\",\"@id\":\"https:\/\/portaltela.pt\/s.01k8rhncp4jt1\/2025\/11\/talking-bot-125x125.png\",\"url\":\"https:\/\/portaltela.pt\/s.01k8rhncp4jt1\/2025\/11\/talking-bot-125x125.png\",\"contentUrl\":\"https:\/\/portaltela.pt\/s.01k8rhncp4jt1\/2025\/11\/talking-bot-125x125.png\",\"caption\":\"Telinha\"},\"sameAs\":[\"https:\/\/portaltela.pt\/\"],\"url\":\"https:\/\/portaltela.pt\/por\/367410592786\/\"}]}<\/script>\n<!-- \/ Yoast SEO plugin. -->","yoast_head_json":{"title":"Benfica esteve com mira desafinada durante uma hora - Portal Tela Portugal","robots":{"index":"index","follow":"follow","max-snippet":"max-snippet:-1","max-image-preview":"max-image-preview:large","max-video-preview":"max-video-preview:-1"},"og_locale":"pt_PT","og_type":"article","og_title":"Benfica esteve com mira desafinada durante uma hora - Portal Tela Portugal","og_description":"O Benfica esteve mais de uma hora sem enquadrar um remate, com apenas tr\u00eas remates no alvo at\u00e9 aos 25 minutos. O \u00faltimo remate no alvo saiu de Rafa aos 25 minutos, quando o Benfica vencia por 1-0. Depois disso, o Benfica aumentou a vantagem por via de um autogolo, somando oito remates, todos desenquadrados. Durante esse per\u00edodo, os a\u00e7orianos quase n\u00e3o assustaram, ficando apenas com dois remates enquadrados. A posse de bola do Benfica ficou nos 48%, o registo mais baixo do jogo.","og_url":"https:\/\/portaltela.pt\/noticias\/2026\/02\/14\/benfica-esteve-com-mira-desafinada-durante-uma-hora\/","og_site_name":"Portal Tela Portugal","article_published_time":"2026-02-14T03:37:00+00:00","author":"Telinha","twitter_card":"summary_large_image","twitter_misc":{"Escrito por":"Telinha"},"schema":{"@context":"https:\/\/schema.org","@graph":[{"@type":"Article","@id":"https:\/\/portaltela.pt\/noticias\/2026\/02\/14\/benfica-esteve-com-mira-desafinada-durante-uma-hora\/#article","isPartOf":{"@id":"https:\/\/portaltela.pt\/noticias\/2026\/02\/14\/benfica-esteve-com-mira-desafinada-durante-uma-hora\/"},"author":{"name":"Telinha","@id":"https:\/\/portaltela.pt\/#\/schema\/person\/c4278d4a6028830caff9ee44b42d32ed"},"headline":"Benfica esteve com mira desafinada durante uma hora","datePublished":"2026-02-14T03:37:00+00:00","mainEntityOfPage":{"@id":"https:\/\/portaltela.pt\/noticias\/2026\/02\/14\/benfica-esteve-com-mira-desafinada-durante-uma-hora\/"},"wordCount":100,"image":{"@id":"https:\/\/portaltela.pt\/noticias\/2026\/02\/14\/benfica-esteve-com-mira-desafinada-durante-uma-hora\/#primaryimage"},"thumbnailUrl":"https:\/\/portaltela.pt\/s.01k8rhncp4jt1\/2026\/02\/img_920x518uu2026-02-14-00-25-53-2421490.jpg","keywords":["1. Liga","assuntos desportivos","Benfica","desporto","futebol"],"articleSection":["Desporto","Futebol"],"inLanguage":"pt-PT"},{"@type":"WebPage","@id":"https:\/\/portaltela.pt\/noticias\/2026\/02\/14\/benfica-esteve-com-mira-desafinada-durante-uma-hora\/","url":"https:\/\/portaltela.pt\/noticias\/2026\/02\/14\/benfica-esteve-com-mira-desafinada-durante-uma-hora\/","name":"Benfica esteve com mira desafinada durante uma hora - Portal Tela Portugal","isPartOf":{"@id":"https:\/\/portaltela.pt\/#website"},"primaryImageOfPage":{"@id":"https:\/\/portaltela.pt\/noticias\/2026\/02\/14\/benfica-esteve-com-mira-desafinada-durante-uma-hora\/#primaryimage"},"image":{"@id":"https:\/\/portaltela.pt\/noticias\/2026\/02\/14\/benfica-esteve-com-mira-desafinada-durante-uma-hora\/#primaryimage"},"thumbnailUrl":"https:\/\/portaltela.pt\/s.01k8rhncp4jt1\/2026\/02\/img_920x518uu2026-02-14-00-25-53-2421490.jpg","datePublished":"2026-02-14T03:37:00+00:00","author":{"@id":"https:\/\/portaltela.pt\/#\/schema\/person\/c4278d4a6028830caff9ee44b42d32ed"},"breadcrumb":{"@id":"https:\/\/portaltela.pt\/noticias\/2026\/02\/14\/benfica-esteve-com-mira-desafinada-durante-uma-hora\/#breadcrumb"},"inLanguage":"pt-PT","potentialAction":[{"@type":"ReadAction","target":["https:\/\/portaltela.pt\/noticias\/2026\/02\/14\/benfica-esteve-com-mira-desafinada-durante-uma-hora\/"]}]},{"@type":"ImageObject","inLanguage":"pt-PT","@id":"https:\/\/portaltela.pt\/noticias\/2026\/02\/14\/benfica-esteve-com-mira-desafinada-durante-uma-hora\/#primaryimage","url":"https:\/\/portaltela.pt\/s.01k8rhncp4jt1\/2026\/02\/img_920x518uu2026-02-14-00-25-53-2421490.jpg","contentUrl":"https:\/\/portaltela.pt\/s.01k8rhncp4jt1\/2026\/02\/img_920x518uu2026-02-14-00-25-53-2421490.jpg","width":796,"height":448,"caption":"Benfica procura acertar a mira no jogo"},{"@type":"BreadcrumbList","@id":"https:\/\/portaltela.pt\/noticias\/2026\/02\/14\/benfica-esteve-com-mira-desafinada-durante-uma-hora\/#breadcrumb","itemListElement":[{"@type":"ListItem","position":1,"name":"In\u00edcio","item":"https:\/\/portaltela.pt\/"},{"@type":"ListItem","position":2,"name":"Benfica esteve com mira desafinada durante uma hora"}]},{"@type":"WebSite","@id":"https:\/\/portaltela.pt\/#website","url":"https:\/\/portaltela.pt\/","name":"Portal Tela Portugal","description":"","potentialAction":[{"@type":"SearchAction","target":{"@type":"EntryPoint","urlTemplate":"https:\/\/portaltela.pt\/?s={search_term_string}"},"query-input":{"@type":"PropertyValueSpecification","valueRequired":true,"valueName":"search_term_string"}}],"inLanguage":"pt-PT"},{"@type":"Person","@id":"https:\/\/portaltela.pt\/#\/schema\/person\/c4278d4a6028830caff9ee44b42d32ed","name":"Telinha","image":{"@type":"ImageObject","inLanguage":"pt-PT","@id":"https:\/\/portaltela.pt\/s.01k8rhncp4jt1\/2025\/11\/talking-bot-125x125.png","url":"https:\/\/portaltela.pt\/s.01k8rhncp4jt1\/2025\/11\/talking-bot-125x125.png","contentUrl":"https:\/\/portaltela.pt\/s.01k8rhncp4jt1\/2025\/11\/talking-bot-125x125.png","caption":"Telinha"},"sameAs":["https:\/\/portaltela.pt\/"],"url":"https:\/\/portaltela.pt\/por\/367410592786\/"}]}},"_links":{"self":[{"href":"https:\/\/portaltela.pt\/api\/wp\/v2\/posts\/211889","targetHints":{"allow":["GET"]}}],"collection":[{"href":"https:\/\/portaltela.pt\/api\/wp\/v2\/posts"}],"about":[{"href":"https:\/\/portaltela.pt\/api\/wp\/v2\/types\/post"}],"author":[{"embeddable":true,"href":"https:\/\/portaltela.pt\/api\/wp\/v2\/users\/2"}],"replies":[{"embeddable":true,"href":"https:\/\/portaltela.pt\/api\/wp\/v2\/comments?post=211889"}],"version-history":[{"count":0,"href":"https:\/\/portaltela.pt\/api\/wp\/v2\/posts\/211889\/revisions"}],"wp:featuredmedia":[{"embeddable":true,"href":"https:\/\/portaltela.pt\/api\/wp\/v2\/media\/211890"}],"wp:attachment":[{"href":"https:\/\/portaltela.pt\/api\/wp\/v2\/media?parent=211889"}],"wp:term":[{"taxonomy":"category","embeddable":true,"href":"https:\/\/portaltela.pt\/api\/wp\/v2\/categories?post=211889"},{"taxonomy":"post_tag","embeddable":true,"href":"https:\/\/portaltela.pt\/api\/wp\/v2\/tags?post=211889"}],"curies":[{"name":"wp","href":"https:\/\/api.w.org\/{rel}","templated":true}]}}