{"id":211857,"date":"2026-02-13T22:30:00","date_gmt":"2026-02-14T01:30:00","guid":{"rendered":"https:\/\/portaltela.pt\/noticias\/2026\/02\/13\/janeiro-foi-o-5-o-mes-com-mais-mortes-em-12-anos\/"},"modified":"2026-02-13T22:30:00","modified_gmt":"2026-02-14T01:30:00","slug":"janeiro-foi-o-5-o-mes-com-mais-mortes-em-12-anos","status":"publish","type":"post","link":"https:\/\/portaltela.pt\/noticias\/2026\/02\/13\/janeiro-foi-o-5-o-mes-com-mais-mortes-em-12-anos\/","title":{"rendered":"Janeiro foi o 5.\u00ba m\u00eas com mais mortes em 12 anos"},"content":{"rendered":"<p>O m\u00eas de janeiro registou 13405 \u00f3bitos em Portugal, o quinto maior valor em 12 anos. Os dados s\u00e3o do Instituto Nacional de Estat\u00edstica (INE) e foram divulgados ontem. O m\u00eas mais mortal nos \u00faltimos dois anos mostra uma tend\u00eancia de agravamento da mortalidade.<\/p>\n<p>Frio intenso e doen\u00e7as respirat\u00f3rias s\u00e3o apontados como fatores contributivos para o aumento. O INE indica que as condi\u00e7\u00f5es meteorol\u00f3gicas e os surtos sazonais t\u00eam impacto relevante nos n\u00fameros de mortalidade mensal.<\/p>\n<p>Desde janeiro de 2024 n\u00e3o se registava uma concentra\u00e7\u00e3o t\u00e3o elevada de \u00f3bitos num espa\u00e7o de tempo t\u00e3o curto, segundo o INE. O organismo lembra que a mortalidade depende de v\u00e1rios fatores, incluindo infe\u00e7\u00f5es respirat\u00f3rias e condi\u00e7\u00f5es climat\u00e9ricas extremas.<\/p>\n<h3>Dados anuais e contexto<\/h3>\n<p>No ano anterior, Portugal registou 122332 \u00f3bitos, mais 3305 do que em 2024, de acordo com o INE. Os n\u00fameros de janeiro atualizam o quadro de mortalidade anual e ajudam a tra\u00e7ar tend\u00eancias nos servi\u00e7os de sa\u00fade para o futuro pr\u00f3ximo.<\/p>\n","protected":false},"excerpt":{"rendered":"<ul>\n<li>Janeiro registou 13.405 \u00f3bitos, o quinto m\u00eas com mais mortalidade em 12 anos.<\/li>\n<li>Foi o m\u00eas com mais mortes nos \u00faltimos dois anos.<\/li>\n<li>Dados do Instituto Nacional de Estat\u00edstica indicam que desde janeiro de 2024 n\u00e3o morriam tantas pessoas num curto espa\u00e7o de tempo.<\/li>\n<li>O frio e as doen\u00e7as respirat\u00f3rias contribu\u00edram para o aumento da mortalidade.<\/li>\n<li>No ano passado houve 122.332 \u00f3bitos em Portugal, mais 3.305 do que em 2024.<\/li>\n<\/ul>\n","protected":false},"author":2,"featured_media":211864,"comment_status":"closed","ping_status":"closed","sticky":false,"template":"","format":"standard","meta":{"footnotes":""},"categories":[1],"tags":[5224,61,3976,5563,1014,271],"class_list":["post-211857","post","type-post","status-publish","format-standard","has-post-thumbnail","hentry","category-noticias","tag-clima","tag-doencas","tag-infeccoes-respiratorias","tag-informacao-publica","tag-portugal","tag-saude-publica"],"yoast_head":"<!-- This site is optimized with the Yoast SEO plugin v27.2 - https:\/\/yoast.com\/product\/yoast-seo-wordpress\/ -->\n<title>Janeiro foi o 5.\u00ba m\u00eas com mais mortes em 12 anos - Portal Tela Portugal<\/title>\n<meta name=\"robots\" content=\"index, follow, max-snippet:-1, max-image-preview:large, max-video-preview:-1\" \/>\n<meta property=\"og:locale\" content=\"pt_PT\" \/>\n<meta property=\"og:type\" content=\"article\" \/>\n<meta property=\"og:title\" content=\"Janeiro foi o 5.\u00ba m\u00eas com mais mortes em 12 anos - Portal Tela Portugal\" \/>\n<meta property=\"og:description\" content=\"Janeiro registou 13.405 \u00f3bitos, o quinto m\u00eas com mais mortalidade em 12 anos. Foi o m\u00eas com mais mortes nos \u00faltimos dois anos. Dados do Instituto Nacional de Estat\u00edstica indicam que desde janeiro de 2024 n\u00e3o morriam tantas pessoas num curto espa\u00e7o de tempo. O frio e as doen\u00e7as respirat\u00f3rias contribu\u00edram para o aumento da mortalidade. No ano passado houve 122.332 \u00f3bitos em Portugal, mais 3.305 do que em 2024.\" \/>\n<meta property=\"og:url\" content=\"https:\/\/portaltela.pt\/noticias\/2026\/02\/13\/janeiro-foi-o-5-o-mes-com-mais-mortes-em-12-anos\/\" \/>\n<meta property=\"og:site_name\" content=\"Portal Tela Portugal\" \/>\n<meta property=\"article:published_time\" content=\"2026-02-14T01:30:00+00:00\" \/>\n<meta name=\"author\" content=\"Telinha\" \/>\n<meta name=\"twitter:card\" content=\"summary_large_image\" \/>\n<meta name=\"twitter:label1\" content=\"Escrito por\" \/>\n\t<meta name=\"twitter:data1\" content=\"Telinha\" \/>\n\t<meta name=\"twitter:label2\" content=\"Tempo estimado de leitura\" \/>\n\t<meta name=\"twitter:data2\" content=\"1 minuto\" \/>\n<script type=\"application\/ld+json\" class=\"yoast-schema-graph\">{\"@context\":\"https:\/\/schema.org\",\"@graph\":[{\"@type\":\"Article\",\"@id\":\"https:\/\/portaltela.pt\/noticias\/2026\/02\/13\/janeiro-foi-o-5-o-mes-com-mais-mortes-em-12-anos\/#article\",\"isPartOf\":{\"@id\":\"https:\/\/portaltela.pt\/noticias\/2026\/02\/13\/janeiro-foi-o-5-o-mes-com-mais-mortes-em-12-anos\/\"},\"author\":{\"name\":\"Telinha\",\"@id\":\"https:\/\/portaltela.pt\/#\/schema\/person\/c4278d4a6028830caff9ee44b42d32ed\"},\"headline\":\"Janeiro foi o 5.\u00ba m\u00eas com mais mortes em 12 anos\",\"datePublished\":\"2026-02-14T01:30:00+00:00\",\"mainEntityOfPage\":{\"@id\":\"https:\/\/portaltela.pt\/noticias\/2026\/02\/13\/janeiro-foi-o-5-o-mes-com-mais-mortes-em-12-anos\/\"},\"wordCount\":192,\"image\":{\"@id\":\"https:\/\/portaltela.pt\/noticias\/2026\/02\/13\/janeiro-foi-o-5-o-mes-com-mais-mortes-em-12-anos\/#primaryimage\"},\"thumbnailUrl\":\"https:\/\/portaltela.pt\/s.01k8rhncp4jt1\/2026\/02\/img_1500x1000uu2026-01-09-10-49-43-2259023.jpg\",\"keywords\":[\"clima\",\"doen\u00e7as\",\"infec\u00e7\u00f5es respirat\u00f3rias\",\"informa\u00e7\u00e3o p\u00fablica\",\"Portugal\",\"sa\u00fade p\u00fablica\"],\"articleSection\":[\"Not\u00edcias\"],\"inLanguage\":\"pt-PT\"},{\"@type\":\"WebPage\",\"@id\":\"https:\/\/portaltela.pt\/noticias\/2026\/02\/13\/janeiro-foi-o-5-o-mes-com-mais-mortes-em-12-anos\/\",\"url\":\"https:\/\/portaltela.pt\/noticias\/2026\/02\/13\/janeiro-foi-o-5-o-mes-com-mais-mortes-em-12-anos\/\",\"name\":\"Janeiro foi o 5.\u00ba m\u00eas com mais mortes em 12 anos - Portal Tela Portugal\",\"isPartOf\":{\"@id\":\"https:\/\/portaltela.pt\/#website\"},\"primaryImageOfPage\":{\"@id\":\"https:\/\/portaltela.pt\/noticias\/2026\/02\/13\/janeiro-foi-o-5-o-mes-com-mais-mortes-em-12-anos\/#primaryimage\"},\"image\":{\"@id\":\"https:\/\/portaltela.pt\/noticias\/2026\/02\/13\/janeiro-foi-o-5-o-mes-com-mais-mortes-em-12-anos\/#primaryimage\"},\"thumbnailUrl\":\"https:\/\/portaltela.pt\/s.01k8rhncp4jt1\/2026\/02\/img_1500x1000uu2026-01-09-10-49-43-2259023.jpg\",\"datePublished\":\"2026-02-14T01:30:00+00:00\",\"author\":{\"@id\":\"https:\/\/portaltela.pt\/#\/schema\/person\/c4278d4a6028830caff9ee44b42d32ed\"},\"breadcrumb\":{\"@id\":\"https:\/\/portaltela.pt\/noticias\/2026\/02\/13\/janeiro-foi-o-5-o-mes-com-mais-mortes-em-12-anos\/#breadcrumb\"},\"inLanguage\":\"pt-PT\",\"potentialAction\":[{\"@type\":\"ReadAction\",\"target\":[\"https:\/\/portaltela.pt\/noticias\/2026\/02\/13\/janeiro-foi-o-5-o-mes-com-mais-mortes-em-12-anos\/\"]}]},{\"@type\":\"ImageObject\",\"inLanguage\":\"pt-PT\",\"@id\":\"https:\/\/portaltela.pt\/noticias\/2026\/02\/13\/janeiro-foi-o-5-o-mes-com-mais-mortes-em-12-anos\/#primaryimage\",\"url\":\"https:\/\/portaltela.pt\/s.01k8rhncp4jt1\/2026\/02\/img_1500x1000uu2026-01-09-10-49-43-2259023.jpg\",\"contentUrl\":\"https:\/\/portaltela.pt\/s.01k8rhncp4jt1\/2026\/02\/img_1500x1000uu2026-01-09-10-49-43-2259023.jpg\",\"width\":796,\"height\":448,\"caption\":\"No ano passado houve 122332 \u00f3bitos em Portugal, mais 3305 que em 2024\"},{\"@type\":\"BreadcrumbList\",\"@id\":\"https:\/\/portaltela.pt\/noticias\/2026\/02\/13\/janeiro-foi-o-5-o-mes-com-mais-mortes-em-12-anos\/#breadcrumb\",\"itemListElement\":[{\"@type\":\"ListItem\",\"position\":1,\"name\":\"In\u00edcio\",\"item\":\"https:\/\/portaltela.pt\/\"},{\"@type\":\"ListItem\",\"position\":2,\"name\":\"Janeiro foi o 5.\u00ba m\u00eas com mais mortes em 12 anos\"}]},{\"@type\":\"WebSite\",\"@id\":\"https:\/\/portaltela.pt\/#website\",\"url\":\"https:\/\/portaltela.pt\/\",\"name\":\"Portal Tela Portugal\",\"description\":\"\",\"potentialAction\":[{\"@type\":\"SearchAction\",\"target\":{\"@type\":\"EntryPoint\",\"urlTemplate\":\"https:\/\/portaltela.pt\/?s={search_term_string}\"},\"query-input\":{\"@type\":\"PropertyValueSpecification\",\"valueRequired\":true,\"valueName\":\"search_term_string\"}}],\"inLanguage\":\"pt-PT\"},{\"@type\":\"Person\",\"@id\":\"https:\/\/portaltela.pt\/#\/schema\/person\/c4278d4a6028830caff9ee44b42d32ed\",\"name\":\"Telinha\",\"image\":{\"@type\":\"ImageObject\",\"inLanguage\":\"pt-PT\",\"@id\":\"https:\/\/portaltela.pt\/s.01k8rhncp4jt1\/2025\/11\/talking-bot-125x125.png\",\"url\":\"https:\/\/portaltela.pt\/s.01k8rhncp4jt1\/2025\/11\/talking-bot-125x125.png\",\"contentUrl\":\"https:\/\/portaltela.pt\/s.01k8rhncp4jt1\/2025\/11\/talking-bot-125x125.png\",\"caption\":\"Telinha\"},\"sameAs\":[\"https:\/\/portaltela.pt\/\"],\"url\":\"https:\/\/portaltela.pt\/por\/367410592786\/\"}]}<\/script>\n<!-- \/ Yoast SEO plugin. -->","yoast_head_json":{"title":"Janeiro foi o 5.\u00ba m\u00eas com mais mortes em 12 anos - Portal Tela Portugal","robots":{"index":"index","follow":"follow","max-snippet":"max-snippet:-1","max-image-preview":"max-image-preview:large","max-video-preview":"max-video-preview:-1"},"og_locale":"pt_PT","og_type":"article","og_title":"Janeiro foi o 5.\u00ba m\u00eas com mais mortes em 12 anos - Portal Tela Portugal","og_description":"Janeiro registou 13.405 \u00f3bitos, o quinto m\u00eas com mais mortalidade em 12 anos. Foi o m\u00eas com mais mortes nos \u00faltimos dois anos. Dados do Instituto Nacional de Estat\u00edstica indicam que desde janeiro de 2024 n\u00e3o morriam tantas pessoas num curto espa\u00e7o de tempo. O frio e as doen\u00e7as respirat\u00f3rias contribu\u00edram para o aumento da mortalidade. No ano passado houve 122.332 \u00f3bitos em Portugal, mais 3.305 do que em 2024.","og_url":"https:\/\/portaltela.pt\/noticias\/2026\/02\/13\/janeiro-foi-o-5-o-mes-com-mais-mortes-em-12-anos\/","og_site_name":"Portal Tela Portugal","article_published_time":"2026-02-14T01:30:00+00:00","author":"Telinha","twitter_card":"summary_large_image","twitter_misc":{"Escrito por":"Telinha","Tempo estimado de leitura":"1 minuto"},"schema":{"@context":"https:\/\/schema.org","@graph":[{"@type":"Article","@id":"https:\/\/portaltela.pt\/noticias\/2026\/02\/13\/janeiro-foi-o-5-o-mes-com-mais-mortes-em-12-anos\/#article","isPartOf":{"@id":"https:\/\/portaltela.pt\/noticias\/2026\/02\/13\/janeiro-foi-o-5-o-mes-com-mais-mortes-em-12-anos\/"},"author":{"name":"Telinha","@id":"https:\/\/portaltela.pt\/#\/schema\/person\/c4278d4a6028830caff9ee44b42d32ed"},"headline":"Janeiro foi o 5.\u00ba m\u00eas com mais mortes em 12 anos","datePublished":"2026-02-14T01:30:00+00:00","mainEntityOfPage":{"@id":"https:\/\/portaltela.pt\/noticias\/2026\/02\/13\/janeiro-foi-o-5-o-mes-com-mais-mortes-em-12-anos\/"},"wordCount":192,"image":{"@id":"https:\/\/portaltela.pt\/noticias\/2026\/02\/13\/janeiro-foi-o-5-o-mes-com-mais-mortes-em-12-anos\/#primaryimage"},"thumbnailUrl":"https:\/\/portaltela.pt\/s.01k8rhncp4jt1\/2026\/02\/img_1500x1000uu2026-01-09-10-49-43-2259023.jpg","keywords":["clima","doen\u00e7as","infec\u00e7\u00f5es respirat\u00f3rias","informa\u00e7\u00e3o p\u00fablica","Portugal","sa\u00fade p\u00fablica"],"articleSection":["Not\u00edcias"],"inLanguage":"pt-PT"},{"@type":"WebPage","@id":"https:\/\/portaltela.pt\/noticias\/2026\/02\/13\/janeiro-foi-o-5-o-mes-com-mais-mortes-em-12-anos\/","url":"https:\/\/portaltela.pt\/noticias\/2026\/02\/13\/janeiro-foi-o-5-o-mes-com-mais-mortes-em-12-anos\/","name":"Janeiro foi o 5.\u00ba m\u00eas com mais mortes em 12 anos - Portal Tela Portugal","isPartOf":{"@id":"https:\/\/portaltela.pt\/#website"},"primaryImageOfPage":{"@id":"https:\/\/portaltela.pt\/noticias\/2026\/02\/13\/janeiro-foi-o-5-o-mes-com-mais-mortes-em-12-anos\/#primaryimage"},"image":{"@id":"https:\/\/portaltela.pt\/noticias\/2026\/02\/13\/janeiro-foi-o-5-o-mes-com-mais-mortes-em-12-anos\/#primaryimage"},"thumbnailUrl":"https:\/\/portaltela.pt\/s.01k8rhncp4jt1\/2026\/02\/img_1500x1000uu2026-01-09-10-49-43-2259023.jpg","datePublished":"2026-02-14T01:30:00+00:00","author":{"@id":"https:\/\/portaltela.pt\/#\/schema\/person\/c4278d4a6028830caff9ee44b42d32ed"},"breadcrumb":{"@id":"https:\/\/portaltela.pt\/noticias\/2026\/02\/13\/janeiro-foi-o-5-o-mes-com-mais-mortes-em-12-anos\/#breadcrumb"},"inLanguage":"pt-PT","potentialAction":[{"@type":"ReadAction","target":["https:\/\/portaltela.pt\/noticias\/2026\/02\/13\/janeiro-foi-o-5-o-mes-com-mais-mortes-em-12-anos\/"]}]},{"@type":"ImageObject","inLanguage":"pt-PT","@id":"https:\/\/portaltela.pt\/noticias\/2026\/02\/13\/janeiro-foi-o-5-o-mes-com-mais-mortes-em-12-anos\/#primaryimage","url":"https:\/\/portaltela.pt\/s.01k8rhncp4jt1\/2026\/02\/img_1500x1000uu2026-01-09-10-49-43-2259023.jpg","contentUrl":"https:\/\/portaltela.pt\/s.01k8rhncp4jt1\/2026\/02\/img_1500x1000uu2026-01-09-10-49-43-2259023.jpg","width":796,"height":448,"caption":"No ano passado houve 122332 \u00f3bitos em Portugal, mais 3305 que em 2024"},{"@type":"BreadcrumbList","@id":"https:\/\/portaltela.pt\/noticias\/2026\/02\/13\/janeiro-foi-o-5-o-mes-com-mais-mortes-em-12-anos\/#breadcrumb","itemListElement":[{"@type":"ListItem","position":1,"name":"In\u00edcio","item":"https:\/\/portaltela.pt\/"},{"@type":"ListItem","position":2,"name":"Janeiro foi o 5.\u00ba m\u00eas com mais mortes em 12 anos"}]},{"@type":"WebSite","@id":"https:\/\/portaltela.pt\/#website","url":"https:\/\/portaltela.pt\/","name":"Portal Tela Portugal","description":"","potentialAction":[{"@type":"SearchAction","target":{"@type":"EntryPoint","urlTemplate":"https:\/\/portaltela.pt\/?s={search_term_string}"},"query-input":{"@type":"PropertyValueSpecification","valueRequired":true,"valueName":"search_term_string"}}],"inLanguage":"pt-PT"},{"@type":"Person","@id":"https:\/\/portaltela.pt\/#\/schema\/person\/c4278d4a6028830caff9ee44b42d32ed","name":"Telinha","image":{"@type":"ImageObject","inLanguage":"pt-PT","@id":"https:\/\/portaltela.pt\/s.01k8rhncp4jt1\/2025\/11\/talking-bot-125x125.png","url":"https:\/\/portaltela.pt\/s.01k8rhncp4jt1\/2025\/11\/talking-bot-125x125.png","contentUrl":"https:\/\/portaltela.pt\/s.01k8rhncp4jt1\/2025\/11\/talking-bot-125x125.png","caption":"Telinha"},"sameAs":["https:\/\/portaltela.pt\/"],"url":"https:\/\/portaltela.pt\/por\/367410592786\/"}]}},"_links":{"self":[{"href":"https:\/\/portaltela.pt\/api\/wp\/v2\/posts\/211857","targetHints":{"allow":["GET"]}}],"collection":[{"href":"https:\/\/portaltela.pt\/api\/wp\/v2\/posts"}],"about":[{"href":"https:\/\/portaltela.pt\/api\/wp\/v2\/types\/post"}],"author":[{"embeddable":true,"href":"https:\/\/portaltela.pt\/api\/wp\/v2\/users\/2"}],"replies":[{"embeddable":true,"href":"https:\/\/portaltela.pt\/api\/wp\/v2\/comments?post=211857"}],"version-history":[{"count":0,"href":"https:\/\/portaltela.pt\/api\/wp\/v2\/posts\/211857\/revisions"}],"wp:featuredmedia":[{"embeddable":true,"href":"https:\/\/portaltela.pt\/api\/wp\/v2\/media\/211864"}],"wp:attachment":[{"href":"https:\/\/portaltela.pt\/api\/wp\/v2\/media?parent=211857"}],"wp:term":[{"taxonomy":"category","embeddable":true,"href":"https:\/\/portaltela.pt\/api\/wp\/v2\/categories?post=211857"},{"taxonomy":"post_tag","embeddable":true,"href":"https:\/\/portaltela.pt\/api\/wp\/v2\/tags?post=211857"}],"curies":[{"name":"wp","href":"https:\/\/api.w.org\/{rel}","templated":true}]}}