{"id":211850,"date":"2026-02-13T22:30:00","date_gmt":"2026-02-14T01:30:00","guid":{"rendered":"https:\/\/portaltela.pt\/noticias\/2026\/02\/13\/mau-tempo-dificulta-acessos-a-casa-de-cristina-ferreira\/"},"modified":"2026-02-13T22:30:00","modified_gmt":"2026-02-14T01:30:00","slug":"mau-tempo-dificulta-acessos-a-casa-de-cristina-ferreira","status":"publish","type":"post","link":"https:\/\/portaltela.pt\/noticias\/2026\/02\/13\/mau-tempo-dificulta-acessos-a-casa-de-cristina-ferreira\/","title":{"rendered":"Mau tempo dificulta acessos \u00e0 casa de Cristina Ferreira"},"content":{"rendered":"<p>O mau tempo causou o afundamento de uma estrada de acesso \u00e0 casa de Cristina Ferreira, na Malveira, Mafra. O fen\u00f3meno resulta de ventos fortes e precipita\u00e7\u00e3o intensa que t\u00eam afectado v\u00e1rias regi\u00f5es do pa\u00eds.<\/p>\n<p>O incidente acrescenta-se aos estragos registados pelo mau tempo. Diversas vias j\u00e1 sofreram danos em Portugal, com relatos di\u00e1rios entre personalidades p\u00fablicas e cidad\u00e3os an\u00f3nimos.<\/p>\n<p>Segundo o CM, a via de acesso \u00e0 resid\u00eancia da apresentadora cedeu, gerando estragos na \u00e1rea envolvente. Cristina Ferreira n\u00e3o comentou publicamente o assunto.<\/p>\n<p>Ao lado da estrada danificada fica o stand de Ant\u00f3nio Casinhas, pai de Tiago \u2014 liga\u00e7\u00e3o que envolve, ainda, elementos pr\u00f3ximos da apresentadora. Por outro lado, uma das habita\u00e7\u00f5es afetadas pertence aos pais de Cristina Ferreira.<\/p>\n","protected":false},"excerpt":{"rendered":"<ul>\n<li>O mau tempo com vento e chuvas fortes continua a provocar estragos em Portugal, incluindo estradas que cedem.<\/li>\n<li>Uma estrada de acesso \u00e0 casa de Cristina Ferreira, na Malveira, Mafra, cedeu e causou danos.<\/li>\n<li>O local fica perto do stand de Ant\u00f3nio Casinhas, pai de Tiago, filho da apresentadora.<\/li>\n<li>Uma das casas afetadas pertence aos pais de Cristina Ferreira.<\/li>\n<li>O facto foi reportado pelo Correio da Manh\u00e3, sem coment\u00e1rio da apresentadora.<\/li>\n<\/ul>\n","protected":false},"author":2,"featured_media":211862,"comment_status":"closed","ping_status":"closed","sticky":false,"template":"","format":"standard","meta":{"footnotes":""},"categories":[1],"tags":[5159,5224,5154,64,2600,5537],"class_list":["post-211850","post","type-post","status-publish","format-standard","has-post-thumbnail","hentry","category-noticias","tag-aviso-de-mau-tempo","tag-clima","tag-estragos","tag-familia","tag-mafra","tag-vias-cortadas"],"yoast_head":"<!-- This site is optimized with the Yoast SEO plugin v27.2 - https:\/\/yoast.com\/product\/yoast-seo-wordpress\/ -->\n<title>Mau tempo dificulta acessos \u00e0 casa de Cristina Ferreira - Portal Tela Portugal<\/title>\n<meta name=\"robots\" content=\"index, follow, max-snippet:-1, max-image-preview:large, max-video-preview:-1\" \/>\n<meta property=\"og:locale\" content=\"pt_PT\" \/>\n<meta property=\"og:type\" content=\"article\" \/>\n<meta property=\"og:title\" content=\"Mau tempo dificulta acessos \u00e0 casa de Cristina Ferreira - Portal Tela Portugal\" \/>\n<meta property=\"og:description\" content=\"O mau tempo com vento e chuvas fortes continua a provocar estragos em Portugal, incluindo estradas que cedem. Uma estrada de acesso \u00e0 casa de Cristina Ferreira, na Malveira, Mafra, cedeu e causou danos. O local fica perto do stand de Ant\u00f3nio Casinhas, pai de Tiago, filho da apresentadora. Uma das casas afetadas pertence aos pais de Cristina Ferreira. O facto foi reportado pelo Correio da Manh\u00e3, sem coment\u00e1rio da apresentadora.\" \/>\n<meta property=\"og:url\" content=\"https:\/\/portaltela.pt\/noticias\/2026\/02\/13\/mau-tempo-dificulta-acessos-a-casa-de-cristina-ferreira\/\" \/>\n<meta property=\"og:site_name\" content=\"Portal Tela Portugal\" \/>\n<meta property=\"article:published_time\" content=\"2026-02-14T01:30:00+00:00\" \/>\n<meta name=\"author\" content=\"Telinha\" \/>\n<meta name=\"twitter:card\" content=\"summary_large_image\" \/>\n<meta name=\"twitter:label1\" content=\"Escrito por\" \/>\n\t<meta name=\"twitter:data1\" content=\"Telinha\" \/>\n\t<meta name=\"twitter:label2\" content=\"Tempo estimado de leitura\" \/>\n\t<meta name=\"twitter:data2\" content=\"1 minuto\" \/>\n<script type=\"application\/ld+json\" class=\"yoast-schema-graph\">{\"@context\":\"https:\/\/schema.org\",\"@graph\":[{\"@type\":\"Article\",\"@id\":\"https:\/\/portaltela.pt\/noticias\/2026\/02\/13\/mau-tempo-dificulta-acessos-a-casa-de-cristina-ferreira\/#article\",\"isPartOf\":{\"@id\":\"https:\/\/portaltela.pt\/noticias\/2026\/02\/13\/mau-tempo-dificulta-acessos-a-casa-de-cristina-ferreira\/\"},\"author\":{\"name\":\"Telinha\",\"@id\":\"https:\/\/portaltela.pt\/#\/schema\/person\/c4278d4a6028830caff9ee44b42d32ed\"},\"headline\":\"Mau tempo dificulta acessos \u00e0 casa de Cristina Ferreira\",\"datePublished\":\"2026-02-14T01:30:00+00:00\",\"mainEntityOfPage\":{\"@id\":\"https:\/\/portaltela.pt\/noticias\/2026\/02\/13\/mau-tempo-dificulta-acessos-a-casa-de-cristina-ferreira\/\"},\"wordCount\":141,\"image\":{\"@id\":\"https:\/\/portaltela.pt\/noticias\/2026\/02\/13\/mau-tempo-dificulta-acessos-a-casa-de-cristina-ferreira\/#primaryimage\"},\"thumbnailUrl\":\"https:\/\/portaltela.pt\/s.01k8rhncp4jt1\/2026\/02\/img_1280x718uu2025-11-02-12-07-59-2244961.jpg\",\"keywords\":[\"aviso de mau tempo\",\"clima\",\"Estragos\",\"fam\u00edlia\",\"Mafra\",\"vias cortadas\"],\"articleSection\":[\"Not\u00edcias\"],\"inLanguage\":\"pt-PT\"},{\"@type\":\"WebPage\",\"@id\":\"https:\/\/portaltela.pt\/noticias\/2026\/02\/13\/mau-tempo-dificulta-acessos-a-casa-de-cristina-ferreira\/\",\"url\":\"https:\/\/portaltela.pt\/noticias\/2026\/02\/13\/mau-tempo-dificulta-acessos-a-casa-de-cristina-ferreira\/\",\"name\":\"Mau tempo dificulta acessos \u00e0 casa de Cristina Ferreira - Portal Tela Portugal\",\"isPartOf\":{\"@id\":\"https:\/\/portaltela.pt\/#website\"},\"primaryImageOfPage\":{\"@id\":\"https:\/\/portaltela.pt\/noticias\/2026\/02\/13\/mau-tempo-dificulta-acessos-a-casa-de-cristina-ferreira\/#primaryimage\"},\"image\":{\"@id\":\"https:\/\/portaltela.pt\/noticias\/2026\/02\/13\/mau-tempo-dificulta-acessos-a-casa-de-cristina-ferreira\/#primaryimage\"},\"thumbnailUrl\":\"https:\/\/portaltela.pt\/s.01k8rhncp4jt1\/2026\/02\/img_1280x718uu2025-11-02-12-07-59-2244961.jpg\",\"datePublished\":\"2026-02-14T01:30:00+00:00\",\"author\":{\"@id\":\"https:\/\/portaltela.pt\/#\/schema\/person\/c4278d4a6028830caff9ee44b42d32ed\"},\"breadcrumb\":{\"@id\":\"https:\/\/portaltela.pt\/noticias\/2026\/02\/13\/mau-tempo-dificulta-acessos-a-casa-de-cristina-ferreira\/#breadcrumb\"},\"inLanguage\":\"pt-PT\",\"potentialAction\":[{\"@type\":\"ReadAction\",\"target\":[\"https:\/\/portaltela.pt\/noticias\/2026\/02\/13\/mau-tempo-dificulta-acessos-a-casa-de-cristina-ferreira\/\"]}]},{\"@type\":\"ImageObject\",\"inLanguage\":\"pt-PT\",\"@id\":\"https:\/\/portaltela.pt\/noticias\/2026\/02\/13\/mau-tempo-dificulta-acessos-a-casa-de-cristina-ferreira\/#primaryimage\",\"url\":\"https:\/\/portaltela.pt\/s.01k8rhncp4jt1\/2026\/02\/img_1280x718uu2025-11-02-12-07-59-2244961.jpg\",\"contentUrl\":\"https:\/\/portaltela.pt\/s.01k8rhncp4jt1\/2026\/02\/img_1280x718uu2025-11-02-12-07-59-2244961.jpg\",\"width\":796,\"height\":448,\"caption\":\"Cristina Ferreira anuncia evento a 15 de novembro. Casamento ou marketing?\"},{\"@type\":\"BreadcrumbList\",\"@id\":\"https:\/\/portaltela.pt\/noticias\/2026\/02\/13\/mau-tempo-dificulta-acessos-a-casa-de-cristina-ferreira\/#breadcrumb\",\"itemListElement\":[{\"@type\":\"ListItem\",\"position\":1,\"name\":\"In\u00edcio\",\"item\":\"https:\/\/portaltela.pt\/\"},{\"@type\":\"ListItem\",\"position\":2,\"name\":\"Mau tempo dificulta acessos \u00e0 casa de Cristina Ferreira\"}]},{\"@type\":\"WebSite\",\"@id\":\"https:\/\/portaltela.pt\/#website\",\"url\":\"https:\/\/portaltela.pt\/\",\"name\":\"Portal Tela Portugal\",\"description\":\"\",\"potentialAction\":[{\"@type\":\"SearchAction\",\"target\":{\"@type\":\"EntryPoint\",\"urlTemplate\":\"https:\/\/portaltela.pt\/?s={search_term_string}\"},\"query-input\":{\"@type\":\"PropertyValueSpecification\",\"valueRequired\":true,\"valueName\":\"search_term_string\"}}],\"inLanguage\":\"pt-PT\"},{\"@type\":\"Person\",\"@id\":\"https:\/\/portaltela.pt\/#\/schema\/person\/c4278d4a6028830caff9ee44b42d32ed\",\"name\":\"Telinha\",\"image\":{\"@type\":\"ImageObject\",\"inLanguage\":\"pt-PT\",\"@id\":\"https:\/\/portaltela.pt\/s.01k8rhncp4jt1\/2025\/11\/talking-bot-125x125.png\",\"url\":\"https:\/\/portaltela.pt\/s.01k8rhncp4jt1\/2025\/11\/talking-bot-125x125.png\",\"contentUrl\":\"https:\/\/portaltela.pt\/s.01k8rhncp4jt1\/2025\/11\/talking-bot-125x125.png\",\"caption\":\"Telinha\"},\"sameAs\":[\"https:\/\/portaltela.pt\/\"],\"url\":\"https:\/\/portaltela.pt\/por\/367410592786\/\"}]}<\/script>\n<!-- \/ Yoast SEO plugin. -->","yoast_head_json":{"title":"Mau tempo dificulta acessos \u00e0 casa de Cristina Ferreira - Portal Tela Portugal","robots":{"index":"index","follow":"follow","max-snippet":"max-snippet:-1","max-image-preview":"max-image-preview:large","max-video-preview":"max-video-preview:-1"},"og_locale":"pt_PT","og_type":"article","og_title":"Mau tempo dificulta acessos \u00e0 casa de Cristina Ferreira - Portal Tela Portugal","og_description":"O mau tempo com vento e chuvas fortes continua a provocar estragos em Portugal, incluindo estradas que cedem. Uma estrada de acesso \u00e0 casa de Cristina Ferreira, na Malveira, Mafra, cedeu e causou danos. O local fica perto do stand de Ant\u00f3nio Casinhas, pai de Tiago, filho da apresentadora. Uma das casas afetadas pertence aos pais de Cristina Ferreira. O facto foi reportado pelo Correio da Manh\u00e3, sem coment\u00e1rio da apresentadora.","og_url":"https:\/\/portaltela.pt\/noticias\/2026\/02\/13\/mau-tempo-dificulta-acessos-a-casa-de-cristina-ferreira\/","og_site_name":"Portal Tela Portugal","article_published_time":"2026-02-14T01:30:00+00:00","author":"Telinha","twitter_card":"summary_large_image","twitter_misc":{"Escrito por":"Telinha","Tempo estimado de leitura":"1 minuto"},"schema":{"@context":"https:\/\/schema.org","@graph":[{"@type":"Article","@id":"https:\/\/portaltela.pt\/noticias\/2026\/02\/13\/mau-tempo-dificulta-acessos-a-casa-de-cristina-ferreira\/#article","isPartOf":{"@id":"https:\/\/portaltela.pt\/noticias\/2026\/02\/13\/mau-tempo-dificulta-acessos-a-casa-de-cristina-ferreira\/"},"author":{"name":"Telinha","@id":"https:\/\/portaltela.pt\/#\/schema\/person\/c4278d4a6028830caff9ee44b42d32ed"},"headline":"Mau tempo dificulta acessos \u00e0 casa de Cristina Ferreira","datePublished":"2026-02-14T01:30:00+00:00","mainEntityOfPage":{"@id":"https:\/\/portaltela.pt\/noticias\/2026\/02\/13\/mau-tempo-dificulta-acessos-a-casa-de-cristina-ferreira\/"},"wordCount":141,"image":{"@id":"https:\/\/portaltela.pt\/noticias\/2026\/02\/13\/mau-tempo-dificulta-acessos-a-casa-de-cristina-ferreira\/#primaryimage"},"thumbnailUrl":"https:\/\/portaltela.pt\/s.01k8rhncp4jt1\/2026\/02\/img_1280x718uu2025-11-02-12-07-59-2244961.jpg","keywords":["aviso de mau tempo","clima","Estragos","fam\u00edlia","Mafra","vias cortadas"],"articleSection":["Not\u00edcias"],"inLanguage":"pt-PT"},{"@type":"WebPage","@id":"https:\/\/portaltela.pt\/noticias\/2026\/02\/13\/mau-tempo-dificulta-acessos-a-casa-de-cristina-ferreira\/","url":"https:\/\/portaltela.pt\/noticias\/2026\/02\/13\/mau-tempo-dificulta-acessos-a-casa-de-cristina-ferreira\/","name":"Mau tempo dificulta acessos \u00e0 casa de Cristina Ferreira - Portal Tela Portugal","isPartOf":{"@id":"https:\/\/portaltela.pt\/#website"},"primaryImageOfPage":{"@id":"https:\/\/portaltela.pt\/noticias\/2026\/02\/13\/mau-tempo-dificulta-acessos-a-casa-de-cristina-ferreira\/#primaryimage"},"image":{"@id":"https:\/\/portaltela.pt\/noticias\/2026\/02\/13\/mau-tempo-dificulta-acessos-a-casa-de-cristina-ferreira\/#primaryimage"},"thumbnailUrl":"https:\/\/portaltela.pt\/s.01k8rhncp4jt1\/2026\/02\/img_1280x718uu2025-11-02-12-07-59-2244961.jpg","datePublished":"2026-02-14T01:30:00+00:00","author":{"@id":"https:\/\/portaltela.pt\/#\/schema\/person\/c4278d4a6028830caff9ee44b42d32ed"},"breadcrumb":{"@id":"https:\/\/portaltela.pt\/noticias\/2026\/02\/13\/mau-tempo-dificulta-acessos-a-casa-de-cristina-ferreira\/#breadcrumb"},"inLanguage":"pt-PT","potentialAction":[{"@type":"ReadAction","target":["https:\/\/portaltela.pt\/noticias\/2026\/02\/13\/mau-tempo-dificulta-acessos-a-casa-de-cristina-ferreira\/"]}]},{"@type":"ImageObject","inLanguage":"pt-PT","@id":"https:\/\/portaltela.pt\/noticias\/2026\/02\/13\/mau-tempo-dificulta-acessos-a-casa-de-cristina-ferreira\/#primaryimage","url":"https:\/\/portaltela.pt\/s.01k8rhncp4jt1\/2026\/02\/img_1280x718uu2025-11-02-12-07-59-2244961.jpg","contentUrl":"https:\/\/portaltela.pt\/s.01k8rhncp4jt1\/2026\/02\/img_1280x718uu2025-11-02-12-07-59-2244961.jpg","width":796,"height":448,"caption":"Cristina Ferreira anuncia evento a 15 de novembro. Casamento ou marketing?"},{"@type":"BreadcrumbList","@id":"https:\/\/portaltela.pt\/noticias\/2026\/02\/13\/mau-tempo-dificulta-acessos-a-casa-de-cristina-ferreira\/#breadcrumb","itemListElement":[{"@type":"ListItem","position":1,"name":"In\u00edcio","item":"https:\/\/portaltela.pt\/"},{"@type":"ListItem","position":2,"name":"Mau tempo dificulta acessos \u00e0 casa de Cristina Ferreira"}]},{"@type":"WebSite","@id":"https:\/\/portaltela.pt\/#website","url":"https:\/\/portaltela.pt\/","name":"Portal Tela Portugal","description":"","potentialAction":[{"@type":"SearchAction","target":{"@type":"EntryPoint","urlTemplate":"https:\/\/portaltela.pt\/?s={search_term_string}"},"query-input":{"@type":"PropertyValueSpecification","valueRequired":true,"valueName":"search_term_string"}}],"inLanguage":"pt-PT"},{"@type":"Person","@id":"https:\/\/portaltela.pt\/#\/schema\/person\/c4278d4a6028830caff9ee44b42d32ed","name":"Telinha","image":{"@type":"ImageObject","inLanguage":"pt-PT","@id":"https:\/\/portaltela.pt\/s.01k8rhncp4jt1\/2025\/11\/talking-bot-125x125.png","url":"https:\/\/portaltela.pt\/s.01k8rhncp4jt1\/2025\/11\/talking-bot-125x125.png","contentUrl":"https:\/\/portaltela.pt\/s.01k8rhncp4jt1\/2025\/11\/talking-bot-125x125.png","caption":"Telinha"},"sameAs":["https:\/\/portaltela.pt\/"],"url":"https:\/\/portaltela.pt\/por\/367410592786\/"}]}},"_links":{"self":[{"href":"https:\/\/portaltela.pt\/api\/wp\/v2\/posts\/211850","targetHints":{"allow":["GET"]}}],"collection":[{"href":"https:\/\/portaltela.pt\/api\/wp\/v2\/posts"}],"about":[{"href":"https:\/\/portaltela.pt\/api\/wp\/v2\/types\/post"}],"author":[{"embeddable":true,"href":"https:\/\/portaltela.pt\/api\/wp\/v2\/users\/2"}],"replies":[{"embeddable":true,"href":"https:\/\/portaltela.pt\/api\/wp\/v2\/comments?post=211850"}],"version-history":[{"count":0,"href":"https:\/\/portaltela.pt\/api\/wp\/v2\/posts\/211850\/revisions"}],"wp:featuredmedia":[{"embeddable":true,"href":"https:\/\/portaltela.pt\/api\/wp\/v2\/media\/211862"}],"wp:attachment":[{"href":"https:\/\/portaltela.pt\/api\/wp\/v2\/media?parent=211850"}],"wp:term":[{"taxonomy":"category","embeddable":true,"href":"https:\/\/portaltela.pt\/api\/wp\/v2\/categories?post=211850"},{"taxonomy":"post_tag","embeddable":true,"href":"https:\/\/portaltela.pt\/api\/wp\/v2\/tags?post=211850"}],"curies":[{"name":"wp","href":"https:\/\/api.w.org\/{rel}","templated":true}]}}