{"id":211846,"date":"2026-02-13T22:30:00","date_gmt":"2026-02-14T01:30:00","guid":{"rendered":"https:\/\/portaltela.pt\/noticias\/2026\/02\/13\/nuno-homem-de-sa-devera-sentar-se-no-banco-dos-reus\/"},"modified":"2026-02-13T22:30:00","modified_gmt":"2026-02-14T01:30:00","slug":"nuno-homem-de-sa-devera-sentar-se-no-banco-dos-reus","status":"publish","type":"post","link":"https:\/\/portaltela.pt\/noticias\/2026\/02\/13\/nuno-homem-de-sa-devera-sentar-se-no-banco-dos-reus\/","title":{"rendered":"Nuno Homem de S\u00e1 dever\u00e1 sentar-se no banco dos r\u00e9us"},"content":{"rendered":"<p>O ator Nuno Homem de S\u00e1 ir\u00e1 sentar-se no banco dos r\u00e9us no Tribunal de Torres Vedras no pr\u00f3ximo dia 24. O processo envolve crimes de viol\u00eancia dom\u00e9stica, viola\u00e7\u00e3o de domic\u00edlio e perturba\u00e7\u00e3o da vida privada, conforme acusa\u00e7\u00f5es do Minist\u00e9rio P\u00fablico. A queixa parte de Frederica Lima, com quem o r\u00e9u manteve relacionamento entre 2022 e 2023.<\/p>\n<p>Segundo a acusa\u00e7\u00e3o, os crimes decorrem de eventos ocorridos durante o namoro, levando o MP a pedir interven\u00e7\u00e3o judicial. O julgamento ter\u00e1 lugar no espa\u00e7o do Tribunal de Torres Vedras, com impacto direto no futuro do processo penal do ator.<\/p>\n<p>No m\u00eas seguinte, em mar\u00e7o, Nuno Homem de S\u00e1 ter\u00e1 de enfrentar outro julgamento, desta vez no Tribunal de Viseu, no \u00e2mbito de um processo de viol\u00eancia dom\u00e9stica agravada contra N\u00e1dia Lopes. Caso haja condena\u00e7\u00e3o no primeiro processo, a medida pode influenciar o segundo, nomeadamente atrav\u00e9s de c\u00famulo jur\u00eddico, potencialmente agravando a pena.<\/p>\n","protected":false},"excerpt":{"rendered":"<ul>\n<li>Nuno Homem de S\u00e1 vai sentar-se no banco dos r\u00e9us no Tribunal de Torres Vedras, em 24 do m\u00eas, por crimes de viol\u00eancia dom\u00e9stica, viola\u00e7\u00e3o de domic\u00edlio e perturba\u00e7\u00e3o da vida privada, baseados na queixa de Frederica Lima.<\/li>\n<li>Frederica Lima foi a ex-namorada do ator, com quem namorou entre 2022 e 2023, e \u00e9 quem apresenta as acusa\u00e7\u00f5es em rela\u00e7\u00e3o ao processo inicial.<\/li>\n<li>No m\u00eas seguinte, em mar\u00e7o, o ator tamb\u00e9m ser\u00e1 julgado no Tribunal de Viseu num segundo caso de viol\u00eancia dom\u00e9stica agravada, desta vez contra N\u00e1dia Lopes.<\/li>\n<li>Se for condenado no primeiro julgamento, a pena pode ser agravada por c\u00famulo jur\u00eddico no segundo processo, mesmo estando os dois a decorrerem separadamente.<\/li>\n<\/ul>\n","protected":false},"author":2,"featured_media":211858,"comment_status":"closed","ping_status":"closed","sticky":false,"template":"","format":"standard","meta":{"footnotes":""},"categories":[1],"tags":[147,5908,2649,214,899],"class_list":["post-211846","post","type-post","status-publish","format-standard","has-post-thumbnail","hentry","category-noticias","tag-crime","tag-perturbacao-de-vida-privada","tag-violacao-de-domicilio","tag-violencia-domestica","tag-violencia-domestica-agravada"],"yoast_head":"<!-- This site is optimized with the Yoast SEO plugin v27.2 - https:\/\/yoast.com\/product\/yoast-seo-wordpress\/ -->\n<title>Nuno Homem de S\u00e1 dever\u00e1 sentar-se no banco dos r\u00e9us - Portal Tela Portugal<\/title>\n<meta name=\"robots\" content=\"index, follow, max-snippet:-1, max-image-preview:large, max-video-preview:-1\" \/>\n<meta property=\"og:locale\" content=\"pt_PT\" \/>\n<meta property=\"og:type\" content=\"article\" \/>\n<meta property=\"og:title\" content=\"Nuno Homem de S\u00e1 dever\u00e1 sentar-se no banco dos r\u00e9us - Portal Tela Portugal\" \/>\n<meta property=\"og:description\" content=\"Nuno Homem de S\u00e1 vai sentar-se no banco dos r\u00e9us no Tribunal de Torres Vedras, em 24 do m\u00eas, por crimes de viol\u00eancia dom\u00e9stica, viola\u00e7\u00e3o de domic\u00edlio e perturba\u00e7\u00e3o da vida privada, baseados na queixa de Frederica Lima. Frederica Lima foi a ex-namorada do ator, com quem namorou entre 2022 e 2023, e \u00e9 quem apresenta as acusa\u00e7\u00f5es em rela\u00e7\u00e3o ao processo inicial. No m\u00eas seguinte, em mar\u00e7o, o ator tamb\u00e9m ser\u00e1 julgado no Tribunal de Viseu num segundo caso de viol\u00eancia dom\u00e9stica agravada, desta vez contra N\u00e1dia Lopes. Se for condenado no primeiro julgamento, a pena pode ser agravada por c\u00famulo jur\u00eddico no segundo processo, mesmo estando os dois a decorrerem separadamente.\" \/>\n<meta property=\"og:url\" content=\"https:\/\/portaltela.pt\/noticias\/2026\/02\/13\/nuno-homem-de-sa-devera-sentar-se-no-banco-dos-reus\/\" \/>\n<meta property=\"og:site_name\" content=\"Portal Tela Portugal\" \/>\n<meta property=\"article:published_time\" content=\"2026-02-14T01:30:00+00:00\" \/>\n<meta name=\"author\" content=\"Telinha\" \/>\n<meta name=\"twitter:card\" content=\"summary_large_image\" \/>\n<meta name=\"twitter:label1\" content=\"Escrito por\" \/>\n\t<meta name=\"twitter:data1\" content=\"Telinha\" \/>\n\t<meta name=\"twitter:label2\" content=\"Tempo estimado de leitura\" \/>\n\t<meta name=\"twitter:data2\" content=\"1 minuto\" \/>\n<script type=\"application\/ld+json\" class=\"yoast-schema-graph\">{\"@context\":\"https:\/\/schema.org\",\"@graph\":[{\"@type\":\"Article\",\"@id\":\"https:\/\/portaltela.pt\/noticias\/2026\/02\/13\/nuno-homem-de-sa-devera-sentar-se-no-banco-dos-reus\/#article\",\"isPartOf\":{\"@id\":\"https:\/\/portaltela.pt\/noticias\/2026\/02\/13\/nuno-homem-de-sa-devera-sentar-se-no-banco-dos-reus\/\"},\"author\":{\"name\":\"Telinha\",\"@id\":\"https:\/\/portaltela.pt\/#\/schema\/person\/c4278d4a6028830caff9ee44b42d32ed\"},\"headline\":\"Nuno Homem de S\u00e1 dever\u00e1 sentar-se no banco dos r\u00e9us\",\"datePublished\":\"2026-02-14T01:30:00+00:00\",\"mainEntityOfPage\":{\"@id\":\"https:\/\/portaltela.pt\/noticias\/2026\/02\/13\/nuno-homem-de-sa-devera-sentar-se-no-banco-dos-reus\/\"},\"wordCount\":181,\"image\":{\"@id\":\"https:\/\/portaltela.pt\/noticias\/2026\/02\/13\/nuno-homem-de-sa-devera-sentar-se-no-banco-dos-reus\/#primaryimage\"},\"thumbnailUrl\":\"https:\/\/portaltela.pt\/s.01k8rhncp4jt1\/2026\/02\/img_1280x718uu2025-09-05-21-24-22-2233513-im-638979681834092849.jpg\",\"keywords\":[\"crime\",\"Perturba\u00e7\u00e3o de vida privada\",\"viola\u00e7\u00e3o de domic\u00edlio\",\"viol\u00eancia dom\u00e9stica\",\"viol\u00eancia dom\u00e9stica agravada\"],\"articleSection\":[\"Not\u00edcias\"],\"inLanguage\":\"pt-PT\"},{\"@type\":\"WebPage\",\"@id\":\"https:\/\/portaltela.pt\/noticias\/2026\/02\/13\/nuno-homem-de-sa-devera-sentar-se-no-banco-dos-reus\/\",\"url\":\"https:\/\/portaltela.pt\/noticias\/2026\/02\/13\/nuno-homem-de-sa-devera-sentar-se-no-banco-dos-reus\/\",\"name\":\"Nuno Homem de S\u00e1 dever\u00e1 sentar-se no banco dos r\u00e9us - Portal Tela Portugal\",\"isPartOf\":{\"@id\":\"https:\/\/portaltela.pt\/#website\"},\"primaryImageOfPage\":{\"@id\":\"https:\/\/portaltela.pt\/noticias\/2026\/02\/13\/nuno-homem-de-sa-devera-sentar-se-no-banco-dos-reus\/#primaryimage\"},\"image\":{\"@id\":\"https:\/\/portaltela.pt\/noticias\/2026\/02\/13\/nuno-homem-de-sa-devera-sentar-se-no-banco-dos-reus\/#primaryimage\"},\"thumbnailUrl\":\"https:\/\/portaltela.pt\/s.01k8rhncp4jt1\/2026\/02\/img_1280x718uu2025-09-05-21-24-22-2233513-im-638979681834092849.jpg\",\"datePublished\":\"2026-02-14T01:30:00+00:00\",\"author\":{\"@id\":\"https:\/\/portaltela.pt\/#\/schema\/person\/c4278d4a6028830caff9ee44b42d32ed\"},\"breadcrumb\":{\"@id\":\"https:\/\/portaltela.pt\/noticias\/2026\/02\/13\/nuno-homem-de-sa-devera-sentar-se-no-banco-dos-reus\/#breadcrumb\"},\"inLanguage\":\"pt-PT\",\"potentialAction\":[{\"@type\":\"ReadAction\",\"target\":[\"https:\/\/portaltela.pt\/noticias\/2026\/02\/13\/nuno-homem-de-sa-devera-sentar-se-no-banco-dos-reus\/\"]}]},{\"@type\":\"ImageObject\",\"inLanguage\":\"pt-PT\",\"@id\":\"https:\/\/portaltela.pt\/noticias\/2026\/02\/13\/nuno-homem-de-sa-devera-sentar-se-no-banco-dos-reus\/#primaryimage\",\"url\":\"https:\/\/portaltela.pt\/s.01k8rhncp4jt1\/2026\/02\/img_1280x718uu2025-09-05-21-24-22-2233513-im-638979681834092849.jpg\",\"contentUrl\":\"https:\/\/portaltela.pt\/s.01k8rhncp4jt1\/2026\/02\/img_1280x718uu2025-09-05-21-24-22-2233513-im-638979681834092849.jpg\",\"width\":796,\"height\":448,\"caption\":\"Nuno Homem de S\u00e1 e Frederica\"},{\"@type\":\"BreadcrumbList\",\"@id\":\"https:\/\/portaltela.pt\/noticias\/2026\/02\/13\/nuno-homem-de-sa-devera-sentar-se-no-banco-dos-reus\/#breadcrumb\",\"itemListElement\":[{\"@type\":\"ListItem\",\"position\":1,\"name\":\"In\u00edcio\",\"item\":\"https:\/\/portaltela.pt\/\"},{\"@type\":\"ListItem\",\"position\":2,\"name\":\"Nuno Homem de S\u00e1 dever\u00e1 sentar-se no banco dos r\u00e9us\"}]},{\"@type\":\"WebSite\",\"@id\":\"https:\/\/portaltela.pt\/#website\",\"url\":\"https:\/\/portaltela.pt\/\",\"name\":\"Portal Tela Portugal\",\"description\":\"\",\"potentialAction\":[{\"@type\":\"SearchAction\",\"target\":{\"@type\":\"EntryPoint\",\"urlTemplate\":\"https:\/\/portaltela.pt\/?s={search_term_string}\"},\"query-input\":{\"@type\":\"PropertyValueSpecification\",\"valueRequired\":true,\"valueName\":\"search_term_string\"}}],\"inLanguage\":\"pt-PT\"},{\"@type\":\"Person\",\"@id\":\"https:\/\/portaltela.pt\/#\/schema\/person\/c4278d4a6028830caff9ee44b42d32ed\",\"name\":\"Telinha\",\"image\":{\"@type\":\"ImageObject\",\"inLanguage\":\"pt-PT\",\"@id\":\"https:\/\/portaltela.pt\/s.01k8rhncp4jt1\/2025\/11\/talking-bot-125x125.png\",\"url\":\"https:\/\/portaltela.pt\/s.01k8rhncp4jt1\/2025\/11\/talking-bot-125x125.png\",\"contentUrl\":\"https:\/\/portaltela.pt\/s.01k8rhncp4jt1\/2025\/11\/talking-bot-125x125.png\",\"caption\":\"Telinha\"},\"sameAs\":[\"https:\/\/portaltela.pt\/\"],\"url\":\"https:\/\/portaltela.pt\/por\/367410592786\/\"}]}<\/script>\n<!-- \/ Yoast SEO plugin. -->","yoast_head_json":{"title":"Nuno Homem de S\u00e1 dever\u00e1 sentar-se no banco dos r\u00e9us - Portal Tela Portugal","robots":{"index":"index","follow":"follow","max-snippet":"max-snippet:-1","max-image-preview":"max-image-preview:large","max-video-preview":"max-video-preview:-1"},"og_locale":"pt_PT","og_type":"article","og_title":"Nuno Homem de S\u00e1 dever\u00e1 sentar-se no banco dos r\u00e9us - Portal Tela Portugal","og_description":"Nuno Homem de S\u00e1 vai sentar-se no banco dos r\u00e9us no Tribunal de Torres Vedras, em 24 do m\u00eas, por crimes de viol\u00eancia dom\u00e9stica, viola\u00e7\u00e3o de domic\u00edlio e perturba\u00e7\u00e3o da vida privada, baseados na queixa de Frederica Lima. Frederica Lima foi a ex-namorada do ator, com quem namorou entre 2022 e 2023, e \u00e9 quem apresenta as acusa\u00e7\u00f5es em rela\u00e7\u00e3o ao processo inicial. No m\u00eas seguinte, em mar\u00e7o, o ator tamb\u00e9m ser\u00e1 julgado no Tribunal de Viseu num segundo caso de viol\u00eancia dom\u00e9stica agravada, desta vez contra N\u00e1dia Lopes. Se for condenado no primeiro julgamento, a pena pode ser agravada por c\u00famulo jur\u00eddico no segundo processo, mesmo estando os dois a decorrerem separadamente.","og_url":"https:\/\/portaltela.pt\/noticias\/2026\/02\/13\/nuno-homem-de-sa-devera-sentar-se-no-banco-dos-reus\/","og_site_name":"Portal Tela Portugal","article_published_time":"2026-02-14T01:30:00+00:00","author":"Telinha","twitter_card":"summary_large_image","twitter_misc":{"Escrito por":"Telinha","Tempo estimado de leitura":"1 minuto"},"schema":{"@context":"https:\/\/schema.org","@graph":[{"@type":"Article","@id":"https:\/\/portaltela.pt\/noticias\/2026\/02\/13\/nuno-homem-de-sa-devera-sentar-se-no-banco-dos-reus\/#article","isPartOf":{"@id":"https:\/\/portaltela.pt\/noticias\/2026\/02\/13\/nuno-homem-de-sa-devera-sentar-se-no-banco-dos-reus\/"},"author":{"name":"Telinha","@id":"https:\/\/portaltela.pt\/#\/schema\/person\/c4278d4a6028830caff9ee44b42d32ed"},"headline":"Nuno Homem de S\u00e1 dever\u00e1 sentar-se no banco dos r\u00e9us","datePublished":"2026-02-14T01:30:00+00:00","mainEntityOfPage":{"@id":"https:\/\/portaltela.pt\/noticias\/2026\/02\/13\/nuno-homem-de-sa-devera-sentar-se-no-banco-dos-reus\/"},"wordCount":181,"image":{"@id":"https:\/\/portaltela.pt\/noticias\/2026\/02\/13\/nuno-homem-de-sa-devera-sentar-se-no-banco-dos-reus\/#primaryimage"},"thumbnailUrl":"https:\/\/portaltela.pt\/s.01k8rhncp4jt1\/2026\/02\/img_1280x718uu2025-09-05-21-24-22-2233513-im-638979681834092849.jpg","keywords":["crime","Perturba\u00e7\u00e3o de vida privada","viola\u00e7\u00e3o de domic\u00edlio","viol\u00eancia dom\u00e9stica","viol\u00eancia dom\u00e9stica agravada"],"articleSection":["Not\u00edcias"],"inLanguage":"pt-PT"},{"@type":"WebPage","@id":"https:\/\/portaltela.pt\/noticias\/2026\/02\/13\/nuno-homem-de-sa-devera-sentar-se-no-banco-dos-reus\/","url":"https:\/\/portaltela.pt\/noticias\/2026\/02\/13\/nuno-homem-de-sa-devera-sentar-se-no-banco-dos-reus\/","name":"Nuno Homem de S\u00e1 dever\u00e1 sentar-se no banco dos r\u00e9us - Portal Tela Portugal","isPartOf":{"@id":"https:\/\/portaltela.pt\/#website"},"primaryImageOfPage":{"@id":"https:\/\/portaltela.pt\/noticias\/2026\/02\/13\/nuno-homem-de-sa-devera-sentar-se-no-banco-dos-reus\/#primaryimage"},"image":{"@id":"https:\/\/portaltela.pt\/noticias\/2026\/02\/13\/nuno-homem-de-sa-devera-sentar-se-no-banco-dos-reus\/#primaryimage"},"thumbnailUrl":"https:\/\/portaltela.pt\/s.01k8rhncp4jt1\/2026\/02\/img_1280x718uu2025-09-05-21-24-22-2233513-im-638979681834092849.jpg","datePublished":"2026-02-14T01:30:00+00:00","author":{"@id":"https:\/\/portaltela.pt\/#\/schema\/person\/c4278d4a6028830caff9ee44b42d32ed"},"breadcrumb":{"@id":"https:\/\/portaltela.pt\/noticias\/2026\/02\/13\/nuno-homem-de-sa-devera-sentar-se-no-banco-dos-reus\/#breadcrumb"},"inLanguage":"pt-PT","potentialAction":[{"@type":"ReadAction","target":["https:\/\/portaltela.pt\/noticias\/2026\/02\/13\/nuno-homem-de-sa-devera-sentar-se-no-banco-dos-reus\/"]}]},{"@type":"ImageObject","inLanguage":"pt-PT","@id":"https:\/\/portaltela.pt\/noticias\/2026\/02\/13\/nuno-homem-de-sa-devera-sentar-se-no-banco-dos-reus\/#primaryimage","url":"https:\/\/portaltela.pt\/s.01k8rhncp4jt1\/2026\/02\/img_1280x718uu2025-09-05-21-24-22-2233513-im-638979681834092849.jpg","contentUrl":"https:\/\/portaltela.pt\/s.01k8rhncp4jt1\/2026\/02\/img_1280x718uu2025-09-05-21-24-22-2233513-im-638979681834092849.jpg","width":796,"height":448,"caption":"Nuno Homem de S\u00e1 e Frederica"},{"@type":"BreadcrumbList","@id":"https:\/\/portaltela.pt\/noticias\/2026\/02\/13\/nuno-homem-de-sa-devera-sentar-se-no-banco-dos-reus\/#breadcrumb","itemListElement":[{"@type":"ListItem","position":1,"name":"In\u00edcio","item":"https:\/\/portaltela.pt\/"},{"@type":"ListItem","position":2,"name":"Nuno Homem de S\u00e1 dever\u00e1 sentar-se no banco dos r\u00e9us"}]},{"@type":"WebSite","@id":"https:\/\/portaltela.pt\/#website","url":"https:\/\/portaltela.pt\/","name":"Portal Tela Portugal","description":"","potentialAction":[{"@type":"SearchAction","target":{"@type":"EntryPoint","urlTemplate":"https:\/\/portaltela.pt\/?s={search_term_string}"},"query-input":{"@type":"PropertyValueSpecification","valueRequired":true,"valueName":"search_term_string"}}],"inLanguage":"pt-PT"},{"@type":"Person","@id":"https:\/\/portaltela.pt\/#\/schema\/person\/c4278d4a6028830caff9ee44b42d32ed","name":"Telinha","image":{"@type":"ImageObject","inLanguage":"pt-PT","@id":"https:\/\/portaltela.pt\/s.01k8rhncp4jt1\/2025\/11\/talking-bot-125x125.png","url":"https:\/\/portaltela.pt\/s.01k8rhncp4jt1\/2025\/11\/talking-bot-125x125.png","contentUrl":"https:\/\/portaltela.pt\/s.01k8rhncp4jt1\/2025\/11\/talking-bot-125x125.png","caption":"Telinha"},"sameAs":["https:\/\/portaltela.pt\/"],"url":"https:\/\/portaltela.pt\/por\/367410592786\/"}]}},"_links":{"self":[{"href":"https:\/\/portaltela.pt\/api\/wp\/v2\/posts\/211846","targetHints":{"allow":["GET"]}}],"collection":[{"href":"https:\/\/portaltela.pt\/api\/wp\/v2\/posts"}],"about":[{"href":"https:\/\/portaltela.pt\/api\/wp\/v2\/types\/post"}],"author":[{"embeddable":true,"href":"https:\/\/portaltela.pt\/api\/wp\/v2\/users\/2"}],"replies":[{"embeddable":true,"href":"https:\/\/portaltela.pt\/api\/wp\/v2\/comments?post=211846"}],"version-history":[{"count":0,"href":"https:\/\/portaltela.pt\/api\/wp\/v2\/posts\/211846\/revisions"}],"wp:featuredmedia":[{"embeddable":true,"href":"https:\/\/portaltela.pt\/api\/wp\/v2\/media\/211858"}],"wp:attachment":[{"href":"https:\/\/portaltela.pt\/api\/wp\/v2\/media?parent=211846"}],"wp:term":[{"taxonomy":"category","embeddable":true,"href":"https:\/\/portaltela.pt\/api\/wp\/v2\/categories?post=211846"},{"taxonomy":"post_tag","embeddable":true,"href":"https:\/\/portaltela.pt\/api\/wp\/v2\/tags?post=211846"}],"curies":[{"name":"wp","href":"https:\/\/api.w.org\/{rel}","templated":true}]}}