{"id":211826,"date":"2026-02-13T21:30:11","date_gmt":"2026-02-14T00:30:11","guid":{"rendered":"https:\/\/portaltela.pt\/noticias\/2026\/02\/13\/fne-exige-reuniao-urgente-para-rever-regime-do-ensino-portugues-no-estrangeiro\/"},"modified":"2026-02-13T21:30:11","modified_gmt":"2026-02-14T00:30:11","slug":"fne-exige-reuniao-urgente-para-rever-regime-do-ensino-portugues-no-estrangeiro","status":"publish","type":"post","link":"https:\/\/portaltela.pt\/noticias\/2026\/02\/13\/fne-exige-reuniao-urgente-para-rever-regime-do-ensino-portugues-no-estrangeiro\/","title":{"rendered":"FNE exige reuni\u00e3o urgente para rever regime do Ensino Portugu\u00eas no Estrangeiro"},"content":{"rendered":"<p>A Federa\u00e7\u00e3o Nacional da Educa\u00e7\u00e3o (FNE) pediu uma reuni\u00e3o urgente ao Secret\u00e1rio de Estado das Comunidades Portuguesas (SECP) para abrir um processo negocial sobre a revis\u00e3o do Regime Jur\u00eddico do Ensino Portugu\u00eas no Estrangeiro. O pedido surge depois de declara\u00e7\u00f5es de Em\u00eddio Sousa, em Londres, na semana passada, de que o Governo vai trabalhar na revis\u00e3o do regime nos pr\u00f3ximos meses para mitigar dificuldades, sobretudo financeiras, mas tamb\u00e9m de outra natureza.<\/p>\n<p>A federa\u00e7\u00e3o recorda a ampla divulga\u00e7\u00e3o p\u00fablica das palavras do secret\u00e1rio, mas ressalva que, at\u00e9 ao momento, n\u00e3o houve qualquer revis\u00e3o do regime, apesar de propostas de altera\u00e7\u00e3o j\u00e1 terem sido apresentadas pela FNE ao longo dos mandatos de anteriores secret\u00e1rios de Estado. O texto menciona ainda que antigos titulares da pasta repetiam promessas de revis\u00e3o breve, sem concretiza\u00e7\u00e3o.<\/p>\n<p>Al\u00e9m disso, a FNE sublinha que, at\u00e9 hoje, n\u00e3o chegaram propostas da tutela para estudo nem houve di\u00e1logo formal sobre esta mat\u00e9ria. A organiza\u00e7\u00e3o aponta ainda a aus\u00eancia de resposta a of\u00edcios e pedidos de negocia\u00e7\u00e3o apresentados pela FNE e pelo SPCL (Sindicato dos Professores nas Comunidades Lus\u00edadas). Mant\u00e9m, contudo, a expectativa de que as inten\u00e7\u00f5es se traduzam em a\u00e7\u00f5es.<\/p>\n<p>O comunicado aponta a import\u00e2ncia do tema para os docentes em exerc\u00edcio no Ensino Portugu\u00eas no Estrangeiro e o eventual impacto da revis\u00e3o nas condi\u00e7\u00f5es de trabalho, carreira e estabilidade profissional. A FNE solicita um processo negocial baseado no di\u00e1logo social, em sede de negocia\u00e7\u00e3o. O envio do pedido \u00e0 tutela fica registado, com disponibilidade para participa\u00e7\u00e3o construtiva.<\/p>\n<h3>Contexto e perspetivas do governo<\/h3>\n<p>Em Londres, o Secret\u00e1rio de Estado das Comunidades Portuguesas adiantou que o Governo pretende melhorar as condi\u00e7\u00f5es remunerat\u00f3rias e de apoio aos professores de l\u00edngua portuguesa no exterior para tornar a carreira mais atrativa e facilitar o recrutamento. Foi referido tamb\u00e9m que ser\u00e3o revistos aspetos ligados ao ensino, aos m\u00e9todos e ao desempenho, sem detalhes sobre propostas espec\u00edficas.<\/p>\n<p>O Governo afirma manter o ensino do portugu\u00eas no estrangeiro como ativo estrat\u00e9gico para o pa\u00eds, reconhecendo, por\u00e9m, que a atratividade da profiss\u00e3o tem vindo a diminuir a n\u00edvel global e em Portugal. A comunica\u00e7\u00e3o tamb\u00e9m indica que as mudan\u00e7as ser\u00e3o discutidas num quadro de di\u00e1logo social, com a participa\u00e7\u00e3o das entidades representativas.<\/p>\n","protected":false},"excerpt":{"rendered":"<ul>\n<li>A Federa\u00e7\u00e3o Nacional da Educa\u00e7\u00e3o (FNE) pediu uma reuni\u00e3o urgente ao Secret\u00e1rio de Estado das Comunidades Portuguesas para abrir um processo negocial sobre a revis\u00e3o do Regime Jur\u00eddico do Ensino Portugu\u00eas no Estrangeiro.<\/li>\n<li>O pedido surge depois de Em\u00eddio Sousa, em Londres, ter avan\u00e7ado que o Governo vai trabalhar na revis\u00e3o do regime nos pr\u00f3ximos meses para mitigar dificuldades, sobretudo financeiras.<\/li>\n<li>A FNE recorda que, at\u00e9 agora, n\u00e3o houve propostas remessas pela tutela nem di\u00e1logo formal, apesar de altera\u00e7\u00f5es j\u00e1 terem sido sugeridas pela federa\u00e7\u00e3o em mandatos anteriores.<\/li>\n<li>O comunicado sublinha o impacto da revis\u00e3o nas condi\u00e7\u00f5es de trabalho, carreira e estabilidade profissional dos docentes no estrangeiro, defendendo negocia\u00e7\u00e3o atrav\u00e9s do di\u00e1logo social.<\/li>\n<li>A federa\u00e7\u00e3o encerra anunciando o envio do pedido \u00e0 tutela e a disponibilidade para participar numa negocia\u00e7\u00e3o com car\u00e1cter de urg\u00eancia.<\/li>\n<\/ul>\n","protected":false},"author":2,"featured_media":211827,"comment_status":"closed","ping_status":"closed","sticky":false,"template":"","format":"standard","meta":{"footnotes":""},"categories":[1],"tags":[903,5548,5207,163,92,34],"class_list":["post-211826","post","type-post","status-publish","format-standard","has-post-thumbnail","hentry","category-noticias","tag-comunidades","tag-comunidades-internacionais","tag-dialogo-internacional","tag-educacao","tag-ensino","tag-governo"],"yoast_head":"<!-- This site is optimized with the Yoast SEO plugin v27.2 - https:\/\/yoast.com\/product\/yoast-seo-wordpress\/ -->\n<title>FNE exige reuni\u00e3o urgente para rever regime do Ensino Portugu\u00eas no Estrangeiro - Portal Tela Portugal<\/title>\n<meta name=\"robots\" content=\"index, follow, max-snippet:-1, max-image-preview:large, max-video-preview:-1\" \/>\n<meta property=\"og:locale\" content=\"pt_PT\" \/>\n<meta property=\"og:type\" content=\"article\" \/>\n<meta property=\"og:title\" content=\"FNE exige reuni\u00e3o urgente para rever regime do Ensino Portugu\u00eas no Estrangeiro - Portal Tela Portugal\" \/>\n<meta property=\"og:description\" content=\"A Federa\u00e7\u00e3o Nacional da Educa\u00e7\u00e3o (FNE) pediu uma reuni\u00e3o urgente ao Secret\u00e1rio de Estado das Comunidades Portuguesas para abrir um processo negocial sobre a revis\u00e3o do Regime Jur\u00eddico do Ensino Portugu\u00eas no Estrangeiro. O pedido surge depois de Em\u00eddio Sousa, em Londres, ter avan\u00e7ado que o Governo vai trabalhar na revis\u00e3o do regime nos pr\u00f3ximos meses para mitigar dificuldades, sobretudo financeiras. A FNE recorda que, at\u00e9 agora, n\u00e3o houve propostas remessas pela tutela nem di\u00e1logo formal, apesar de altera\u00e7\u00f5es j\u00e1 terem sido sugeridas pela federa\u00e7\u00e3o em mandatos anteriores. O comunicado sublinha o impacto da revis\u00e3o nas condi\u00e7\u00f5es de trabalho, carreira e estabilidade profissional dos docentes no estrangeiro, defendendo negocia\u00e7\u00e3o atrav\u00e9s do di\u00e1logo social. A federa\u00e7\u00e3o encerra anunciando o envio do pedido \u00e0 tutela e a disponibilidade para participar numa negocia\u00e7\u00e3o com car\u00e1cter de urg\u00eancia.\" \/>\n<meta property=\"og:url\" content=\"https:\/\/portaltela.pt\/noticias\/2026\/02\/13\/fne-exige-reuniao-urgente-para-rever-regime-do-ensino-portugues-no-estrangeiro\/\" \/>\n<meta property=\"og:site_name\" content=\"Portal Tela Portugal\" \/>\n<meta property=\"article:published_time\" content=\"2026-02-14T00:30:11+00:00\" \/>\n<meta name=\"author\" content=\"Telinha\" \/>\n<meta name=\"twitter:card\" content=\"summary_large_image\" \/>\n<meta name=\"twitter:label1\" content=\"Escrito por\" \/>\n\t<meta name=\"twitter:data1\" content=\"Telinha\" \/>\n\t<meta name=\"twitter:label2\" content=\"Tempo estimado de leitura\" \/>\n\t<meta name=\"twitter:data2\" content=\"2 minutos\" \/>\n<script type=\"application\/ld+json\" class=\"yoast-schema-graph\">{\"@context\":\"https:\/\/schema.org\",\"@graph\":[{\"@type\":\"Article\",\"@id\":\"https:\/\/portaltela.pt\/noticias\/2026\/02\/13\/fne-exige-reuniao-urgente-para-rever-regime-do-ensino-portugues-no-estrangeiro\/#article\",\"isPartOf\":{\"@id\":\"https:\/\/portaltela.pt\/noticias\/2026\/02\/13\/fne-exige-reuniao-urgente-para-rever-regime-do-ensino-portugues-no-estrangeiro\/\"},\"author\":{\"name\":\"Telinha\",\"@id\":\"https:\/\/portaltela.pt\/#\/schema\/person\/c4278d4a6028830caff9ee44b42d32ed\"},\"headline\":\"FNE exige reuni\u00e3o urgente para rever regime do Ensino Portugu\u00eas no Estrangeiro\",\"datePublished\":\"2026-02-14T00:30:11+00:00\",\"mainEntityOfPage\":{\"@id\":\"https:\/\/portaltela.pt\/noticias\/2026\/02\/13\/fne-exige-reuniao-urgente-para-rever-regime-do-ensino-portugues-no-estrangeiro\/\"},\"wordCount\":439,\"image\":{\"@id\":\"https:\/\/portaltela.pt\/noticias\/2026\/02\/13\/fne-exige-reuniao-urgente-para-rever-regime-do-ensino-portugues-no-estrangeiro\/#primaryimage\"},\"thumbnailUrl\":\"https:\/\/portaltela.pt\/s.01k8rhncp4jt1\/2026\/02\/img_1500x1000uu2017-09-15-23-27-00-668164.jpg\",\"keywords\":[\"comunidades\",\"comunidades internacionais\",\"Di\u00e1logo internacional\",\"educa\u00e7\u00e3o\",\"ensino\",\"governo\"],\"articleSection\":[\"Not\u00edcias\"],\"inLanguage\":\"pt-PT\"},{\"@type\":\"WebPage\",\"@id\":\"https:\/\/portaltela.pt\/noticias\/2026\/02\/13\/fne-exige-reuniao-urgente-para-rever-regime-do-ensino-portugues-no-estrangeiro\/\",\"url\":\"https:\/\/portaltela.pt\/noticias\/2026\/02\/13\/fne-exige-reuniao-urgente-para-rever-regime-do-ensino-portugues-no-estrangeiro\/\",\"name\":\"FNE exige reuni\u00e3o urgente para rever regime do Ensino Portugu\u00eas no Estrangeiro - Portal Tela Portugal\",\"isPartOf\":{\"@id\":\"https:\/\/portaltela.pt\/#website\"},\"primaryImageOfPage\":{\"@id\":\"https:\/\/portaltela.pt\/noticias\/2026\/02\/13\/fne-exige-reuniao-urgente-para-rever-regime-do-ensino-portugues-no-estrangeiro\/#primaryimage\"},\"image\":{\"@id\":\"https:\/\/portaltela.pt\/noticias\/2026\/02\/13\/fne-exige-reuniao-urgente-para-rever-regime-do-ensino-portugues-no-estrangeiro\/#primaryimage\"},\"thumbnailUrl\":\"https:\/\/portaltela.pt\/s.01k8rhncp4jt1\/2026\/02\/img_1500x1000uu2017-09-15-23-27-00-668164.jpg\",\"datePublished\":\"2026-02-14T00:30:11+00:00\",\"author\":{\"@id\":\"https:\/\/portaltela.pt\/#\/schema\/person\/c4278d4a6028830caff9ee44b42d32ed\"},\"breadcrumb\":{\"@id\":\"https:\/\/portaltela.pt\/noticias\/2026\/02\/13\/fne-exige-reuniao-urgente-para-rever-regime-do-ensino-portugues-no-estrangeiro\/#breadcrumb\"},\"inLanguage\":\"pt-PT\",\"potentialAction\":[{\"@type\":\"ReadAction\",\"target\":[\"https:\/\/portaltela.pt\/noticias\/2026\/02\/13\/fne-exige-reuniao-urgente-para-rever-regime-do-ensino-portugues-no-estrangeiro\/\"]}]},{\"@type\":\"ImageObject\",\"inLanguage\":\"pt-PT\",\"@id\":\"https:\/\/portaltela.pt\/noticias\/2026\/02\/13\/fne-exige-reuniao-urgente-para-rever-regime-do-ensino-portugues-no-estrangeiro\/#primaryimage\",\"url\":\"https:\/\/portaltela.pt\/s.01k8rhncp4jt1\/2026\/02\/img_1500x1000uu2017-09-15-23-27-00-668164.jpg\",\"contentUrl\":\"https:\/\/portaltela.pt\/s.01k8rhncp4jt1\/2026\/02\/img_1500x1000uu2017-09-15-23-27-00-668164.jpg\",\"width\":796,\"height\":448,\"caption\":\"FNE pede reuni\u00e3o urgente para revis\u00e3o do regime do Ensino Portugu\u00eas no Estrangeiro\"},{\"@type\":\"BreadcrumbList\",\"@id\":\"https:\/\/portaltela.pt\/noticias\/2026\/02\/13\/fne-exige-reuniao-urgente-para-rever-regime-do-ensino-portugues-no-estrangeiro\/#breadcrumb\",\"itemListElement\":[{\"@type\":\"ListItem\",\"position\":1,\"name\":\"In\u00edcio\",\"item\":\"https:\/\/portaltela.pt\/\"},{\"@type\":\"ListItem\",\"position\":2,\"name\":\"FNE exige reuni\u00e3o urgente para rever regime do Ensino Portugu\u00eas no Estrangeiro\"}]},{\"@type\":\"WebSite\",\"@id\":\"https:\/\/portaltela.pt\/#website\",\"url\":\"https:\/\/portaltela.pt\/\",\"name\":\"Portal Tela Portugal\",\"description\":\"\",\"potentialAction\":[{\"@type\":\"SearchAction\",\"target\":{\"@type\":\"EntryPoint\",\"urlTemplate\":\"https:\/\/portaltela.pt\/?s={search_term_string}\"},\"query-input\":{\"@type\":\"PropertyValueSpecification\",\"valueRequired\":true,\"valueName\":\"search_term_string\"}}],\"inLanguage\":\"pt-PT\"},{\"@type\":\"Person\",\"@id\":\"https:\/\/portaltela.pt\/#\/schema\/person\/c4278d4a6028830caff9ee44b42d32ed\",\"name\":\"Telinha\",\"image\":{\"@type\":\"ImageObject\",\"inLanguage\":\"pt-PT\",\"@id\":\"https:\/\/portaltela.pt\/s.01k8rhncp4jt1\/2025\/11\/talking-bot-125x125.png\",\"url\":\"https:\/\/portaltela.pt\/s.01k8rhncp4jt1\/2025\/11\/talking-bot-125x125.png\",\"contentUrl\":\"https:\/\/portaltela.pt\/s.01k8rhncp4jt1\/2025\/11\/talking-bot-125x125.png\",\"caption\":\"Telinha\"},\"sameAs\":[\"https:\/\/portaltela.pt\/\"],\"url\":\"https:\/\/portaltela.pt\/por\/367410592786\/\"}]}<\/script>\n<!-- \/ Yoast SEO plugin. -->","yoast_head_json":{"title":"FNE exige reuni\u00e3o urgente para rever regime do Ensino Portugu\u00eas no Estrangeiro - Portal Tela Portugal","robots":{"index":"index","follow":"follow","max-snippet":"max-snippet:-1","max-image-preview":"max-image-preview:large","max-video-preview":"max-video-preview:-1"},"og_locale":"pt_PT","og_type":"article","og_title":"FNE exige reuni\u00e3o urgente para rever regime do Ensino Portugu\u00eas no Estrangeiro - Portal Tela Portugal","og_description":"A Federa\u00e7\u00e3o Nacional da Educa\u00e7\u00e3o (FNE) pediu uma reuni\u00e3o urgente ao Secret\u00e1rio de Estado das Comunidades Portuguesas para abrir um processo negocial sobre a revis\u00e3o do Regime Jur\u00eddico do Ensino Portugu\u00eas no Estrangeiro. O pedido surge depois de Em\u00eddio Sousa, em Londres, ter avan\u00e7ado que o Governo vai trabalhar na revis\u00e3o do regime nos pr\u00f3ximos meses para mitigar dificuldades, sobretudo financeiras. A FNE recorda que, at\u00e9 agora, n\u00e3o houve propostas remessas pela tutela nem di\u00e1logo formal, apesar de altera\u00e7\u00f5es j\u00e1 terem sido sugeridas pela federa\u00e7\u00e3o em mandatos anteriores. O comunicado sublinha o impacto da revis\u00e3o nas condi\u00e7\u00f5es de trabalho, carreira e estabilidade profissional dos docentes no estrangeiro, defendendo negocia\u00e7\u00e3o atrav\u00e9s do di\u00e1logo social. A federa\u00e7\u00e3o encerra anunciando o envio do pedido \u00e0 tutela e a disponibilidade para participar numa negocia\u00e7\u00e3o com car\u00e1cter de urg\u00eancia.","og_url":"https:\/\/portaltela.pt\/noticias\/2026\/02\/13\/fne-exige-reuniao-urgente-para-rever-regime-do-ensino-portugues-no-estrangeiro\/","og_site_name":"Portal Tela Portugal","article_published_time":"2026-02-14T00:30:11+00:00","author":"Telinha","twitter_card":"summary_large_image","twitter_misc":{"Escrito por":"Telinha","Tempo estimado de leitura":"2 minutos"},"schema":{"@context":"https:\/\/schema.org","@graph":[{"@type":"Article","@id":"https:\/\/portaltela.pt\/noticias\/2026\/02\/13\/fne-exige-reuniao-urgente-para-rever-regime-do-ensino-portugues-no-estrangeiro\/#article","isPartOf":{"@id":"https:\/\/portaltela.pt\/noticias\/2026\/02\/13\/fne-exige-reuniao-urgente-para-rever-regime-do-ensino-portugues-no-estrangeiro\/"},"author":{"name":"Telinha","@id":"https:\/\/portaltela.pt\/#\/schema\/person\/c4278d4a6028830caff9ee44b42d32ed"},"headline":"FNE exige reuni\u00e3o urgente para rever regime do Ensino Portugu\u00eas no Estrangeiro","datePublished":"2026-02-14T00:30:11+00:00","mainEntityOfPage":{"@id":"https:\/\/portaltela.pt\/noticias\/2026\/02\/13\/fne-exige-reuniao-urgente-para-rever-regime-do-ensino-portugues-no-estrangeiro\/"},"wordCount":439,"image":{"@id":"https:\/\/portaltela.pt\/noticias\/2026\/02\/13\/fne-exige-reuniao-urgente-para-rever-regime-do-ensino-portugues-no-estrangeiro\/#primaryimage"},"thumbnailUrl":"https:\/\/portaltela.pt\/s.01k8rhncp4jt1\/2026\/02\/img_1500x1000uu2017-09-15-23-27-00-668164.jpg","keywords":["comunidades","comunidades internacionais","Di\u00e1logo internacional","educa\u00e7\u00e3o","ensino","governo"],"articleSection":["Not\u00edcias"],"inLanguage":"pt-PT"},{"@type":"WebPage","@id":"https:\/\/portaltela.pt\/noticias\/2026\/02\/13\/fne-exige-reuniao-urgente-para-rever-regime-do-ensino-portugues-no-estrangeiro\/","url":"https:\/\/portaltela.pt\/noticias\/2026\/02\/13\/fne-exige-reuniao-urgente-para-rever-regime-do-ensino-portugues-no-estrangeiro\/","name":"FNE exige reuni\u00e3o urgente para rever regime do Ensino Portugu\u00eas no Estrangeiro - Portal Tela Portugal","isPartOf":{"@id":"https:\/\/portaltela.pt\/#website"},"primaryImageOfPage":{"@id":"https:\/\/portaltela.pt\/noticias\/2026\/02\/13\/fne-exige-reuniao-urgente-para-rever-regime-do-ensino-portugues-no-estrangeiro\/#primaryimage"},"image":{"@id":"https:\/\/portaltela.pt\/noticias\/2026\/02\/13\/fne-exige-reuniao-urgente-para-rever-regime-do-ensino-portugues-no-estrangeiro\/#primaryimage"},"thumbnailUrl":"https:\/\/portaltela.pt\/s.01k8rhncp4jt1\/2026\/02\/img_1500x1000uu2017-09-15-23-27-00-668164.jpg","datePublished":"2026-02-14T00:30:11+00:00","author":{"@id":"https:\/\/portaltela.pt\/#\/schema\/person\/c4278d4a6028830caff9ee44b42d32ed"},"breadcrumb":{"@id":"https:\/\/portaltela.pt\/noticias\/2026\/02\/13\/fne-exige-reuniao-urgente-para-rever-regime-do-ensino-portugues-no-estrangeiro\/#breadcrumb"},"inLanguage":"pt-PT","potentialAction":[{"@type":"ReadAction","target":["https:\/\/portaltela.pt\/noticias\/2026\/02\/13\/fne-exige-reuniao-urgente-para-rever-regime-do-ensino-portugues-no-estrangeiro\/"]}]},{"@type":"ImageObject","inLanguage":"pt-PT","@id":"https:\/\/portaltela.pt\/noticias\/2026\/02\/13\/fne-exige-reuniao-urgente-para-rever-regime-do-ensino-portugues-no-estrangeiro\/#primaryimage","url":"https:\/\/portaltela.pt\/s.01k8rhncp4jt1\/2026\/02\/img_1500x1000uu2017-09-15-23-27-00-668164.jpg","contentUrl":"https:\/\/portaltela.pt\/s.01k8rhncp4jt1\/2026\/02\/img_1500x1000uu2017-09-15-23-27-00-668164.jpg","width":796,"height":448,"caption":"FNE pede reuni\u00e3o urgente para revis\u00e3o do regime do Ensino Portugu\u00eas no Estrangeiro"},{"@type":"BreadcrumbList","@id":"https:\/\/portaltela.pt\/noticias\/2026\/02\/13\/fne-exige-reuniao-urgente-para-rever-regime-do-ensino-portugues-no-estrangeiro\/#breadcrumb","itemListElement":[{"@type":"ListItem","position":1,"name":"In\u00edcio","item":"https:\/\/portaltela.pt\/"},{"@type":"ListItem","position":2,"name":"FNE exige reuni\u00e3o urgente para rever regime do Ensino Portugu\u00eas no Estrangeiro"}]},{"@type":"WebSite","@id":"https:\/\/portaltela.pt\/#website","url":"https:\/\/portaltela.pt\/","name":"Portal Tela Portugal","description":"","potentialAction":[{"@type":"SearchAction","target":{"@type":"EntryPoint","urlTemplate":"https:\/\/portaltela.pt\/?s={search_term_string}"},"query-input":{"@type":"PropertyValueSpecification","valueRequired":true,"valueName":"search_term_string"}}],"inLanguage":"pt-PT"},{"@type":"Person","@id":"https:\/\/portaltela.pt\/#\/schema\/person\/c4278d4a6028830caff9ee44b42d32ed","name":"Telinha","image":{"@type":"ImageObject","inLanguage":"pt-PT","@id":"https:\/\/portaltela.pt\/s.01k8rhncp4jt1\/2025\/11\/talking-bot-125x125.png","url":"https:\/\/portaltela.pt\/s.01k8rhncp4jt1\/2025\/11\/talking-bot-125x125.png","contentUrl":"https:\/\/portaltela.pt\/s.01k8rhncp4jt1\/2025\/11\/talking-bot-125x125.png","caption":"Telinha"},"sameAs":["https:\/\/portaltela.pt\/"],"url":"https:\/\/portaltela.pt\/por\/367410592786\/"}]}},"_links":{"self":[{"href":"https:\/\/portaltela.pt\/api\/wp\/v2\/posts\/211826","targetHints":{"allow":["GET"]}}],"collection":[{"href":"https:\/\/portaltela.pt\/api\/wp\/v2\/posts"}],"about":[{"href":"https:\/\/portaltela.pt\/api\/wp\/v2\/types\/post"}],"author":[{"embeddable":true,"href":"https:\/\/portaltela.pt\/api\/wp\/v2\/users\/2"}],"replies":[{"embeddable":true,"href":"https:\/\/portaltela.pt\/api\/wp\/v2\/comments?post=211826"}],"version-history":[{"count":0,"href":"https:\/\/portaltela.pt\/api\/wp\/v2\/posts\/211826\/revisions"}],"wp:featuredmedia":[{"embeddable":true,"href":"https:\/\/portaltela.pt\/api\/wp\/v2\/media\/211827"}],"wp:attachment":[{"href":"https:\/\/portaltela.pt\/api\/wp\/v2\/media?parent=211826"}],"wp:term":[{"taxonomy":"category","embeddable":true,"href":"https:\/\/portaltela.pt\/api\/wp\/v2\/categories?post=211826"},{"taxonomy":"post_tag","embeddable":true,"href":"https:\/\/portaltela.pt\/api\/wp\/v2\/tags?post=211826"}],"curies":[{"name":"wp","href":"https:\/\/api.w.org\/{rel}","templated":true}]}}