{"id":211788,"date":"2026-02-13T20:14:00","date_gmt":"2026-02-13T23:14:00","guid":{"rendered":"https:\/\/portaltela.pt\/noticias\/2026\/02\/13\/robert-f-kennedy-jr-afirma-ter-inalado-cocaina-de-tampas-de-sanita\/"},"modified":"2026-02-13T20:14:00","modified_gmt":"2026-02-13T23:14:00","slug":"robert-f-kennedy-jr-afirma-ter-inalado-cocaina-de-tampas-de-sanita","status":"publish","type":"post","link":"https:\/\/portaltela.pt\/noticias\/politica\/2026\/02\/13\/robert-f-kennedy-jr-afirma-ter-inalado-cocaina-de-tampas-de-sanita\/","title":{"rendered":"Robert F. Kennedy Jr. afirma ter inalado coca\u00edna de tampas de sanita"},"content":{"rendered":"<p>Robert F. Kennedy Jr. afirmou, em tom que parecia confidencial, ter utilizado coca\u00edna a partir de tampas de sanita. A declara\u00e7\u00e3o foi proferida durante um podcast com Theo Von, anfitri\u00e3o do This Past Weekend, e foi destacada pela Sky News.<\/p>\n<p>A conversa surgiu no \u00e2mbito de uma discuss\u00e3o sobre o passado de consumo de drogas de ambos e sobre a lideran\u00e7a de RFK Jr. na sa\u00fade p\u00fablica dos EUA. Kennedy tamb\u00e9m mencionou a forma\u00e7\u00e3o de um grupo informal de apoio a toxicodependentes durante a pandemia de covid-19 e o seu percurso de reabilita\u00e7\u00e3o do alcoolismo e da toxicodepend\u00eancia.<\/p>\n<p>A entrevista gerou cr\u00edticas a partir de organiza\u00e7\u00f5es e figuras pol\u00edticas. A associa\u00e7\u00e3o Protect Our Care questionou a aptid\u00e3o de Kennedy para chefiar uma ag\u00eancia federal de sa\u00fade. O presidente da organiza\u00e7\u00e3o pediu a demiss\u00e3o do atual secret\u00e1rio. Rea\u00e7\u00f5es nas redes sociais tamb\u00e9m surgiram, com cr\u00edticas de membros do Partido Democrata em rela\u00e7\u00e3o a credenciais do pol\u00edtico para tratar de pol\u00edticas de sa\u00fade p\u00fablica.<\/p>\n<h3>Rea\u00e7\u00f5es e contexto<\/h3>\n<p>Entre cr\u00edticos, surgiram coment\u00e1rios que questionam a credibilidade de Kennedy em mat\u00e9rias de sa\u00fade p\u00fablica. Alguns deputados destacaram o que consideram discrep\u00e2ncias entre o seu historial de toxicodepend\u00eancia e a forma como aborda pol\u00edticas de sa\u00fade. Outros apontaram semelhan\u00e7as com cr\u00edticas a pr\u00e1ticas de gest\u00e3o na administra\u00e7\u00e3o anterior.<\/p>\n<p>Kennedy \u00e9 conhecido por ter sido cr\u00edtico das vacinas durante a pandemia, e j\u00e1 foi associado a afirma\u00e7\u00f5es controversas sobre liga\u00e7\u00f5es entre vacinas e autismo, sem comprova\u00e7\u00e3o cient\u00edfica. O historial p\u00fablico de sobriedade e reabilita\u00e7\u00e3o refor\u00e7a o tom pessoal da entrevista, que amplia o escrut\u00ednio sobre a sua lideran\u00e7a na \u00e1rea da sa\u00fade.<\/p>\n","protected":false},"excerpt":{"rendered":"<ul>\n<li>O secret\u00e1rio da Sa\u00fade dos Estados Unidos, Robert F. Kennedy Jr., disse num podcast ter j\u00e1 \u201csnifado\u201d coca\u00edna a partir de tampas de sanita, provocando cr\u00edticas \u00e0 sua gest\u00e3o da sa\u00fade no pa\u00eds.<\/li>\n<li>A declara\u00e7\u00e3o ocorreu num di\u00e1logo com o humorista Theo Von, sobre o passado de consumo de drogas de ambos e a queda de reuni\u00f5es de apoio a dependentes durante a pandemia.<\/li>\n<li>Kennedy afirmou manter um grupo informal de apoio a toxicodependentes, designado como \u201cpirata\u201d, que continuou a reunir-se fora de estruturas oficiais durante a COVID-19.<\/li>\n<li>A organiza\u00e7\u00e3o Protect Our Care classificou Kennedy como \u201ca pessoa mais perigosa e inadequada\u201d para chefiar uma ag\u00eancia federal, gerando cr\u00edticas adicionais nas redes sociais.<\/li>\n<li>Kennedy j\u00e1 tinha vindo a p\u00fablico explicar o seu historial de toxicodepend\u00eancia, incluindo deten\u00e7\u00f5es por droga, e vincula a sobriedade a uma vida disciplinada e acompanhamento cont\u00ednuo.<\/li>\n<\/ul>\n","protected":false},"author":2,"featured_media":211789,"comment_status":"closed","ping_status":"closed","sticky":false,"template":"","format":"standard","meta":{"footnotes":""},"categories":[1,5],"tags":[4347,2832,229,271,3710],"class_list":["post-211788","post","type-post","status-publish","format-standard","has-post-thumbnail","hentry","category-noticias","category-politica","tag-drogas","tag-politica","tag-politica-publica","tag-saude-publica","tag-toxicodependencia"],"yoast_head":"<!-- This site is optimized with the Yoast SEO plugin v27.2 - https:\/\/yoast.com\/product\/yoast-seo-wordpress\/ -->\n<title>Robert F. Kennedy Jr. afirma ter inalado coca\u00edna de tampas de sanita - Portal Tela Portugal<\/title>\n<meta name=\"robots\" content=\"index, follow, max-snippet:-1, max-image-preview:large, max-video-preview:-1\" \/>\n<meta property=\"og:locale\" content=\"pt_PT\" \/>\n<meta property=\"og:type\" content=\"article\" \/>\n<meta property=\"og:title\" content=\"Robert F. Kennedy Jr. afirma ter inalado coca\u00edna de tampas de sanita - Portal Tela Portugal\" \/>\n<meta property=\"og:description\" content=\"O secret\u00e1rio da Sa\u00fade dos Estados Unidos, Robert F. Kennedy Jr., disse num podcast ter j\u00e1 \u201csnifado\u201d coca\u00edna a partir de tampas de sanita, provocando cr\u00edticas \u00e0 sua gest\u00e3o da sa\u00fade no pa\u00eds. A declara\u00e7\u00e3o ocorreu num di\u00e1logo com o humorista Theo Von, sobre o passado de consumo de drogas de ambos e a queda de reuni\u00f5es de apoio a dependentes durante a pandemia. Kennedy afirmou manter um grupo informal de apoio a toxicodependentes, designado como \u201cpirata\u201d, que continuou a reunir-se fora de estruturas oficiais durante a COVID-19. A organiza\u00e7\u00e3o Protect Our Care classificou Kennedy como \u201ca pessoa mais perigosa e inadequada\u201d para chefiar uma ag\u00eancia federal, gerando cr\u00edticas adicionais nas redes sociais. Kennedy j\u00e1 tinha vindo a p\u00fablico explicar o seu historial de toxicodepend\u00eancia, incluindo deten\u00e7\u00f5es por droga, e vincula a sobriedade a uma vida disciplinada e acompanhamento cont\u00ednuo.\" \/>\n<meta property=\"og:url\" content=\"https:\/\/portaltela.pt\/noticias\/2026\/02\/13\/robert-f-kennedy-jr-afirma-ter-inalado-cocaina-de-tampas-de-sanita\/\" \/>\n<meta property=\"og:site_name\" content=\"Portal Tela Portugal\" \/>\n<meta property=\"article:published_time\" content=\"2026-02-13T23:14:00+00:00\" \/>\n<meta name=\"author\" content=\"Telinha\" \/>\n<meta name=\"twitter:card\" content=\"summary_large_image\" \/>\n<meta name=\"twitter:label1\" content=\"Escrito por\" \/>\n\t<meta name=\"twitter:data1\" content=\"Telinha\" \/>\n\t<meta name=\"twitter:label2\" content=\"Tempo estimado de leitura\" \/>\n\t<meta name=\"twitter:data2\" content=\"2 minutos\" \/>\n<script type=\"application\/ld+json\" class=\"yoast-schema-graph\">{\"@context\":\"https:\/\/schema.org\",\"@graph\":[{\"@type\":\"Article\",\"@id\":\"https:\/\/portaltela.pt\/noticias\/2026\/02\/13\/robert-f-kennedy-jr-afirma-ter-inalado-cocaina-de-tampas-de-sanita\/#article\",\"isPartOf\":{\"@id\":\"https:\/\/portaltela.pt\/noticias\/2026\/02\/13\/robert-f-kennedy-jr-afirma-ter-inalado-cocaina-de-tampas-de-sanita\/\"},\"author\":{\"name\":\"Telinha\",\"@id\":\"https:\/\/portaltela.pt\/#\/schema\/person\/c4278d4a6028830caff9ee44b42d32ed\"},\"headline\":\"Robert F. Kennedy Jr. afirma ter inalado coca\u00edna de tampas de sanita\",\"datePublished\":\"2026-02-13T23:14:00+00:00\",\"mainEntityOfPage\":{\"@id\":\"https:\/\/portaltela.pt\/noticias\/2026\/02\/13\/robert-f-kennedy-jr-afirma-ter-inalado-cocaina-de-tampas-de-sanita\/\"},\"wordCount\":333,\"image\":{\"@id\":\"https:\/\/portaltela.pt\/noticias\/2026\/02\/13\/robert-f-kennedy-jr-afirma-ter-inalado-cocaina-de-tampas-de-sanita\/#primaryimage\"},\"thumbnailUrl\":\"https:\/\/portaltela.pt\/s.01k8rhncp4jt1\/2026\/02\/2067117.jpg\",\"keywords\":[\"drogas\",\"pol\u00edtica\",\"pol\u00edtica p\u00fablica\",\"sa\u00fade p\u00fablica\",\"toxicodepend\u00eancia\"],\"articleSection\":[\"Not\u00edcias\",\"Pol\u00edtica\"],\"inLanguage\":\"pt-PT\"},{\"@type\":\"WebPage\",\"@id\":\"https:\/\/portaltela.pt\/noticias\/2026\/02\/13\/robert-f-kennedy-jr-afirma-ter-inalado-cocaina-de-tampas-de-sanita\/\",\"url\":\"https:\/\/portaltela.pt\/noticias\/2026\/02\/13\/robert-f-kennedy-jr-afirma-ter-inalado-cocaina-de-tampas-de-sanita\/\",\"name\":\"Robert F. Kennedy Jr. afirma ter inalado coca\u00edna de tampas de sanita - Portal Tela Portugal\",\"isPartOf\":{\"@id\":\"https:\/\/portaltela.pt\/#website\"},\"primaryImageOfPage\":{\"@id\":\"https:\/\/portaltela.pt\/noticias\/2026\/02\/13\/robert-f-kennedy-jr-afirma-ter-inalado-cocaina-de-tampas-de-sanita\/#primaryimage\"},\"image\":{\"@id\":\"https:\/\/portaltela.pt\/noticias\/2026\/02\/13\/robert-f-kennedy-jr-afirma-ter-inalado-cocaina-de-tampas-de-sanita\/#primaryimage\"},\"thumbnailUrl\":\"https:\/\/portaltela.pt\/s.01k8rhncp4jt1\/2026\/02\/2067117.jpg\",\"datePublished\":\"2026-02-13T23:14:00+00:00\",\"author\":{\"@id\":\"https:\/\/portaltela.pt\/#\/schema\/person\/c4278d4a6028830caff9ee44b42d32ed\"},\"breadcrumb\":{\"@id\":\"https:\/\/portaltela.pt\/noticias\/2026\/02\/13\/robert-f-kennedy-jr-afirma-ter-inalado-cocaina-de-tampas-de-sanita\/#breadcrumb\"},\"inLanguage\":\"pt-PT\",\"potentialAction\":[{\"@type\":\"ReadAction\",\"target\":[\"https:\/\/portaltela.pt\/noticias\/2026\/02\/13\/robert-f-kennedy-jr-afirma-ter-inalado-cocaina-de-tampas-de-sanita\/\"]}]},{\"@type\":\"ImageObject\",\"inLanguage\":\"pt-PT\",\"@id\":\"https:\/\/portaltela.pt\/noticias\/2026\/02\/13\/robert-f-kennedy-jr-afirma-ter-inalado-cocaina-de-tampas-de-sanita\/#primaryimage\",\"url\":\"https:\/\/portaltela.pt\/s.01k8rhncp4jt1\/2026\/02\/2067117.jpg\",\"contentUrl\":\"https:\/\/portaltela.pt\/s.01k8rhncp4jt1\/2026\/02\/2067117.jpg\",\"width\":796,\"height\":448,\"caption\":\"\\\"Se eu n\u00e3o tratar esta doen\u00e7a, o que para mim significa ir a reuni\u00f5es todos os dias, a minha vida est\u00e1 em risco\\\", diz Robert F. Kennedy Jr.\"},{\"@type\":\"BreadcrumbList\",\"@id\":\"https:\/\/portaltela.pt\/noticias\/2026\/02\/13\/robert-f-kennedy-jr-afirma-ter-inalado-cocaina-de-tampas-de-sanita\/#breadcrumb\",\"itemListElement\":[{\"@type\":\"ListItem\",\"position\":1,\"name\":\"In\u00edcio\",\"item\":\"https:\/\/portaltela.pt\/\"},{\"@type\":\"ListItem\",\"position\":2,\"name\":\"Robert F. Kennedy Jr. afirma ter inalado coca\u00edna de tampas de sanita\"}]},{\"@type\":\"WebSite\",\"@id\":\"https:\/\/portaltela.pt\/#website\",\"url\":\"https:\/\/portaltela.pt\/\",\"name\":\"Portal Tela Portugal\",\"description\":\"\",\"potentialAction\":[{\"@type\":\"SearchAction\",\"target\":{\"@type\":\"EntryPoint\",\"urlTemplate\":\"https:\/\/portaltela.pt\/?s={search_term_string}\"},\"query-input\":{\"@type\":\"PropertyValueSpecification\",\"valueRequired\":true,\"valueName\":\"search_term_string\"}}],\"inLanguage\":\"pt-PT\"},{\"@type\":\"Person\",\"@id\":\"https:\/\/portaltela.pt\/#\/schema\/person\/c4278d4a6028830caff9ee44b42d32ed\",\"name\":\"Telinha\",\"image\":{\"@type\":\"ImageObject\",\"inLanguage\":\"pt-PT\",\"@id\":\"https:\/\/portaltela.pt\/s.01k8rhncp4jt1\/2025\/11\/talking-bot-125x125.png\",\"url\":\"https:\/\/portaltela.pt\/s.01k8rhncp4jt1\/2025\/11\/talking-bot-125x125.png\",\"contentUrl\":\"https:\/\/portaltela.pt\/s.01k8rhncp4jt1\/2025\/11\/talking-bot-125x125.png\",\"caption\":\"Telinha\"},\"sameAs\":[\"https:\/\/portaltela.pt\/\"],\"url\":\"https:\/\/portaltela.pt\/por\/367410592786\/\"}]}<\/script>\n<!-- \/ Yoast SEO plugin. -->","yoast_head_json":{"title":"Robert F. Kennedy Jr. afirma ter inalado coca\u00edna de tampas de sanita - Portal Tela Portugal","robots":{"index":"index","follow":"follow","max-snippet":"max-snippet:-1","max-image-preview":"max-image-preview:large","max-video-preview":"max-video-preview:-1"},"og_locale":"pt_PT","og_type":"article","og_title":"Robert F. Kennedy Jr. afirma ter inalado coca\u00edna de tampas de sanita - Portal Tela Portugal","og_description":"O secret\u00e1rio da Sa\u00fade dos Estados Unidos, Robert F. Kennedy Jr., disse num podcast ter j\u00e1 \u201csnifado\u201d coca\u00edna a partir de tampas de sanita, provocando cr\u00edticas \u00e0 sua gest\u00e3o da sa\u00fade no pa\u00eds. A declara\u00e7\u00e3o ocorreu num di\u00e1logo com o humorista Theo Von, sobre o passado de consumo de drogas de ambos e a queda de reuni\u00f5es de apoio a dependentes durante a pandemia. Kennedy afirmou manter um grupo informal de apoio a toxicodependentes, designado como \u201cpirata\u201d, que continuou a reunir-se fora de estruturas oficiais durante a COVID-19. A organiza\u00e7\u00e3o Protect Our Care classificou Kennedy como \u201ca pessoa mais perigosa e inadequada\u201d para chefiar uma ag\u00eancia federal, gerando cr\u00edticas adicionais nas redes sociais. Kennedy j\u00e1 tinha vindo a p\u00fablico explicar o seu historial de toxicodepend\u00eancia, incluindo deten\u00e7\u00f5es por droga, e vincula a sobriedade a uma vida disciplinada e acompanhamento cont\u00ednuo.","og_url":"https:\/\/portaltela.pt\/noticias\/2026\/02\/13\/robert-f-kennedy-jr-afirma-ter-inalado-cocaina-de-tampas-de-sanita\/","og_site_name":"Portal Tela Portugal","article_published_time":"2026-02-13T23:14:00+00:00","author":"Telinha","twitter_card":"summary_large_image","twitter_misc":{"Escrito por":"Telinha","Tempo estimado de leitura":"2 minutos"},"schema":{"@context":"https:\/\/schema.org","@graph":[{"@type":"Article","@id":"https:\/\/portaltela.pt\/noticias\/2026\/02\/13\/robert-f-kennedy-jr-afirma-ter-inalado-cocaina-de-tampas-de-sanita\/#article","isPartOf":{"@id":"https:\/\/portaltela.pt\/noticias\/2026\/02\/13\/robert-f-kennedy-jr-afirma-ter-inalado-cocaina-de-tampas-de-sanita\/"},"author":{"name":"Telinha","@id":"https:\/\/portaltela.pt\/#\/schema\/person\/c4278d4a6028830caff9ee44b42d32ed"},"headline":"Robert F. Kennedy Jr. afirma ter inalado coca\u00edna de tampas de sanita","datePublished":"2026-02-13T23:14:00+00:00","mainEntityOfPage":{"@id":"https:\/\/portaltela.pt\/noticias\/2026\/02\/13\/robert-f-kennedy-jr-afirma-ter-inalado-cocaina-de-tampas-de-sanita\/"},"wordCount":333,"image":{"@id":"https:\/\/portaltela.pt\/noticias\/2026\/02\/13\/robert-f-kennedy-jr-afirma-ter-inalado-cocaina-de-tampas-de-sanita\/#primaryimage"},"thumbnailUrl":"https:\/\/portaltela.pt\/s.01k8rhncp4jt1\/2026\/02\/2067117.jpg","keywords":["drogas","pol\u00edtica","pol\u00edtica p\u00fablica","sa\u00fade p\u00fablica","toxicodepend\u00eancia"],"articleSection":["Not\u00edcias","Pol\u00edtica"],"inLanguage":"pt-PT"},{"@type":"WebPage","@id":"https:\/\/portaltela.pt\/noticias\/2026\/02\/13\/robert-f-kennedy-jr-afirma-ter-inalado-cocaina-de-tampas-de-sanita\/","url":"https:\/\/portaltela.pt\/noticias\/2026\/02\/13\/robert-f-kennedy-jr-afirma-ter-inalado-cocaina-de-tampas-de-sanita\/","name":"Robert F. Kennedy Jr. afirma ter inalado coca\u00edna de tampas de sanita - Portal Tela Portugal","isPartOf":{"@id":"https:\/\/portaltela.pt\/#website"},"primaryImageOfPage":{"@id":"https:\/\/portaltela.pt\/noticias\/2026\/02\/13\/robert-f-kennedy-jr-afirma-ter-inalado-cocaina-de-tampas-de-sanita\/#primaryimage"},"image":{"@id":"https:\/\/portaltela.pt\/noticias\/2026\/02\/13\/robert-f-kennedy-jr-afirma-ter-inalado-cocaina-de-tampas-de-sanita\/#primaryimage"},"thumbnailUrl":"https:\/\/portaltela.pt\/s.01k8rhncp4jt1\/2026\/02\/2067117.jpg","datePublished":"2026-02-13T23:14:00+00:00","author":{"@id":"https:\/\/portaltela.pt\/#\/schema\/person\/c4278d4a6028830caff9ee44b42d32ed"},"breadcrumb":{"@id":"https:\/\/portaltela.pt\/noticias\/2026\/02\/13\/robert-f-kennedy-jr-afirma-ter-inalado-cocaina-de-tampas-de-sanita\/#breadcrumb"},"inLanguage":"pt-PT","potentialAction":[{"@type":"ReadAction","target":["https:\/\/portaltela.pt\/noticias\/2026\/02\/13\/robert-f-kennedy-jr-afirma-ter-inalado-cocaina-de-tampas-de-sanita\/"]}]},{"@type":"ImageObject","inLanguage":"pt-PT","@id":"https:\/\/portaltela.pt\/noticias\/2026\/02\/13\/robert-f-kennedy-jr-afirma-ter-inalado-cocaina-de-tampas-de-sanita\/#primaryimage","url":"https:\/\/portaltela.pt\/s.01k8rhncp4jt1\/2026\/02\/2067117.jpg","contentUrl":"https:\/\/portaltela.pt\/s.01k8rhncp4jt1\/2026\/02\/2067117.jpg","width":796,"height":448,"caption":"\"Se eu n\u00e3o tratar esta doen\u00e7a, o que para mim significa ir a reuni\u00f5es todos os dias, a minha vida est\u00e1 em risco\", diz Robert F. Kennedy Jr."},{"@type":"BreadcrumbList","@id":"https:\/\/portaltela.pt\/noticias\/2026\/02\/13\/robert-f-kennedy-jr-afirma-ter-inalado-cocaina-de-tampas-de-sanita\/#breadcrumb","itemListElement":[{"@type":"ListItem","position":1,"name":"In\u00edcio","item":"https:\/\/portaltela.pt\/"},{"@type":"ListItem","position":2,"name":"Robert F. Kennedy Jr. afirma ter inalado coca\u00edna de tampas de sanita"}]},{"@type":"WebSite","@id":"https:\/\/portaltela.pt\/#website","url":"https:\/\/portaltela.pt\/","name":"Portal Tela Portugal","description":"","potentialAction":[{"@type":"SearchAction","target":{"@type":"EntryPoint","urlTemplate":"https:\/\/portaltela.pt\/?s={search_term_string}"},"query-input":{"@type":"PropertyValueSpecification","valueRequired":true,"valueName":"search_term_string"}}],"inLanguage":"pt-PT"},{"@type":"Person","@id":"https:\/\/portaltela.pt\/#\/schema\/person\/c4278d4a6028830caff9ee44b42d32ed","name":"Telinha","image":{"@type":"ImageObject","inLanguage":"pt-PT","@id":"https:\/\/portaltela.pt\/s.01k8rhncp4jt1\/2025\/11\/talking-bot-125x125.png","url":"https:\/\/portaltela.pt\/s.01k8rhncp4jt1\/2025\/11\/talking-bot-125x125.png","contentUrl":"https:\/\/portaltela.pt\/s.01k8rhncp4jt1\/2025\/11\/talking-bot-125x125.png","caption":"Telinha"},"sameAs":["https:\/\/portaltela.pt\/"],"url":"https:\/\/portaltela.pt\/por\/367410592786\/"}]}},"_links":{"self":[{"href":"https:\/\/portaltela.pt\/api\/wp\/v2\/posts\/211788","targetHints":{"allow":["GET"]}}],"collection":[{"href":"https:\/\/portaltela.pt\/api\/wp\/v2\/posts"}],"about":[{"href":"https:\/\/portaltela.pt\/api\/wp\/v2\/types\/post"}],"author":[{"embeddable":true,"href":"https:\/\/portaltela.pt\/api\/wp\/v2\/users\/2"}],"replies":[{"embeddable":true,"href":"https:\/\/portaltela.pt\/api\/wp\/v2\/comments?post=211788"}],"version-history":[{"count":0,"href":"https:\/\/portaltela.pt\/api\/wp\/v2\/posts\/211788\/revisions"}],"wp:featuredmedia":[{"embeddable":true,"href":"https:\/\/portaltela.pt\/api\/wp\/v2\/media\/211789"}],"wp:attachment":[{"href":"https:\/\/portaltela.pt\/api\/wp\/v2\/media?parent=211788"}],"wp:term":[{"taxonomy":"category","embeddable":true,"href":"https:\/\/portaltela.pt\/api\/wp\/v2\/categories?post=211788"},{"taxonomy":"post_tag","embeddable":true,"href":"https:\/\/portaltela.pt\/api\/wp\/v2\/tags?post=211788"}],"curies":[{"name":"wp","href":"https:\/\/api.w.org\/{rel}","templated":true}]}}