{"id":211765,"date":"2026-02-13T19:00:00","date_gmt":"2026-02-13T22:00:00","guid":{"rendered":"https:\/\/portaltela.pt\/noticias\/2026\/02\/13\/artistas-perdem-meses-de-trabalho-e-galerias-sofrem-danos\/"},"modified":"2026-02-13T19:00:00","modified_gmt":"2026-02-13T22:00:00","slug":"artistas-perdem-meses-de-trabalho-e-galerias-sofrem-danos","status":"publish","type":"post","link":"https:\/\/portaltela.pt\/noticias\/2026\/02\/13\/artistas-perdem-meses-de-trabalho-e-galerias-sofrem-danos\/","title":{"rendered":"Artistas perdem meses de trabalho e galerias sofrem danos"},"content":{"rendered":"<p>Duas semanas de mau tempo provocaram danos a obras de arte e interrup\u00e7\u00f5es em galerias em Portugal, com casos reportados em Lisboa e Braga. A situa\u00e7\u00e3o afeta tanto ateli\u00eas de artistas como espa\u00e7os expositivos, segundo um balan\u00e7o preliminar da Exhibitio &#8211; Associa\u00e7\u00e3o Lusa de Galeristas, liderada pela presidente Vera Cort\u00eas.<\/p>\n<p>A galeria Duarte Sequeira, em Braga, encerrou temporariamente o espa\u00e7o expositivo principal devido a infiltra\u00e7\u00f5es, com a avalia\u00e7\u00e3o dos danos ainda em curso. Em Lisboa, os casos incidiam sobre a Galeria Vera Cort\u00eas, no Alvalade, e a galeria de Miguel Nabinho, no Campo de Ourique, que registaram infiltra\u00e7\u00f5es significativas. As obras, contudo, n\u00e3o sofrem danos at\u00e9 ao momento, segundo a respons\u00e1vel.<\/p>\n<p>Apesar de o conjunto das galerias se manter relativamente protegido, os impactos chegam aos artistas que trabalham em ateli\u00eas, onde a \u00e1gua caiu do teto ou houve inunda\u00e7\u00f5es locais. O grupo de galerias representado pela Exhibitio agrega 34 espa\u00e7os em continente e ilhas, com v\u00e1rias estruturas a enfrentar infiltra\u00e7\u00f5es.<\/p>\n<h3>Impacto nas galerias e medidas em curso<\/h3>\n<p>A presidente da Exhibitio aponta que algumas galerias j\u00e1 tiveram de fechar pontos de exposi\u00e7\u00e3o temporariamente ou desmontar mostras. O foco passa pela conten\u00e7\u00e3o de danos e pela prote\u00e7\u00e3o das obras que estiverem em prepara\u00e7\u00e3o. A associa\u00e7\u00e3o est\u00e1 a apoiar casos de artistas com ateli\u00eas mais vulner\u00e1veis para minimizar preju\u00edzos.<\/p>\n<p>As autoridades culturais indicaram que, no conjunto do pa\u00eds, mais de 120 museus e monumentos sofreram danos nas \u00faltimas duas semanas. Entre os casos graves est\u00e3o o Convento de Cristo, em Tomar, e v\u00e1rios museus em Leiria, Coimbra, Ma\u00e7\u00e3o, Santar\u00e9m e Leiria, com preju\u00edzos significativos.<\/p>\n<p>Observa-se ainda que o mau tempo afeta tamb\u00e9m o patrim\u00f3nio classificado, com danos graves em locais como a Casa Museu Afonso Lopes Vieira, em S\u00e3o Pedro de Moel, e na capela de Nossa Senhora da Encarna\u00e7\u00e3o, em Leiria. Em geral, a avalia\u00e7\u00e3o de danos est\u00e1 em curso, com opera\u00e7\u00f5es a decorrer para estabilizar estruturas e salvaguardar bens culturais.<\/p>\n","protected":false},"excerpt":{"rendered":"<ul>\n<li>A Galeria Duarte Sequeira, em Braga, encerrou temporariamente os espa\u00e7os expositivos devido a infiltra\u00e7\u00f5es.<\/li>\n<li>Em Lisboa, a Galeria Vera Cort\u00eas e a de Miguel Nabinho sofreram infiltra\u00e7\u00f5es, com a primeira a ter fissuras no teto e \u00e1gua a entrar.<\/li>\n<li>A Exhibitio \u2014 Associa\u00e7\u00e3o Lusa de Galeristas aponta que muitos ateliers de artistas foram inundados ou danificados, com obras em prepara\u00e7\u00e3o destru\u00eddas em alguns casos.<\/li>\n<li>Algumas galerias tiveram de fechar ou desmontar exposi\u00e7\u00f5es, embora as obras se mantenham em geral protegidas e as galerias assegurem condi\u00e7\u00f5es para continuar a operar.<\/li>\n<li>Nas \u00faltimas duas semanas, mais de cento e vinte museus e monumentos sofreram danos; entre eles destacam-se equipamentos da Rede Portuguesa de Museus e patrim\u00f3nio classificado, incluindo o Convento de Cristo, em Tomar, com danos graves.<\/li>\n<\/ul>\n","protected":false},"author":2,"featured_media":211768,"comment_status":"closed","ping_status":"closed","sticky":false,"template":"","format":"standard","meta":{"footnotes":""},"categories":[1],"tags":[70,4676,2051,5751,1175,1014],"class_list":["post-211765","post","type-post","status-publish","format-standard","has-post-thumbnail","hentry","category-noticias","tag-arte","tag-infiltracoes","tag-inundacao","tag-museus-e-arquivos","tag-patrimonio-cultural","tag-portugal"],"yoast_head":"<!-- This site is optimized with the Yoast SEO plugin v27.2 - https:\/\/yoast.com\/product\/yoast-seo-wordpress\/ -->\n<title>Artistas perdem meses de trabalho e galerias sofrem danos - Portal Tela Portugal<\/title>\n<meta name=\"robots\" content=\"index, follow, max-snippet:-1, max-image-preview:large, max-video-preview:-1\" \/>\n<meta property=\"og:locale\" content=\"pt_PT\" \/>\n<meta property=\"og:type\" content=\"article\" \/>\n<meta property=\"og:title\" content=\"Artistas perdem meses de trabalho e galerias sofrem danos - Portal Tela Portugal\" \/>\n<meta property=\"og:description\" content=\"A Galeria Duarte Sequeira, em Braga, encerrou temporariamente os espa\u00e7os expositivos devido a infiltra\u00e7\u00f5es. Em Lisboa, a Galeria Vera Cort\u00eas e a de Miguel Nabinho sofreram infiltra\u00e7\u00f5es, com a primeira a ter fissuras no teto e \u00e1gua a entrar. A Exhibitio \u2014 Associa\u00e7\u00e3o Lusa de Galeristas aponta que muitos ateliers de artistas foram inundados ou danificados, com obras em prepara\u00e7\u00e3o destru\u00eddas em alguns casos. Algumas galerias tiveram de fechar ou desmontar exposi\u00e7\u00f5es, embora as obras se mantenham em geral protegidas e as galerias assegurem condi\u00e7\u00f5es para continuar a operar. Nas \u00faltimas duas semanas, mais de cento e vinte museus e monumentos sofreram danos; entre eles destacam-se equipamentos da Rede Portuguesa de Museus e patrim\u00f3nio classificado, incluindo o Convento de Cristo, em Tomar, com danos graves.\" \/>\n<meta property=\"og:url\" content=\"https:\/\/portaltela.pt\/noticias\/2026\/02\/13\/artistas-perdem-meses-de-trabalho-e-galerias-sofrem-danos\/\" \/>\n<meta property=\"og:site_name\" content=\"Portal Tela Portugal\" \/>\n<meta property=\"article:published_time\" content=\"2026-02-13T22:00:00+00:00\" \/>\n<meta name=\"author\" content=\"Telinha\" \/>\n<meta name=\"twitter:card\" content=\"summary_large_image\" \/>\n<meta name=\"twitter:label1\" content=\"Escrito por\" \/>\n\t<meta name=\"twitter:data1\" content=\"Telinha\" \/>\n\t<meta name=\"twitter:label2\" content=\"Tempo estimado de leitura\" \/>\n\t<meta name=\"twitter:data2\" content=\"2 minutos\" \/>\n<script type=\"application\/ld+json\" class=\"yoast-schema-graph\">{\"@context\":\"https:\/\/schema.org\",\"@graph\":[{\"@type\":\"Article\",\"@id\":\"https:\/\/portaltela.pt\/noticias\/2026\/02\/13\/artistas-perdem-meses-de-trabalho-e-galerias-sofrem-danos\/#article\",\"isPartOf\":{\"@id\":\"https:\/\/portaltela.pt\/noticias\/2026\/02\/13\/artistas-perdem-meses-de-trabalho-e-galerias-sofrem-danos\/\"},\"author\":{\"name\":\"Telinha\",\"@id\":\"https:\/\/portaltela.pt\/#\/schema\/person\/c4278d4a6028830caff9ee44b42d32ed\"},\"headline\":\"Artistas perdem meses de trabalho e galerias sofrem danos\",\"datePublished\":\"2026-02-13T22:00:00+00:00\",\"mainEntityOfPage\":{\"@id\":\"https:\/\/portaltela.pt\/noticias\/2026\/02\/13\/artistas-perdem-meses-de-trabalho-e-galerias-sofrem-danos\/\"},\"wordCount\":366,\"image\":{\"@id\":\"https:\/\/portaltela.pt\/noticias\/2026\/02\/13\/artistas-perdem-meses-de-trabalho-e-galerias-sofrem-danos\/#primaryimage\"},\"thumbnailUrl\":\"https:\/\/portaltela.pt\/s.01k8rhncp4jt1\/2026\/02\/2067169.jpg\",\"keywords\":[\"arte\",\"infiltra\u00e7\u00f5es\",\"inunda\u00e7\u00e3o\",\"museus e arquivos\",\"Patrim\u00f3nio Cultural\",\"Portugal\"],\"articleSection\":[\"Not\u00edcias\"],\"inLanguage\":\"pt-PT\"},{\"@type\":\"WebPage\",\"@id\":\"https:\/\/portaltela.pt\/noticias\/2026\/02\/13\/artistas-perdem-meses-de-trabalho-e-galerias-sofrem-danos\/\",\"url\":\"https:\/\/portaltela.pt\/noticias\/2026\/02\/13\/artistas-perdem-meses-de-trabalho-e-galerias-sofrem-danos\/\",\"name\":\"Artistas perdem meses de trabalho e galerias sofrem danos - Portal Tela Portugal\",\"isPartOf\":{\"@id\":\"https:\/\/portaltela.pt\/#website\"},\"primaryImageOfPage\":{\"@id\":\"https:\/\/portaltela.pt\/noticias\/2026\/02\/13\/artistas-perdem-meses-de-trabalho-e-galerias-sofrem-danos\/#primaryimage\"},\"image\":{\"@id\":\"https:\/\/portaltela.pt\/noticias\/2026\/02\/13\/artistas-perdem-meses-de-trabalho-e-galerias-sofrem-danos\/#primaryimage\"},\"thumbnailUrl\":\"https:\/\/portaltela.pt\/s.01k8rhncp4jt1\/2026\/02\/2067169.jpg\",\"datePublished\":\"2026-02-13T22:00:00+00:00\",\"author\":{\"@id\":\"https:\/\/portaltela.pt\/#\/schema\/person\/c4278d4a6028830caff9ee44b42d32ed\"},\"breadcrumb\":{\"@id\":\"https:\/\/portaltela.pt\/noticias\/2026\/02\/13\/artistas-perdem-meses-de-trabalho-e-galerias-sofrem-danos\/#breadcrumb\"},\"inLanguage\":\"pt-PT\",\"potentialAction\":[{\"@type\":\"ReadAction\",\"target\":[\"https:\/\/portaltela.pt\/noticias\/2026\/02\/13\/artistas-perdem-meses-de-trabalho-e-galerias-sofrem-danos\/\"]}]},{\"@type\":\"ImageObject\",\"inLanguage\":\"pt-PT\",\"@id\":\"https:\/\/portaltela.pt\/noticias\/2026\/02\/13\/artistas-perdem-meses-de-trabalho-e-galerias-sofrem-danos\/#primaryimage\",\"url\":\"https:\/\/portaltela.pt\/s.01k8rhncp4jt1\/2026\/02\/2067169.jpg\",\"contentUrl\":\"https:\/\/portaltela.pt\/s.01k8rhncp4jt1\/2026\/02\/2067169.jpg\",\"width\":796,\"height\":448,\"caption\":\"O maior problema, segundo a presidente da Exhibitio, Vera Cort\u00eas, \u00e9 a situa\u00e7\u00e3o de muitos artistas que trabalham em *ateliers* mais vulner\u00e1veis ou desprotegidos\"},{\"@type\":\"BreadcrumbList\",\"@id\":\"https:\/\/portaltela.pt\/noticias\/2026\/02\/13\/artistas-perdem-meses-de-trabalho-e-galerias-sofrem-danos\/#breadcrumb\",\"itemListElement\":[{\"@type\":\"ListItem\",\"position\":1,\"name\":\"In\u00edcio\",\"item\":\"https:\/\/portaltela.pt\/\"},{\"@type\":\"ListItem\",\"position\":2,\"name\":\"Artistas perdem meses de trabalho e galerias sofrem danos\"}]},{\"@type\":\"WebSite\",\"@id\":\"https:\/\/portaltela.pt\/#website\",\"url\":\"https:\/\/portaltela.pt\/\",\"name\":\"Portal Tela Portugal\",\"description\":\"\",\"potentialAction\":[{\"@type\":\"SearchAction\",\"target\":{\"@type\":\"EntryPoint\",\"urlTemplate\":\"https:\/\/portaltela.pt\/?s={search_term_string}\"},\"query-input\":{\"@type\":\"PropertyValueSpecification\",\"valueRequired\":true,\"valueName\":\"search_term_string\"}}],\"inLanguage\":\"pt-PT\"},{\"@type\":\"Person\",\"@id\":\"https:\/\/portaltela.pt\/#\/schema\/person\/c4278d4a6028830caff9ee44b42d32ed\",\"name\":\"Telinha\",\"image\":{\"@type\":\"ImageObject\",\"inLanguage\":\"pt-PT\",\"@id\":\"https:\/\/portaltela.pt\/s.01k8rhncp4jt1\/2025\/11\/talking-bot-125x125.png\",\"url\":\"https:\/\/portaltela.pt\/s.01k8rhncp4jt1\/2025\/11\/talking-bot-125x125.png\",\"contentUrl\":\"https:\/\/portaltela.pt\/s.01k8rhncp4jt1\/2025\/11\/talking-bot-125x125.png\",\"caption\":\"Telinha\"},\"sameAs\":[\"https:\/\/portaltela.pt\/\"],\"url\":\"https:\/\/portaltela.pt\/por\/367410592786\/\"}]}<\/script>\n<!-- \/ Yoast SEO plugin. -->","yoast_head_json":{"title":"Artistas perdem meses de trabalho e galerias sofrem danos - Portal Tela Portugal","robots":{"index":"index","follow":"follow","max-snippet":"max-snippet:-1","max-image-preview":"max-image-preview:large","max-video-preview":"max-video-preview:-1"},"og_locale":"pt_PT","og_type":"article","og_title":"Artistas perdem meses de trabalho e galerias sofrem danos - Portal Tela Portugal","og_description":"A Galeria Duarte Sequeira, em Braga, encerrou temporariamente os espa\u00e7os expositivos devido a infiltra\u00e7\u00f5es. Em Lisboa, a Galeria Vera Cort\u00eas e a de Miguel Nabinho sofreram infiltra\u00e7\u00f5es, com a primeira a ter fissuras no teto e \u00e1gua a entrar. A Exhibitio \u2014 Associa\u00e7\u00e3o Lusa de Galeristas aponta que muitos ateliers de artistas foram inundados ou danificados, com obras em prepara\u00e7\u00e3o destru\u00eddas em alguns casos. Algumas galerias tiveram de fechar ou desmontar exposi\u00e7\u00f5es, embora as obras se mantenham em geral protegidas e as galerias assegurem condi\u00e7\u00f5es para continuar a operar. Nas \u00faltimas duas semanas, mais de cento e vinte museus e monumentos sofreram danos; entre eles destacam-se equipamentos da Rede Portuguesa de Museus e patrim\u00f3nio classificado, incluindo o Convento de Cristo, em Tomar, com danos graves.","og_url":"https:\/\/portaltela.pt\/noticias\/2026\/02\/13\/artistas-perdem-meses-de-trabalho-e-galerias-sofrem-danos\/","og_site_name":"Portal Tela Portugal","article_published_time":"2026-02-13T22:00:00+00:00","author":"Telinha","twitter_card":"summary_large_image","twitter_misc":{"Escrito por":"Telinha","Tempo estimado de leitura":"2 minutos"},"schema":{"@context":"https:\/\/schema.org","@graph":[{"@type":"Article","@id":"https:\/\/portaltela.pt\/noticias\/2026\/02\/13\/artistas-perdem-meses-de-trabalho-e-galerias-sofrem-danos\/#article","isPartOf":{"@id":"https:\/\/portaltela.pt\/noticias\/2026\/02\/13\/artistas-perdem-meses-de-trabalho-e-galerias-sofrem-danos\/"},"author":{"name":"Telinha","@id":"https:\/\/portaltela.pt\/#\/schema\/person\/c4278d4a6028830caff9ee44b42d32ed"},"headline":"Artistas perdem meses de trabalho e galerias sofrem danos","datePublished":"2026-02-13T22:00:00+00:00","mainEntityOfPage":{"@id":"https:\/\/portaltela.pt\/noticias\/2026\/02\/13\/artistas-perdem-meses-de-trabalho-e-galerias-sofrem-danos\/"},"wordCount":366,"image":{"@id":"https:\/\/portaltela.pt\/noticias\/2026\/02\/13\/artistas-perdem-meses-de-trabalho-e-galerias-sofrem-danos\/#primaryimage"},"thumbnailUrl":"https:\/\/portaltela.pt\/s.01k8rhncp4jt1\/2026\/02\/2067169.jpg","keywords":["arte","infiltra\u00e7\u00f5es","inunda\u00e7\u00e3o","museus e arquivos","Patrim\u00f3nio Cultural","Portugal"],"articleSection":["Not\u00edcias"],"inLanguage":"pt-PT"},{"@type":"WebPage","@id":"https:\/\/portaltela.pt\/noticias\/2026\/02\/13\/artistas-perdem-meses-de-trabalho-e-galerias-sofrem-danos\/","url":"https:\/\/portaltela.pt\/noticias\/2026\/02\/13\/artistas-perdem-meses-de-trabalho-e-galerias-sofrem-danos\/","name":"Artistas perdem meses de trabalho e galerias sofrem danos - Portal Tela Portugal","isPartOf":{"@id":"https:\/\/portaltela.pt\/#website"},"primaryImageOfPage":{"@id":"https:\/\/portaltela.pt\/noticias\/2026\/02\/13\/artistas-perdem-meses-de-trabalho-e-galerias-sofrem-danos\/#primaryimage"},"image":{"@id":"https:\/\/portaltela.pt\/noticias\/2026\/02\/13\/artistas-perdem-meses-de-trabalho-e-galerias-sofrem-danos\/#primaryimage"},"thumbnailUrl":"https:\/\/portaltela.pt\/s.01k8rhncp4jt1\/2026\/02\/2067169.jpg","datePublished":"2026-02-13T22:00:00+00:00","author":{"@id":"https:\/\/portaltela.pt\/#\/schema\/person\/c4278d4a6028830caff9ee44b42d32ed"},"breadcrumb":{"@id":"https:\/\/portaltela.pt\/noticias\/2026\/02\/13\/artistas-perdem-meses-de-trabalho-e-galerias-sofrem-danos\/#breadcrumb"},"inLanguage":"pt-PT","potentialAction":[{"@type":"ReadAction","target":["https:\/\/portaltela.pt\/noticias\/2026\/02\/13\/artistas-perdem-meses-de-trabalho-e-galerias-sofrem-danos\/"]}]},{"@type":"ImageObject","inLanguage":"pt-PT","@id":"https:\/\/portaltela.pt\/noticias\/2026\/02\/13\/artistas-perdem-meses-de-trabalho-e-galerias-sofrem-danos\/#primaryimage","url":"https:\/\/portaltela.pt\/s.01k8rhncp4jt1\/2026\/02\/2067169.jpg","contentUrl":"https:\/\/portaltela.pt\/s.01k8rhncp4jt1\/2026\/02\/2067169.jpg","width":796,"height":448,"caption":"O maior problema, segundo a presidente da Exhibitio, Vera Cort\u00eas, \u00e9 a situa\u00e7\u00e3o de muitos artistas que trabalham em *ateliers* mais vulner\u00e1veis ou desprotegidos"},{"@type":"BreadcrumbList","@id":"https:\/\/portaltela.pt\/noticias\/2026\/02\/13\/artistas-perdem-meses-de-trabalho-e-galerias-sofrem-danos\/#breadcrumb","itemListElement":[{"@type":"ListItem","position":1,"name":"In\u00edcio","item":"https:\/\/portaltela.pt\/"},{"@type":"ListItem","position":2,"name":"Artistas perdem meses de trabalho e galerias sofrem danos"}]},{"@type":"WebSite","@id":"https:\/\/portaltela.pt\/#website","url":"https:\/\/portaltela.pt\/","name":"Portal Tela Portugal","description":"","potentialAction":[{"@type":"SearchAction","target":{"@type":"EntryPoint","urlTemplate":"https:\/\/portaltela.pt\/?s={search_term_string}"},"query-input":{"@type":"PropertyValueSpecification","valueRequired":true,"valueName":"search_term_string"}}],"inLanguage":"pt-PT"},{"@type":"Person","@id":"https:\/\/portaltela.pt\/#\/schema\/person\/c4278d4a6028830caff9ee44b42d32ed","name":"Telinha","image":{"@type":"ImageObject","inLanguage":"pt-PT","@id":"https:\/\/portaltela.pt\/s.01k8rhncp4jt1\/2025\/11\/talking-bot-125x125.png","url":"https:\/\/portaltela.pt\/s.01k8rhncp4jt1\/2025\/11\/talking-bot-125x125.png","contentUrl":"https:\/\/portaltela.pt\/s.01k8rhncp4jt1\/2025\/11\/talking-bot-125x125.png","caption":"Telinha"},"sameAs":["https:\/\/portaltela.pt\/"],"url":"https:\/\/portaltela.pt\/por\/367410592786\/"}]}},"_links":{"self":[{"href":"https:\/\/portaltela.pt\/api\/wp\/v2\/posts\/211765","targetHints":{"allow":["GET"]}}],"collection":[{"href":"https:\/\/portaltela.pt\/api\/wp\/v2\/posts"}],"about":[{"href":"https:\/\/portaltela.pt\/api\/wp\/v2\/types\/post"}],"author":[{"embeddable":true,"href":"https:\/\/portaltela.pt\/api\/wp\/v2\/users\/2"}],"replies":[{"embeddable":true,"href":"https:\/\/portaltela.pt\/api\/wp\/v2\/comments?post=211765"}],"version-history":[{"count":0,"href":"https:\/\/portaltela.pt\/api\/wp\/v2\/posts\/211765\/revisions"}],"wp:featuredmedia":[{"embeddable":true,"href":"https:\/\/portaltela.pt\/api\/wp\/v2\/media\/211768"}],"wp:attachment":[{"href":"https:\/\/portaltela.pt\/api\/wp\/v2\/media?parent=211765"}],"wp:term":[{"taxonomy":"category","embeddable":true,"href":"https:\/\/portaltela.pt\/api\/wp\/v2\/categories?post=211765"},{"taxonomy":"post_tag","embeddable":true,"href":"https:\/\/portaltela.pt\/api\/wp\/v2\/tags?post=211765"}],"curies":[{"name":"wp","href":"https:\/\/api.w.org\/{rel}","templated":true}]}}